{"id":69991,"date":"2021-08-17T14:15:28","date_gmt":"2021-08-17T14:15:28","guid":{"rendered":"https:\/\/www.nettali.com\/?p=69991"},"modified":"2021-08-19T09:54:49","modified_gmt":"2021-08-19T09:54:49","slug":"ledito-de-nettali-com-que-les-vendeurs-dillusions-se-taisent","status":"publish","type":"post","link":"https:\/\/www.nettali.com\/2021\/08\/17\/ledito-de-nettali-com-que-les-vendeurs-dillusions-se-taisent\/","title":{"rendered":"L'EDITO DE NETTALI.COM \u2013 Que les vendeurs d\u2019illusions se taisent !"},"content":{"rendered":"<p><strong>NETTALI.COM \u2013 Avec cette pand\u00e9mie, les fake news qui sont l\u00e9gion, ont fini de produire leurs effets \u00e0 tel point qu\u2019une certaine partie de la population S\u00e9n\u00e9galaise rechigne \u00e0 se faire vacciner. Entre ceux qui sont dans le d\u00e9ni de l\u2019efficacit\u00e9 du vaccin et qu\u2019il faut convaincre du contraire, la difficult\u00e9 de faire respecter les mesures barri\u00e8res, le port du masque, l\u2019\u00e9quation des rassemblements \u00e0 \u00e9viter, la dotation en vaccins pas \u00e9vidente pour l\u2019Etat, la gestion de la pand\u00e9mie semble \u00e9voluer en dents de scie, \u00e0 tel point qu\u2019il est aujourd\u2019hui n\u00e9cessaire que les autorit\u00e9s la reprennent en main.<\/strong><\/p>\n<p>Trop de mauvaises informations relatives au vaccin distill\u00e9es \u00e7\u00e0 et l\u00e0. C\u2019est le constat qu\u2019il a \u00e9t\u00e9 donn\u00e9 de faire. Selon les recommandations de l\u2019OMS, le vaccin combin\u00e9 avec le respect des mesures barri\u00e8res, le port du masque et l\u2019arr\u00eat des rassemblements, reste aujourd\u2019hui le seul salut offert aux populations.<br \/>\nMais que n\u2019a-t-on pas entendu comme inepties, notamment ces fameuses th\u00e8ses complotistes qui viseraient \u00e0 faire dispara\u00eetre l\u2019Afrique de la surface de la terre ; ces suppos\u00e9s effets secondaires du vaccin, sans oublier ces exp\u00e9riences diffus\u00e9es sur les r\u00e9seaux sociaux et qui ne visent qu\u2019\u00e0 discr\u00e9diter le vaccin, alors qu\u2019elles ne prouvent rien du tout au fond. Ce qui est surtout sid\u00e9rant, c\u2019est d\u2019entendre les commentaires hasardeux et approximatifs de certains chroniqueurs au background si peu \u00e9pais, rivalisant de qualificatifs et d\u2019indignation sur les plateaux t\u00e9l\u00e9. Ceux-l\u00e0 donnent des le\u00e7ons, alors qu\u2019ils ignorent tout de la maladie. Ils oublient certainement que les \u00e9tudes de m\u00e9decine requi\u00e8rent 7 ans apr\u00e8s le bac, sans oublier 4 ann\u00e9es suppl\u00e9mentaires pour la sp\u00e9cialisation. Il faut en plus compter l\u2019exp\u00e9rience et la pratique.<\/p>\n<p>Ils doivent surtout se rendre \u00e0 l\u2019\u00e9vidence qu\u2019ils ne peuvent point prendre la parole, si ce n\u2019est pour inciter les S\u00e9n\u00e9galais \u00e0 davantage de protection. Ils se permettent m\u00eame de donner des explications scientifiques, version Google, ou de livrer des informations recueillies au hasard de leurs zappings t\u00e9l\u00e9visuels, lorsqu\u2019ils ne s\u2019aventurent tout simplement pas sur des terrains glissants, comme \u00e0 donner d\u2019improbables conseils de strat\u00e9gie vaccinale. Ils peuvent \u00e0 la limite se plaindre de ne pas trouver de vaccins ou de constater, pour le d\u00e9plorer, des rassemblements qui n\u2019ont pas lieu d\u2019\u00eatre, etc. Mais aller jusqu\u2019\u00e0 faire croire que les vaccins ont \u00e9t\u00e9 fabriqu\u00e9s de mani\u00e8re un peu trop pr\u00e9cipit\u00e9e pour pouvoir \u00eatre efficace, rel\u00e8ve tout simplement de la sp\u00e9culation et de l\u2019ignorance de leur part.<\/p>\n<p><strong>Des recherches entreprises depuis longtemps<\/strong><\/p>\n<p>Dans leur argumentation, ils font m\u00eame valoir l\u2019id\u00e9e que la cr\u00e9ation d\u2019un vaccin doit prendre du temps. Cela est vrai certes puisque le temps de la recherche peut-\u00eatre long, mais ils ignorent, suivant ce que l\u2019on a appris de sources m\u00e9dicales dignes de foi, que les coronavirus \u00e9taient connus des microbiologistes depuis 1930 (chez la volaille). En 1965, le premier cas d\u2019infection humaine \u00e0 coronavirus fut d\u00e9crit, mais ces infections respiratoires \u00e9taient b\u00e9nignes. En 2002, les coronavirus ont franchi un cap en pathologie infectieuse humaine. En effet, le 1er cas de SRAS (syndrome respiratoire aigue s\u00e9v\u00e8re) a \u00e9t\u00e9 not\u00e9 en novembre 2002, le virus responsable \u00e9tant le SARS-cov 1 ; le 12 mars 2003 a \u00e9t\u00e9 sonn\u00e9e l\u2019alerte mondiale par l\u2019OMS et la fin de l\u2019\u00e9pid\u00e9mie de sras, d\u00e9clar\u00e9e en juin 2003 (oms) avec 8464 cas dont 799 morts. Ce qu\u2019ils ne savent pas aussi, c\u2019est qu\u2019en 2002, il existait d\u00e9j\u00e0 un vaccin anti-coronavirus pour les animaux domestiques (chiens, chameaux, etc) et qu\u2019avec l\u2019av\u00e8nement du SRAS, des essais vaccinaux avaient d\u00e9marr\u00e9 avec les vaccins \u00e0 virus att\u00e9nu\u00e9s.<\/p>\n<p>En 2012, une autre forme de sras a \u00e9t\u00e9 not\u00e9e au Moyen orient appel\u00e9 mers-cov (middle-east respiratory syndrome \u00e0 coronavirus) plus particuli\u00e8rement en Arabie saoudite et moins s\u00e9v\u00e8re que le sras. Au total, d\u2019avril 2012 jusqu\u2019en septembre 2019, ce sont 2468 cas confirm\u00e9s au laboratoire et 851 d\u00e9c\u00e8s qui ont \u00e9t\u00e9 enregistr\u00e9s. Tout cela pour dire qu\u2019une recherche active \u00e9tait en cours sur les coronavirus (sans oublier les essais vaccinaux depuis 2002)<\/p>\n<p>En novembre 2019 \u00e0 Wuhan en Chine, les 1ers cas COVID-19 ont \u00e9t\u00e9 d\u00e9clar\u00e9s avec comme virus responsable, le SARS-COV 2. Au d\u00e9but de la pand\u00e9mie, les moyens th\u00e9rapeutiques utilis\u00e9s dans les \u00e9pid\u00e9mies de SRAS et MERS-COV ont \u00e9t\u00e9 mis en \u0153uvre avec des succ\u00e8s mitig\u00e9s. Devant l'urgence sanitaire et \u00e0 la demande de l'Organisation Mondiale de la Sant\u00e9, des moyens financiers \u00e9normes et les nouvelles technologies vaccinales qui \u00e9taient dans les pipelines des grands laboratoires de recherche et pharmaceutiques, ont \u00e9t\u00e9 mobilis\u00e9s avec l\u2019implication notamment de pr\u00e9sidents de r\u00e9publiques, de m\u00e9c\u00e8nes et d\u2019investisseurs pour arriver \u00e0 cette r\u00e9ponse d\u2019urgence. Et il convient de noter que si la plupart des vaccins qui ont \u00e9t\u00e9 fabriqu\u00e9s, sont \u00e0 ARN, c\u2019est bien, si l\u2019on en croit nos sources, qu'ils sont bien plus simples et plus rapides \u00e0 produire \u00e0 grande \u00e9chelle que les vaccins \u00ab classiques \u00bb tels que les vaccins \u00e0 virus att\u00e9nu\u00e9s.<\/p>\n<p>Apr\u00e8s avoir \u00e9cout\u00e9 le docteur Amadou Ndiaye, directeur de l\u2019h\u00f4pital Abasse Ndao, \u00e0 l\u2019\u00e9mission \u00ab Jakarloo \u00bb de ce vendredi 13 Ao\u00fbt, les choses deviennent un peu plus claires, notamment en ce qui concerne les nouvelles recommandations de vaccination des femmes enceintes, des personnes qui ont des probl\u00e8mes pulmonaires et des malades du Sida. Certains ont, en effet, fini d\u2019assimiler ces nouvelles recommandations du Minist\u00e8re de la Sant\u00e9 surtout \u00e0 du t\u00e2tonnement, ignorant le principe de pr\u00e9caution et l\u2019\u00e9volution de la maladie avec les variants. \u00ab <em>Pour les femmes enceintes, initialement nous n'avions pas toutes les donn\u00e9es, donc par pr\u00e9caution, nous avions jug\u00e9 utile de ne pas les vacciner. Avec le temps, nous avions constat\u00e9 que la souche originelle ne mena\u00e7ait que les personnes \u00e2g\u00e9es et ceux souffrant de comorbidit\u00e9s ; et que le variant Delta s'attaquait d\u00e9sormais aux nouveaux n\u00e9s et aux femmes enceintes jusqu'\u00e0 ce qu\u2019on note quatre d\u00e9c\u00e8s de femmes en \u00e9tat de grossesse.<\/em> \u00bb, a fait savoir le docteur Ndiaye avant de poursuivre : \u00ab <em>A cet instant, la sant\u00e9 publique autorise de vacciner les femmes enceintes et de les suivre de mani\u00e8re sp\u00e9cifique pour contr\u00f4ler l'effet du vaccin. Nous avons juste pr\u00e9conis\u00e9 d'attendre pour ce qui concerne les femmes en \u00e9tat de grossesse parce que nous n'avions pas encore fait d'\u00e9tudes les concernant, car cette maladie nous a pris de court. C'est \u00e7a la science.<\/em> \u00bb. Le Pharmacien biologiste Ndiaye ne manque d\u2019ailleurs pas d\u2019ajouter : \u00ab <em>nous qui sommes des chercheurs, nous appliquons des tests sur les animaux, ensuite nous faisons des expertises sur une \u00e9chelle de personnes avant d'autoriser la population \u00e0 prendre le vaccin. Comme nous ne l'avions pas test\u00e9 sur des femmes en \u00e9tat de grossesse, nous avons pr\u00e9conis\u00e9 d'attendre. Mais comme la maladie s'attaque \u00e0 elles, nous avons adopt\u00e9 cette strat\u00e9gie vaccinale. Quant \u00e0 ceux qui ont des probl\u00e8mes pulmonaires, vu que le variant s'attaque aux poumons, c'est pour cette raison qu'on leur demande de se vacciner. Idem pour ceux qui souffrent du VIH car ils ont un syst\u00e8me immunitaire faible. S'ils contractent le virus, ils deviennent automatiquement des cas graves, c'est pourquoi nous leur demandons de se vacciner pour les prot\u00e9ger.<\/em> \u00bb Bref une mani\u00e8re de dire que la strat\u00e9gie \u00e9volue en fonction des nouvelles observations.<\/p>\n<p>Que penser des agitations de ces deux femmes sur les r\u00e9seaux sociaux : l\u2019une pointe du doigt le d\u00e9clenchement de ses r\u00e8gles, suite \u00e0 la prise du vaccin ; la seconde rel\u00e8ve que son t\u00e9l\u00e9phone se colle sur la partie o\u00f9 elle a re\u00e7u l\u2019injection. Dans le premier cas, des sources m\u00e9dicales indiquent, qu\u2019en raison de la sp\u00e9cificit\u00e9 de chaque individu et sous l\u2019effet du stress (peur du vaccin, craintes, etc), les r\u00e8gles peuvent \u00eatre d\u00e9clench\u00e9es chez certains. Un argument confort\u00e9 par le Dr Ndiaye qui rel\u00e8ve qu\u2019\u00e0 la base, l'homme a des particularit\u00e9s qui n'ont rien avoir avec la science. Ce sont \u00e0 son avis, des aptitudes individuelles, estimant qu\u2019un individu peut se faire vacciner et d\u00e9couvrir qu\u2019il est plus performant sexuellement du fait du vaccin, alors que tout cela n\u2019est que psychologique. Dans le second cas, l\u2019\u00e9quation que soul\u00e8ve la dame au t\u00e9l\u00e9phone qui colle \u00e0 la partie de l\u2019injection, ne prouve rien en r\u00e9alit\u00e9 puisqu\u2019on a affaire \u00e0 une image dont on ignore tout des conditions de sa prise. L\u2019affaire semble plut\u00f4t \u00eatre de l\u2019ordre du fantasme.<\/p>\n<p>Ces derniers jours, le minist\u00e8re de la sant\u00e9 a sembl\u00e9 vouloir changer de strat\u00e9gie en faisant intervenir des sp\u00e9cialistes lors de ses points quotidiens. Ce qui est une bonne chose en soi puisque cet acte de communication permet de livrer des informations plus pointues et plus pr\u00e9cises dans le cadre des recommandations, comme cela a \u00e9t\u00e9 not\u00e9 avec l\u2019intervention de gyn\u00e9cologues, de p\u00e9diatres, de sages-femmes, etc.<\/p>\n<p>Les nombreux d\u00e9c\u00e8s de ces derni\u00e8res semaines ont eu pour effet de pousser certaines populations dans le d\u00e9sarroi \u00e0 aller se faire vacciner. Mais il reste toujours d\u2019irr\u00e9ductibles r\u00e9fractaires au vaccin que l\u2019on pourrait consid\u00e9rer comme des suicidaires, dans un contexte o\u00f9 prolif\u00e8re le variant Delta tr\u00e8s virulent et dont les sp\u00e9cialistes d\u00e9clarent qu\u2019en trois, quatre jours, le contamin\u00e9 peut se retrouver en r\u00e9animation, contrairement au d\u00e9but de la pand\u00e9mie durant lequel, la personne infect\u00e9e pouvait rester une semaine \u00e0 contaminer son entourage, sans pour autant savoir qu'il a le virus.<\/p>\n<p>Le docteur Alioune Badara Ly du Centre des op\u00e9rations d\u2019urgence sanitaire (Cous) a inform\u00e9 \u00e0 l\u2019\u00e9mission \u00ab Objection \u00bb de ce dimanche 15 Ao\u00fbt que le nombre de d\u00e9c\u00e8s quotidien (Covid-19) d\u00e9clar\u00e9, est effectivement sous-estim\u00e9\u00bb. Ce qui se passe, a-t-il avanc\u00e9, \u00abc<em>\u2019est qu\u2019au niveau de la Direction des \u00e9tablissements de sant\u00e9, il y a une plateforme \u00e9lectronique qui est mise en place. Cette direction travaille en \u00e9troite collaboration avec les coordonnateurs des Cte (chaque Cte en a un). Tous les soirs, \u00e0 23 h, la plateforme est remplie par les coordonnateurs de Cte pour dire combien de cas nouveaux ils ont admis, combien de cas graves et combien de d\u00e9c\u00e8s ils ont enregistr\u00e9s<\/em>\u00bb. C\u2019est comme \u00e7a, estime-t-il, qu\u2019ils ont l\u2019information sur les d\u00e9c\u00e8s, faisant noter qu\u2019il y a probablement d\u2019autres d\u00e9c\u00e8s au niveau des services d\u2019urgence qui ne sont pas comptabilis\u00e9s. Il peut y avoir, ajoute-t-il, des d\u00e9c\u00e8s au niveau communautaire qui leur \u00e9chappent.<br \/>\nPr\u00e9cision de taille, le docteur a aussi renseign\u00e9 qu\u2019il y a \u00e9galement 54 d\u00e9c\u00e8s dans les zones dites tampons qui n\u2019ont pas encore \u00e9t\u00e9 pris en compte, c\u2019est-\u00e0-dire des mini-Cte dans les centres de sant\u00e9 qui permettent de prendre en charge certains cas graves, le temps qu\u2019une place se lib\u00e8re dans un Cte. L\u00e0-bas aussi, a-t-il inform\u00e9, il y a des d\u00e9c\u00e8s pas encore pris en compte.<\/p>\n<p>Toutefois, a assur\u00e9 Ly, \u00ab<em>on veut avoir des chiffres exhaustifs qui refl\u00e8tent la r\u00e9alit\u00e9<\/em>\u00bb. Par cons\u00e9quent, a jur\u00e9 le directeur du Cous, \u00abon s\u2019arr\u00eatera \u00e0 un moment donn\u00e9 pour faire le d\u00e9compte et ajuster. Beaucoup de pays l\u2019ont fait. En Chine, il y a eu 15 000 cas probables qui n\u2019avaient pas \u00e9t\u00e9 mis dans les statistiques et il a fallu le faire \u00e0 un moment donn\u00e9. En France, les d\u00e9c\u00e8s au niveau des Epad n\u2019avaient pas \u00e9t\u00e9 comptabilis\u00e9s et apr\u00e8s, ils ont corrig\u00e9. Nous aussi, on corrigera\u00bb.<\/p>\n<p><strong>La vaccination et la tendance baissi\u00e8re chez les personnes du 3\u00e8me \u00e2ge<\/strong><\/p>\n<p>De quoi inciter plus fortement les populations \u00e0 la vaccination d\u2019autant plus que le Dr Mamadou Koum\u00e9, chef du service de g\u00e9riatrie de l\u2019h\u00f4pital Fann qui s\u2019expliquait sur la situation des personnes \u00e2g\u00e9es qui ont \u00e9t\u00e9 les plus touch\u00e9es lors de la premi\u00e8re et de la deuxi\u00e8me vague de la pand\u00e9mie \u00e0 coronavirus, a \u00e9voqu\u00e9 une tendance qui s\u2019est invers\u00e9e. \"<em>Lors de ces deux vagues, leur taux de contamination \u00e9tait de 22% et celui de leur mortalit\u00e9 \u00e9tait \u00e0 79%. Une tendance qui s\u2019est renvers\u00e9e. Aujourd\u2019hui, a-t-il appris, le taux de contamination des personnes \u00e2g\u00e9es est de 14% l\u00e0 o\u00f9 le taux de la mortalit\u00e9, il est \u00e0 69%<\/em> \". Ce qui montre une tendance baissi\u00e8re dans la transmission de l\u2019infection au niveau des personnes \u00e2g\u00e9es. Le Dr Koum\u00e9 a aussi laiss\u00e9 entendre que si on en est arriv\u00e9 \u00e0 ces r\u00e9sultats, c\u2019est parce que les personnes \u00e2g\u00e9es sont celles qui ont le plus respect\u00e9 les vaccins. La preuve, a-t-il indiqu\u00e9 : \u00ab s<em>ur plus d\u2019un million de personnes vaccin\u00e9es, les 33% sont des personnes \u00e2g\u00e9es. Il y a donc une diminution de la contamination et de la mortalit\u00e9 et une augmentation de la vaccination<\/em> \u00bb.<\/p>\n<p>Un fait qui, de l\u2019avis du m\u00e9decin, m\u00e9rite une certaine analyse car, il dit avoir remarqu\u00e9 que les personnes \u00e2g\u00e9es qui d\u00e9veloppent des formes s\u00e9v\u00e8res sont celles qui n\u2019\u00e9taient pas vaccin\u00e9es. En revanche, a-t-il pr\u00e9cis\u00e9, celles qui sont vaccin\u00e9es d\u00e9veloppent des formes mineures qui n\u00e9cessitent 3 \u00e0 4 jours d\u2019hospitalisation. Il a \u00e9galement eu des mots s\u2019adressant aux familles qui s\u2019opposent \u00e0 la vaccination des personnes \u00e2g\u00e9es, indiquant que \u00abcelles-ci sont libres et on doit les laisser d\u00e9cider si elles doivent se faire vacciner ou pas \u00bb. Puisque, a-t-il pr\u00e9venu : \u00ab <em>ces personnes \u00e2g\u00e9es peuvent avoir besoin d\u2019oxyg\u00e8ne sans le manifester. C\u2019est la raison pour laquelle nos m\u00e9decins doivent toujours s\u2019armer de leur saturom\u00e8tre<\/em> \u00bb.<\/p>\n<p>Il est d\u00e8s lors utile de sensibiliser les populations pour lever les doutes et les craintes de certains, mais aussi de tenir un langage de v\u00e9rit\u00e9 selon lequel, il est imp\u00e9rieux d\u2019observer les mesures barri\u00e8res afin de se pr\u00e9munir contre le virus et surtout se faire vacciner pour \u00e9viter la forme grave de la COVID-19. Il revient aussi et surtout aux autorit\u00e9s sanitaires de r\u00e9pertorier sur les r\u00e9seaux et dans les m\u00e9dias classiques plateaux de t\u00e9l\u00e9, les fausses informations distill\u00e9es, de mani\u00e8re \u00e0 les d\u00e9construire rapidement afin de ne pas les laisser prosp\u00e9rer.<\/p>\n<p>De plus, si on en croit le DR Ndiaye, la vaccination est une technique que le S\u00e9n\u00e9gal ma\u00eetrise car, fait-il savoir : \u00ab <em>nous avons eu \u00e0 \u00e9laborer un programme \u00e9largi de vaccination, nous nous sommes vaccin\u00e9s pour plusieurs maladies, nos enfants aussi. De surcro\u00eet, le Minist\u00e8re de la Sant\u00e9 a mis sur pied un comit\u00e9 de vaccination qui r\u00e9unit tous les sp\u00e9cialistes en mati\u00e8re de vaccination. Ce comit\u00e9 contr\u00f4le tous les vaccins qui entrent dans le territoire pour voir s' ils sont conformes ou pas.<\/em> \u00bb. Soyons donc un peu plus optimistes et \u00e9coutons ceux qui savent et non ces vendeurs de vent des r\u00e9seaux sociaux aux connaissances nulles et sans beaucoup d\u2019int\u00e9r\u00eat.<\/p>\n<div class='share-to-whatsapp-wrapper'><div class='share-on-whsp'>PARTAGER SUR : <\/div><a data-text='L'EDITO DE NETTALI.COM \u2013 Que les vendeurs d\u2019illusions se taisent !' data-link='https:\/\/www.nettali.com\/2021\/08\/17\/ledito-de-nettali-com-que-les-vendeurs-dillusions-se-taisent\/' class='whatsapp-button whatsapp-share'>WhatsApp<\/a><div class='clear '><\/div><\/div>","protected":false},"excerpt":{"rendered":"<p>NETTALI.COM \u2013 Avec cette pand\u00e9mie, les fake news qui sont l\u00e9gion, ont fini de produire leurs effets \u00e0 tel point qu\u2019une certaine partie de la population S\u00e9n\u00e9galaise rechigne \u00e0 se faire vacciner. Entre ceux qui sont dans le d\u00e9ni de l\u2019efficacit\u00e9 du vaccin et qu\u2019il faut convaincre du contraire, la difficult\u00e9 de faire respecter les [&hellip;]<\/p>\n","protected":false},"author":2,"featured_media":69994,"comment_status":"open","ping_status":"open","sticky":false,"template":"","format":"standard","meta":{"_et_pb_use_builder":"","_et_pb_old_content":""},"categories":[34931],"tags":[],"yoast_head":"<!-- This site is optimized with the Yoast SEO Premium plugin v17.8 (Yoast SEO v17.8) - https:\/\/yoast.com\/wordpress\/plugins\/seo\/ -->\n<title>L&#039;EDITO DE NETTALI.COM \u2013 Que les vendeurs d\u2019illusions se taisent ! | Nettali.com<\/title>\n<meta name=\"robots\" content=\"index, follow, max-snippet:-1, max-image-preview:large, max-video-preview:-1\" \/>\n<link rel=\"canonical\" href=\"https:\/\/www.nettali.com\/2021\/08\/17\/ledito-de-nettali-com-que-les-vendeurs-dillusions-se-taisent\/\" \/>\n<meta property=\"og:locale\" content=\"fr_FR\" \/>\n<meta property=\"og:type\" content=\"article\" \/>\n<meta property=\"og:title\" content=\"L&#039;EDITO DE NETTALI.COM \u2013 Que les vendeurs d\u2019illusions se taisent !\" \/>\n<meta property=\"og:description\" content=\"NETTALI.COM \u2013 Avec cette pand\u00e9mie, les fake news qui sont l\u00e9gion, ont fini de produire leurs effets \u00e0 tel point qu\u2019une certaine partie de la population S\u00e9n\u00e9galaise rechigne \u00e0 se faire vacciner. Entre ceux qui sont dans le d\u00e9ni de l\u2019efficacit\u00e9 du vaccin et qu\u2019il faut convaincre du contraire, la difficult\u00e9 de faire respecter les [&hellip;]\" \/>\n<meta property=\"og:url\" content=\"https:\/\/www.nettali.com\/2021\/08\/17\/ledito-de-nettali-com-que-les-vendeurs-dillusions-se-taisent\/\" \/>\n<meta property=\"og:site_name\" content=\"Nettali.com\" \/>\n<meta property=\"article:publisher\" content=\"https:\/\/www.facebook.com\/nettalicom\" \/>\n<meta property=\"article:published_time\" content=\"2021-08-17T14:15:28+00:00\" \/>\n<meta property=\"article:modified_time\" content=\"2021-08-19T09:54:49+00:00\" \/>\n<meta property=\"og:image\" content=\"https:\/\/www.nettali.com\/wp-content\/uploads\/2021\/08\/sarr-ndiaye-koume-ly3.jpg\" \/>\n\t<meta property=\"og:image:width\" content=\"1280\" \/>\n\t<meta property=\"og:image:height\" content=\"600\" \/>\n<meta name=\"twitter:card\" content=\"summary_large_image\" \/>\n<meta name=\"twitter:label1\" content=\"\u00c9crit par\" \/>\n\t<meta name=\"twitter:data1\" content=\"CK\" \/>\n\t<meta name=\"twitter:label2\" content=\"Dur\u00e9e de lecture estim\u00e9e\" \/>\n\t<meta name=\"twitter:data2\" content=\"13 minutes\" \/>\n<script type=\"application\/ld+json\" class=\"yoast-schema-graph\">{\"@context\":\"https:\/\/schema.org\",\"@graph\":[{\"@type\":\"WebSite\",\"@id\":\"https:\/\/www.nettali.com\/#website\",\"url\":\"https:\/\/www.nettali.com\/\",\"name\":\"Nettali.com\",\"description\":\"Le rendez-vous critique du Net\",\"potentialAction\":[{\"@type\":\"SearchAction\",\"target\":{\"@type\":\"EntryPoint\",\"urlTemplate\":\"https:\/\/www.nettali.com\/?s={search_term_string}\"},\"query-input\":\"required name=search_term_string\"}],\"inLanguage\":\"fr-FR\"},{\"@type\":\"ImageObject\",\"@id\":\"https:\/\/www.nettali.com\/2021\/08\/17\/ledito-de-nettali-com-que-les-vendeurs-dillusions-se-taisent\/#primaryimage\",\"inLanguage\":\"fr-FR\",\"url\":\"https:\/\/www.nettali.com\/wp-content\/uploads\/2021\/08\/sarr-ndiaye-koume-ly3.jpg\",\"contentUrl\":\"https:\/\/www.nettali.com\/wp-content\/uploads\/2021\/08\/sarr-ndiaye-koume-ly3.jpg\",\"width\":1280,\"height\":600},{\"@type\":\"WebPage\",\"@id\":\"https:\/\/www.nettali.com\/2021\/08\/17\/ledito-de-nettali-com-que-les-vendeurs-dillusions-se-taisent\/#webpage\",\"url\":\"https:\/\/www.nettali.com\/2021\/08\/17\/ledito-de-nettali-com-que-les-vendeurs-dillusions-se-taisent\/\",\"name\":\"L'EDITO DE NETTALI.COM \\u2013 Que les vendeurs d\\u2019illusions se taisent ! | Nettali.com\",\"isPartOf\":{\"@id\":\"https:\/\/www.nettali.com\/#website\"},\"primaryImageOfPage\":{\"@id\":\"https:\/\/www.nettali.com\/2021\/08\/17\/ledito-de-nettali-com-que-les-vendeurs-dillusions-se-taisent\/#primaryimage\"},\"datePublished\":\"2021-08-17T14:15:28+00:00\",\"dateModified\":\"2021-08-19T09:54:49+00:00\",\"author\":{\"@id\":\"https:\/\/www.nettali.com\/#\/schema\/person\/d8ac7b7e27ddad43f1c0d2ef090d7f71\"},\"breadcrumb\":{\"@id\":\"https:\/\/www.nettali.com\/2021\/08\/17\/ledito-de-nettali-com-que-les-vendeurs-dillusions-se-taisent\/#breadcrumb\"},\"inLanguage\":\"fr-FR\",\"potentialAction\":[{\"@type\":\"ReadAction\",\"target\":[\"https:\/\/www.nettali.com\/2021\/08\/17\/ledito-de-nettali-com-que-les-vendeurs-dillusions-se-taisent\/\"]}]},{\"@type\":\"BreadcrumbList\",\"@id\":\"https:\/\/www.nettali.com\/2021\/08\/17\/ledito-de-nettali-com-que-les-vendeurs-dillusions-se-taisent\/#breadcrumb\",\"itemListElement\":[{\"@type\":\"ListItem\",\"position\":1,\"name\":\"Accueil\",\"item\":\"https:\/\/www.nettali.com\/\"},{\"@type\":\"ListItem\",\"position\":2,\"name\":\"L&rsquo;EDITO DE NETTALI.COM \\u2013 Que les vendeurs d\\u2019illusions se taisent !\"}]},{\"@type\":\"Person\",\"@id\":\"https:\/\/www.nettali.com\/#\/schema\/person\/d8ac7b7e27ddad43f1c0d2ef090d7f71\",\"name\":\"CK\",\"image\":{\"@type\":\"ImageObject\",\"@id\":\"https:\/\/www.nettali.com\/#personlogo\",\"inLanguage\":\"fr-FR\",\"url\":\"https:\/\/secure.gravatar.com\/avatar\/1d8d5118b9327d94da7cd4ce7f17fec2?s=96&d=mm&r=g\",\"contentUrl\":\"https:\/\/secure.gravatar.com\/avatar\/1d8d5118b9327d94da7cd4ce7f17fec2?s=96&d=mm&r=g\",\"caption\":\"CK\"},\"sameAs\":[\"https:\/\/www.nettali.com\"]}]}<\/script>\n<!-- \/ Yoast SEO Premium plugin. -->","yoast_head_json":{"title":"L'EDITO DE NETTALI.COM \u2013 Que les vendeurs d\u2019illusions se taisent ! | Nettali.com","robots":{"index":"index","follow":"follow","max-snippet":"max-snippet:-1","max-image-preview":"max-image-preview:large","max-video-preview":"max-video-preview:-1"},"canonical":"https:\/\/www.nettali.com\/2021\/08\/17\/ledito-de-nettali-com-que-les-vendeurs-dillusions-se-taisent\/","og_locale":"fr_FR","og_type":"article","og_title":"L'EDITO DE NETTALI.COM \u2013 Que les vendeurs d\u2019illusions se taisent !","og_description":"NETTALI.COM \u2013 Avec cette pand\u00e9mie, les fake news qui sont l\u00e9gion, ont fini de produire leurs effets \u00e0 tel point qu\u2019une certaine partie de la population S\u00e9n\u00e9galaise rechigne \u00e0 se faire vacciner. Entre ceux qui sont dans le d\u00e9ni de l\u2019efficacit\u00e9 du vaccin et qu\u2019il faut convaincre du contraire, la difficult\u00e9 de faire respecter les [&hellip;]","og_url":"https:\/\/www.nettali.com\/2021\/08\/17\/ledito-de-nettali-com-que-les-vendeurs-dillusions-se-taisent\/","og_site_name":"Nettali.com","article_publisher":"https:\/\/www.facebook.com\/nettalicom","article_published_time":"2021-08-17T14:15:28+00:00","article_modified_time":"2021-08-19T09:54:49+00:00","og_image":[{"width":1280,"height":600,"url":"https:\/\/www.nettali.com\/wp-content\/uploads\/2021\/08\/sarr-ndiaye-koume-ly3.jpg","type":"image\/jpeg"}],"twitter_card":"summary_large_image","twitter_misc":{"\u00c9crit par":"CK","Dur\u00e9e de lecture estim\u00e9e":"13 minutes"},"schema":{"@context":"https:\/\/schema.org","@graph":[{"@type":"WebSite","@id":"https:\/\/www.nettali.com\/#website","url":"https:\/\/www.nettali.com\/","name":"Nettali.com","description":"Le rendez-vous critique du Net","potentialAction":[{"@type":"SearchAction","target":{"@type":"EntryPoint","urlTemplate":"https:\/\/www.nettali.com\/?s={search_term_string}"},"query-input":"required name=search_term_string"}],"inLanguage":"fr-FR"},{"@type":"ImageObject","@id":"https:\/\/www.nettali.com\/2021\/08\/17\/ledito-de-nettali-com-que-les-vendeurs-dillusions-se-taisent\/#primaryimage","inLanguage":"fr-FR","url":"https:\/\/www.nettali.com\/wp-content\/uploads\/2021\/08\/sarr-ndiaye-koume-ly3.jpg","contentUrl":"https:\/\/www.nettali.com\/wp-content\/uploads\/2021\/08\/sarr-ndiaye-koume-ly3.jpg","width":1280,"height":600},{"@type":"WebPage","@id":"https:\/\/www.nettali.com\/2021\/08\/17\/ledito-de-nettali-com-que-les-vendeurs-dillusions-se-taisent\/#webpage","url":"https:\/\/www.nettali.com\/2021\/08\/17\/ledito-de-nettali-com-que-les-vendeurs-dillusions-se-taisent\/","name":"L'EDITO DE NETTALI.COM \u2013 Que les vendeurs d\u2019illusions se taisent ! | Nettali.com","isPartOf":{"@id":"https:\/\/www.nettali.com\/#website"},"primaryImageOfPage":{"@id":"https:\/\/www.nettali.com\/2021\/08\/17\/ledito-de-nettali-com-que-les-vendeurs-dillusions-se-taisent\/#primaryimage"},"datePublished":"2021-08-17T14:15:28+00:00","dateModified":"2021-08-19T09:54:49+00:00","author":{"@id":"https:\/\/www.nettali.com\/#\/schema\/person\/d8ac7b7e27ddad43f1c0d2ef090d7f71"},"breadcrumb":{"@id":"https:\/\/www.nettali.com\/2021\/08\/17\/ledito-de-nettali-com-que-les-vendeurs-dillusions-se-taisent\/#breadcrumb"},"inLanguage":"fr-FR","potentialAction":[{"@type":"ReadAction","target":["https:\/\/www.nettali.com\/2021\/08\/17\/ledito-de-nettali-com-que-les-vendeurs-dillusions-se-taisent\/"]}]},{"@type":"BreadcrumbList","@id":"https:\/\/www.nettali.com\/2021\/08\/17\/ledito-de-nettali-com-que-les-vendeurs-dillusions-se-taisent\/#breadcrumb","itemListElement":[{"@type":"ListItem","position":1,"name":"Accueil","item":"https:\/\/www.nettali.com\/"},{"@type":"ListItem","position":2,"name":"L&rsquo;EDITO DE NETTALI.COM \u2013 Que les vendeurs d\u2019illusions se taisent !"}]},{"@type":"Person","@id":"https:\/\/www.nettali.com\/#\/schema\/person\/d8ac7b7e27ddad43f1c0d2ef090d7f71","name":"CK","image":{"@type":"ImageObject","@id":"https:\/\/www.nettali.com\/#personlogo","inLanguage":"fr-FR","url":"https:\/\/secure.gravatar.com\/avatar\/1d8d5118b9327d94da7cd4ce7f17fec2?s=96&d=mm&r=g","contentUrl":"https:\/\/secure.gravatar.com\/avatar\/1d8d5118b9327d94da7cd4ce7f17fec2?s=96&d=mm&r=g","caption":"CK"},"sameAs":["https:\/\/www.nettali.com"]}]}},"_links":{"self":[{"href":"https:\/\/www.nettali.com\/rest\/wp\/v2\/posts\/69991"}],"collection":[{"href":"https:\/\/www.nettali.com\/rest\/wp\/v2\/posts"}],"about":[{"href":"https:\/\/www.nettali.com\/rest\/wp\/v2\/types\/post"}],"author":[{"embeddable":true,"href":"https:\/\/www.nettali.com\/rest\/wp\/v2\/users\/2"}],"replies":[{"embeddable":true,"href":"https:\/\/www.nettali.com\/rest\/wp\/v2\/comments?post=69991"}],"version-history":[{"count":1,"href":"https:\/\/www.nettali.com\/rest\/wp\/v2\/posts\/69991\/revisions"}],"predecessor-version":[{"id":69992,"href":"https:\/\/www.nettali.com\/rest\/wp\/v2\/posts\/69991\/revisions\/69992"}],"wp:featuredmedia":[{"embeddable":true,"href":"https:\/\/www.nettali.com\/rest\/wp\/v2\/media\/69994"}],"wp:attachment":[{"href":"https:\/\/www.nettali.com\/rest\/wp\/v2\/media?parent=69991"}],"wp:term":[{"taxonomy":"category","embeddable":true,"href":"https:\/\/www.nettali.com\/rest\/wp\/v2\/categories?post=69991"},{"taxonomy":"post_tag","embeddable":true,"href":"https:\/\/www.nettali.com\/rest\/wp\/v2\/tags?post=69991"}],"curies":[{"name":"wp","href":"https:\/\/api.w.org\/{rel}","templated":true}]}}