{"id":69838,"date":"2021-08-14T17:17:25","date_gmt":"2021-08-14T17:17:25","guid":{"rendered":"https:\/\/www.nettali.com\/?p=69838"},"modified":"2021-08-15T12:16:39","modified_gmt":"2021-08-15T12:16:39","slug":"bras-de-fer-a-la-rts-la-surete-urbaine-entre-dans-la-danse","status":"publish","type":"post","link":"https:\/\/www.nettali.com\/2021\/08\/14\/bras-de-fer-a-la-rts-la-surete-urbaine-entre-dans-la-danse\/","title":{"rendered":"BRAS DE FER A LA RTS - La S\u00fbret\u00e9 urbaine entre dans la danse"},"content":{"rendered":"<p><strong>NETTALI.COM - T<\/strong><strong>rois syndicalistes officiant \u00e0 la Rts sont convoqu\u00e9s par la S\u00fbret\u00e9 urbaine, pour lundi prochain. Cela, suite \u00e0 une plainte du directeur g\u00e9n\u00e9ral Racine Talla. <\/strong><\/p>\n<p>Le journaliste Abasse Sow, secr\u00e9taire g\u00e9n\u00e9ral adjoint Synpics\/Rts, le technicien Moustapha Ciss\u00e9, secr\u00e9taire g\u00e9n\u00e9ral du Synpics\/Rts et Cheikh Brahim Ndiaye, secr\u00e9taire g\u00e9n\u00e9ral de la section Cnts\/Rts devront faire face aux enqu\u00eateurs de la S\u00fbret\u00e9 urbaine, lundi prochain 16 ao\u00fbt \u00e0 10h. Cela, apr\u00e8s qu\u2019on leur a notifi\u00e9 leur convocation vendredi dernier.<\/p>\n<p>\u00ab Cette convocation fait suite \u00e0 une plainte de Racine TALLA. Il s\u2019agit-l\u00e0 d\u2019une preuve suppl\u00e9mentaire de son acharnement et de sa propre volont\u00e9 de nuire aux syndicalistes et membres du coll\u00e8ge des d\u00e9l\u00e9gu\u00e9s apr\u00e8s le refus de la demande de licenciement contre le coordonnateur du coll\u00e8ge des d\u00e9l\u00e9gu\u00e9s Abasse SOW par l\u2019inspection du travail et de la s\u00e9curit\u00e9 sociale \u00bb, pr\u00e9cise l\u2019intersyndicale dans un communiqu\u00e9.<\/p>\n<p>Le cadre unitaire des syndicalistes appelle le DG Racine Talla \u00e0 r\u00e9pondre de sa gestion \u2018\u2019calamiteuse\u2019\u2019 au lieu d\u2019intimider les agents de la Rts, non sans inviter les travailleurs du m\u00e9dia public sont ainsi invit\u00e9s \u00e0 faire face.<\/p>\n<p>&nbsp;<\/p>\n<div class='share-to-whatsapp-wrapper'><div class='share-on-whsp'>PARTAGER SUR : <\/div><a data-text='BRAS DE FER A LA RTS - La S\u00fbret\u00e9 urbaine entre dans la danse' data-link='https:\/\/www.nettali.com\/2021\/08\/14\/bras-de-fer-a-la-rts-la-surete-urbaine-entre-dans-la-danse\/' class='whatsapp-button whatsapp-share'>WhatsApp<\/a><div class='clear '><\/div><\/div>","protected":false},"excerpt":{"rendered":"<p>NETTALI.COM - Trois syndicalistes officiant \u00e0 la Rts sont convoqu\u00e9s par la S\u00fbret\u00e9 urbaine, pour lundi prochain. Cela, suite \u00e0 une plainte du directeur g\u00e9n\u00e9ral Racine Talla. Le journaliste Abasse Sow, secr\u00e9taire g\u00e9n\u00e9ral adjoint Synpics\/Rts, le technicien Moustapha Ciss\u00e9, secr\u00e9taire g\u00e9n\u00e9ral du Synpics\/Rts et Cheikh Brahim Ndiaye, secr\u00e9taire g\u00e9n\u00e9ral de la section Cnts\/Rts devront faire [&hellip;]<\/p>\n","protected":false},"author":11,"featured_media":60728,"comment_status":"open","ping_status":"open","sticky":false,"template":"","format":"standard","meta":{"_et_pb_use_builder":"","_et_pb_old_content":""},"categories":[3],"tags":[],"yoast_head":"<!-- This site is optimized with the Yoast SEO Premium plugin v17.8 (Yoast SEO v17.8) - https:\/\/yoast.com\/wordpress\/plugins\/seo\/ -->\n<title>BRAS DE FER A LA RTS - La S\u00fbret\u00e9 urbaine entre dans la danse | Nettali.com<\/title>\n<meta name=\"robots\" content=\"index, follow, max-snippet:-1, max-image-preview:large, max-video-preview:-1\" \/>\n<link rel=\"canonical\" href=\"https:\/\/www.nettali.com\/2021\/08\/14\/bras-de-fer-a-la-rts-la-surete-urbaine-entre-dans-la-danse\/\" \/>\n<meta property=\"og:locale\" content=\"fr_FR\" \/>\n<meta property=\"og:type\" content=\"article\" \/>\n<meta property=\"og:title\" content=\"BRAS DE FER A LA RTS - La S\u00fbret\u00e9 urbaine entre dans la danse\" \/>\n<meta property=\"og:description\" content=\"NETTALI.COM - Trois syndicalistes officiant \u00e0 la Rts sont convoqu\u00e9s par la S\u00fbret\u00e9 urbaine, pour lundi prochain. Cela, suite \u00e0 une plainte du directeur g\u00e9n\u00e9ral Racine Talla. Le journaliste Abasse Sow, secr\u00e9taire g\u00e9n\u00e9ral adjoint Synpics\/Rts, le technicien Moustapha Ciss\u00e9, secr\u00e9taire g\u00e9n\u00e9ral du Synpics\/Rts et Cheikh Brahim Ndiaye, secr\u00e9taire g\u00e9n\u00e9ral de la section Cnts\/Rts devront faire [&hellip;]\" \/>\n<meta property=\"og:url\" content=\"https:\/\/www.nettali.com\/2021\/08\/14\/bras-de-fer-a-la-rts-la-surete-urbaine-entre-dans-la-danse\/\" \/>\n<meta property=\"og:site_name\" content=\"Nettali.com\" \/>\n<meta property=\"article:publisher\" content=\"https:\/\/www.facebook.com\/nettalicom\" \/>\n<meta property=\"article:published_time\" content=\"2021-08-14T17:17:25+00:00\" \/>\n<meta property=\"article:modified_time\" content=\"2021-08-15T12:16:39+00:00\" \/>\n<meta property=\"og:image\" content=\"https:\/\/www.nettali.com\/wp-content\/uploads\/2021\/03\/racine-talla.jpg\" \/>\n\t<meta property=\"og:image:width\" content=\"696\" \/>\n\t<meta property=\"og:image:height\" content=\"429\" \/>\n<meta name=\"twitter:card\" content=\"summary_large_image\" \/>\n<meta name=\"twitter:label1\" content=\"\u00c9crit par\" \/>\n\t<meta name=\"twitter:data1\" content=\"Thierno Diop\" \/>\n\t<meta name=\"twitter:label2\" content=\"Dur\u00e9e de lecture estim\u00e9e\" \/>\n\t<meta name=\"twitter:data2\" content=\"1 minute\" \/>\n<script type=\"application\/ld+json\" class=\"yoast-schema-graph\">{\"@context\":\"https:\/\/schema.org\",\"@graph\":[{\"@type\":\"WebSite\",\"@id\":\"https:\/\/www.nettali.com\/#website\",\"url\":\"https:\/\/www.nettali.com\/\",\"name\":\"Nettali.com\",\"description\":\"Le rendez-vous critique du Net\",\"potentialAction\":[{\"@type\":\"SearchAction\",\"target\":{\"@type\":\"EntryPoint\",\"urlTemplate\":\"https:\/\/www.nettali.com\/?s={search_term_string}\"},\"query-input\":\"required name=search_term_string\"}],\"inLanguage\":\"fr-FR\"},{\"@type\":\"ImageObject\",\"@id\":\"https:\/\/www.nettali.com\/2021\/08\/14\/bras-de-fer-a-la-rts-la-surete-urbaine-entre-dans-la-danse\/#primaryimage\",\"inLanguage\":\"fr-FR\",\"url\":\"https:\/\/www.nettali.com\/wp-content\/uploads\/2021\/03\/racine-talla.jpg\",\"contentUrl\":\"https:\/\/www.nettali.com\/wp-content\/uploads\/2021\/03\/racine-talla.jpg\",\"width\":696,\"height\":429},{\"@type\":\"WebPage\",\"@id\":\"https:\/\/www.nettali.com\/2021\/08\/14\/bras-de-fer-a-la-rts-la-surete-urbaine-entre-dans-la-danse\/#webpage\",\"url\":\"https:\/\/www.nettali.com\/2021\/08\/14\/bras-de-fer-a-la-rts-la-surete-urbaine-entre-dans-la-danse\/\",\"name\":\"BRAS DE FER A LA RTS - La S\\u00fbret\\u00e9 urbaine entre dans la danse | Nettali.com\",\"isPartOf\":{\"@id\":\"https:\/\/www.nettali.com\/#website\"},\"primaryImageOfPage\":{\"@id\":\"https:\/\/www.nettali.com\/2021\/08\/14\/bras-de-fer-a-la-rts-la-surete-urbaine-entre-dans-la-danse\/#primaryimage\"},\"datePublished\":\"2021-08-14T17:17:25+00:00\",\"dateModified\":\"2021-08-15T12:16:39+00:00\",\"author\":{\"@id\":\"https:\/\/www.nettali.com\/#\/schema\/person\/8a06c6bd7b19304cf4bf985862900b5b\"},\"breadcrumb\":{\"@id\":\"https:\/\/www.nettali.com\/2021\/08\/14\/bras-de-fer-a-la-rts-la-surete-urbaine-entre-dans-la-danse\/#breadcrumb\"},\"inLanguage\":\"fr-FR\",\"potentialAction\":[{\"@type\":\"ReadAction\",\"target\":[\"https:\/\/www.nettali.com\/2021\/08\/14\/bras-de-fer-a-la-rts-la-surete-urbaine-entre-dans-la-danse\/\"]}]},{\"@type\":\"BreadcrumbList\",\"@id\":\"https:\/\/www.nettali.com\/2021\/08\/14\/bras-de-fer-a-la-rts-la-surete-urbaine-entre-dans-la-danse\/#breadcrumb\",\"itemListElement\":[{\"@type\":\"ListItem\",\"position\":1,\"name\":\"Accueil\",\"item\":\"https:\/\/www.nettali.com\/\"},{\"@type\":\"ListItem\",\"position\":2,\"name\":\"BRAS DE FER A LA RTS &#8211; La S\\u00fbret\\u00e9 urbaine entre dans la danse\"}]},{\"@type\":\"Person\",\"@id\":\"https:\/\/www.nettali.com\/#\/schema\/person\/8a06c6bd7b19304cf4bf985862900b5b\",\"name\":\"Thierno Diop\",\"image\":{\"@type\":\"ImageObject\",\"@id\":\"https:\/\/www.nettali.com\/#personlogo\",\"inLanguage\":\"fr-FR\",\"url\":\"https:\/\/secure.gravatar.com\/avatar\/c8ca58550c94fd2ac856d27391a6c866?s=96&d=mm&r=g\",\"contentUrl\":\"https:\/\/secure.gravatar.com\/avatar\/c8ca58550c94fd2ac856d27391a6c866?s=96&d=mm&r=g\",\"caption\":\"Thierno Diop\"},\"sameAs\":[\"https:\/\/nettali.com\"]}]}<\/script>\n<!-- \/ Yoast SEO Premium plugin. -->","yoast_head_json":{"title":"BRAS DE FER A LA RTS - La S\u00fbret\u00e9 urbaine entre dans la danse | Nettali.com","robots":{"index":"index","follow":"follow","max-snippet":"max-snippet:-1","max-image-preview":"max-image-preview:large","max-video-preview":"max-video-preview:-1"},"canonical":"https:\/\/www.nettali.com\/2021\/08\/14\/bras-de-fer-a-la-rts-la-surete-urbaine-entre-dans-la-danse\/","og_locale":"fr_FR","og_type":"article","og_title":"BRAS DE FER A LA RTS - La S\u00fbret\u00e9 urbaine entre dans la danse","og_description":"NETTALI.COM - Trois syndicalistes officiant \u00e0 la Rts sont convoqu\u00e9s par la S\u00fbret\u00e9 urbaine, pour lundi prochain. Cela, suite \u00e0 une plainte du directeur g\u00e9n\u00e9ral Racine Talla. Le journaliste Abasse Sow, secr\u00e9taire g\u00e9n\u00e9ral adjoint Synpics\/Rts, le technicien Moustapha Ciss\u00e9, secr\u00e9taire g\u00e9n\u00e9ral du Synpics\/Rts et Cheikh Brahim Ndiaye, secr\u00e9taire g\u00e9n\u00e9ral de la section Cnts\/Rts devront faire [&hellip;]","og_url":"https:\/\/www.nettali.com\/2021\/08\/14\/bras-de-fer-a-la-rts-la-surete-urbaine-entre-dans-la-danse\/","og_site_name":"Nettali.com","article_publisher":"https:\/\/www.facebook.com\/nettalicom","article_published_time":"2021-08-14T17:17:25+00:00","article_modified_time":"2021-08-15T12:16:39+00:00","og_image":[{"width":696,"height":429,"url":"https:\/\/www.nettali.com\/wp-content\/uploads\/2021\/03\/racine-talla.jpg","type":"image\/jpeg"}],"twitter_card":"summary_large_image","twitter_misc":{"\u00c9crit par":"Thierno Diop","Dur\u00e9e de lecture estim\u00e9e":"1 minute"},"schema":{"@context":"https:\/\/schema.org","@graph":[{"@type":"WebSite","@id":"https:\/\/www.nettali.com\/#website","url":"https:\/\/www.nettali.com\/","name":"Nettali.com","description":"Le rendez-vous critique du Net","potentialAction":[{"@type":"SearchAction","target":{"@type":"EntryPoint","urlTemplate":"https:\/\/www.nettali.com\/?s={search_term_string}"},"query-input":"required name=search_term_string"}],"inLanguage":"fr-FR"},{"@type":"ImageObject","@id":"https:\/\/www.nettali.com\/2021\/08\/14\/bras-de-fer-a-la-rts-la-surete-urbaine-entre-dans-la-danse\/#primaryimage","inLanguage":"fr-FR","url":"https:\/\/www.nettali.com\/wp-content\/uploads\/2021\/03\/racine-talla.jpg","contentUrl":"https:\/\/www.nettali.com\/wp-content\/uploads\/2021\/03\/racine-talla.jpg","width":696,"height":429},{"@type":"WebPage","@id":"https:\/\/www.nettali.com\/2021\/08\/14\/bras-de-fer-a-la-rts-la-surete-urbaine-entre-dans-la-danse\/#webpage","url":"https:\/\/www.nettali.com\/2021\/08\/14\/bras-de-fer-a-la-rts-la-surete-urbaine-entre-dans-la-danse\/","name":"BRAS DE FER A LA RTS - La S\u00fbret\u00e9 urbaine entre dans la danse | Nettali.com","isPartOf":{"@id":"https:\/\/www.nettali.com\/#website"},"primaryImageOfPage":{"@id":"https:\/\/www.nettali.com\/2021\/08\/14\/bras-de-fer-a-la-rts-la-surete-urbaine-entre-dans-la-danse\/#primaryimage"},"datePublished":"2021-08-14T17:17:25+00:00","dateModified":"2021-08-15T12:16:39+00:00","author":{"@id":"https:\/\/www.nettali.com\/#\/schema\/person\/8a06c6bd7b19304cf4bf985862900b5b"},"breadcrumb":{"@id":"https:\/\/www.nettali.com\/2021\/08\/14\/bras-de-fer-a-la-rts-la-surete-urbaine-entre-dans-la-danse\/#breadcrumb"},"inLanguage":"fr-FR","potentialAction":[{"@type":"ReadAction","target":["https:\/\/www.nettali.com\/2021\/08\/14\/bras-de-fer-a-la-rts-la-surete-urbaine-entre-dans-la-danse\/"]}]},{"@type":"BreadcrumbList","@id":"https:\/\/www.nettali.com\/2021\/08\/14\/bras-de-fer-a-la-rts-la-surete-urbaine-entre-dans-la-danse\/#breadcrumb","itemListElement":[{"@type":"ListItem","position":1,"name":"Accueil","item":"https:\/\/www.nettali.com\/"},{"@type":"ListItem","position":2,"name":"BRAS DE FER A LA RTS &#8211; La S\u00fbret\u00e9 urbaine entre dans la danse"}]},{"@type":"Person","@id":"https:\/\/www.nettali.com\/#\/schema\/person\/8a06c6bd7b19304cf4bf985862900b5b","name":"Thierno Diop","image":{"@type":"ImageObject","@id":"https:\/\/www.nettali.com\/#personlogo","inLanguage":"fr-FR","url":"https:\/\/secure.gravatar.com\/avatar\/c8ca58550c94fd2ac856d27391a6c866?s=96&d=mm&r=g","contentUrl":"https:\/\/secure.gravatar.com\/avatar\/c8ca58550c94fd2ac856d27391a6c866?s=96&d=mm&r=g","caption":"Thierno Diop"},"sameAs":["https:\/\/nettali.com"]}]}},"_links":{"self":[{"href":"https:\/\/www.nettali.com\/rest\/wp\/v2\/posts\/69838"}],"collection":[{"href":"https:\/\/www.nettali.com\/rest\/wp\/v2\/posts"}],"about":[{"href":"https:\/\/www.nettali.com\/rest\/wp\/v2\/types\/post"}],"author":[{"embeddable":true,"href":"https:\/\/www.nettali.com\/rest\/wp\/v2\/users\/11"}],"replies":[{"embeddable":true,"href":"https:\/\/www.nettali.com\/rest\/wp\/v2\/comments?post=69838"}],"version-history":[{"count":1,"href":"https:\/\/www.nettali.com\/rest\/wp\/v2\/posts\/69838\/revisions"}],"predecessor-version":[{"id":69839,"href":"https:\/\/www.nettali.com\/rest\/wp\/v2\/posts\/69838\/revisions\/69839"}],"wp:featuredmedia":[{"embeddable":true,"href":"https:\/\/www.nettali.com\/rest\/wp\/v2\/media\/60728"}],"wp:attachment":[{"href":"https:\/\/www.nettali.com\/rest\/wp\/v2\/media?parent=69838"}],"wp:term":[{"taxonomy":"category","embeddable":true,"href":"https:\/\/www.nettali.com\/rest\/wp\/v2\/categories?post=69838"},{"taxonomy":"post_tag","embeddable":true,"href":"https:\/\/www.nettali.com\/rest\/wp\/v2\/tags?post=69838"}],"curies":[{"name":"wp","href":"https:\/\/api.w.org\/{rel}","templated":true}]}}