{"id":69688,"date":"2021-08-12T10:47:55","date_gmt":"2021-08-12T10:47:55","guid":{"rendered":"https:\/\/www.nettali.com\/?p=69688"},"modified":"2021-08-12T10:47:55","modified_gmt":"2021-08-12T10:47:55","slug":"deces-du-president-de-la-cour-supreme-bissau-guineenne-a-dakar","status":"publish","type":"post","link":"https:\/\/www.nettali.com\/2021\/08\/12\/deces-du-president-de-la-cour-supreme-bissau-guineenne-a-dakar\/","title":{"rendered":"D\u00e9c\u00e8s du pr\u00e9sident de la Cour supr\u00eame Bissau guin\u00e9enne, \u00e0 Dakar"},"content":{"rendered":"<p class=\"summary_label\"><strong>NETTALI.COM - Le pr\u00e9sident de la Cour supr\u00eame de la Guin\u00e9e Bissau a rendu son dernier souffle \u00e0 Dakar ce mercredi, des suites d\u2019une maladie.<\/strong><\/p>\n<div id=\"printable\" class=\"text_body\">\n<p>Le juge conseiller Mamadu Saido Bald\u00e9 occupait les fonctions de pr\u00e9sident de la Cour supr\u00eame et de pr\u00e9sident du Conseil sup\u00e9rieur de la magistrature de la Guin\u00e9e-Bissau. Malheureusement, il a rendu son dernier soupire \u00e0 Dakar, ce mercredi. Le magistrat avait \u00e9t\u00e9 \u00e9lu le mardi 18 mai 2021 \u00e0 la t\u00eate de l'institution judiciaire. Le Pr\u00e9sident Bissau guin\u00e9enne, Umaro Sissoko Embalo, lui a rendu un vibrant hommage.<\/p>\n<p><em>\u00abL'illustre disparu juge Conseiller Mamadu Saido Bald\u00e9 laisse grav\u00e9 dans la m\u00e9moire des guin\u00e9ens un parcours distinct de juriste et fonctionnaire, serviteur de l'\u00c9tat de Guin\u00e9e-Bissau<\/em>\u00bb, a-t-il t\u00e9moign\u00e9 sur ses plateformes num\u00e9riques.<\/p>\n<div class=\"adcanevas\"><\/div>\n<\/div>\n<div class='share-to-whatsapp-wrapper'><div class='share-on-whsp'>PARTAGER SUR : <\/div><a data-text='D\u00e9c\u00e8s du pr\u00e9sident de la Cour supr\u00eame Bissau guin\u00e9enne, \u00e0 Dakar' data-link='https:\/\/www.nettali.com\/2021\/08\/12\/deces-du-president-de-la-cour-supreme-bissau-guineenne-a-dakar\/' class='whatsapp-button whatsapp-share'>WhatsApp<\/a><div class='clear '><\/div><\/div>","protected":false},"excerpt":{"rendered":"<p>NETTALI.COM - Le pr\u00e9sident de la Cour supr\u00eame de la Guin\u00e9e Bissau a rendu son dernier souffle \u00e0 Dakar ce mercredi, des suites d\u2019une maladie. Le juge conseiller Mamadu Saido Bald\u00e9 occupait les fonctions de pr\u00e9sident de la Cour supr\u00eame et de pr\u00e9sident du Conseil sup\u00e9rieur de la magistrature de la Guin\u00e9e-Bissau. Malheureusement, il a [&hellip;]<\/p>\n","protected":false},"author":4,"featured_media":69690,"comment_status":"open","ping_status":"open","sticky":false,"template":"","format":"standard","meta":{"_et_pb_use_builder":"","_et_pb_old_content":""},"categories":[3],"tags":[],"yoast_head":"<!-- This site is optimized with the Yoast SEO Premium plugin v17.8 (Yoast SEO v17.8) - https:\/\/yoast.com\/wordpress\/plugins\/seo\/ -->\n<title>D\u00e9c\u00e8s du pr\u00e9sident de la Cour supr\u00eame Bissau guin\u00e9enne, \u00e0 Dakar | Nettali.com<\/title>\n<meta name=\"robots\" content=\"index, follow, max-snippet:-1, max-image-preview:large, max-video-preview:-1\" \/>\n<link rel=\"canonical\" href=\"https:\/\/www.nettali.com\/2021\/08\/12\/deces-du-president-de-la-cour-supreme-bissau-guineenne-a-dakar\/\" \/>\n<meta property=\"og:locale\" content=\"fr_FR\" \/>\n<meta property=\"og:type\" content=\"article\" \/>\n<meta property=\"og:title\" content=\"D\u00e9c\u00e8s du pr\u00e9sident de la Cour supr\u00eame Bissau guin\u00e9enne, \u00e0 Dakar\" \/>\n<meta property=\"og:description\" content=\"NETTALI.COM - Le pr\u00e9sident de la Cour supr\u00eame de la Guin\u00e9e Bissau a rendu son dernier souffle \u00e0 Dakar ce mercredi, des suites d\u2019une maladie. Le juge conseiller Mamadu Saido Bald\u00e9 occupait les fonctions de pr\u00e9sident de la Cour supr\u00eame et de pr\u00e9sident du Conseil sup\u00e9rieur de la magistrature de la Guin\u00e9e-Bissau. Malheureusement, il a [&hellip;]\" \/>\n<meta property=\"og:url\" content=\"https:\/\/www.nettali.com\/2021\/08\/12\/deces-du-president-de-la-cour-supreme-bissau-guineenne-a-dakar\/\" \/>\n<meta property=\"og:site_name\" content=\"Nettali.com\" \/>\n<meta property=\"article:publisher\" content=\"https:\/\/www.facebook.com\/nettalicom\" \/>\n<meta property=\"article:published_time\" content=\"2021-08-12T10:47:55+00:00\" \/>\n<meta property=\"og:image\" content=\"https:\/\/www.nettali.com\/wp-content\/uploads\/2021\/08\/Deces.png\" \/>\n\t<meta property=\"og:image:width\" content=\"1024\" \/>\n\t<meta property=\"og:image:height\" content=\"688\" \/>\n<meta name=\"twitter:card\" content=\"summary_large_image\" \/>\n<meta name=\"twitter:label1\" content=\"\u00c9crit par\" \/>\n\t<meta name=\"twitter:data1\" content=\"Daouda\" \/>\n\t<meta name=\"twitter:label2\" content=\"Dur\u00e9e de lecture estim\u00e9e\" \/>\n\t<meta name=\"twitter:data2\" content=\"1 minute\" \/>\n<script type=\"application\/ld+json\" class=\"yoast-schema-graph\">{\"@context\":\"https:\/\/schema.org\",\"@graph\":[{\"@type\":\"WebSite\",\"@id\":\"https:\/\/www.nettali.com\/#website\",\"url\":\"https:\/\/www.nettali.com\/\",\"name\":\"Nettali.com\",\"description\":\"Le rendez-vous critique du Net\",\"potentialAction\":[{\"@type\":\"SearchAction\",\"target\":{\"@type\":\"EntryPoint\",\"urlTemplate\":\"https:\/\/www.nettali.com\/?s={search_term_string}\"},\"query-input\":\"required name=search_term_string\"}],\"inLanguage\":\"fr-FR\"},{\"@type\":\"ImageObject\",\"@id\":\"https:\/\/www.nettali.com\/2021\/08\/12\/deces-du-president-de-la-cour-supreme-bissau-guineenne-a-dakar\/#primaryimage\",\"inLanguage\":\"fr-FR\",\"url\":\"https:\/\/www.nettali.com\/wp-content\/uploads\/2021\/08\/Deces.png\",\"contentUrl\":\"https:\/\/www.nettali.com\/wp-content\/uploads\/2021\/08\/Deces.png\",\"width\":1024,\"height\":688},{\"@type\":\"WebPage\",\"@id\":\"https:\/\/www.nettali.com\/2021\/08\/12\/deces-du-president-de-la-cour-supreme-bissau-guineenne-a-dakar\/#webpage\",\"url\":\"https:\/\/www.nettali.com\/2021\/08\/12\/deces-du-president-de-la-cour-supreme-bissau-guineenne-a-dakar\/\",\"name\":\"D\\u00e9c\\u00e8s du pr\\u00e9sident de la Cour supr\\u00eame Bissau guin\\u00e9enne, \\u00e0 Dakar | Nettali.com\",\"isPartOf\":{\"@id\":\"https:\/\/www.nettali.com\/#website\"},\"primaryImageOfPage\":{\"@id\":\"https:\/\/www.nettali.com\/2021\/08\/12\/deces-du-president-de-la-cour-supreme-bissau-guineenne-a-dakar\/#primaryimage\"},\"datePublished\":\"2021-08-12T10:47:55+00:00\",\"dateModified\":\"2021-08-12T10:47:55+00:00\",\"author\":{\"@id\":\"https:\/\/www.nettali.com\/#\/schema\/person\/3317e0bb3aa1da309fbf7b2780901bf4\"},\"breadcrumb\":{\"@id\":\"https:\/\/www.nettali.com\/2021\/08\/12\/deces-du-president-de-la-cour-supreme-bissau-guineenne-a-dakar\/#breadcrumb\"},\"inLanguage\":\"fr-FR\",\"potentialAction\":[{\"@type\":\"ReadAction\",\"target\":[\"https:\/\/www.nettali.com\/2021\/08\/12\/deces-du-president-de-la-cour-supreme-bissau-guineenne-a-dakar\/\"]}]},{\"@type\":\"BreadcrumbList\",\"@id\":\"https:\/\/www.nettali.com\/2021\/08\/12\/deces-du-president-de-la-cour-supreme-bissau-guineenne-a-dakar\/#breadcrumb\",\"itemListElement\":[{\"@type\":\"ListItem\",\"position\":1,\"name\":\"Accueil\",\"item\":\"https:\/\/www.nettali.com\/\"},{\"@type\":\"ListItem\",\"position\":2,\"name\":\"D\\u00e9c\\u00e8s du pr\\u00e9sident de la Cour supr\\u00eame Bissau guin\\u00e9enne, \\u00e0 Dakar\"}]},{\"@type\":\"Person\",\"@id\":\"https:\/\/www.nettali.com\/#\/schema\/person\/3317e0bb3aa1da309fbf7b2780901bf4\",\"name\":\"Daouda\",\"image\":{\"@type\":\"ImageObject\",\"@id\":\"https:\/\/www.nettali.com\/#personlogo\",\"inLanguage\":\"fr-FR\",\"url\":\"https:\/\/secure.gravatar.com\/avatar\/8d143b5a49345098ddcfee1c49c2f47c?s=96&d=mm&r=g\",\"contentUrl\":\"https:\/\/secure.gravatar.com\/avatar\/8d143b5a49345098ddcfee1c49c2f47c?s=96&d=mm&r=g\",\"caption\":\"Daouda\"},\"sameAs\":[\"https:\/\/www.nettali.com\"]}]}<\/script>\n<!-- \/ Yoast SEO Premium plugin. -->","yoast_head_json":{"title":"D\u00e9c\u00e8s du pr\u00e9sident de la Cour supr\u00eame Bissau guin\u00e9enne, \u00e0 Dakar | Nettali.com","robots":{"index":"index","follow":"follow","max-snippet":"max-snippet:-1","max-image-preview":"max-image-preview:large","max-video-preview":"max-video-preview:-1"},"canonical":"https:\/\/www.nettali.com\/2021\/08\/12\/deces-du-president-de-la-cour-supreme-bissau-guineenne-a-dakar\/","og_locale":"fr_FR","og_type":"article","og_title":"D\u00e9c\u00e8s du pr\u00e9sident de la Cour supr\u00eame Bissau guin\u00e9enne, \u00e0 Dakar","og_description":"NETTALI.COM - Le pr\u00e9sident de la Cour supr\u00eame de la Guin\u00e9e Bissau a rendu son dernier souffle \u00e0 Dakar ce mercredi, des suites d\u2019une maladie. Le juge conseiller Mamadu Saido Bald\u00e9 occupait les fonctions de pr\u00e9sident de la Cour supr\u00eame et de pr\u00e9sident du Conseil sup\u00e9rieur de la magistrature de la Guin\u00e9e-Bissau. Malheureusement, il a [&hellip;]","og_url":"https:\/\/www.nettali.com\/2021\/08\/12\/deces-du-president-de-la-cour-supreme-bissau-guineenne-a-dakar\/","og_site_name":"Nettali.com","article_publisher":"https:\/\/www.facebook.com\/nettalicom","article_published_time":"2021-08-12T10:47:55+00:00","og_image":[{"width":1024,"height":688,"url":"https:\/\/www.nettali.com\/wp-content\/uploads\/2021\/08\/Deces.png","type":"image\/png"}],"twitter_card":"summary_large_image","twitter_misc":{"\u00c9crit par":"Daouda","Dur\u00e9e de lecture estim\u00e9e":"1 minute"},"schema":{"@context":"https:\/\/schema.org","@graph":[{"@type":"WebSite","@id":"https:\/\/www.nettali.com\/#website","url":"https:\/\/www.nettali.com\/","name":"Nettali.com","description":"Le rendez-vous critique du Net","potentialAction":[{"@type":"SearchAction","target":{"@type":"EntryPoint","urlTemplate":"https:\/\/www.nettali.com\/?s={search_term_string}"},"query-input":"required name=search_term_string"}],"inLanguage":"fr-FR"},{"@type":"ImageObject","@id":"https:\/\/www.nettali.com\/2021\/08\/12\/deces-du-president-de-la-cour-supreme-bissau-guineenne-a-dakar\/#primaryimage","inLanguage":"fr-FR","url":"https:\/\/www.nettali.com\/wp-content\/uploads\/2021\/08\/Deces.png","contentUrl":"https:\/\/www.nettali.com\/wp-content\/uploads\/2021\/08\/Deces.png","width":1024,"height":688},{"@type":"WebPage","@id":"https:\/\/www.nettali.com\/2021\/08\/12\/deces-du-president-de-la-cour-supreme-bissau-guineenne-a-dakar\/#webpage","url":"https:\/\/www.nettali.com\/2021\/08\/12\/deces-du-president-de-la-cour-supreme-bissau-guineenne-a-dakar\/","name":"D\u00e9c\u00e8s du pr\u00e9sident de la Cour supr\u00eame Bissau guin\u00e9enne, \u00e0 Dakar | Nettali.com","isPartOf":{"@id":"https:\/\/www.nettali.com\/#website"},"primaryImageOfPage":{"@id":"https:\/\/www.nettali.com\/2021\/08\/12\/deces-du-president-de-la-cour-supreme-bissau-guineenne-a-dakar\/#primaryimage"},"datePublished":"2021-08-12T10:47:55+00:00","dateModified":"2021-08-12T10:47:55+00:00","author":{"@id":"https:\/\/www.nettali.com\/#\/schema\/person\/3317e0bb3aa1da309fbf7b2780901bf4"},"breadcrumb":{"@id":"https:\/\/www.nettali.com\/2021\/08\/12\/deces-du-president-de-la-cour-supreme-bissau-guineenne-a-dakar\/#breadcrumb"},"inLanguage":"fr-FR","potentialAction":[{"@type":"ReadAction","target":["https:\/\/www.nettali.com\/2021\/08\/12\/deces-du-president-de-la-cour-supreme-bissau-guineenne-a-dakar\/"]}]},{"@type":"BreadcrumbList","@id":"https:\/\/www.nettali.com\/2021\/08\/12\/deces-du-president-de-la-cour-supreme-bissau-guineenne-a-dakar\/#breadcrumb","itemListElement":[{"@type":"ListItem","position":1,"name":"Accueil","item":"https:\/\/www.nettali.com\/"},{"@type":"ListItem","position":2,"name":"D\u00e9c\u00e8s du pr\u00e9sident de la Cour supr\u00eame Bissau guin\u00e9enne, \u00e0 Dakar"}]},{"@type":"Person","@id":"https:\/\/www.nettali.com\/#\/schema\/person\/3317e0bb3aa1da309fbf7b2780901bf4","name":"Daouda","image":{"@type":"ImageObject","@id":"https:\/\/www.nettali.com\/#personlogo","inLanguage":"fr-FR","url":"https:\/\/secure.gravatar.com\/avatar\/8d143b5a49345098ddcfee1c49c2f47c?s=96&d=mm&r=g","contentUrl":"https:\/\/secure.gravatar.com\/avatar\/8d143b5a49345098ddcfee1c49c2f47c?s=96&d=mm&r=g","caption":"Daouda"},"sameAs":["https:\/\/www.nettali.com"]}]}},"_links":{"self":[{"href":"https:\/\/www.nettali.com\/rest\/wp\/v2\/posts\/69688"}],"collection":[{"href":"https:\/\/www.nettali.com\/rest\/wp\/v2\/posts"}],"about":[{"href":"https:\/\/www.nettali.com\/rest\/wp\/v2\/types\/post"}],"author":[{"embeddable":true,"href":"https:\/\/www.nettali.com\/rest\/wp\/v2\/users\/4"}],"replies":[{"embeddable":true,"href":"https:\/\/www.nettali.com\/rest\/wp\/v2\/comments?post=69688"}],"version-history":[{"count":1,"href":"https:\/\/www.nettali.com\/rest\/wp\/v2\/posts\/69688\/revisions"}],"predecessor-version":[{"id":69691,"href":"https:\/\/www.nettali.com\/rest\/wp\/v2\/posts\/69688\/revisions\/69691"}],"wp:featuredmedia":[{"embeddable":true,"href":"https:\/\/www.nettali.com\/rest\/wp\/v2\/media\/69690"}],"wp:attachment":[{"href":"https:\/\/www.nettali.com\/rest\/wp\/v2\/media?parent=69688"}],"wp:term":[{"taxonomy":"category","embeddable":true,"href":"https:\/\/www.nettali.com\/rest\/wp\/v2\/categories?post=69688"},{"taxonomy":"post_tag","embeddable":true,"href":"https:\/\/www.nettali.com\/rest\/wp\/v2\/tags?post=69688"}],"curies":[{"name":"wp","href":"https:\/\/api.w.org\/{rel}","templated":true}]}}