{"id":69668,"date":"2021-08-12T09:35:50","date_gmt":"2021-08-12T09:35:50","guid":{"rendered":"https:\/\/www.nettali.com\/?p=69668"},"modified":"2021-08-12T15:35:23","modified_gmt":"2021-08-12T15:35:23","slug":"cbv-le-vigile-de-waly-seck-encourt-une-peine-ferme","status":"publish","type":"post","link":"https:\/\/www.nettali.com\/2021\/08\/12\/cbv-le-vigile-de-waly-seck-encourt-une-peine-ferme\/","title":{"rendered":"CBV- Le vigile de Waly Seck risque une peine ferme"},"content":{"rendered":"<p><b>NETTALI.COM - Encore un proche de Waly Seck pris dans les mailles de la justice. Apres ses danseurs Ameth Thiou et Eumeudy Badiane, \u00e9largis r\u00e9cemment de prison pour acte contre-nature, c\u2019est le vigile du chanteur qui s'est retrouv\u00e9 entre les liens de la d\u00e9tention. Saliou Diallo alias Baye Zale qui risque une peine de 15 jours ferme pour coups et blessures volontaires ayant entra\u00een\u00e9 une incapacit\u00e9 temporaire de travail de 10 jours.<\/b><\/p>\n<p>Apres Ameth Thiou et Eumaty Badiane, un autre proche de Waly Seck s'est retrouv\u00e9 en prison. Il s'agit de son vigile Saliou Diallo alias Baye Zale arr\u00eat\u00e9 et plac\u00e9 sous mandat de d\u00e9p\u00f4t pour\u00a0 coups et blessures volontaires. Il a s\u00e9v\u00e8rement molest\u00e9 Mayoro Faye dont le seul tort est de s\u2019\u00eatre tenu devant le domicile du chanteur Waly Ballago Seck.<\/p>\n<p>Selon la victime, le jour des faits, il \u00e9tait envoy\u00e9 par sa s\u0153ur \u00e0 quelques encablures de la maison de Waly. Alors qu\u2019il parlait au t\u00e9l\u00e9phone en se tenant juste en face du domicile du chanteur, il a \u00e9t\u00e9 somm\u00e9 par le gardien de quitter les lieux. Lorsqu'il s'est d\u00e9plac\u00e9, le vigile lui intime l\u2019ordre de d\u00e9guerpir des lieux. C'est l\u00e0\u00a0 que les choses se sont cors\u00e9es pour lui. Car, selon ses d\u00e9clarations tenues hier \u00e0 la barre du tribunal d\u2019instance de Dakar, le chauffeur du chanteur est venu pr\u00eater main forte au vigile qui l\u2019a violent\u00e9 avec une matraque. Il a d\u00fb son salut\u00a0\u00e0 des ouvriers qui \u00e9taient dans un b\u00e2timent en construction.<\/p>\n<p>En revanche, outre ses blessures qui lui ont occasionn\u00e9 une ITT de 10 jours, il a perdu les 150 mille francs CFA qu\u2019il d\u00e9tenait et son t\u00e9l\u00e9phone a \u00e9t\u00e9 aussi cass\u00e9 par ses bourreaux.<\/p>\n<p>Le vigile a tout ni\u00e9 renseigne-t-on, pr\u00e9textant qu\u2019il ne faisait qu\u2019ex\u00e9cuter les ordres de son employeur. \u00ab <em>Apr\u00e8s lui avoir demand\u00e9 de se mettre de l'autre c\u00f4t\u00e9 pour t\u00e9l\u00e9phoner, il a refus\u00e9 de se d\u00e9placer des lieux. \u00c0 mon tour, je l'ai \u00e9conduit avant qu'il ne m'injurie. C'est des ordres qu'on a re\u00e7us dans la maison de Wally Seck et c'est ce que je lui ai dit. Puisque lorsqu'il sort, on a m\u00eame des probl\u00e8mes pour assurer sa s\u00e9curit\u00e9<\/em> \u00bb, fulmine-t-il. Niant en bloc les all\u00e9gations de la partie civile, il rench\u00e9rit : \u00ab<em> je ne l'ai pas matraqu\u00e9 puisque je n'avais pas de matraque avec moi. Il s\u2019est bagarr\u00e9 avec le chauffeur de Wally, Mouhamed. Je ne faisais que les s\u00e9parer. Et depuis ce probl\u00e8me, Mouhamed ne travaille plus l\u00e0-bas puisqu'il a \u00e9t\u00e9 renvoy\u00e9<\/em> \u00bb.<\/p>\n<p>Mais, les r\u00e9sultats de la perquisition des gendarmes de la brigade de la Foire attestent le contraire de ses d\u00e9clarations. En effet, les pandores ont retrouv\u00e9 dans le poste de garde, la matraque. En plus de cette d\u00e9couverte qui corrobore les dires du plaignant, les gendarmes d\u00e9couvrent qu\u2019il est un coutumier des faits selon les t\u00e9moignages des voisins.<\/p>\n<p>Entendu \u00e0 titre de t\u00e9moin, Cheikh Tidiane Dia pr\u00e9cise : \u00ab <em>je n'ai jamais vu des d\u00e9charges \u00e9lectriques qui lui ont \u00e9t\u00e9 inflig\u00e9es par le vigile. Mais, il avait par-devers lui une matraque. Je ne l\u2019ai pas vu l\u2019utiliser<\/em> \u00bb.<\/p>\n<p>A la suite de la partie civile qui a r\u00e9clam\u00e9 la somme de 500 mille francs CFA pour d\u00e9dommagement, le repr\u00e9sentant du minist\u00e8re public a requis 15 jours d\u2019emprisonnement ferme contre le vigile.<\/p>\n<p>Les avocats de la d\u00e9fense ont sollicit\u00e9 une application bienveillante de la loi d\u2019autant plus que leur client s\u2019est amend\u00e9.<\/p>\n<p>Le jugement sera rendu le 13 ao\u00fbt prochain.<\/p>\n<div class='share-to-whatsapp-wrapper'><div class='share-on-whsp'>PARTAGER SUR : <\/div><a data-text='CBV- Le vigile de Waly Seck risque une peine ferme' data-link='https:\/\/www.nettali.com\/2021\/08\/12\/cbv-le-vigile-de-waly-seck-encourt-une-peine-ferme\/' class='whatsapp-button whatsapp-share'>WhatsApp<\/a><div class='clear '><\/div><\/div>","protected":false},"excerpt":{"rendered":"<p>NETTALI.COM - Encore un proche de Waly Seck pris dans les mailles de la justice. Apres ses danseurs Ameth Thiou et Eumeudy Badiane, \u00e9largis r\u00e9cemment de prison pour acte contre-nature, c\u2019est le vigile du chanteur qui s'est retrouv\u00e9 entre les liens de la d\u00e9tention. Saliou Diallo alias Baye Zale qui risque une peine de 15 [&hellip;]<\/p>\n","protected":false},"author":6,"featured_media":67761,"comment_status":"open","ping_status":"open","sticky":false,"template":"","format":"standard","meta":{"_et_pb_use_builder":"","_et_pb_old_content":""},"categories":[3],"tags":[],"yoast_head":"<!-- This site is optimized with the Yoast SEO Premium plugin v17.8 (Yoast SEO v17.8) - https:\/\/yoast.com\/wordpress\/plugins\/seo\/ -->\n<title>CBV- Le vigile de Waly Seck risque une peine ferme | Nettali.com<\/title>\n<meta name=\"robots\" content=\"index, follow, max-snippet:-1, max-image-preview:large, max-video-preview:-1\" \/>\n<link rel=\"canonical\" href=\"https:\/\/www.nettali.com\/2021\/08\/12\/cbv-le-vigile-de-waly-seck-encourt-une-peine-ferme\/\" \/>\n<meta property=\"og:locale\" content=\"fr_FR\" \/>\n<meta property=\"og:type\" content=\"article\" \/>\n<meta property=\"og:title\" content=\"CBV- Le vigile de Waly Seck risque une peine ferme\" \/>\n<meta property=\"og:description\" content=\"NETTALI.COM - Encore un proche de Waly Seck pris dans les mailles de la justice. Apres ses danseurs Ameth Thiou et Eumeudy Badiane, \u00e9largis r\u00e9cemment de prison pour acte contre-nature, c\u2019est le vigile du chanteur qui s&#039;est retrouv\u00e9 entre les liens de la d\u00e9tention. Saliou Diallo alias Baye Zale qui risque une peine de 15 [&hellip;]\" \/>\n<meta property=\"og:url\" content=\"https:\/\/www.nettali.com\/2021\/08\/12\/cbv-le-vigile-de-waly-seck-encourt-une-peine-ferme\/\" \/>\n<meta property=\"og:site_name\" content=\"Nettali.com\" \/>\n<meta property=\"article:publisher\" content=\"https:\/\/www.facebook.com\/nettalicom\" \/>\n<meta property=\"article:published_time\" content=\"2021-08-12T09:35:50+00:00\" \/>\n<meta property=\"article:modified_time\" content=\"2021-08-12T15:35:23+00:00\" \/>\n<meta property=\"og:image\" content=\"https:\/\/www.nettali.com\/wp-content\/uploads\/2021\/07\/wally-seck-ok.jpg\" \/>\n\t<meta property=\"og:image:width\" content=\"1200\" \/>\n\t<meta property=\"og:image:height\" content=\"675\" \/>\n<meta name=\"twitter:card\" content=\"summary_large_image\" \/>\n<meta name=\"twitter:label1\" content=\"\u00c9crit par\" \/>\n\t<meta name=\"twitter:data1\" content=\"Fatou\" \/>\n\t<meta name=\"twitter:label2\" content=\"Dur\u00e9e de lecture estim\u00e9e\" \/>\n\t<meta name=\"twitter:data2\" content=\"3 minutes\" \/>\n<script type=\"application\/ld+json\" class=\"yoast-schema-graph\">{\"@context\":\"https:\/\/schema.org\",\"@graph\":[{\"@type\":\"WebSite\",\"@id\":\"https:\/\/www.nettali.com\/#website\",\"url\":\"https:\/\/www.nettali.com\/\",\"name\":\"Nettali.com\",\"description\":\"Le rendez-vous critique du Net\",\"potentialAction\":[{\"@type\":\"SearchAction\",\"target\":{\"@type\":\"EntryPoint\",\"urlTemplate\":\"https:\/\/www.nettali.com\/?s={search_term_string}\"},\"query-input\":\"required name=search_term_string\"}],\"inLanguage\":\"fr-FR\"},{\"@type\":\"ImageObject\",\"@id\":\"https:\/\/www.nettali.com\/2021\/08\/12\/cbv-le-vigile-de-waly-seck-encourt-une-peine-ferme\/#primaryimage\",\"inLanguage\":\"fr-FR\",\"url\":\"https:\/\/www.nettali.com\/wp-content\/uploads\/2021\/07\/wally-seck-ok.jpg\",\"contentUrl\":\"https:\/\/www.nettali.com\/wp-content\/uploads\/2021\/07\/wally-seck-ok.jpg\",\"width\":1200,\"height\":675},{\"@type\":\"WebPage\",\"@id\":\"https:\/\/www.nettali.com\/2021\/08\/12\/cbv-le-vigile-de-waly-seck-encourt-une-peine-ferme\/#webpage\",\"url\":\"https:\/\/www.nettali.com\/2021\/08\/12\/cbv-le-vigile-de-waly-seck-encourt-une-peine-ferme\/\",\"name\":\"CBV- Le vigile de Waly Seck risque une peine ferme | Nettali.com\",\"isPartOf\":{\"@id\":\"https:\/\/www.nettali.com\/#website\"},\"primaryImageOfPage\":{\"@id\":\"https:\/\/www.nettali.com\/2021\/08\/12\/cbv-le-vigile-de-waly-seck-encourt-une-peine-ferme\/#primaryimage\"},\"datePublished\":\"2021-08-12T09:35:50+00:00\",\"dateModified\":\"2021-08-12T15:35:23+00:00\",\"author\":{\"@id\":\"https:\/\/www.nettali.com\/#\/schema\/person\/418274a86bdf87caff7a3ef476bd0bbf\"},\"breadcrumb\":{\"@id\":\"https:\/\/www.nettali.com\/2021\/08\/12\/cbv-le-vigile-de-waly-seck-encourt-une-peine-ferme\/#breadcrumb\"},\"inLanguage\":\"fr-FR\",\"potentialAction\":[{\"@type\":\"ReadAction\",\"target\":[\"https:\/\/www.nettali.com\/2021\/08\/12\/cbv-le-vigile-de-waly-seck-encourt-une-peine-ferme\/\"]}]},{\"@type\":\"BreadcrumbList\",\"@id\":\"https:\/\/www.nettali.com\/2021\/08\/12\/cbv-le-vigile-de-waly-seck-encourt-une-peine-ferme\/#breadcrumb\",\"itemListElement\":[{\"@type\":\"ListItem\",\"position\":1,\"name\":\"Accueil\",\"item\":\"https:\/\/www.nettali.com\/\"},{\"@type\":\"ListItem\",\"position\":2,\"name\":\"CBV- Le vigile de Waly Seck risque une peine ferme\"}]},{\"@type\":\"Person\",\"@id\":\"https:\/\/www.nettali.com\/#\/schema\/person\/418274a86bdf87caff7a3ef476bd0bbf\",\"name\":\"Fatou\",\"image\":{\"@type\":\"ImageObject\",\"@id\":\"https:\/\/www.nettali.com\/#personlogo\",\"inLanguage\":\"fr-FR\",\"url\":\"https:\/\/secure.gravatar.com\/avatar\/5a9442a2bee7b4dcf167cab035858e9a?s=96&d=mm&r=g\",\"contentUrl\":\"https:\/\/secure.gravatar.com\/avatar\/5a9442a2bee7b4dcf167cab035858e9a?s=96&d=mm&r=g\",\"caption\":\"Fatou\"},\"sameAs\":[\"https:\/\/www.nettali.com\"]}]}<\/script>\n<!-- \/ Yoast SEO Premium plugin. -->","yoast_head_json":{"title":"CBV- Le vigile de Waly Seck risque une peine ferme | Nettali.com","robots":{"index":"index","follow":"follow","max-snippet":"max-snippet:-1","max-image-preview":"max-image-preview:large","max-video-preview":"max-video-preview:-1"},"canonical":"https:\/\/www.nettali.com\/2021\/08\/12\/cbv-le-vigile-de-waly-seck-encourt-une-peine-ferme\/","og_locale":"fr_FR","og_type":"article","og_title":"CBV- Le vigile de Waly Seck risque une peine ferme","og_description":"NETTALI.COM - Encore un proche de Waly Seck pris dans les mailles de la justice. Apres ses danseurs Ameth Thiou et Eumeudy Badiane, \u00e9largis r\u00e9cemment de prison pour acte contre-nature, c\u2019est le vigile du chanteur qui s'est retrouv\u00e9 entre les liens de la d\u00e9tention. Saliou Diallo alias Baye Zale qui risque une peine de 15 [&hellip;]","og_url":"https:\/\/www.nettali.com\/2021\/08\/12\/cbv-le-vigile-de-waly-seck-encourt-une-peine-ferme\/","og_site_name":"Nettali.com","article_publisher":"https:\/\/www.facebook.com\/nettalicom","article_published_time":"2021-08-12T09:35:50+00:00","article_modified_time":"2021-08-12T15:35:23+00:00","og_image":[{"width":1200,"height":675,"url":"https:\/\/www.nettali.com\/wp-content\/uploads\/2021\/07\/wally-seck-ok.jpg","type":"image\/jpeg"}],"twitter_card":"summary_large_image","twitter_misc":{"\u00c9crit par":"Fatou","Dur\u00e9e de lecture estim\u00e9e":"3 minutes"},"schema":{"@context":"https:\/\/schema.org","@graph":[{"@type":"WebSite","@id":"https:\/\/www.nettali.com\/#website","url":"https:\/\/www.nettali.com\/","name":"Nettali.com","description":"Le rendez-vous critique du Net","potentialAction":[{"@type":"SearchAction","target":{"@type":"EntryPoint","urlTemplate":"https:\/\/www.nettali.com\/?s={search_term_string}"},"query-input":"required name=search_term_string"}],"inLanguage":"fr-FR"},{"@type":"ImageObject","@id":"https:\/\/www.nettali.com\/2021\/08\/12\/cbv-le-vigile-de-waly-seck-encourt-une-peine-ferme\/#primaryimage","inLanguage":"fr-FR","url":"https:\/\/www.nettali.com\/wp-content\/uploads\/2021\/07\/wally-seck-ok.jpg","contentUrl":"https:\/\/www.nettali.com\/wp-content\/uploads\/2021\/07\/wally-seck-ok.jpg","width":1200,"height":675},{"@type":"WebPage","@id":"https:\/\/www.nettali.com\/2021\/08\/12\/cbv-le-vigile-de-waly-seck-encourt-une-peine-ferme\/#webpage","url":"https:\/\/www.nettali.com\/2021\/08\/12\/cbv-le-vigile-de-waly-seck-encourt-une-peine-ferme\/","name":"CBV- Le vigile de Waly Seck risque une peine ferme | Nettali.com","isPartOf":{"@id":"https:\/\/www.nettali.com\/#website"},"primaryImageOfPage":{"@id":"https:\/\/www.nettali.com\/2021\/08\/12\/cbv-le-vigile-de-waly-seck-encourt-une-peine-ferme\/#primaryimage"},"datePublished":"2021-08-12T09:35:50+00:00","dateModified":"2021-08-12T15:35:23+00:00","author":{"@id":"https:\/\/www.nettali.com\/#\/schema\/person\/418274a86bdf87caff7a3ef476bd0bbf"},"breadcrumb":{"@id":"https:\/\/www.nettali.com\/2021\/08\/12\/cbv-le-vigile-de-waly-seck-encourt-une-peine-ferme\/#breadcrumb"},"inLanguage":"fr-FR","potentialAction":[{"@type":"ReadAction","target":["https:\/\/www.nettali.com\/2021\/08\/12\/cbv-le-vigile-de-waly-seck-encourt-une-peine-ferme\/"]}]},{"@type":"BreadcrumbList","@id":"https:\/\/www.nettali.com\/2021\/08\/12\/cbv-le-vigile-de-waly-seck-encourt-une-peine-ferme\/#breadcrumb","itemListElement":[{"@type":"ListItem","position":1,"name":"Accueil","item":"https:\/\/www.nettali.com\/"},{"@type":"ListItem","position":2,"name":"CBV- Le vigile de Waly Seck risque une peine ferme"}]},{"@type":"Person","@id":"https:\/\/www.nettali.com\/#\/schema\/person\/418274a86bdf87caff7a3ef476bd0bbf","name":"Fatou","image":{"@type":"ImageObject","@id":"https:\/\/www.nettali.com\/#personlogo","inLanguage":"fr-FR","url":"https:\/\/secure.gravatar.com\/avatar\/5a9442a2bee7b4dcf167cab035858e9a?s=96&d=mm&r=g","contentUrl":"https:\/\/secure.gravatar.com\/avatar\/5a9442a2bee7b4dcf167cab035858e9a?s=96&d=mm&r=g","caption":"Fatou"},"sameAs":["https:\/\/www.nettali.com"]}]}},"_links":{"self":[{"href":"https:\/\/www.nettali.com\/rest\/wp\/v2\/posts\/69668"}],"collection":[{"href":"https:\/\/www.nettali.com\/rest\/wp\/v2\/posts"}],"about":[{"href":"https:\/\/www.nettali.com\/rest\/wp\/v2\/types\/post"}],"author":[{"embeddable":true,"href":"https:\/\/www.nettali.com\/rest\/wp\/v2\/users\/6"}],"replies":[{"embeddable":true,"href":"https:\/\/www.nettali.com\/rest\/wp\/v2\/comments?post=69668"}],"version-history":[{"count":6,"href":"https:\/\/www.nettali.com\/rest\/wp\/v2\/posts\/69668\/revisions"}],"predecessor-version":[{"id":69689,"href":"https:\/\/www.nettali.com\/rest\/wp\/v2\/posts\/69668\/revisions\/69689"}],"wp:featuredmedia":[{"embeddable":true,"href":"https:\/\/www.nettali.com\/rest\/wp\/v2\/media\/67761"}],"wp:attachment":[{"href":"https:\/\/www.nettali.com\/rest\/wp\/v2\/media?parent=69668"}],"wp:term":[{"taxonomy":"category","embeddable":true,"href":"https:\/\/www.nettali.com\/rest\/wp\/v2\/categories?post=69668"},{"taxonomy":"post_tag","embeddable":true,"href":"https:\/\/www.nettali.com\/rest\/wp\/v2\/tags?post=69668"}],"curies":[{"name":"wp","href":"https:\/\/api.w.org\/{rel}","templated":true}]}}