{"id":69621,"date":"2021-08-11T10:59:39","date_gmt":"2021-08-11T10:59:39","guid":{"rendered":"https:\/\/www.nettali.com\/?p=69621"},"modified":"2021-08-11T17:42:25","modified_gmt":"2021-08-11T17:42:25","slug":"jeune-tue-a-jaxaay-finalement-arrete-le-meurtrier-presume-de-fallou-passe-aux-aveux","status":"publish","type":"post","link":"https:\/\/www.nettali.com\/2021\/08\/11\/jeune-tue-a-jaxaay-finalement-arrete-le-meurtrier-presume-de-fallou-passe-aux-aveux\/","title":{"rendered":"JEUNE TU\u00c9 A JAXAAY-\u00a0Finalement arr\u00eat\u00e9, le meurtrier pr\u00e9sum\u00e9 de Fallou passe aux aveux"},"content":{"rendered":"<p><strong>NETTALI.COM - Les enqu\u00eateurs ont finalement arr\u00eat\u00e9 le meurtrier pr\u00e9sum\u00e9 du jeune, Fallou Mbaye. Ce dernier a \u00e9t\u00e9 tu\u00e9 \u00e0 Jaaxay pour une histoire de fille.<\/strong><\/p>\n<p>Le meurtrier pr\u00e9sum\u00e9 de Fallou Mbaye, ce jeune de\u00a0 21 ans, qui avait \u00e9t\u00e9 pourchass\u00e9, puis tu\u00e9 vendredi dernier vers 23 heures \u00e0 l\u2019unit\u00e9 19 des Parcelles de Jaxaay, a \u00e9t\u00e9 finalement arr\u00eat\u00e9 en m\u00eame temps que son ami. Interrog\u00e9, il aurait reconnu les faits en soutenant qu'il s'agit d'une bagarre qui a mal tourn\u00e9.<\/p>\n<p>Pour rappel, vendredi dernier, vers 23 heures, les policiers ont \u00e9t\u00e9 inform\u00e9s qu\u2019un jeune homme, pourchass\u00e9 par un individu arm\u00e9 d\u2019un couteau, avait r\u00e9ussi \u00e0 rallier sa maison familiale sise aux Parcelles de Jaxaay. Arriv\u00e9s sur les lieux, les enqu\u00eateurs ont d\u00e9couvert, dans une chambre, le corps sans vie de Fallou Mbaye.<\/p>\n<p>Selon les premiers constats, il avait re\u00e7u plusieurs coups d'un objet pointu au niveau du ventre et du cou.<\/p>\n<p>L\u2019enqu\u00eate ouverte avait \u00e9tabli que c\u2019est suite \u00e0 une altercation avec N.F.Thiam, \u00e2g\u00e9e de 15 ans, que Fallou Mbaye a \u00e9t\u00e9 attaqu\u00e9 avec un couteau par le copain de cette derni\u00e8re en l\u2019occurrence B. Ndiaye qui \u00e9tait en compagnie de son ami arr\u00eat\u00e9 en m\u00eame temps que lui.<\/p>\n<p>A l\u2019origine de l\u2019altercation, N.F.Thiam avait \u00e9t\u00e9 plac\u00e9e en garde \u00e0 vue pour n\u00e9cessit\u00e9 d'enqu\u00eate. C\u2019est d\u2019ailleurs elle qui avait conduit les policiers chez B. Ndiaye. Mais ce dernier, parti de chez lui \u00e0 bord d\u2019un scooter, avait pris la fuite tout comme son ami.<\/p>\n<div class='share-to-whatsapp-wrapper'><div class='share-on-whsp'>PARTAGER SUR : <\/div><a data-text='JEUNE TU\u00c9 A JAXAAY-\u00a0Finalement arr\u00eat\u00e9, le meurtrier pr\u00e9sum\u00e9 de Fallou passe aux aveux' data-link='https:\/\/www.nettali.com\/2021\/08\/11\/jeune-tue-a-jaxaay-finalement-arrete-le-meurtrier-presume-de-fallou-passe-aux-aveux\/' class='whatsapp-button whatsapp-share'>WhatsApp<\/a><div class='clear '><\/div><\/div>","protected":false},"excerpt":{"rendered":"<p>NETTALI.COM - Les enqu\u00eateurs ont finalement arr\u00eat\u00e9 le meurtrier pr\u00e9sum\u00e9 du jeune, Fallou Mbaye. Ce dernier a \u00e9t\u00e9 tu\u00e9 \u00e0 Jaaxay pour une histoire de fille. Le meurtrier pr\u00e9sum\u00e9 de Fallou Mbaye, ce jeune de\u00a0 21 ans, qui avait \u00e9t\u00e9 pourchass\u00e9, puis tu\u00e9 vendredi dernier vers 23 heures \u00e0 l\u2019unit\u00e9 19 des Parcelles de Jaxaay, [&hellip;]<\/p>\n","protected":false},"author":6,"featured_media":36804,"comment_status":"open","ping_status":"open","sticky":false,"template":"","format":"standard","meta":{"_et_pb_use_builder":"","_et_pb_old_content":""},"categories":[3],"tags":[],"yoast_head":"<!-- This site is optimized with the Yoast SEO Premium plugin v17.8 (Yoast SEO v17.8) - https:\/\/yoast.com\/wordpress\/plugins\/seo\/ -->\n<title>JEUNE TU\u00c9 A JAXAAY-\u00a0Finalement arr\u00eat\u00e9, le meurtrier pr\u00e9sum\u00e9 de Fallou passe aux aveux | Nettali.com<\/title>\n<meta name=\"robots\" content=\"index, follow, max-snippet:-1, max-image-preview:large, max-video-preview:-1\" \/>\n<link rel=\"canonical\" href=\"https:\/\/www.nettali.com\/2021\/08\/11\/jeune-tue-a-jaxaay-finalement-arrete-le-meurtrier-presume-de-fallou-passe-aux-aveux\/\" \/>\n<meta property=\"og:locale\" content=\"fr_FR\" \/>\n<meta property=\"og:type\" content=\"article\" \/>\n<meta property=\"og:title\" content=\"JEUNE TU\u00c9 A JAXAAY-\u00a0Finalement arr\u00eat\u00e9, le meurtrier pr\u00e9sum\u00e9 de Fallou passe aux aveux\" \/>\n<meta property=\"og:description\" content=\"NETTALI.COM - Les enqu\u00eateurs ont finalement arr\u00eat\u00e9 le meurtrier pr\u00e9sum\u00e9 du jeune, Fallou Mbaye. Ce dernier a \u00e9t\u00e9 tu\u00e9 \u00e0 Jaaxay pour une histoire de fille. Le meurtrier pr\u00e9sum\u00e9 de Fallou Mbaye, ce jeune de\u00a0 21 ans, qui avait \u00e9t\u00e9 pourchass\u00e9, puis tu\u00e9 vendredi dernier vers 23 heures \u00e0 l\u2019unit\u00e9 19 des Parcelles de Jaxaay, [&hellip;]\" \/>\n<meta property=\"og:url\" content=\"https:\/\/www.nettali.com\/2021\/08\/11\/jeune-tue-a-jaxaay-finalement-arrete-le-meurtrier-presume-de-fallou-passe-aux-aveux\/\" \/>\n<meta property=\"og:site_name\" content=\"Nettali.com\" \/>\n<meta property=\"article:publisher\" content=\"https:\/\/www.facebook.com\/nettalicom\" \/>\n<meta property=\"article:published_time\" content=\"2021-08-11T10:59:39+00:00\" \/>\n<meta property=\"article:modified_time\" content=\"2021-08-11T17:42:25+00:00\" \/>\n<meta property=\"og:image\" content=\"https:\/\/www.nettali.com\/wp-content\/uploads\/2020\/05\/meurtre-france.jpg\" \/>\n\t<meta property=\"og:image:width\" content=\"809\" \/>\n\t<meta property=\"og:image:height\" content=\"518\" \/>\n<meta name=\"twitter:card\" content=\"summary_large_image\" \/>\n<meta name=\"twitter:label1\" content=\"\u00c9crit par\" \/>\n\t<meta name=\"twitter:data1\" content=\"Fatou\" \/>\n\t<meta name=\"twitter:label2\" content=\"Dur\u00e9e de lecture estim\u00e9e\" \/>\n\t<meta name=\"twitter:data2\" content=\"2 minutes\" \/>\n<script type=\"application\/ld+json\" class=\"yoast-schema-graph\">{\"@context\":\"https:\/\/schema.org\",\"@graph\":[{\"@type\":\"WebSite\",\"@id\":\"https:\/\/www.nettali.com\/#website\",\"url\":\"https:\/\/www.nettali.com\/\",\"name\":\"Nettali.com\",\"description\":\"Le rendez-vous critique du Net\",\"potentialAction\":[{\"@type\":\"SearchAction\",\"target\":{\"@type\":\"EntryPoint\",\"urlTemplate\":\"https:\/\/www.nettali.com\/?s={search_term_string}\"},\"query-input\":\"required name=search_term_string\"}],\"inLanguage\":\"fr-FR\"},{\"@type\":\"ImageObject\",\"@id\":\"https:\/\/www.nettali.com\/2021\/08\/11\/jeune-tue-a-jaxaay-finalement-arrete-le-meurtrier-presume-de-fallou-passe-aux-aveux\/#primaryimage\",\"inLanguage\":\"fr-FR\",\"url\":\"https:\/\/www.nettali.com\/wp-content\/uploads\/2020\/05\/meurtre-france.jpg\",\"contentUrl\":\"https:\/\/www.nettali.com\/wp-content\/uploads\/2020\/05\/meurtre-france.jpg\",\"width\":809,\"height\":518},{\"@type\":\"WebPage\",\"@id\":\"https:\/\/www.nettali.com\/2021\/08\/11\/jeune-tue-a-jaxaay-finalement-arrete-le-meurtrier-presume-de-fallou-passe-aux-aveux\/#webpage\",\"url\":\"https:\/\/www.nettali.com\/2021\/08\/11\/jeune-tue-a-jaxaay-finalement-arrete-le-meurtrier-presume-de-fallou-passe-aux-aveux\/\",\"name\":\"JEUNE TU\\u00c9 A JAXAAY-\\u00a0Finalement arr\\u00eat\\u00e9, le meurtrier pr\\u00e9sum\\u00e9 de Fallou passe aux aveux | Nettali.com\",\"isPartOf\":{\"@id\":\"https:\/\/www.nettali.com\/#website\"},\"primaryImageOfPage\":{\"@id\":\"https:\/\/www.nettali.com\/2021\/08\/11\/jeune-tue-a-jaxaay-finalement-arrete-le-meurtrier-presume-de-fallou-passe-aux-aveux\/#primaryimage\"},\"datePublished\":\"2021-08-11T10:59:39+00:00\",\"dateModified\":\"2021-08-11T17:42:25+00:00\",\"author\":{\"@id\":\"https:\/\/www.nettali.com\/#\/schema\/person\/418274a86bdf87caff7a3ef476bd0bbf\"},\"breadcrumb\":{\"@id\":\"https:\/\/www.nettali.com\/2021\/08\/11\/jeune-tue-a-jaxaay-finalement-arrete-le-meurtrier-presume-de-fallou-passe-aux-aveux\/#breadcrumb\"},\"inLanguage\":\"fr-FR\",\"potentialAction\":[{\"@type\":\"ReadAction\",\"target\":[\"https:\/\/www.nettali.com\/2021\/08\/11\/jeune-tue-a-jaxaay-finalement-arrete-le-meurtrier-presume-de-fallou-passe-aux-aveux\/\"]}]},{\"@type\":\"BreadcrumbList\",\"@id\":\"https:\/\/www.nettali.com\/2021\/08\/11\/jeune-tue-a-jaxaay-finalement-arrete-le-meurtrier-presume-de-fallou-passe-aux-aveux\/#breadcrumb\",\"itemListElement\":[{\"@type\":\"ListItem\",\"position\":1,\"name\":\"Accueil\",\"item\":\"https:\/\/www.nettali.com\/\"},{\"@type\":\"ListItem\",\"position\":2,\"name\":\"JEUNE TU\\u00c9 A JAXAAY-\\u00a0Finalement arr\\u00eat\\u00e9, le meurtrier pr\\u00e9sum\\u00e9 de Fallou passe aux aveux\"}]},{\"@type\":\"Person\",\"@id\":\"https:\/\/www.nettali.com\/#\/schema\/person\/418274a86bdf87caff7a3ef476bd0bbf\",\"name\":\"Fatou\",\"image\":{\"@type\":\"ImageObject\",\"@id\":\"https:\/\/www.nettali.com\/#personlogo\",\"inLanguage\":\"fr-FR\",\"url\":\"https:\/\/secure.gravatar.com\/avatar\/5a9442a2bee7b4dcf167cab035858e9a?s=96&d=mm&r=g\",\"contentUrl\":\"https:\/\/secure.gravatar.com\/avatar\/5a9442a2bee7b4dcf167cab035858e9a?s=96&d=mm&r=g\",\"caption\":\"Fatou\"},\"sameAs\":[\"https:\/\/www.nettali.com\"]}]}<\/script>\n<!-- \/ Yoast SEO Premium plugin. -->","yoast_head_json":{"title":"JEUNE TU\u00c9 A JAXAAY-\u00a0Finalement arr\u00eat\u00e9, le meurtrier pr\u00e9sum\u00e9 de Fallou passe aux aveux | Nettali.com","robots":{"index":"index","follow":"follow","max-snippet":"max-snippet:-1","max-image-preview":"max-image-preview:large","max-video-preview":"max-video-preview:-1"},"canonical":"https:\/\/www.nettali.com\/2021\/08\/11\/jeune-tue-a-jaxaay-finalement-arrete-le-meurtrier-presume-de-fallou-passe-aux-aveux\/","og_locale":"fr_FR","og_type":"article","og_title":"JEUNE TU\u00c9 A JAXAAY-\u00a0Finalement arr\u00eat\u00e9, le meurtrier pr\u00e9sum\u00e9 de Fallou passe aux aveux","og_description":"NETTALI.COM - Les enqu\u00eateurs ont finalement arr\u00eat\u00e9 le meurtrier pr\u00e9sum\u00e9 du jeune, Fallou Mbaye. Ce dernier a \u00e9t\u00e9 tu\u00e9 \u00e0 Jaaxay pour une histoire de fille. Le meurtrier pr\u00e9sum\u00e9 de Fallou Mbaye, ce jeune de\u00a0 21 ans, qui avait \u00e9t\u00e9 pourchass\u00e9, puis tu\u00e9 vendredi dernier vers 23 heures \u00e0 l\u2019unit\u00e9 19 des Parcelles de Jaxaay, [&hellip;]","og_url":"https:\/\/www.nettali.com\/2021\/08\/11\/jeune-tue-a-jaxaay-finalement-arrete-le-meurtrier-presume-de-fallou-passe-aux-aveux\/","og_site_name":"Nettali.com","article_publisher":"https:\/\/www.facebook.com\/nettalicom","article_published_time":"2021-08-11T10:59:39+00:00","article_modified_time":"2021-08-11T17:42:25+00:00","og_image":[{"width":809,"height":518,"url":"https:\/\/www.nettali.com\/wp-content\/uploads\/2020\/05\/meurtre-france.jpg","type":"image\/jpeg"}],"twitter_card":"summary_large_image","twitter_misc":{"\u00c9crit par":"Fatou","Dur\u00e9e de lecture estim\u00e9e":"2 minutes"},"schema":{"@context":"https:\/\/schema.org","@graph":[{"@type":"WebSite","@id":"https:\/\/www.nettali.com\/#website","url":"https:\/\/www.nettali.com\/","name":"Nettali.com","description":"Le rendez-vous critique du Net","potentialAction":[{"@type":"SearchAction","target":{"@type":"EntryPoint","urlTemplate":"https:\/\/www.nettali.com\/?s={search_term_string}"},"query-input":"required name=search_term_string"}],"inLanguage":"fr-FR"},{"@type":"ImageObject","@id":"https:\/\/www.nettali.com\/2021\/08\/11\/jeune-tue-a-jaxaay-finalement-arrete-le-meurtrier-presume-de-fallou-passe-aux-aveux\/#primaryimage","inLanguage":"fr-FR","url":"https:\/\/www.nettali.com\/wp-content\/uploads\/2020\/05\/meurtre-france.jpg","contentUrl":"https:\/\/www.nettali.com\/wp-content\/uploads\/2020\/05\/meurtre-france.jpg","width":809,"height":518},{"@type":"WebPage","@id":"https:\/\/www.nettali.com\/2021\/08\/11\/jeune-tue-a-jaxaay-finalement-arrete-le-meurtrier-presume-de-fallou-passe-aux-aveux\/#webpage","url":"https:\/\/www.nettali.com\/2021\/08\/11\/jeune-tue-a-jaxaay-finalement-arrete-le-meurtrier-presume-de-fallou-passe-aux-aveux\/","name":"JEUNE TU\u00c9 A JAXAAY-\u00a0Finalement arr\u00eat\u00e9, le meurtrier pr\u00e9sum\u00e9 de Fallou passe aux aveux | Nettali.com","isPartOf":{"@id":"https:\/\/www.nettali.com\/#website"},"primaryImageOfPage":{"@id":"https:\/\/www.nettali.com\/2021\/08\/11\/jeune-tue-a-jaxaay-finalement-arrete-le-meurtrier-presume-de-fallou-passe-aux-aveux\/#primaryimage"},"datePublished":"2021-08-11T10:59:39+00:00","dateModified":"2021-08-11T17:42:25+00:00","author":{"@id":"https:\/\/www.nettali.com\/#\/schema\/person\/418274a86bdf87caff7a3ef476bd0bbf"},"breadcrumb":{"@id":"https:\/\/www.nettali.com\/2021\/08\/11\/jeune-tue-a-jaxaay-finalement-arrete-le-meurtrier-presume-de-fallou-passe-aux-aveux\/#breadcrumb"},"inLanguage":"fr-FR","potentialAction":[{"@type":"ReadAction","target":["https:\/\/www.nettali.com\/2021\/08\/11\/jeune-tue-a-jaxaay-finalement-arrete-le-meurtrier-presume-de-fallou-passe-aux-aveux\/"]}]},{"@type":"BreadcrumbList","@id":"https:\/\/www.nettali.com\/2021\/08\/11\/jeune-tue-a-jaxaay-finalement-arrete-le-meurtrier-presume-de-fallou-passe-aux-aveux\/#breadcrumb","itemListElement":[{"@type":"ListItem","position":1,"name":"Accueil","item":"https:\/\/www.nettali.com\/"},{"@type":"ListItem","position":2,"name":"JEUNE TU\u00c9 A JAXAAY-\u00a0Finalement arr\u00eat\u00e9, le meurtrier pr\u00e9sum\u00e9 de Fallou passe aux aveux"}]},{"@type":"Person","@id":"https:\/\/www.nettali.com\/#\/schema\/person\/418274a86bdf87caff7a3ef476bd0bbf","name":"Fatou","image":{"@type":"ImageObject","@id":"https:\/\/www.nettali.com\/#personlogo","inLanguage":"fr-FR","url":"https:\/\/secure.gravatar.com\/avatar\/5a9442a2bee7b4dcf167cab035858e9a?s=96&d=mm&r=g","contentUrl":"https:\/\/secure.gravatar.com\/avatar\/5a9442a2bee7b4dcf167cab035858e9a?s=96&d=mm&r=g","caption":"Fatou"},"sameAs":["https:\/\/www.nettali.com"]}]}},"_links":{"self":[{"href":"https:\/\/www.nettali.com\/rest\/wp\/v2\/posts\/69621"}],"collection":[{"href":"https:\/\/www.nettali.com\/rest\/wp\/v2\/posts"}],"about":[{"href":"https:\/\/www.nettali.com\/rest\/wp\/v2\/types\/post"}],"author":[{"embeddable":true,"href":"https:\/\/www.nettali.com\/rest\/wp\/v2\/users\/6"}],"replies":[{"embeddable":true,"href":"https:\/\/www.nettali.com\/rest\/wp\/v2\/comments?post=69621"}],"version-history":[{"count":3,"href":"https:\/\/www.nettali.com\/rest\/wp\/v2\/posts\/69621\/revisions"}],"predecessor-version":[{"id":69629,"href":"https:\/\/www.nettali.com\/rest\/wp\/v2\/posts\/69621\/revisions\/69629"}],"wp:featuredmedia":[{"embeddable":true,"href":"https:\/\/www.nettali.com\/rest\/wp\/v2\/media\/36804"}],"wp:attachment":[{"href":"https:\/\/www.nettali.com\/rest\/wp\/v2\/media?parent=69621"}],"wp:term":[{"taxonomy":"category","embeddable":true,"href":"https:\/\/www.nettali.com\/rest\/wp\/v2\/categories?post=69621"},{"taxonomy":"post_tag","embeddable":true,"href":"https:\/\/www.nettali.com\/rest\/wp\/v2\/tags?post=69621"}],"curies":[{"name":"wp","href":"https:\/\/api.w.org\/{rel}","templated":true}]}}