{"id":69496,"date":"2021-08-09T12:43:23","date_gmt":"2021-08-09T12:43:23","guid":{"rendered":"https:\/\/www.nettali.com\/?p=69496"},"modified":"2021-08-09T12:52:12","modified_gmt":"2021-08-09T12:52:12","slug":"expropriation-sur-16614-ha-le-mouvement-citoyen-mbane-touwni-tilimneu-sur-le-pied-de-guerre","status":"publish","type":"post","link":"https:\/\/www.nettali.com\/2021\/08\/09\/expropriation-sur-16614-ha-le-mouvement-citoyen-mbane-touwni-tilimneu-sur-le-pied-de-guerre\/","title":{"rendered":"EXPROPRIATION SUR 1661,4 HA - Mbane Touwni\/Tilimneu sur le pied de guerre"},"content":{"rendered":"<p><strong>NETTALI.COM-Les populations de Mbane d\u00e9noncent une expropriation sur 1661,4 hectares de leurs terres au profit d\u2019investisseurs \u00e9trangers. Elles se sont mobilis\u00e9es pour faire face \u00e0 cet acte qu\u2019elles qualifient de forfaiture.<\/strong><\/p>\n<p>Le mouvement citoyen Mbane Touwni\/Tilimneu monte au cr\u00e9neau pour d\u00e9noncer une expropriation sur 1661,4 ha concernant la superficie\u00a0 de la commune. Un acte qu\u2019il qualifie de forfaiture et qui semble porter la marque d\u2019une complicit\u00e9 notoire du maire et des conseillers municipaux.<\/p>\n<p>Lesquels, selon le communiqu\u00e9 dudit mouvement, ont particip\u00e9 \u00e0 cet acte \u00ab <em>de haute trahison<\/em> \u00bb des populations de la commune qui sont d\u00e9poss\u00e9d\u00e9es de leurs terres, les plus fertiles et proches du lac de Guiers au profit d\u2019hommes d\u2019affaires libanais, et indiens. \u00ab <em>Cette d\u00e9cision d\u2019approuver la propri\u00e9t\u00e9 de ces terres est ill\u00e9gale, puisque cette superficie \u00e9tait d\u00e9saffect\u00e9e en 2010, par le Conseil rural pour motif de non valorisation, conform\u00e9ment au d\u00e9cret 72-1288, relatif \u00e0 l\u2019affectation et la d\u00e9saffectation des terres du domaine national<\/em> \u00bb, a indiqu\u00e9 le mouvement qui demande aux autorit\u00e9s comp\u00e9tentes de bien vouloir arr\u00eater rapidement cette proc\u00e9dure, afin de permettre aux populations de pr\u00e9server leur espace v\u00e9cu et d\u2019entreprendre des projets agricoles. Car, d\u2019apr\u00e8s le mouvement, la vente de cette superficie va entrainer le d\u00e9placement de plusieurs villages, et ceux qui y vivent dans la diversit\u00e9 en parfaite harmonie, depuis des si\u00e8cles. Elle va entrainer la perte des ressources pastorales et agricoles qui sont les seules sources de revenus des exploitations familiales.<\/p>\n<p>Il appelle sur ce toute la population de Mbane \u00e0 s\u2019organiser et se mobiliser pacifiquement pour lutter contre cette affaire dite \u00ab <em>le deal du si\u00e8cle<\/em> \u00bb facilit\u00e9e par des autorit\u00e9s qui sont engag\u00e9es, dans une logique d\u2019enrichissement illicite en dilapidant leurs ressources fonci\u00e8res. \u00ab <em>Les populations de la commune de Mbane sont devenues des \u00e9trangers, dans leur propre espace v\u00e9cu o\u00f9 \u00e9panouissent des indiens et libanais, gr\u00e2ce \u00e0 l\u2019exploitation de milliers d\u2019hectares de terres qui les procurent des milliards de b\u00e9n\u00e9fice qu\u2019ils r\u00e9investissent dans la construction de cit\u00e9s et d\u2019appartements de grand standing, dans la capitale s\u00e9n\u00e9galaise. Ainsi, pour vivre aujourd\u2019hui, dans la commune de Mbane, les populations d\u00e9poss\u00e9d\u00e9es de leurs terres, font le tri des pommes de terre pourries jet\u00e9es par la soci\u00e9t\u00e9 Senindia pour les commercialiser, le tri des r\u00e9sidus de riz de la soci\u00e9t\u00e9 VITAL, et la vente des d\u00e9jections animales \u00e0 la soci\u00e9t\u00e9 indienne, malgr\u00e9 les risques \u00e9cologiques<\/em> \u00bb, mentionne le communiqu\u00e9.<\/p>\n<div class='share-to-whatsapp-wrapper'><div class='share-on-whsp'>PARTAGER SUR : <\/div><a data-text='EXPROPRIATION SUR 1661,4 HA - Mbane Touwni\/Tilimneu sur le pied de guerre' data-link='https:\/\/www.nettali.com\/2021\/08\/09\/expropriation-sur-16614-ha-le-mouvement-citoyen-mbane-touwni-tilimneu-sur-le-pied-de-guerre\/' class='whatsapp-button whatsapp-share'>WhatsApp<\/a><div class='clear '><\/div><\/div>","protected":false},"excerpt":{"rendered":"<p>NETTALI.COM-Les populations de Mbane d\u00e9noncent une expropriation sur 1661,4 hectares de leurs terres au profit d\u2019investisseurs \u00e9trangers. Elles se sont mobilis\u00e9es pour faire face \u00e0 cet acte qu\u2019elles qualifient de forfaiture. Le mouvement citoyen Mbane Touwni\/Tilimneu monte au cr\u00e9neau pour d\u00e9noncer une expropriation sur 1661,4 ha concernant la superficie\u00a0 de la commune. Un acte qu\u2019il [&hellip;]<\/p>\n","protected":false},"author":6,"featured_media":38593,"comment_status":"open","ping_status":"open","sticky":false,"template":"","format":"standard","meta":{"_et_pb_use_builder":"","_et_pb_old_content":""},"categories":[3],"tags":[],"yoast_head":"<!-- This site is optimized with the Yoast SEO Premium plugin v17.8 (Yoast SEO v17.8) - https:\/\/yoast.com\/wordpress\/plugins\/seo\/ -->\n<title>EXPROPRIATION SUR 1661,4 HA - Mbane Touwni\/Tilimneu sur le pied de guerre | Nettali.com<\/title>\n<meta name=\"robots\" content=\"index, follow, max-snippet:-1, max-image-preview:large, max-video-preview:-1\" \/>\n<link rel=\"canonical\" href=\"https:\/\/www.nettali.com\/2021\/08\/09\/expropriation-sur-16614-ha-le-mouvement-citoyen-mbane-touwni-tilimneu-sur-le-pied-de-guerre\/\" \/>\n<meta property=\"og:locale\" content=\"fr_FR\" \/>\n<meta property=\"og:type\" content=\"article\" \/>\n<meta property=\"og:title\" content=\"EXPROPRIATION SUR 1661,4 HA - Mbane Touwni\/Tilimneu sur le pied de guerre\" \/>\n<meta property=\"og:description\" content=\"NETTALI.COM-Les populations de Mbane d\u00e9noncent une expropriation sur 1661,4 hectares de leurs terres au profit d\u2019investisseurs \u00e9trangers. Elles se sont mobilis\u00e9es pour faire face \u00e0 cet acte qu\u2019elles qualifient de forfaiture. Le mouvement citoyen Mbane Touwni\/Tilimneu monte au cr\u00e9neau pour d\u00e9noncer une expropriation sur 1661,4 ha concernant la superficie\u00a0 de la commune. Un acte qu\u2019il [&hellip;]\" \/>\n<meta property=\"og:url\" content=\"https:\/\/www.nettali.com\/2021\/08\/09\/expropriation-sur-16614-ha-le-mouvement-citoyen-mbane-touwni-tilimneu-sur-le-pied-de-guerre\/\" \/>\n<meta property=\"og:site_name\" content=\"Nettali.com\" \/>\n<meta property=\"article:publisher\" content=\"https:\/\/www.facebook.com\/nettalicom\" \/>\n<meta property=\"article:published_time\" content=\"2021-08-09T12:43:23+00:00\" \/>\n<meta property=\"article:modified_time\" content=\"2021-08-09T12:52:12+00:00\" \/>\n<meta property=\"og:image\" content=\"https:\/\/www.nettali.com\/wp-content\/uploads\/2020\/06\/foncier.jpg\" \/>\n\t<meta property=\"og:image:width\" content=\"259\" \/>\n\t<meta property=\"og:image:height\" content=\"194\" \/>\n<meta name=\"twitter:card\" content=\"summary_large_image\" \/>\n<meta name=\"twitter:label1\" content=\"\u00c9crit par\" \/>\n\t<meta name=\"twitter:data1\" content=\"Fatou\" \/>\n\t<meta name=\"twitter:label2\" content=\"Dur\u00e9e de lecture estim\u00e9e\" \/>\n\t<meta name=\"twitter:data2\" content=\"2 minutes\" \/>\n<script type=\"application\/ld+json\" class=\"yoast-schema-graph\">{\"@context\":\"https:\/\/schema.org\",\"@graph\":[{\"@type\":\"WebSite\",\"@id\":\"https:\/\/www.nettali.com\/#website\",\"url\":\"https:\/\/www.nettali.com\/\",\"name\":\"Nettali.com\",\"description\":\"Le rendez-vous critique du Net\",\"potentialAction\":[{\"@type\":\"SearchAction\",\"target\":{\"@type\":\"EntryPoint\",\"urlTemplate\":\"https:\/\/www.nettali.com\/?s={search_term_string}\"},\"query-input\":\"required name=search_term_string\"}],\"inLanguage\":\"fr-FR\"},{\"@type\":\"ImageObject\",\"@id\":\"https:\/\/www.nettali.com\/2021\/08\/09\/expropriation-sur-16614-ha-le-mouvement-citoyen-mbane-touwni-tilimneu-sur-le-pied-de-guerre\/#primaryimage\",\"inLanguage\":\"fr-FR\",\"url\":\"https:\/\/www.nettali.com\/wp-content\/uploads\/2020\/06\/foncier.jpg\",\"contentUrl\":\"https:\/\/www.nettali.com\/wp-content\/uploads\/2020\/06\/foncier.jpg\",\"width\":259,\"height\":194},{\"@type\":\"WebPage\",\"@id\":\"https:\/\/www.nettali.com\/2021\/08\/09\/expropriation-sur-16614-ha-le-mouvement-citoyen-mbane-touwni-tilimneu-sur-le-pied-de-guerre\/#webpage\",\"url\":\"https:\/\/www.nettali.com\/2021\/08\/09\/expropriation-sur-16614-ha-le-mouvement-citoyen-mbane-touwni-tilimneu-sur-le-pied-de-guerre\/\",\"name\":\"EXPROPRIATION SUR 1661,4 HA - Mbane Touwni\/Tilimneu sur le pied de guerre | Nettali.com\",\"isPartOf\":{\"@id\":\"https:\/\/www.nettali.com\/#website\"},\"primaryImageOfPage\":{\"@id\":\"https:\/\/www.nettali.com\/2021\/08\/09\/expropriation-sur-16614-ha-le-mouvement-citoyen-mbane-touwni-tilimneu-sur-le-pied-de-guerre\/#primaryimage\"},\"datePublished\":\"2021-08-09T12:43:23+00:00\",\"dateModified\":\"2021-08-09T12:52:12+00:00\",\"author\":{\"@id\":\"https:\/\/www.nettali.com\/#\/schema\/person\/418274a86bdf87caff7a3ef476bd0bbf\"},\"breadcrumb\":{\"@id\":\"https:\/\/www.nettali.com\/2021\/08\/09\/expropriation-sur-16614-ha-le-mouvement-citoyen-mbane-touwni-tilimneu-sur-le-pied-de-guerre\/#breadcrumb\"},\"inLanguage\":\"fr-FR\",\"potentialAction\":[{\"@type\":\"ReadAction\",\"target\":[\"https:\/\/www.nettali.com\/2021\/08\/09\/expropriation-sur-16614-ha-le-mouvement-citoyen-mbane-touwni-tilimneu-sur-le-pied-de-guerre\/\"]}]},{\"@type\":\"BreadcrumbList\",\"@id\":\"https:\/\/www.nettali.com\/2021\/08\/09\/expropriation-sur-16614-ha-le-mouvement-citoyen-mbane-touwni-tilimneu-sur-le-pied-de-guerre\/#breadcrumb\",\"itemListElement\":[{\"@type\":\"ListItem\",\"position\":1,\"name\":\"Accueil\",\"item\":\"https:\/\/www.nettali.com\/\"},{\"@type\":\"ListItem\",\"position\":2,\"name\":\"EXPROPRIATION SUR 1661,4 HA &#8211; Mbane Touwni\/Tilimneu sur le pied de guerre\"}]},{\"@type\":\"Person\",\"@id\":\"https:\/\/www.nettali.com\/#\/schema\/person\/418274a86bdf87caff7a3ef476bd0bbf\",\"name\":\"Fatou\",\"image\":{\"@type\":\"ImageObject\",\"@id\":\"https:\/\/www.nettali.com\/#personlogo\",\"inLanguage\":\"fr-FR\",\"url\":\"https:\/\/secure.gravatar.com\/avatar\/5a9442a2bee7b4dcf167cab035858e9a?s=96&d=mm&r=g\",\"contentUrl\":\"https:\/\/secure.gravatar.com\/avatar\/5a9442a2bee7b4dcf167cab035858e9a?s=96&d=mm&r=g\",\"caption\":\"Fatou\"},\"sameAs\":[\"https:\/\/www.nettali.com\"]}]}<\/script>\n<!-- \/ Yoast SEO Premium plugin. -->","yoast_head_json":{"title":"EXPROPRIATION SUR 1661,4 HA - Mbane Touwni\/Tilimneu sur le pied de guerre | Nettali.com","robots":{"index":"index","follow":"follow","max-snippet":"max-snippet:-1","max-image-preview":"max-image-preview:large","max-video-preview":"max-video-preview:-1"},"canonical":"https:\/\/www.nettali.com\/2021\/08\/09\/expropriation-sur-16614-ha-le-mouvement-citoyen-mbane-touwni-tilimneu-sur-le-pied-de-guerre\/","og_locale":"fr_FR","og_type":"article","og_title":"EXPROPRIATION SUR 1661,4 HA - Mbane Touwni\/Tilimneu sur le pied de guerre","og_description":"NETTALI.COM-Les populations de Mbane d\u00e9noncent une expropriation sur 1661,4 hectares de leurs terres au profit d\u2019investisseurs \u00e9trangers. Elles se sont mobilis\u00e9es pour faire face \u00e0 cet acte qu\u2019elles qualifient de forfaiture. Le mouvement citoyen Mbane Touwni\/Tilimneu monte au cr\u00e9neau pour d\u00e9noncer une expropriation sur 1661,4 ha concernant la superficie\u00a0 de la commune. Un acte qu\u2019il [&hellip;]","og_url":"https:\/\/www.nettali.com\/2021\/08\/09\/expropriation-sur-16614-ha-le-mouvement-citoyen-mbane-touwni-tilimneu-sur-le-pied-de-guerre\/","og_site_name":"Nettali.com","article_publisher":"https:\/\/www.facebook.com\/nettalicom","article_published_time":"2021-08-09T12:43:23+00:00","article_modified_time":"2021-08-09T12:52:12+00:00","og_image":[{"width":259,"height":194,"url":"https:\/\/www.nettali.com\/wp-content\/uploads\/2020\/06\/foncier.jpg","type":"image\/jpeg"}],"twitter_card":"summary_large_image","twitter_misc":{"\u00c9crit par":"Fatou","Dur\u00e9e de lecture estim\u00e9e":"2 minutes"},"schema":{"@context":"https:\/\/schema.org","@graph":[{"@type":"WebSite","@id":"https:\/\/www.nettali.com\/#website","url":"https:\/\/www.nettali.com\/","name":"Nettali.com","description":"Le rendez-vous critique du Net","potentialAction":[{"@type":"SearchAction","target":{"@type":"EntryPoint","urlTemplate":"https:\/\/www.nettali.com\/?s={search_term_string}"},"query-input":"required name=search_term_string"}],"inLanguage":"fr-FR"},{"@type":"ImageObject","@id":"https:\/\/www.nettali.com\/2021\/08\/09\/expropriation-sur-16614-ha-le-mouvement-citoyen-mbane-touwni-tilimneu-sur-le-pied-de-guerre\/#primaryimage","inLanguage":"fr-FR","url":"https:\/\/www.nettali.com\/wp-content\/uploads\/2020\/06\/foncier.jpg","contentUrl":"https:\/\/www.nettali.com\/wp-content\/uploads\/2020\/06\/foncier.jpg","width":259,"height":194},{"@type":"WebPage","@id":"https:\/\/www.nettali.com\/2021\/08\/09\/expropriation-sur-16614-ha-le-mouvement-citoyen-mbane-touwni-tilimneu-sur-le-pied-de-guerre\/#webpage","url":"https:\/\/www.nettali.com\/2021\/08\/09\/expropriation-sur-16614-ha-le-mouvement-citoyen-mbane-touwni-tilimneu-sur-le-pied-de-guerre\/","name":"EXPROPRIATION SUR 1661,4 HA - Mbane Touwni\/Tilimneu sur le pied de guerre | Nettali.com","isPartOf":{"@id":"https:\/\/www.nettali.com\/#website"},"primaryImageOfPage":{"@id":"https:\/\/www.nettali.com\/2021\/08\/09\/expropriation-sur-16614-ha-le-mouvement-citoyen-mbane-touwni-tilimneu-sur-le-pied-de-guerre\/#primaryimage"},"datePublished":"2021-08-09T12:43:23+00:00","dateModified":"2021-08-09T12:52:12+00:00","author":{"@id":"https:\/\/www.nettali.com\/#\/schema\/person\/418274a86bdf87caff7a3ef476bd0bbf"},"breadcrumb":{"@id":"https:\/\/www.nettali.com\/2021\/08\/09\/expropriation-sur-16614-ha-le-mouvement-citoyen-mbane-touwni-tilimneu-sur-le-pied-de-guerre\/#breadcrumb"},"inLanguage":"fr-FR","potentialAction":[{"@type":"ReadAction","target":["https:\/\/www.nettali.com\/2021\/08\/09\/expropriation-sur-16614-ha-le-mouvement-citoyen-mbane-touwni-tilimneu-sur-le-pied-de-guerre\/"]}]},{"@type":"BreadcrumbList","@id":"https:\/\/www.nettali.com\/2021\/08\/09\/expropriation-sur-16614-ha-le-mouvement-citoyen-mbane-touwni-tilimneu-sur-le-pied-de-guerre\/#breadcrumb","itemListElement":[{"@type":"ListItem","position":1,"name":"Accueil","item":"https:\/\/www.nettali.com\/"},{"@type":"ListItem","position":2,"name":"EXPROPRIATION SUR 1661,4 HA &#8211; Mbane Touwni\/Tilimneu sur le pied de guerre"}]},{"@type":"Person","@id":"https:\/\/www.nettali.com\/#\/schema\/person\/418274a86bdf87caff7a3ef476bd0bbf","name":"Fatou","image":{"@type":"ImageObject","@id":"https:\/\/www.nettali.com\/#personlogo","inLanguage":"fr-FR","url":"https:\/\/secure.gravatar.com\/avatar\/5a9442a2bee7b4dcf167cab035858e9a?s=96&d=mm&r=g","contentUrl":"https:\/\/secure.gravatar.com\/avatar\/5a9442a2bee7b4dcf167cab035858e9a?s=96&d=mm&r=g","caption":"Fatou"},"sameAs":["https:\/\/www.nettali.com"]}]}},"_links":{"self":[{"href":"https:\/\/www.nettali.com\/rest\/wp\/v2\/posts\/69496"}],"collection":[{"href":"https:\/\/www.nettali.com\/rest\/wp\/v2\/posts"}],"about":[{"href":"https:\/\/www.nettali.com\/rest\/wp\/v2\/types\/post"}],"author":[{"embeddable":true,"href":"https:\/\/www.nettali.com\/rest\/wp\/v2\/users\/6"}],"replies":[{"embeddable":true,"href":"https:\/\/www.nettali.com\/rest\/wp\/v2\/comments?post=69496"}],"version-history":[{"count":4,"href":"https:\/\/www.nettali.com\/rest\/wp\/v2\/posts\/69496\/revisions"}],"predecessor-version":[{"id":69505,"href":"https:\/\/www.nettali.com\/rest\/wp\/v2\/posts\/69496\/revisions\/69505"}],"wp:featuredmedia":[{"embeddable":true,"href":"https:\/\/www.nettali.com\/rest\/wp\/v2\/media\/38593"}],"wp:attachment":[{"href":"https:\/\/www.nettali.com\/rest\/wp\/v2\/media?parent=69496"}],"wp:term":[{"taxonomy":"category","embeddable":true,"href":"https:\/\/www.nettali.com\/rest\/wp\/v2\/categories?post=69496"},{"taxonomy":"post_tag","embeddable":true,"href":"https:\/\/www.nettali.com\/rest\/wp\/v2\/tags?post=69496"}],"curies":[{"name":"wp","href":"https:\/\/api.w.org\/{rel}","templated":true}]}}