{"id":69475,"date":"2021-08-09T00:05:48","date_gmt":"2021-08-09T00:05:48","guid":{"rendered":"https:\/\/www.nettali.com\/?p=69475"},"modified":"2021-08-09T12:54:28","modified_gmt":"2021-08-09T12:54:28","slug":"fin-de-mandat-pour-souleymane-teliko-le-president-sortant-de-lums-solde-ses-comptes-avec-ses-detracteurs","status":"publish","type":"post","link":"https:\/\/www.nettali.com\/2021\/08\/09\/fin-de-mandat-pour-souleymane-teliko-le-president-sortant-de-lums-solde-ses-comptes-avec-ses-detracteurs\/","title":{"rendered":"FIN DE MANDAT POUR SOULEYMANE TELIKO- Le pr\u00e9sident sortant de l\u2019UMS solde ses comptes avec ses d\u00e9tracteurs"},"content":{"rendered":"<p><strong>NETTALI.COM- L\u2019Union des magistrats s\u00e9n\u00e9galais (UMS) a tenu son assembl\u00e9e g\u00e9n\u00e9rale ce samedi 7 ao\u00fbt 2021. Souleymane T\u00e9liko, le pr\u00e9sident sortant, a, dans son discours d\u2019adieu, sold\u00e9 ses comptes avec ses d\u00e9tracteurs, surtout avec la tutelle. <\/strong><\/p>\n<p><strong>\u00a0<\/strong>Apr\u00e8s quatre ann\u00e9es pass\u00e9es \u00e0 la t\u00eate de l\u2019Union des magistrats s\u00e9n\u00e9galais (UMS), Souleymane T\u00e9liko a pass\u00e9 le t\u00e9moin. Dans son discours d\u2019adieu, le pr\u00e9sident sortant a salu\u00e9 les actions men\u00e9es par la tutelle. \u00ab\u00a0<em>Gr\u00e2ce \u00e0 un climat de dialogue, d\u00e8s son\u00a0 arriv\u00e9e, l\u2019actuel garde des Sceaux, ministre de la Justice,\u00a0 a\u00a0 su pr\u00e9server et m\u00eame redynamiser <\/em>\u00bb, dit-il. Et de d\u2019ajouter\u00a0: \u00ab\u00a0<em>jusqu\u2019au beau milieu de l\u2019ann\u00e9e 2020, le bureau a entretenu avec la Chancellerie, d\u2019excellents rapports, fond\u00e9s sur le respect r\u00e9ciproque, la communication permanente et la franche collaboration<\/em>\u00a0\u00bb.<\/p>\n<p>Cependant, Souleymane T\u00e9liko se d\u00e9sole que ces rapports se soient d\u00e9t\u00e9rior\u00e9s. \u00ab\u00a0<em>Malheureusement, ces rapports ont connu une autre tournure, \u00e0 la faveur de l\u2019affaire concernant notre coll\u00e8gue Ngor Diop, lorsqu\u2019au mois de juin 2020, ce dernier fut affect\u00e9 dans des conditions que nous avons jug\u00e9 irr\u00e9guli\u00e8res. Fid\u00e8le \u00e0 sa mission, l\u2019UMS n\u2019a pas h\u00e9sit\u00e9 \u00e0 d\u00e9noncer ce qu\u2019elle consid\u00e9rait\u00a0 comme \u00e9tant une violation flagrante de notre statut et des principes qui garantissent l\u2019ind\u00e9pendance de la justice. Le coll\u00e8gue, encourag\u00e9 par le bureau et soutenu par un coll\u00e8ge d\u2019avocats, a d\u00e9cid\u00e9 de former un recours\u00a0 contre\u00a0 son d\u00e9cret d\u2019affectation.\u00a0A partir de cet instant,\u00a0 nous avons eu droit \u00e0\u00a0 moult man\u0153uvres de d\u00e9stabilisation\u00a0 manifestement dirig\u00e9es contre l\u2019UMS et\u00a0 son pr\u00e9sident\u00a0<\/em>\u00bb, d\u00e9plore Souleymane T\u00e9liko. Qui rappelle\u00a0: \u00ab\u00a0<em>c\u2019est ainsi que la cellule de communication du minist\u00e8re de la Justice\u00a0 s\u2019est mise \u00e0 distribuer \u00e0 des organes de presse, la lettre de d\u00e9mission d\u2019un des membres de l\u2019UMS; Ce fut ensuite, le d\u00e9but d\u2019une s\u00e9rie d\u2019attaques personnelles men\u00e9es contre le pr\u00e9sident de l\u2019UMS, par un individu\u00a0 qui s\u2019est permis de brandir publiquement, des documents suppos\u00e9s \u00eatre confidentiels et cens\u00e9s \u00eatre archiv\u00e9s au minist\u00e8re de\u00a0 la Justice<\/em>\u00a0\u00bb.<\/p>\n<p>Ce faisant, l\u2019ancien pr\u00e9sident de l\u2019UMS, a tenu \u00e0 solder ses comptes avec ses d\u00e9tracteurs. \u00ab<em> Si nous avons tenu \u00e0 rappeler tous ces \u00e9v\u00e8nements, ce n\u2019est point par ranc\u0153ur ou\u00a0 amertume. Car notre conviction est que la trajectoire d\u2019un homme rel\u00e8ve du pouvoir exclusif de l\u2019Etre supr\u00eame et que, quelle que soit la volont\u00e9 des uns\u00a0 et des autres, rien ne peut nous arriver si ce n\u2019est ce que Allah aura d\u00e9cid\u00e9<\/em> \u00bb, ass\u00e8ne-t-il.<\/p>\n<p>Et de poursuivre\u00a0: \u00ab\u00a0<em>ce rappel est juste une invite \u00e0 prendre l\u2019exacte mesure de ces \u00e9v\u00e8nements et du d\u00e9fi\u00a0 qui se profile \u00e0 l\u2019horizon pour la justice en g\u00e9n\u00e9ral et les magistrats en particulier<\/em>\u00a0\u00bb.\u00a0En effet, de l\u2019avis de Souleymane T\u00e9liko, \u00ab\u00a0<em>quelque profondes qu\u2019elles puissent \u00eatre, ces divergences doivent pouvoir s\u2019exprimer de mani\u00e8re civilis\u00e9e, \u00e0 travers un d\u00e9bat d\u2019id\u00e9es, dans le respect de la libert\u00e9 d\u2019opinion que la loi reconna\u00eet\u00a0 \u00e0 chacun d\u2019entre nous\u00a0\u00bb Citant Voltaire qui disait \u00ab\u00a0Je ne suis pas d\u2019accord avec vous , mais je me battrais jusqu\u2019\u00e0 la mort pour que vous ayez le droit de le dire\u00a0\u00bb, il souligne que \u00ab\u00a0sa conviction est que c\u2019est dans l\u2019expression libre des id\u00e9es et des opinions que l\u2019on peut faire avancer la cause de la justice\u00a0<\/em>\u00bb.<\/p>\n<p>Or, regrette-t-il, \u00ab\u00a0nous constatons\u00a0 que, dans le dessein de r\u00e9duire au silence des voix discordantes, on a fait\u00a0 pr\u00e9valoir, en lieu et place de la force de l\u2019argument, l\u2019argument\u00a0 de la force, de l\u2019intimidation et du d\u00e9nigrement\u00a0\u00bb.\u00a0 Pire, il juge \u00ab\u00a0<em>suffisamment grave que des particuliers malintentionn\u00e9s s\u2019adonnent \u00e0 un tel exercice de d\u00e9nigrement contre des magistrats<\/em>\u00a0\u00bb. Pour lui, \u00ab\u00a0<em>lorsque les auteurs de tels actes peuvent le faire, sans coup f\u00e9rir, dans\u00a0 de pareilles circonstances, ce n\u2019est pas seulement l\u2019honneur de telle ou telle personne qui est en cause,\u00a0 mais l\u2019autorit\u00e9 et la cr\u00e9dibilit\u00e9 de l\u2019institution judiciaire qui se trouvent, aussi, bafou\u00e9es<\/em>\u00a0\u00bb.<\/p>\n<p>S\u2019adressant toujours \u00e0 ses d\u00e9tracteurs, l\u2019ex-pr\u00e9sident souligne que \u00ab\u00a0<em>rien de ce que pr\u00f4ne l\u2019UMS, n\u2019est fondamentalement nouveau, encore moins r\u00e9volutionnaire<\/em>\u00a0\u00bb. Il d\u00e9clare \u00e0 qui veut l\u2019entendre\u00a0: \u00ab\u00a0<em>le d\u00e9bat que nous agitons est un d\u00e9bat de principe qui transcende les r\u00e9gimes et qui s\u2019inscrit dans le sillage de ceux que nos illustres pr\u00e9d\u00e9cesseurs ont toujours d\u00e9fendus\u00a0<\/em>\u00bb.<\/p>\n<p><strong>\u00ab\u00a0L\u2019obligation de r\u00e9serve n\u2019est pas\u00a0 un confinement au silence, encore moins la n\u00e9gation de la libert\u00e9 d\u2019expression\u00a0\u00bb<\/strong><\/p>\n<p>Selon M. T\u00e9liko, ce qui est nouveau, en revanche et qu\u2019il fustige, \u00ab<em>\u00a0c\u2019est cette posture de l\u2019Ex\u00e9cutif\u00a0 qui, non content de rejeter toute perspective de r\u00e9forme en profondeur de notre mode de gouvernance judiciaire, semble d\u00e9cid\u00e9 \u00e0 r\u00e9duire au silence\u00a0 toute\u00a0 voix discordante qui se fait entendre \u00e0 ce sujet\u00a0<\/em>\u00bb.\u00a0Parce qu\u2019\u00e0 son avis, \u00ab\u00a0<em>l\u2019obligation de r\u00e9serve n\u2019est pas\u00a0 un confinement au silence, encore moins la n\u00e9gation de la libert\u00e9 d\u2019expression\u00a0<\/em>\u00bb.\u00a0En effet, souligne le magistrat\u00a0 \u00ab<em>\u00a0S\u2019il peut arriver que, dans\u00a0 l\u2019exercice de la libert\u00e9 d\u2019expression que leur consacre leur statut, les magistrats rament \u00e0 contre-courant des positions dominantes, cela ne doit pas, pour autant, faire d\u2019eux des adversaires d\u00e9sign\u00e9s d\u2019un quelconque r\u00e9gime\u00a0\u00bb. Aussi clame-t-il haut et fort\u00a0: \u00ab\u00a0je le dis ici avec force: nous ne sommes d\u2019aucun clan politique ni d\u2019aucune chapelle, si ce n\u2019est celle de la Justice que nous avons l\u2019honneur et le plaisir de servir.\u00a0\u00a0Notre ambition, somme toute l\u00e9gitime, se r\u00e9sume \u00e0 une chose : contribuer au rayonnement de cette Justice \u00e0 laquelle nous sommes, pour ainsi dire, attach\u00e9s \u00e0 \u201cperp\u00e9tuelle demeure\u201d\u00a0<\/em>\u00bb.<\/p>\n<p>Au regard de ces arguments, il invite les pouvoirs publics \u00e0 comprendre qu\u2019ils n\u2019ont pas en face d\u2019eux des adversaires, mais des acteurs responsables, soucieux de l\u2019int\u00e9r\u00eat g\u00e9n\u00e9ral et ayant \u00e0 c\u0153ur de servir loyalement et dignement leur pays.<\/p>\n<div class='share-to-whatsapp-wrapper'><div class='share-on-whsp'>PARTAGER SUR : <\/div><a data-text='FIN DE MANDAT POUR SOULEYMANE TELIKO- Le pr\u00e9sident sortant de l\u2019UMS solde ses comptes avec ses d\u00e9tracteurs' data-link='https:\/\/www.nettali.com\/2021\/08\/09\/fin-de-mandat-pour-souleymane-teliko-le-president-sortant-de-lums-solde-ses-comptes-avec-ses-detracteurs\/' class='whatsapp-button whatsapp-share'>WhatsApp<\/a><div class='clear '><\/div><\/div>","protected":false},"excerpt":{"rendered":"<p>NETTALI.COM- L\u2019Union des magistrats s\u00e9n\u00e9galais (UMS) a tenu son assembl\u00e9e g\u00e9n\u00e9rale ce samedi 7 ao\u00fbt 2021. Souleymane T\u00e9liko, le pr\u00e9sident sortant, a, dans son discours d\u2019adieu, sold\u00e9 ses comptes avec ses d\u00e9tracteurs, surtout avec la tutelle. \u00a0Apr\u00e8s quatre ann\u00e9es pass\u00e9es \u00e0 la t\u00eate de l\u2019Union des magistrats s\u00e9n\u00e9galais (UMS), Souleymane T\u00e9liko a pass\u00e9 le t\u00e9moin. [&hellip;]<\/p>\n","protected":false},"author":6,"featured_media":60851,"comment_status":"open","ping_status":"open","sticky":false,"template":"","format":"standard","meta":{"_et_pb_use_builder":"","_et_pb_old_content":""},"categories":[3],"tags":[],"yoast_head":"<!-- This site is optimized with the Yoast SEO Premium plugin v17.8 (Yoast SEO v17.8) - https:\/\/yoast.com\/wordpress\/plugins\/seo\/ -->\n<title>FIN DE MANDAT POUR SOULEYMANE TELIKO- Le pr\u00e9sident sortant de l\u2019UMS solde ses comptes avec ses d\u00e9tracteurs | Nettali.com<\/title>\n<meta name=\"robots\" content=\"index, follow, max-snippet:-1, max-image-preview:large, max-video-preview:-1\" \/>\n<link rel=\"canonical\" href=\"https:\/\/www.nettali.com\/2021\/08\/09\/fin-de-mandat-pour-souleymane-teliko-le-president-sortant-de-lums-solde-ses-comptes-avec-ses-detracteurs\/\" \/>\n<meta property=\"og:locale\" content=\"fr_FR\" \/>\n<meta property=\"og:type\" content=\"article\" \/>\n<meta property=\"og:title\" content=\"FIN DE MANDAT POUR SOULEYMANE TELIKO- Le pr\u00e9sident sortant de l\u2019UMS solde ses comptes avec ses d\u00e9tracteurs\" \/>\n<meta property=\"og:description\" content=\"NETTALI.COM- L\u2019Union des magistrats s\u00e9n\u00e9galais (UMS) a tenu son assembl\u00e9e g\u00e9n\u00e9rale ce samedi 7 ao\u00fbt 2021. Souleymane T\u00e9liko, le pr\u00e9sident sortant, a, dans son discours d\u2019adieu, sold\u00e9 ses comptes avec ses d\u00e9tracteurs, surtout avec la tutelle. \u00a0Apr\u00e8s quatre ann\u00e9es pass\u00e9es \u00e0 la t\u00eate de l\u2019Union des magistrats s\u00e9n\u00e9galais (UMS), Souleymane T\u00e9liko a pass\u00e9 le t\u00e9moin. [&hellip;]\" \/>\n<meta property=\"og:url\" content=\"https:\/\/www.nettali.com\/2021\/08\/09\/fin-de-mandat-pour-souleymane-teliko-le-president-sortant-de-lums-solde-ses-comptes-avec-ses-detracteurs\/\" \/>\n<meta property=\"og:site_name\" content=\"Nettali.com\" \/>\n<meta property=\"article:publisher\" content=\"https:\/\/www.facebook.com\/nettalicom\" \/>\n<meta property=\"article:published_time\" content=\"2021-08-09T00:05:48+00:00\" \/>\n<meta property=\"article:modified_time\" content=\"2021-08-09T12:54:28+00:00\" \/>\n<meta property=\"og:image\" content=\"https:\/\/www.nettali.com\/wp-content\/uploads\/2021\/03\/Souleymane-Teliko.png\" \/>\n\t<meta property=\"og:image:width\" content=\"677\" \/>\n\t<meta property=\"og:image:height\" content=\"400\" \/>\n<meta name=\"twitter:card\" content=\"summary_large_image\" \/>\n<meta name=\"twitter:label1\" content=\"\u00c9crit par\" \/>\n\t<meta name=\"twitter:data1\" content=\"Fatou\" \/>\n\t<meta name=\"twitter:label2\" content=\"Dur\u00e9e de lecture estim\u00e9e\" \/>\n\t<meta name=\"twitter:data2\" content=\"4 minutes\" \/>\n<script type=\"application\/ld+json\" class=\"yoast-schema-graph\">{\"@context\":\"https:\/\/schema.org\",\"@graph\":[{\"@type\":\"WebSite\",\"@id\":\"https:\/\/www.nettali.com\/#website\",\"url\":\"https:\/\/www.nettali.com\/\",\"name\":\"Nettali.com\",\"description\":\"Le rendez-vous critique du Net\",\"potentialAction\":[{\"@type\":\"SearchAction\",\"target\":{\"@type\":\"EntryPoint\",\"urlTemplate\":\"https:\/\/www.nettali.com\/?s={search_term_string}\"},\"query-input\":\"required name=search_term_string\"}],\"inLanguage\":\"fr-FR\"},{\"@type\":\"ImageObject\",\"@id\":\"https:\/\/www.nettali.com\/2021\/08\/09\/fin-de-mandat-pour-souleymane-teliko-le-president-sortant-de-lums-solde-ses-comptes-avec-ses-detracteurs\/#primaryimage\",\"inLanguage\":\"fr-FR\",\"url\":\"https:\/\/www.nettali.com\/wp-content\/uploads\/2021\/03\/Souleymane-Teliko.png\",\"contentUrl\":\"https:\/\/www.nettali.com\/wp-content\/uploads\/2021\/03\/Souleymane-Teliko.png\",\"width\":677,\"height\":400},{\"@type\":\"WebPage\",\"@id\":\"https:\/\/www.nettali.com\/2021\/08\/09\/fin-de-mandat-pour-souleymane-teliko-le-president-sortant-de-lums-solde-ses-comptes-avec-ses-detracteurs\/#webpage\",\"url\":\"https:\/\/www.nettali.com\/2021\/08\/09\/fin-de-mandat-pour-souleymane-teliko-le-president-sortant-de-lums-solde-ses-comptes-avec-ses-detracteurs\/\",\"name\":\"FIN DE MANDAT POUR SOULEYMANE TELIKO- Le pr\\u00e9sident sortant de l\\u2019UMS solde ses comptes avec ses d\\u00e9tracteurs | Nettali.com\",\"isPartOf\":{\"@id\":\"https:\/\/www.nettali.com\/#website\"},\"primaryImageOfPage\":{\"@id\":\"https:\/\/www.nettali.com\/2021\/08\/09\/fin-de-mandat-pour-souleymane-teliko-le-president-sortant-de-lums-solde-ses-comptes-avec-ses-detracteurs\/#primaryimage\"},\"datePublished\":\"2021-08-09T00:05:48+00:00\",\"dateModified\":\"2021-08-09T12:54:28+00:00\",\"author\":{\"@id\":\"https:\/\/www.nettali.com\/#\/schema\/person\/418274a86bdf87caff7a3ef476bd0bbf\"},\"breadcrumb\":{\"@id\":\"https:\/\/www.nettali.com\/2021\/08\/09\/fin-de-mandat-pour-souleymane-teliko-le-president-sortant-de-lums-solde-ses-comptes-avec-ses-detracteurs\/#breadcrumb\"},\"inLanguage\":\"fr-FR\",\"potentialAction\":[{\"@type\":\"ReadAction\",\"target\":[\"https:\/\/www.nettali.com\/2021\/08\/09\/fin-de-mandat-pour-souleymane-teliko-le-president-sortant-de-lums-solde-ses-comptes-avec-ses-detracteurs\/\"]}]},{\"@type\":\"BreadcrumbList\",\"@id\":\"https:\/\/www.nettali.com\/2021\/08\/09\/fin-de-mandat-pour-souleymane-teliko-le-president-sortant-de-lums-solde-ses-comptes-avec-ses-detracteurs\/#breadcrumb\",\"itemListElement\":[{\"@type\":\"ListItem\",\"position\":1,\"name\":\"Accueil\",\"item\":\"https:\/\/www.nettali.com\/\"},{\"@type\":\"ListItem\",\"position\":2,\"name\":\"FIN DE MANDAT POUR SOULEYMANE TELIKO- Le pr\\u00e9sident sortant de l\\u2019UMS solde ses comptes avec ses d\\u00e9tracteurs\"}]},{\"@type\":\"Person\",\"@id\":\"https:\/\/www.nettali.com\/#\/schema\/person\/418274a86bdf87caff7a3ef476bd0bbf\",\"name\":\"Fatou\",\"image\":{\"@type\":\"ImageObject\",\"@id\":\"https:\/\/www.nettali.com\/#personlogo\",\"inLanguage\":\"fr-FR\",\"url\":\"https:\/\/secure.gravatar.com\/avatar\/5a9442a2bee7b4dcf167cab035858e9a?s=96&d=mm&r=g\",\"contentUrl\":\"https:\/\/secure.gravatar.com\/avatar\/5a9442a2bee7b4dcf167cab035858e9a?s=96&d=mm&r=g\",\"caption\":\"Fatou\"},\"sameAs\":[\"https:\/\/www.nettali.com\"]}]}<\/script>\n<!-- \/ Yoast SEO Premium plugin. -->","yoast_head_json":{"title":"FIN DE MANDAT POUR SOULEYMANE TELIKO- Le pr\u00e9sident sortant de l\u2019UMS solde ses comptes avec ses d\u00e9tracteurs | Nettali.com","robots":{"index":"index","follow":"follow","max-snippet":"max-snippet:-1","max-image-preview":"max-image-preview:large","max-video-preview":"max-video-preview:-1"},"canonical":"https:\/\/www.nettali.com\/2021\/08\/09\/fin-de-mandat-pour-souleymane-teliko-le-president-sortant-de-lums-solde-ses-comptes-avec-ses-detracteurs\/","og_locale":"fr_FR","og_type":"article","og_title":"FIN DE MANDAT POUR SOULEYMANE TELIKO- Le pr\u00e9sident sortant de l\u2019UMS solde ses comptes avec ses d\u00e9tracteurs","og_description":"NETTALI.COM- L\u2019Union des magistrats s\u00e9n\u00e9galais (UMS) a tenu son assembl\u00e9e g\u00e9n\u00e9rale ce samedi 7 ao\u00fbt 2021. Souleymane T\u00e9liko, le pr\u00e9sident sortant, a, dans son discours d\u2019adieu, sold\u00e9 ses comptes avec ses d\u00e9tracteurs, surtout avec la tutelle. \u00a0Apr\u00e8s quatre ann\u00e9es pass\u00e9es \u00e0 la t\u00eate de l\u2019Union des magistrats s\u00e9n\u00e9galais (UMS), Souleymane T\u00e9liko a pass\u00e9 le t\u00e9moin. [&hellip;]","og_url":"https:\/\/www.nettali.com\/2021\/08\/09\/fin-de-mandat-pour-souleymane-teliko-le-president-sortant-de-lums-solde-ses-comptes-avec-ses-detracteurs\/","og_site_name":"Nettali.com","article_publisher":"https:\/\/www.facebook.com\/nettalicom","article_published_time":"2021-08-09T00:05:48+00:00","article_modified_time":"2021-08-09T12:54:28+00:00","og_image":[{"width":677,"height":400,"url":"https:\/\/www.nettali.com\/wp-content\/uploads\/2021\/03\/Souleymane-Teliko.png","type":"image\/png"}],"twitter_card":"summary_large_image","twitter_misc":{"\u00c9crit par":"Fatou","Dur\u00e9e de lecture estim\u00e9e":"4 minutes"},"schema":{"@context":"https:\/\/schema.org","@graph":[{"@type":"WebSite","@id":"https:\/\/www.nettali.com\/#website","url":"https:\/\/www.nettali.com\/","name":"Nettali.com","description":"Le rendez-vous critique du Net","potentialAction":[{"@type":"SearchAction","target":{"@type":"EntryPoint","urlTemplate":"https:\/\/www.nettali.com\/?s={search_term_string}"},"query-input":"required name=search_term_string"}],"inLanguage":"fr-FR"},{"@type":"ImageObject","@id":"https:\/\/www.nettali.com\/2021\/08\/09\/fin-de-mandat-pour-souleymane-teliko-le-president-sortant-de-lums-solde-ses-comptes-avec-ses-detracteurs\/#primaryimage","inLanguage":"fr-FR","url":"https:\/\/www.nettali.com\/wp-content\/uploads\/2021\/03\/Souleymane-Teliko.png","contentUrl":"https:\/\/www.nettali.com\/wp-content\/uploads\/2021\/03\/Souleymane-Teliko.png","width":677,"height":400},{"@type":"WebPage","@id":"https:\/\/www.nettali.com\/2021\/08\/09\/fin-de-mandat-pour-souleymane-teliko-le-president-sortant-de-lums-solde-ses-comptes-avec-ses-detracteurs\/#webpage","url":"https:\/\/www.nettali.com\/2021\/08\/09\/fin-de-mandat-pour-souleymane-teliko-le-president-sortant-de-lums-solde-ses-comptes-avec-ses-detracteurs\/","name":"FIN DE MANDAT POUR SOULEYMANE TELIKO- Le pr\u00e9sident sortant de l\u2019UMS solde ses comptes avec ses d\u00e9tracteurs | Nettali.com","isPartOf":{"@id":"https:\/\/www.nettali.com\/#website"},"primaryImageOfPage":{"@id":"https:\/\/www.nettali.com\/2021\/08\/09\/fin-de-mandat-pour-souleymane-teliko-le-president-sortant-de-lums-solde-ses-comptes-avec-ses-detracteurs\/#primaryimage"},"datePublished":"2021-08-09T00:05:48+00:00","dateModified":"2021-08-09T12:54:28+00:00","author":{"@id":"https:\/\/www.nettali.com\/#\/schema\/person\/418274a86bdf87caff7a3ef476bd0bbf"},"breadcrumb":{"@id":"https:\/\/www.nettali.com\/2021\/08\/09\/fin-de-mandat-pour-souleymane-teliko-le-president-sortant-de-lums-solde-ses-comptes-avec-ses-detracteurs\/#breadcrumb"},"inLanguage":"fr-FR","potentialAction":[{"@type":"ReadAction","target":["https:\/\/www.nettali.com\/2021\/08\/09\/fin-de-mandat-pour-souleymane-teliko-le-president-sortant-de-lums-solde-ses-comptes-avec-ses-detracteurs\/"]}]},{"@type":"BreadcrumbList","@id":"https:\/\/www.nettali.com\/2021\/08\/09\/fin-de-mandat-pour-souleymane-teliko-le-president-sortant-de-lums-solde-ses-comptes-avec-ses-detracteurs\/#breadcrumb","itemListElement":[{"@type":"ListItem","position":1,"name":"Accueil","item":"https:\/\/www.nettali.com\/"},{"@type":"ListItem","position":2,"name":"FIN DE MANDAT POUR SOULEYMANE TELIKO- Le pr\u00e9sident sortant de l\u2019UMS solde ses comptes avec ses d\u00e9tracteurs"}]},{"@type":"Person","@id":"https:\/\/www.nettali.com\/#\/schema\/person\/418274a86bdf87caff7a3ef476bd0bbf","name":"Fatou","image":{"@type":"ImageObject","@id":"https:\/\/www.nettali.com\/#personlogo","inLanguage":"fr-FR","url":"https:\/\/secure.gravatar.com\/avatar\/5a9442a2bee7b4dcf167cab035858e9a?s=96&d=mm&r=g","contentUrl":"https:\/\/secure.gravatar.com\/avatar\/5a9442a2bee7b4dcf167cab035858e9a?s=96&d=mm&r=g","caption":"Fatou"},"sameAs":["https:\/\/www.nettali.com"]}]}},"_links":{"self":[{"href":"https:\/\/www.nettali.com\/rest\/wp\/v2\/posts\/69475"}],"collection":[{"href":"https:\/\/www.nettali.com\/rest\/wp\/v2\/posts"}],"about":[{"href":"https:\/\/www.nettali.com\/rest\/wp\/v2\/types\/post"}],"author":[{"embeddable":true,"href":"https:\/\/www.nettali.com\/rest\/wp\/v2\/users\/6"}],"replies":[{"embeddable":true,"href":"https:\/\/www.nettali.com\/rest\/wp\/v2\/comments?post=69475"}],"version-history":[{"count":3,"href":"https:\/\/www.nettali.com\/rest\/wp\/v2\/posts\/69475\/revisions"}],"predecessor-version":[{"id":69478,"href":"https:\/\/www.nettali.com\/rest\/wp\/v2\/posts\/69475\/revisions\/69478"}],"wp:featuredmedia":[{"embeddable":true,"href":"https:\/\/www.nettali.com\/rest\/wp\/v2\/media\/60851"}],"wp:attachment":[{"href":"https:\/\/www.nettali.com\/rest\/wp\/v2\/media?parent=69475"}],"wp:term":[{"taxonomy":"category","embeddable":true,"href":"https:\/\/www.nettali.com\/rest\/wp\/v2\/categories?post=69475"},{"taxonomy":"post_tag","embeddable":true,"href":"https:\/\/www.nettali.com\/rest\/wp\/v2\/tags?post=69475"}],"curies":[{"name":"wp","href":"https:\/\/api.w.org\/{rel}","templated":true}]}}