{"id":69349,"date":"2021-08-06T23:09:32","date_gmt":"2021-08-06T23:09:32","guid":{"rendered":"https:\/\/www.nettali.com\/?p=69349"},"modified":"2021-08-06T23:09:32","modified_gmt":"2021-08-06T23:09:32","slug":"ligue-amateur-abdoulaye-sow-prolonge-son-regne","status":"publish","type":"post","link":"https:\/\/www.nettali.com\/2021\/08\/06\/ligue-amateur-abdoulaye-sow-prolonge-son-regne\/","title":{"rendered":"LIGUE AMATEUR - Abdoulaye Sow prolonge son r\u00e8gne !"},"content":{"rendered":"<p><strong>NETTALI.COM - Sans surprise, Abdoulaye Sow a \u00e9t\u00e9 r\u00e9\u00e9lu ce vendredi pour un trois\u00e8me mandat \u00e0 la t\u00eate de la Ligue de football amateur, \u00e0 l\u2019issue de l\u2019assembl\u00e9e g\u00e9n\u00e9rale \u00e9lective de la structure tenue au Centre international de conf\u00e9rence Abdou Diouf de Diamaniadio (CICAD).<\/strong><\/p>\n<p>Oppos\u00e9 \u00e0 Ousmane Iyane Thiam, le pr\u00e9sident de l\u2019AS Kaffrine, Abdoulaye Sow a obtenu 299 voix contre 83 sur 382 suffrages exprim\u00e9s. Quatre bulletins ont \u00e9t\u00e9 d\u00e9clar\u00e9s nuls lors de cette assembl\u00e9e g\u00e9n\u00e9rale \u00e9lective qui s\u2019est d\u00e9roul\u00e9e au Centre International de Conf\u00e9rence Abdou Diouf de Diamniadio.<\/p>\n<p>Ainsi, Abdoulaye Saydou Sow est r\u00e9\u00e9lu pr\u00e9sident de la Ligue de football amateur pour les quatre prochaines ann\u00e9es. Kosso Dian\u00e9 est quant \u00e0 lui \u00e9lu 5\u00e8me vice-pr\u00e9sident de la F\u00e9d\u00e9ration s\u00e9n\u00e9galaise de football. Il \u00e9tait seul candidat en lice.<\/p>\n<p>Ce samedi, sera le grand jour avec l\u2019\u00e9lection de la pr\u00e9sidence de la F\u00e9d\u00e9ration s\u00e9n\u00e9galaise de football (FSF) qui va opposer Me Augustin Senghor \u00e0 Mady Tour\u00e9.<\/p>\n<div class='share-to-whatsapp-wrapper'><div class='share-on-whsp'>PARTAGER SUR : <\/div><a data-text='LIGUE AMATEUR - Abdoulaye Sow prolonge son r\u00e8gne !' data-link='https:\/\/www.nettali.com\/2021\/08\/06\/ligue-amateur-abdoulaye-sow-prolonge-son-regne\/' class='whatsapp-button whatsapp-share'>WhatsApp<\/a><div class='clear '><\/div><\/div>","protected":false},"excerpt":{"rendered":"<p>NETTALI.COM - Sans surprise, Abdoulaye Sow a \u00e9t\u00e9 r\u00e9\u00e9lu ce vendredi pour un trois\u00e8me mandat \u00e0 la t\u00eate de la Ligue de football amateur, \u00e0 l\u2019issue de l\u2019assembl\u00e9e g\u00e9n\u00e9rale \u00e9lective de la structure tenue au Centre international de conf\u00e9rence Abdou Diouf de Diamaniadio (CICAD). Oppos\u00e9 \u00e0 Ousmane Iyane Thiam, le pr\u00e9sident de l\u2019AS Kaffrine, Abdoulaye [&hellip;]<\/p>\n","protected":false},"author":5,"featured_media":69350,"comment_status":"open","ping_status":"open","sticky":false,"template":"","format":"standard","meta":{"_et_pb_use_builder":"","_et_pb_old_content":""},"categories":[6],"tags":[],"yoast_head":"<!-- This site is optimized with the Yoast SEO Premium plugin v17.8 (Yoast SEO v17.8) - https:\/\/yoast.com\/wordpress\/plugins\/seo\/ -->\n<title>LIGUE AMATEUR - Abdoulaye Sow prolonge son r\u00e8gne ! | Nettali.com<\/title>\n<meta name=\"robots\" content=\"index, follow, max-snippet:-1, max-image-preview:large, max-video-preview:-1\" \/>\n<link rel=\"canonical\" href=\"https:\/\/www.nettali.com\/2021\/08\/06\/ligue-amateur-abdoulaye-sow-prolonge-son-regne\/\" \/>\n<meta property=\"og:locale\" content=\"fr_FR\" \/>\n<meta property=\"og:type\" content=\"article\" \/>\n<meta property=\"og:title\" content=\"LIGUE AMATEUR - Abdoulaye Sow prolonge son r\u00e8gne !\" \/>\n<meta property=\"og:description\" content=\"NETTALI.COM - Sans surprise, Abdoulaye Sow a \u00e9t\u00e9 r\u00e9\u00e9lu ce vendredi pour un trois\u00e8me mandat \u00e0 la t\u00eate de la Ligue de football amateur, \u00e0 l\u2019issue de l\u2019assembl\u00e9e g\u00e9n\u00e9rale \u00e9lective de la structure tenue au Centre international de conf\u00e9rence Abdou Diouf de Diamaniadio (CICAD). Oppos\u00e9 \u00e0 Ousmane Iyane Thiam, le pr\u00e9sident de l\u2019AS Kaffrine, Abdoulaye [&hellip;]\" \/>\n<meta property=\"og:url\" content=\"https:\/\/www.nettali.com\/2021\/08\/06\/ligue-amateur-abdoulaye-sow-prolonge-son-regne\/\" \/>\n<meta property=\"og:site_name\" content=\"Nettali.com\" \/>\n<meta property=\"article:publisher\" content=\"https:\/\/www.facebook.com\/nettalicom\" \/>\n<meta property=\"article:published_time\" content=\"2021-08-06T23:09:32+00:00\" \/>\n<meta property=\"og:image\" content=\"https:\/\/www.nettali.com\/wp-content\/uploads\/2021\/08\/58144656-42958043.jpg\" \/>\n\t<meta property=\"og:image:width\" content=\"698\" \/>\n\t<meta property=\"og:image:height\" content=\"410\" \/>\n<meta name=\"twitter:card\" content=\"summary_large_image\" \/>\n<meta name=\"twitter:label1\" content=\"\u00c9crit par\" \/>\n\t<meta name=\"twitter:data1\" content=\"Ibrahima\" \/>\n\t<meta name=\"twitter:label2\" content=\"Dur\u00e9e de lecture estim\u00e9e\" \/>\n\t<meta name=\"twitter:data2\" content=\"1 minute\" \/>\n<script type=\"application\/ld+json\" class=\"yoast-schema-graph\">{\"@context\":\"https:\/\/schema.org\",\"@graph\":[{\"@type\":\"WebSite\",\"@id\":\"https:\/\/www.nettali.com\/#website\",\"url\":\"https:\/\/www.nettali.com\/\",\"name\":\"Nettali.com\",\"description\":\"Le rendez-vous critique du Net\",\"potentialAction\":[{\"@type\":\"SearchAction\",\"target\":{\"@type\":\"EntryPoint\",\"urlTemplate\":\"https:\/\/www.nettali.com\/?s={search_term_string}\"},\"query-input\":\"required name=search_term_string\"}],\"inLanguage\":\"fr-FR\"},{\"@type\":\"ImageObject\",\"@id\":\"https:\/\/www.nettali.com\/2021\/08\/06\/ligue-amateur-abdoulaye-sow-prolonge-son-regne\/#primaryimage\",\"inLanguage\":\"fr-FR\",\"url\":\"https:\/\/www.nettali.com\/wp-content\/uploads\/2021\/08\/58144656-42958043.jpg\",\"contentUrl\":\"https:\/\/www.nettali.com\/wp-content\/uploads\/2021\/08\/58144656-42958043.jpg\",\"width\":698,\"height\":410},{\"@type\":\"WebPage\",\"@id\":\"https:\/\/www.nettali.com\/2021\/08\/06\/ligue-amateur-abdoulaye-sow-prolonge-son-regne\/#webpage\",\"url\":\"https:\/\/www.nettali.com\/2021\/08\/06\/ligue-amateur-abdoulaye-sow-prolonge-son-regne\/\",\"name\":\"LIGUE AMATEUR - Abdoulaye Sow prolonge son r\\u00e8gne ! | Nettali.com\",\"isPartOf\":{\"@id\":\"https:\/\/www.nettali.com\/#website\"},\"primaryImageOfPage\":{\"@id\":\"https:\/\/www.nettali.com\/2021\/08\/06\/ligue-amateur-abdoulaye-sow-prolonge-son-regne\/#primaryimage\"},\"datePublished\":\"2021-08-06T23:09:32+00:00\",\"dateModified\":\"2021-08-06T23:09:32+00:00\",\"author\":{\"@id\":\"https:\/\/www.nettali.com\/#\/schema\/person\/bb147657c2986240405a608162b9bb23\"},\"breadcrumb\":{\"@id\":\"https:\/\/www.nettali.com\/2021\/08\/06\/ligue-amateur-abdoulaye-sow-prolonge-son-regne\/#breadcrumb\"},\"inLanguage\":\"fr-FR\",\"potentialAction\":[{\"@type\":\"ReadAction\",\"target\":[\"https:\/\/www.nettali.com\/2021\/08\/06\/ligue-amateur-abdoulaye-sow-prolonge-son-regne\/\"]}]},{\"@type\":\"BreadcrumbList\",\"@id\":\"https:\/\/www.nettali.com\/2021\/08\/06\/ligue-amateur-abdoulaye-sow-prolonge-son-regne\/#breadcrumb\",\"itemListElement\":[{\"@type\":\"ListItem\",\"position\":1,\"name\":\"Accueil\",\"item\":\"https:\/\/www.nettali.com\/\"},{\"@type\":\"ListItem\",\"position\":2,\"name\":\"LIGUE AMATEUR &#8211; Abdoulaye Sow prolonge son r\\u00e8gne !\"}]},{\"@type\":\"Person\",\"@id\":\"https:\/\/www.nettali.com\/#\/schema\/person\/bb147657c2986240405a608162b9bb23\",\"name\":\"Ibrahima\",\"image\":{\"@type\":\"ImageObject\",\"@id\":\"https:\/\/www.nettali.com\/#personlogo\",\"inLanguage\":\"fr-FR\",\"url\":\"https:\/\/secure.gravatar.com\/avatar\/26a8a81f09f0dd7624c9d5c36c9ba3a2?s=96&d=mm&r=g\",\"contentUrl\":\"https:\/\/secure.gravatar.com\/avatar\/26a8a81f09f0dd7624c9d5c36c9ba3a2?s=96&d=mm&r=g\",\"caption\":\"Ibrahima\"},\"sameAs\":[\"https:\/\/www.nettali.com\"]}]}<\/script>\n<!-- \/ Yoast SEO Premium plugin. -->","yoast_head_json":{"title":"LIGUE AMATEUR - Abdoulaye Sow prolonge son r\u00e8gne ! | Nettali.com","robots":{"index":"index","follow":"follow","max-snippet":"max-snippet:-1","max-image-preview":"max-image-preview:large","max-video-preview":"max-video-preview:-1"},"canonical":"https:\/\/www.nettali.com\/2021\/08\/06\/ligue-amateur-abdoulaye-sow-prolonge-son-regne\/","og_locale":"fr_FR","og_type":"article","og_title":"LIGUE AMATEUR - Abdoulaye Sow prolonge son r\u00e8gne !","og_description":"NETTALI.COM - Sans surprise, Abdoulaye Sow a \u00e9t\u00e9 r\u00e9\u00e9lu ce vendredi pour un trois\u00e8me mandat \u00e0 la t\u00eate de la Ligue de football amateur, \u00e0 l\u2019issue de l\u2019assembl\u00e9e g\u00e9n\u00e9rale \u00e9lective de la structure tenue au Centre international de conf\u00e9rence Abdou Diouf de Diamaniadio (CICAD). Oppos\u00e9 \u00e0 Ousmane Iyane Thiam, le pr\u00e9sident de l\u2019AS Kaffrine, Abdoulaye [&hellip;]","og_url":"https:\/\/www.nettali.com\/2021\/08\/06\/ligue-amateur-abdoulaye-sow-prolonge-son-regne\/","og_site_name":"Nettali.com","article_publisher":"https:\/\/www.facebook.com\/nettalicom","article_published_time":"2021-08-06T23:09:32+00:00","og_image":[{"width":698,"height":410,"url":"https:\/\/www.nettali.com\/wp-content\/uploads\/2021\/08\/58144656-42958043.jpg","type":"image\/jpeg"}],"twitter_card":"summary_large_image","twitter_misc":{"\u00c9crit par":"Ibrahima","Dur\u00e9e de lecture estim\u00e9e":"1 minute"},"schema":{"@context":"https:\/\/schema.org","@graph":[{"@type":"WebSite","@id":"https:\/\/www.nettali.com\/#website","url":"https:\/\/www.nettali.com\/","name":"Nettali.com","description":"Le rendez-vous critique du Net","potentialAction":[{"@type":"SearchAction","target":{"@type":"EntryPoint","urlTemplate":"https:\/\/www.nettali.com\/?s={search_term_string}"},"query-input":"required name=search_term_string"}],"inLanguage":"fr-FR"},{"@type":"ImageObject","@id":"https:\/\/www.nettali.com\/2021\/08\/06\/ligue-amateur-abdoulaye-sow-prolonge-son-regne\/#primaryimage","inLanguage":"fr-FR","url":"https:\/\/www.nettali.com\/wp-content\/uploads\/2021\/08\/58144656-42958043.jpg","contentUrl":"https:\/\/www.nettali.com\/wp-content\/uploads\/2021\/08\/58144656-42958043.jpg","width":698,"height":410},{"@type":"WebPage","@id":"https:\/\/www.nettali.com\/2021\/08\/06\/ligue-amateur-abdoulaye-sow-prolonge-son-regne\/#webpage","url":"https:\/\/www.nettali.com\/2021\/08\/06\/ligue-amateur-abdoulaye-sow-prolonge-son-regne\/","name":"LIGUE AMATEUR - Abdoulaye Sow prolonge son r\u00e8gne ! | Nettali.com","isPartOf":{"@id":"https:\/\/www.nettali.com\/#website"},"primaryImageOfPage":{"@id":"https:\/\/www.nettali.com\/2021\/08\/06\/ligue-amateur-abdoulaye-sow-prolonge-son-regne\/#primaryimage"},"datePublished":"2021-08-06T23:09:32+00:00","dateModified":"2021-08-06T23:09:32+00:00","author":{"@id":"https:\/\/www.nettali.com\/#\/schema\/person\/bb147657c2986240405a608162b9bb23"},"breadcrumb":{"@id":"https:\/\/www.nettali.com\/2021\/08\/06\/ligue-amateur-abdoulaye-sow-prolonge-son-regne\/#breadcrumb"},"inLanguage":"fr-FR","potentialAction":[{"@type":"ReadAction","target":["https:\/\/www.nettali.com\/2021\/08\/06\/ligue-amateur-abdoulaye-sow-prolonge-son-regne\/"]}]},{"@type":"BreadcrumbList","@id":"https:\/\/www.nettali.com\/2021\/08\/06\/ligue-amateur-abdoulaye-sow-prolonge-son-regne\/#breadcrumb","itemListElement":[{"@type":"ListItem","position":1,"name":"Accueil","item":"https:\/\/www.nettali.com\/"},{"@type":"ListItem","position":2,"name":"LIGUE AMATEUR &#8211; Abdoulaye Sow prolonge son r\u00e8gne !"}]},{"@type":"Person","@id":"https:\/\/www.nettali.com\/#\/schema\/person\/bb147657c2986240405a608162b9bb23","name":"Ibrahima","image":{"@type":"ImageObject","@id":"https:\/\/www.nettali.com\/#personlogo","inLanguage":"fr-FR","url":"https:\/\/secure.gravatar.com\/avatar\/26a8a81f09f0dd7624c9d5c36c9ba3a2?s=96&d=mm&r=g","contentUrl":"https:\/\/secure.gravatar.com\/avatar\/26a8a81f09f0dd7624c9d5c36c9ba3a2?s=96&d=mm&r=g","caption":"Ibrahima"},"sameAs":["https:\/\/www.nettali.com"]}]}},"_links":{"self":[{"href":"https:\/\/www.nettali.com\/rest\/wp\/v2\/posts\/69349"}],"collection":[{"href":"https:\/\/www.nettali.com\/rest\/wp\/v2\/posts"}],"about":[{"href":"https:\/\/www.nettali.com\/rest\/wp\/v2\/types\/post"}],"author":[{"embeddable":true,"href":"https:\/\/www.nettali.com\/rest\/wp\/v2\/users\/5"}],"replies":[{"embeddable":true,"href":"https:\/\/www.nettali.com\/rest\/wp\/v2\/comments?post=69349"}],"version-history":[{"count":4,"href":"https:\/\/www.nettali.com\/rest\/wp\/v2\/posts\/69349\/revisions"}],"predecessor-version":[{"id":69362,"href":"https:\/\/www.nettali.com\/rest\/wp\/v2\/posts\/69349\/revisions\/69362"}],"wp:featuredmedia":[{"embeddable":true,"href":"https:\/\/www.nettali.com\/rest\/wp\/v2\/media\/69350"}],"wp:attachment":[{"href":"https:\/\/www.nettali.com\/rest\/wp\/v2\/media?parent=69349"}],"wp:term":[{"taxonomy":"category","embeddable":true,"href":"https:\/\/www.nettali.com\/rest\/wp\/v2\/categories?post=69349"},{"taxonomy":"post_tag","embeddable":true,"href":"https:\/\/www.nettali.com\/rest\/wp\/v2\/tags?post=69349"}],"curies":[{"name":"wp","href":"https:\/\/api.w.org\/{rel}","templated":true}]}}