{"id":69266,"date":"2021-08-05T12:14:10","date_gmt":"2021-08-05T12:14:10","guid":{"rendered":"https:\/\/www.nettali.com\/?p=69266"},"modified":"2021-08-05T12:14:10","modified_gmt":"2021-08-05T12:14:10","slug":"les-nouvelles-exigences-pour-la-reouverture-de-larene","status":"publish","type":"post","link":"https:\/\/www.nettali.com\/2021\/08\/05\/les-nouvelles-exigences-pour-la-reouverture-de-larene\/","title":{"rendered":"Les nouvelles exigences pour la r\u00e9ouverture de l\u2019ar\u00e8ne"},"content":{"rendered":"<p><strong>NETTALI.COM - Le Pr\u00e9sident du Cng, Bira S\u00e8ne, annonce l\u2019ouverture prochaine de l\u2019ar\u00e8ne. Toutefois, ajoute-t-il, des mesures drastiques seront prises.<\/strong><\/p>\n<p><em>\u00a0\u00abOn va vers l\u2019exigence\u00a0de la carte\u00a0de vaccination pour acc\u00e9der \u00e0 l\u2019ar\u00e8ne nationale. Pour acheter votre billet et entrer, il faudra pr\u00e9senter d\u2019abord votre carnet de vaccination, mettre un masque et du gel, entrer et respecter la distanciation physique. Et les acteurs sont d\u2019accord<\/em>\u00bb, dit-il.<\/p>\n<p>Selon lui, m\u00eame la presse devra exhiber sa carte de vaccination pour entrer dans l\u2019ar\u00e8ne. Les lutteurs, les officiels du Cng, les amateurs, les cantatrices, m\u00eames les transporteurs des lutteurs devront respecter cette mesure, dit-il.<\/p>\n<p><em>\u00abC\u2019est pour dire que ce sera pour tout le monde. Pour entrer et assister \u00e0 une manifestation sportive de lutte, il faut pr\u00e9senter un carnet national de vaccination. Si vous avez un contrat de lutte, il faut aller se faire vacciner et venir lutter. Vous ne l\u2019avez pas (Ndlr: carnet de vaccination) vous ne luttez pas\u00bb,<\/em> tranchet-t-il.<\/p>\n<p>&nbsp;<\/p>\n<div class='share-to-whatsapp-wrapper'><div class='share-on-whsp'>PARTAGER SUR : <\/div><a data-text='Les nouvelles exigences pour la r\u00e9ouverture de l\u2019ar\u00e8ne' data-link='https:\/\/www.nettali.com\/2021\/08\/05\/les-nouvelles-exigences-pour-la-reouverture-de-larene\/' class='whatsapp-button whatsapp-share'>WhatsApp<\/a><div class='clear '><\/div><\/div>","protected":false},"excerpt":{"rendered":"<p>NETTALI.COM - Le Pr\u00e9sident du Cng, Bira S\u00e8ne, annonce l\u2019ouverture prochaine de l\u2019ar\u00e8ne. Toutefois, ajoute-t-il, des mesures drastiques seront prises. \u00a0\u00abOn va vers l\u2019exigence\u00a0de la carte\u00a0de vaccination pour acc\u00e9der \u00e0 l\u2019ar\u00e8ne nationale. Pour acheter votre billet et entrer, il faudra pr\u00e9senter d\u2019abord votre carnet de vaccination, mettre un masque et du gel, entrer et respecter [&hellip;]<\/p>\n","protected":false},"author":4,"featured_media":57960,"comment_status":"open","ping_status":"open","sticky":false,"template":"","format":"standard","meta":{"_et_pb_use_builder":"","_et_pb_old_content":""},"categories":[3],"tags":[],"yoast_head":"<!-- This site is optimized with the Yoast SEO Premium plugin v17.8 (Yoast SEO v17.8) - https:\/\/yoast.com\/wordpress\/plugins\/seo\/ -->\n<title>Les nouvelles exigences pour la r\u00e9ouverture de l\u2019ar\u00e8ne | Nettali.com<\/title>\n<meta name=\"robots\" content=\"index, follow, max-snippet:-1, max-image-preview:large, max-video-preview:-1\" \/>\n<link rel=\"canonical\" href=\"https:\/\/www.nettali.com\/2021\/08\/05\/les-nouvelles-exigences-pour-la-reouverture-de-larene\/\" \/>\n<meta property=\"og:locale\" content=\"fr_FR\" \/>\n<meta property=\"og:type\" content=\"article\" \/>\n<meta property=\"og:title\" content=\"Les nouvelles exigences pour la r\u00e9ouverture de l\u2019ar\u00e8ne\" \/>\n<meta property=\"og:description\" content=\"NETTALI.COM - Le Pr\u00e9sident du Cng, Bira S\u00e8ne, annonce l\u2019ouverture prochaine de l\u2019ar\u00e8ne. Toutefois, ajoute-t-il, des mesures drastiques seront prises. \u00a0\u00abOn va vers l\u2019exigence\u00a0de la carte\u00a0de vaccination pour acc\u00e9der \u00e0 l\u2019ar\u00e8ne nationale. Pour acheter votre billet et entrer, il faudra pr\u00e9senter d\u2019abord votre carnet de vaccination, mettre un masque et du gel, entrer et respecter [&hellip;]\" \/>\n<meta property=\"og:url\" content=\"https:\/\/www.nettali.com\/2021\/08\/05\/les-nouvelles-exigences-pour-la-reouverture-de-larene\/\" \/>\n<meta property=\"og:site_name\" content=\"Nettali.com\" \/>\n<meta property=\"article:publisher\" content=\"https:\/\/www.facebook.com\/nettalicom\" \/>\n<meta property=\"article:published_time\" content=\"2021-08-05T12:14:10+00:00\" \/>\n<meta property=\"og:image\" content=\"https:\/\/www.nettali.com\/wp-content\/uploads\/2021\/02\/la-lutte-senegalaise-1024x609-1.jpg\" \/>\n\t<meta property=\"og:image:width\" content=\"1024\" \/>\n\t<meta property=\"og:image:height\" content=\"609\" \/>\n<meta name=\"twitter:card\" content=\"summary_large_image\" \/>\n<meta name=\"twitter:label1\" content=\"\u00c9crit par\" \/>\n\t<meta name=\"twitter:data1\" content=\"Daouda\" \/>\n\t<meta name=\"twitter:label2\" content=\"Dur\u00e9e de lecture estim\u00e9e\" \/>\n\t<meta name=\"twitter:data2\" content=\"1 minute\" \/>\n<script type=\"application\/ld+json\" class=\"yoast-schema-graph\">{\"@context\":\"https:\/\/schema.org\",\"@graph\":[{\"@type\":\"WebSite\",\"@id\":\"https:\/\/www.nettali.com\/#website\",\"url\":\"https:\/\/www.nettali.com\/\",\"name\":\"Nettali.com\",\"description\":\"Le rendez-vous critique du Net\",\"potentialAction\":[{\"@type\":\"SearchAction\",\"target\":{\"@type\":\"EntryPoint\",\"urlTemplate\":\"https:\/\/www.nettali.com\/?s={search_term_string}\"},\"query-input\":\"required name=search_term_string\"}],\"inLanguage\":\"fr-FR\"},{\"@type\":\"ImageObject\",\"@id\":\"https:\/\/www.nettali.com\/2021\/08\/05\/les-nouvelles-exigences-pour-la-reouverture-de-larene\/#primaryimage\",\"inLanguage\":\"fr-FR\",\"url\":\"https:\/\/www.nettali.com\/wp-content\/uploads\/2021\/02\/la-lutte-senegalaise-1024x609-1.jpg\",\"contentUrl\":\"https:\/\/www.nettali.com\/wp-content\/uploads\/2021\/02\/la-lutte-senegalaise-1024x609-1.jpg\",\"width\":1024,\"height\":609},{\"@type\":\"WebPage\",\"@id\":\"https:\/\/www.nettali.com\/2021\/08\/05\/les-nouvelles-exigences-pour-la-reouverture-de-larene\/#webpage\",\"url\":\"https:\/\/www.nettali.com\/2021\/08\/05\/les-nouvelles-exigences-pour-la-reouverture-de-larene\/\",\"name\":\"Les nouvelles exigences pour la r\\u00e9ouverture de l\\u2019ar\\u00e8ne | Nettali.com\",\"isPartOf\":{\"@id\":\"https:\/\/www.nettali.com\/#website\"},\"primaryImageOfPage\":{\"@id\":\"https:\/\/www.nettali.com\/2021\/08\/05\/les-nouvelles-exigences-pour-la-reouverture-de-larene\/#primaryimage\"},\"datePublished\":\"2021-08-05T12:14:10+00:00\",\"dateModified\":\"2021-08-05T12:14:10+00:00\",\"author\":{\"@id\":\"https:\/\/www.nettali.com\/#\/schema\/person\/3317e0bb3aa1da309fbf7b2780901bf4\"},\"breadcrumb\":{\"@id\":\"https:\/\/www.nettali.com\/2021\/08\/05\/les-nouvelles-exigences-pour-la-reouverture-de-larene\/#breadcrumb\"},\"inLanguage\":\"fr-FR\",\"potentialAction\":[{\"@type\":\"ReadAction\",\"target\":[\"https:\/\/www.nettali.com\/2021\/08\/05\/les-nouvelles-exigences-pour-la-reouverture-de-larene\/\"]}]},{\"@type\":\"BreadcrumbList\",\"@id\":\"https:\/\/www.nettali.com\/2021\/08\/05\/les-nouvelles-exigences-pour-la-reouverture-de-larene\/#breadcrumb\",\"itemListElement\":[{\"@type\":\"ListItem\",\"position\":1,\"name\":\"Accueil\",\"item\":\"https:\/\/www.nettali.com\/\"},{\"@type\":\"ListItem\",\"position\":2,\"name\":\"Les nouvelles exigences pour la r\\u00e9ouverture de l\\u2019ar\\u00e8ne\"}]},{\"@type\":\"Person\",\"@id\":\"https:\/\/www.nettali.com\/#\/schema\/person\/3317e0bb3aa1da309fbf7b2780901bf4\",\"name\":\"Daouda\",\"image\":{\"@type\":\"ImageObject\",\"@id\":\"https:\/\/www.nettali.com\/#personlogo\",\"inLanguage\":\"fr-FR\",\"url\":\"https:\/\/secure.gravatar.com\/avatar\/8d143b5a49345098ddcfee1c49c2f47c?s=96&d=mm&r=g\",\"contentUrl\":\"https:\/\/secure.gravatar.com\/avatar\/8d143b5a49345098ddcfee1c49c2f47c?s=96&d=mm&r=g\",\"caption\":\"Daouda\"},\"sameAs\":[\"https:\/\/www.nettali.com\"]}]}<\/script>\n<!-- \/ Yoast SEO Premium plugin. -->","yoast_head_json":{"title":"Les nouvelles exigences pour la r\u00e9ouverture de l\u2019ar\u00e8ne | Nettali.com","robots":{"index":"index","follow":"follow","max-snippet":"max-snippet:-1","max-image-preview":"max-image-preview:large","max-video-preview":"max-video-preview:-1"},"canonical":"https:\/\/www.nettali.com\/2021\/08\/05\/les-nouvelles-exigences-pour-la-reouverture-de-larene\/","og_locale":"fr_FR","og_type":"article","og_title":"Les nouvelles exigences pour la r\u00e9ouverture de l\u2019ar\u00e8ne","og_description":"NETTALI.COM - Le Pr\u00e9sident du Cng, Bira S\u00e8ne, annonce l\u2019ouverture prochaine de l\u2019ar\u00e8ne. Toutefois, ajoute-t-il, des mesures drastiques seront prises. \u00a0\u00abOn va vers l\u2019exigence\u00a0de la carte\u00a0de vaccination pour acc\u00e9der \u00e0 l\u2019ar\u00e8ne nationale. Pour acheter votre billet et entrer, il faudra pr\u00e9senter d\u2019abord votre carnet de vaccination, mettre un masque et du gel, entrer et respecter [&hellip;]","og_url":"https:\/\/www.nettali.com\/2021\/08\/05\/les-nouvelles-exigences-pour-la-reouverture-de-larene\/","og_site_name":"Nettali.com","article_publisher":"https:\/\/www.facebook.com\/nettalicom","article_published_time":"2021-08-05T12:14:10+00:00","og_image":[{"width":1024,"height":609,"url":"https:\/\/www.nettali.com\/wp-content\/uploads\/2021\/02\/la-lutte-senegalaise-1024x609-1.jpg","type":"image\/jpeg"}],"twitter_card":"summary_large_image","twitter_misc":{"\u00c9crit par":"Daouda","Dur\u00e9e de lecture estim\u00e9e":"1 minute"},"schema":{"@context":"https:\/\/schema.org","@graph":[{"@type":"WebSite","@id":"https:\/\/www.nettali.com\/#website","url":"https:\/\/www.nettali.com\/","name":"Nettali.com","description":"Le rendez-vous critique du Net","potentialAction":[{"@type":"SearchAction","target":{"@type":"EntryPoint","urlTemplate":"https:\/\/www.nettali.com\/?s={search_term_string}"},"query-input":"required name=search_term_string"}],"inLanguage":"fr-FR"},{"@type":"ImageObject","@id":"https:\/\/www.nettali.com\/2021\/08\/05\/les-nouvelles-exigences-pour-la-reouverture-de-larene\/#primaryimage","inLanguage":"fr-FR","url":"https:\/\/www.nettali.com\/wp-content\/uploads\/2021\/02\/la-lutte-senegalaise-1024x609-1.jpg","contentUrl":"https:\/\/www.nettali.com\/wp-content\/uploads\/2021\/02\/la-lutte-senegalaise-1024x609-1.jpg","width":1024,"height":609},{"@type":"WebPage","@id":"https:\/\/www.nettali.com\/2021\/08\/05\/les-nouvelles-exigences-pour-la-reouverture-de-larene\/#webpage","url":"https:\/\/www.nettali.com\/2021\/08\/05\/les-nouvelles-exigences-pour-la-reouverture-de-larene\/","name":"Les nouvelles exigences pour la r\u00e9ouverture de l\u2019ar\u00e8ne | Nettali.com","isPartOf":{"@id":"https:\/\/www.nettali.com\/#website"},"primaryImageOfPage":{"@id":"https:\/\/www.nettali.com\/2021\/08\/05\/les-nouvelles-exigences-pour-la-reouverture-de-larene\/#primaryimage"},"datePublished":"2021-08-05T12:14:10+00:00","dateModified":"2021-08-05T12:14:10+00:00","author":{"@id":"https:\/\/www.nettali.com\/#\/schema\/person\/3317e0bb3aa1da309fbf7b2780901bf4"},"breadcrumb":{"@id":"https:\/\/www.nettali.com\/2021\/08\/05\/les-nouvelles-exigences-pour-la-reouverture-de-larene\/#breadcrumb"},"inLanguage":"fr-FR","potentialAction":[{"@type":"ReadAction","target":["https:\/\/www.nettali.com\/2021\/08\/05\/les-nouvelles-exigences-pour-la-reouverture-de-larene\/"]}]},{"@type":"BreadcrumbList","@id":"https:\/\/www.nettali.com\/2021\/08\/05\/les-nouvelles-exigences-pour-la-reouverture-de-larene\/#breadcrumb","itemListElement":[{"@type":"ListItem","position":1,"name":"Accueil","item":"https:\/\/www.nettali.com\/"},{"@type":"ListItem","position":2,"name":"Les nouvelles exigences pour la r\u00e9ouverture de l\u2019ar\u00e8ne"}]},{"@type":"Person","@id":"https:\/\/www.nettali.com\/#\/schema\/person\/3317e0bb3aa1da309fbf7b2780901bf4","name":"Daouda","image":{"@type":"ImageObject","@id":"https:\/\/www.nettali.com\/#personlogo","inLanguage":"fr-FR","url":"https:\/\/secure.gravatar.com\/avatar\/8d143b5a49345098ddcfee1c49c2f47c?s=96&d=mm&r=g","contentUrl":"https:\/\/secure.gravatar.com\/avatar\/8d143b5a49345098ddcfee1c49c2f47c?s=96&d=mm&r=g","caption":"Daouda"},"sameAs":["https:\/\/www.nettali.com"]}]}},"_links":{"self":[{"href":"https:\/\/www.nettali.com\/rest\/wp\/v2\/posts\/69266"}],"collection":[{"href":"https:\/\/www.nettali.com\/rest\/wp\/v2\/posts"}],"about":[{"href":"https:\/\/www.nettali.com\/rest\/wp\/v2\/types\/post"}],"author":[{"embeddable":true,"href":"https:\/\/www.nettali.com\/rest\/wp\/v2\/users\/4"}],"replies":[{"embeddable":true,"href":"https:\/\/www.nettali.com\/rest\/wp\/v2\/comments?post=69266"}],"version-history":[{"count":1,"href":"https:\/\/www.nettali.com\/rest\/wp\/v2\/posts\/69266\/revisions"}],"predecessor-version":[{"id":69267,"href":"https:\/\/www.nettali.com\/rest\/wp\/v2\/posts\/69266\/revisions\/69267"}],"wp:featuredmedia":[{"embeddable":true,"href":"https:\/\/www.nettali.com\/rest\/wp\/v2\/media\/57960"}],"wp:attachment":[{"href":"https:\/\/www.nettali.com\/rest\/wp\/v2\/media?parent=69266"}],"wp:term":[{"taxonomy":"category","embeddable":true,"href":"https:\/\/www.nettali.com\/rest\/wp\/v2\/categories?post=69266"},{"taxonomy":"post_tag","embeddable":true,"href":"https:\/\/www.nettali.com\/rest\/wp\/v2\/tags?post=69266"}],"curies":[{"name":"wp","href":"https:\/\/api.w.org\/{rel}","templated":true}]}}