{"id":69110,"date":"2021-08-02T23:30:28","date_gmt":"2021-08-02T23:30:28","guid":{"rendered":"https:\/\/www.nettali.com\/?p=69110"},"modified":"2021-08-04T09:57:42","modified_gmt":"2021-08-04T09:57:42","slug":"coup-de-gueule-mais-de-qui-se-moque-diouf-sarr","status":"publish","type":"post","link":"https:\/\/www.nettali.com\/2021\/08\/02\/coup-de-gueule-mais-de-qui-se-moque-diouf-sarr\/","title":{"rendered":"COUP DE GUEULE - Mais de qui se moque Diouf Sarr ?"},"content":{"rendered":"<p><strong>NETTALI.COM\u00a0 - Les services du minist\u00e8re de la Sant\u00e9 n'ont pas perdu beaucoup de temps. 24 heures apr\u00e8s la sortie de Dr Babacar Niang soutenant que du mat\u00e9riel du public est vendu aux structures sanitaires priv\u00e9es, ils ont brandi une plainte pour diffamation. Seulement, Abdoulaye Diouf Sarr et ses gars semblent avoir oubli\u00e9 que le journaliste Madiambal Diagne avait, il y a quelques semaines, prof\u00e9r\u00e9 les m\u00eames accusations.<\/strong><\/p>\n<p><em>\"Du mat\u00e9riel du public est vendu aux structures sanitaires du priv\u00e9.\"\u00a0<\/em>Ce sont les propos tenus dimanche 1er Ao\u00fbt sur Iradio par Dr Babacar Niang du Samu national. Il n'en fallait pas plus pour que le minist\u00e8re de la Sant\u00e9 et de l'Action sociale brandisse une plainte. Abdoulaye Diouf Sarr et compagnie d\u00e9noncent des \"<em>propos diffamatoires, de nature \u00e0 porter le discr\u00e9dit sur les efforts d\u00e9ploy\u00e9s dans le cadre de la lutte contre la pand\u00e9mie au S\u00e9n\u00e9gal<\/em>\".<\/p>\n<p>Que l'on se comprenne bien. Le minist\u00e8re de la Sant\u00e9 est dans son droit de porter plainte. C'est m\u00eame une obligation, s'il se sent diffam\u00e9. Mais c'est \u00e0 croire que le ministre Abdoulaye Diouf Sarr et ses collaborateurs ne lisent pas les journaux. Encore moins \u00e9couter la radio. Sinon, ils auraient certainement compris que ce que la presse qualifie de <em>\"r\u00e9v\u00e9lations fracassantes\"<\/em> de Dr Niang, est loin d'\u00eatre le cas. En effet, le 19 juillet 2021, Madiambal Diagne brandissait les m\u00eames accusations dans une de ses chroniques intitul\u00e9e : \"<em>Serigne Babacar Sy Mansour, l\u2019exemple<\/em>\".<\/p>\n<p>\"<em>Les Centres de traitement des \u00e9pid\u00e9mies (Cte) avaient \u00e9t\u00e9 d\u00e9mont\u00e9s alors que la pand\u00e9mie n'\u00e9tait pas encore vaincue. On d\u00e9couvre, comme par enchantement, que toutes les cliniques m\u00e9dicales priv\u00e9es de Dakar qui ne disposaient pas de mat\u00e9riels et autres appareils respiratoires ont pu s'en doter apr\u00e8s le d\u00e9mant\u00e8lement des Cte<\/em>\", \u00e9crivait le patron du groupe \"Avenir communication\". Et d'ajouter : \"<em>Allez savoir, mais une telle co\u00efncidence est fort troublante ; surtout qu'on assiste \u00e0 la naissance d'un nouveau business, apparemment lucratif et qui se d\u00e9veloppe, avec des priv\u00e9s disposant d'appareils respiratoires qu'ils mettent \u00e0 disposition de malades rest\u00e9s \u00e0 domicile faute de places \u00e0 l'h\u00f4pital ou ne pouvant b\u00e9n\u00e9ficier d'une assistance respiratoire au niveau des structures hospitali\u00e8res<\/em>.\"<\/p>\n<p>C'est dire que Diouf Sarr serait bien inspir\u00e9 de brandir la m\u00eame plainte contre le journaliste Madiambal Diagne, s'il veut avoir un semblant de cr\u00e9dibilit\u00e9. A moins que...<\/p>\n<div class='share-to-whatsapp-wrapper'><div class='share-on-whsp'>PARTAGER SUR : <\/div><a data-text='COUP DE GUEULE - Mais de qui se moque Diouf Sarr ?' data-link='https:\/\/www.nettali.com\/2021\/08\/02\/coup-de-gueule-mais-de-qui-se-moque-diouf-sarr\/' class='whatsapp-button whatsapp-share'>WhatsApp<\/a><div class='clear '><\/div><\/div>","protected":false},"excerpt":{"rendered":"<p>NETTALI.COM\u00a0 - Les services du minist\u00e8re de la Sant\u00e9 n'ont pas perdu beaucoup de temps. 24 heures apr\u00e8s la sortie de Dr Babacar Niang soutenant que du mat\u00e9riel du public est vendu aux structures sanitaires priv\u00e9es, ils ont brandi une plainte pour diffamation. Seulement, Abdoulaye Diouf Sarr et ses gars semblent avoir oubli\u00e9 que le [&hellip;]<\/p>\n","protected":false},"author":3,"featured_media":25214,"comment_status":"open","ping_status":"open","sticky":false,"template":"","format":"standard","meta":{"_et_pb_use_builder":"","_et_pb_old_content":""},"categories":[12],"tags":[],"yoast_head":"<!-- This site is optimized with the Yoast SEO Premium plugin v17.8 (Yoast SEO v17.8) - https:\/\/yoast.com\/wordpress\/plugins\/seo\/ -->\n<title>COUP DE GUEULE - Mais de qui se moque Diouf Sarr ? | Nettali.com<\/title>\n<meta name=\"robots\" content=\"index, follow, max-snippet:-1, max-image-preview:large, max-video-preview:-1\" \/>\n<link rel=\"canonical\" href=\"https:\/\/www.nettali.com\/2021\/08\/02\/coup-de-gueule-mais-de-qui-se-moque-diouf-sarr\/\" \/>\n<meta property=\"og:locale\" content=\"fr_FR\" \/>\n<meta property=\"og:type\" content=\"article\" \/>\n<meta property=\"og:title\" content=\"COUP DE GUEULE - Mais de qui se moque Diouf Sarr ?\" \/>\n<meta property=\"og:description\" content=\"NETTALI.COM\u00a0 - Les services du minist\u00e8re de la Sant\u00e9 n&#039;ont pas perdu beaucoup de temps. 24 heures apr\u00e8s la sortie de Dr Babacar Niang soutenant que du mat\u00e9riel du public est vendu aux structures sanitaires priv\u00e9es, ils ont brandi une plainte pour diffamation. Seulement, Abdoulaye Diouf Sarr et ses gars semblent avoir oubli\u00e9 que le [&hellip;]\" \/>\n<meta property=\"og:url\" content=\"https:\/\/www.nettali.com\/2021\/08\/02\/coup-de-gueule-mais-de-qui-se-moque-diouf-sarr\/\" \/>\n<meta property=\"og:site_name\" content=\"Nettali.com\" \/>\n<meta property=\"article:publisher\" content=\"https:\/\/www.facebook.com\/nettalicom\" \/>\n<meta property=\"article:published_time\" content=\"2021-08-02T23:30:28+00:00\" \/>\n<meta property=\"article:modified_time\" content=\"2021-08-04T09:57:42+00:00\" \/>\n<meta property=\"og:image\" content=\"https:\/\/www.nettali.com\/wp-content\/uploads\/2019\/12\/diouf-sarr.jpg\" \/>\n\t<meta property=\"og:image:width\" content=\"875\" \/>\n\t<meta property=\"og:image:height\" content=\"500\" \/>\n<meta name=\"twitter:card\" content=\"summary_large_image\" \/>\n<meta name=\"twitter:label1\" content=\"\u00c9crit par\" \/>\n\t<meta name=\"twitter:data1\" content=\"Moustapha\" \/>\n\t<meta name=\"twitter:label2\" content=\"Dur\u00e9e de lecture estim\u00e9e\" \/>\n\t<meta name=\"twitter:data2\" content=\"2 minutes\" \/>\n<script type=\"application\/ld+json\" class=\"yoast-schema-graph\">{\"@context\":\"https:\/\/schema.org\",\"@graph\":[{\"@type\":\"WebSite\",\"@id\":\"https:\/\/www.nettali.com\/#website\",\"url\":\"https:\/\/www.nettali.com\/\",\"name\":\"Nettali.com\",\"description\":\"Le rendez-vous critique du Net\",\"potentialAction\":[{\"@type\":\"SearchAction\",\"target\":{\"@type\":\"EntryPoint\",\"urlTemplate\":\"https:\/\/www.nettali.com\/?s={search_term_string}\"},\"query-input\":\"required name=search_term_string\"}],\"inLanguage\":\"fr-FR\"},{\"@type\":\"ImageObject\",\"@id\":\"https:\/\/www.nettali.com\/2021\/08\/02\/coup-de-gueule-mais-de-qui-se-moque-diouf-sarr\/#primaryimage\",\"inLanguage\":\"fr-FR\",\"url\":\"https:\/\/www.nettali.com\/wp-content\/uploads\/2019\/12\/diouf-sarr.jpg\",\"contentUrl\":\"https:\/\/www.nettali.com\/wp-content\/uploads\/2019\/12\/diouf-sarr.jpg\",\"width\":875,\"height\":500},{\"@type\":\"WebPage\",\"@id\":\"https:\/\/www.nettali.com\/2021\/08\/02\/coup-de-gueule-mais-de-qui-se-moque-diouf-sarr\/#webpage\",\"url\":\"https:\/\/www.nettali.com\/2021\/08\/02\/coup-de-gueule-mais-de-qui-se-moque-diouf-sarr\/\",\"name\":\"COUP DE GUEULE - Mais de qui se moque Diouf Sarr ? | Nettali.com\",\"isPartOf\":{\"@id\":\"https:\/\/www.nettali.com\/#website\"},\"primaryImageOfPage\":{\"@id\":\"https:\/\/www.nettali.com\/2021\/08\/02\/coup-de-gueule-mais-de-qui-se-moque-diouf-sarr\/#primaryimage\"},\"datePublished\":\"2021-08-02T23:30:28+00:00\",\"dateModified\":\"2021-08-04T09:57:42+00:00\",\"author\":{\"@id\":\"https:\/\/www.nettali.com\/#\/schema\/person\/7962a12a6e0267f88f0ffa544c36469a\"},\"breadcrumb\":{\"@id\":\"https:\/\/www.nettali.com\/2021\/08\/02\/coup-de-gueule-mais-de-qui-se-moque-diouf-sarr\/#breadcrumb\"},\"inLanguage\":\"fr-FR\",\"potentialAction\":[{\"@type\":\"ReadAction\",\"target\":[\"https:\/\/www.nettali.com\/2021\/08\/02\/coup-de-gueule-mais-de-qui-se-moque-diouf-sarr\/\"]}]},{\"@type\":\"BreadcrumbList\",\"@id\":\"https:\/\/www.nettali.com\/2021\/08\/02\/coup-de-gueule-mais-de-qui-se-moque-diouf-sarr\/#breadcrumb\",\"itemListElement\":[{\"@type\":\"ListItem\",\"position\":1,\"name\":\"Accueil\",\"item\":\"https:\/\/www.nettali.com\/\"},{\"@type\":\"ListItem\",\"position\":2,\"name\":\"COUP DE GUEULE &#8211; Mais de qui se moque Diouf Sarr ?\"}]},{\"@type\":\"Person\",\"@id\":\"https:\/\/www.nettali.com\/#\/schema\/person\/7962a12a6e0267f88f0ffa544c36469a\",\"name\":\"Moustapha\",\"image\":{\"@type\":\"ImageObject\",\"@id\":\"https:\/\/www.nettali.com\/#personlogo\",\"inLanguage\":\"fr-FR\",\"url\":\"https:\/\/secure.gravatar.com\/avatar\/10fdf6a071cccdcf374e3dbe45159590?s=96&d=mm&r=g\",\"contentUrl\":\"https:\/\/secure.gravatar.com\/avatar\/10fdf6a071cccdcf374e3dbe45159590?s=96&d=mm&r=g\",\"caption\":\"Moustapha\"},\"sameAs\":[\"https:\/\/www.nettali.com\"]}]}<\/script>\n<!-- \/ Yoast SEO Premium plugin. -->","yoast_head_json":{"title":"COUP DE GUEULE - Mais de qui se moque Diouf Sarr ? | Nettali.com","robots":{"index":"index","follow":"follow","max-snippet":"max-snippet:-1","max-image-preview":"max-image-preview:large","max-video-preview":"max-video-preview:-1"},"canonical":"https:\/\/www.nettali.com\/2021\/08\/02\/coup-de-gueule-mais-de-qui-se-moque-diouf-sarr\/","og_locale":"fr_FR","og_type":"article","og_title":"COUP DE GUEULE - Mais de qui se moque Diouf Sarr ?","og_description":"NETTALI.COM\u00a0 - Les services du minist\u00e8re de la Sant\u00e9 n'ont pas perdu beaucoup de temps. 24 heures apr\u00e8s la sortie de Dr Babacar Niang soutenant que du mat\u00e9riel du public est vendu aux structures sanitaires priv\u00e9es, ils ont brandi une plainte pour diffamation. Seulement, Abdoulaye Diouf Sarr et ses gars semblent avoir oubli\u00e9 que le [&hellip;]","og_url":"https:\/\/www.nettali.com\/2021\/08\/02\/coup-de-gueule-mais-de-qui-se-moque-diouf-sarr\/","og_site_name":"Nettali.com","article_publisher":"https:\/\/www.facebook.com\/nettalicom","article_published_time":"2021-08-02T23:30:28+00:00","article_modified_time":"2021-08-04T09:57:42+00:00","og_image":[{"width":875,"height":500,"url":"https:\/\/www.nettali.com\/wp-content\/uploads\/2019\/12\/diouf-sarr.jpg","type":"image\/jpeg"}],"twitter_card":"summary_large_image","twitter_misc":{"\u00c9crit par":"Moustapha","Dur\u00e9e de lecture estim\u00e9e":"2 minutes"},"schema":{"@context":"https:\/\/schema.org","@graph":[{"@type":"WebSite","@id":"https:\/\/www.nettali.com\/#website","url":"https:\/\/www.nettali.com\/","name":"Nettali.com","description":"Le rendez-vous critique du Net","potentialAction":[{"@type":"SearchAction","target":{"@type":"EntryPoint","urlTemplate":"https:\/\/www.nettali.com\/?s={search_term_string}"},"query-input":"required name=search_term_string"}],"inLanguage":"fr-FR"},{"@type":"ImageObject","@id":"https:\/\/www.nettali.com\/2021\/08\/02\/coup-de-gueule-mais-de-qui-se-moque-diouf-sarr\/#primaryimage","inLanguage":"fr-FR","url":"https:\/\/www.nettali.com\/wp-content\/uploads\/2019\/12\/diouf-sarr.jpg","contentUrl":"https:\/\/www.nettali.com\/wp-content\/uploads\/2019\/12\/diouf-sarr.jpg","width":875,"height":500},{"@type":"WebPage","@id":"https:\/\/www.nettali.com\/2021\/08\/02\/coup-de-gueule-mais-de-qui-se-moque-diouf-sarr\/#webpage","url":"https:\/\/www.nettali.com\/2021\/08\/02\/coup-de-gueule-mais-de-qui-se-moque-diouf-sarr\/","name":"COUP DE GUEULE - Mais de qui se moque Diouf Sarr ? | Nettali.com","isPartOf":{"@id":"https:\/\/www.nettali.com\/#website"},"primaryImageOfPage":{"@id":"https:\/\/www.nettali.com\/2021\/08\/02\/coup-de-gueule-mais-de-qui-se-moque-diouf-sarr\/#primaryimage"},"datePublished":"2021-08-02T23:30:28+00:00","dateModified":"2021-08-04T09:57:42+00:00","author":{"@id":"https:\/\/www.nettali.com\/#\/schema\/person\/7962a12a6e0267f88f0ffa544c36469a"},"breadcrumb":{"@id":"https:\/\/www.nettali.com\/2021\/08\/02\/coup-de-gueule-mais-de-qui-se-moque-diouf-sarr\/#breadcrumb"},"inLanguage":"fr-FR","potentialAction":[{"@type":"ReadAction","target":["https:\/\/www.nettali.com\/2021\/08\/02\/coup-de-gueule-mais-de-qui-se-moque-diouf-sarr\/"]}]},{"@type":"BreadcrumbList","@id":"https:\/\/www.nettali.com\/2021\/08\/02\/coup-de-gueule-mais-de-qui-se-moque-diouf-sarr\/#breadcrumb","itemListElement":[{"@type":"ListItem","position":1,"name":"Accueil","item":"https:\/\/www.nettali.com\/"},{"@type":"ListItem","position":2,"name":"COUP DE GUEULE &#8211; Mais de qui se moque Diouf Sarr ?"}]},{"@type":"Person","@id":"https:\/\/www.nettali.com\/#\/schema\/person\/7962a12a6e0267f88f0ffa544c36469a","name":"Moustapha","image":{"@type":"ImageObject","@id":"https:\/\/www.nettali.com\/#personlogo","inLanguage":"fr-FR","url":"https:\/\/secure.gravatar.com\/avatar\/10fdf6a071cccdcf374e3dbe45159590?s=96&d=mm&r=g","contentUrl":"https:\/\/secure.gravatar.com\/avatar\/10fdf6a071cccdcf374e3dbe45159590?s=96&d=mm&r=g","caption":"Moustapha"},"sameAs":["https:\/\/www.nettali.com"]}]}},"_links":{"self":[{"href":"https:\/\/www.nettali.com\/rest\/wp\/v2\/posts\/69110"}],"collection":[{"href":"https:\/\/www.nettali.com\/rest\/wp\/v2\/posts"}],"about":[{"href":"https:\/\/www.nettali.com\/rest\/wp\/v2\/types\/post"}],"author":[{"embeddable":true,"href":"https:\/\/www.nettali.com\/rest\/wp\/v2\/users\/3"}],"replies":[{"embeddable":true,"href":"https:\/\/www.nettali.com\/rest\/wp\/v2\/comments?post=69110"}],"version-history":[{"count":4,"href":"https:\/\/www.nettali.com\/rest\/wp\/v2\/posts\/69110\/revisions"}],"predecessor-version":[{"id":69139,"href":"https:\/\/www.nettali.com\/rest\/wp\/v2\/posts\/69110\/revisions\/69139"}],"wp:featuredmedia":[{"embeddable":true,"href":"https:\/\/www.nettali.com\/rest\/wp\/v2\/media\/25214"}],"wp:attachment":[{"href":"https:\/\/www.nettali.com\/rest\/wp\/v2\/media?parent=69110"}],"wp:term":[{"taxonomy":"category","embeddable":true,"href":"https:\/\/www.nettali.com\/rest\/wp\/v2\/categories?post=69110"},{"taxonomy":"post_tag","embeddable":true,"href":"https:\/\/www.nettali.com\/rest\/wp\/v2\/tags?post=69110"}],"curies":[{"name":"wp","href":"https:\/\/api.w.org\/{rel}","templated":true}]}}