{"id":69053,"date":"2021-08-02T19:32:16","date_gmt":"2021-08-02T19:32:16","guid":{"rendered":"https:\/\/www.nettali.com\/?p=69053"},"modified":"2021-08-03T01:11:24","modified_gmt":"2021-08-03T01:11:24","slug":"matam-explosion-de-cas-les-cte-au-bord-de-limplosion","status":"publish","type":"post","link":"https:\/\/www.nettali.com\/2021\/08\/02\/matam-explosion-de-cas-les-cte-au-bord-de-limplosion\/","title":{"rendered":"EXPLOSION DE CAS DE COVID A MATAM - Les CTE au bord de l\u2019implosion"},"content":{"rendered":"<p><strong>NETTALI.COM - Soixante nouvelles contaminations en une semaine, plus de la moiti\u00e9 des 24 lits occup\u00e9e. La 3e vague du coronavirus est en train de se propager avec une grande facilit\u00e9 dans la 11e r\u00e9gion du S\u00e9n\u00e9gal. La situation commence \u00e0 inqui\u00e9ter au plus haut point les autorit\u00e9s sanitaires, d\u2019autant que la r\u00e9gion, malgr\u00e9 sa grande superficie de 29 000 km2, ne dispose que d\u2019un seul m\u00e9decin r\u00e9animateur.<\/strong><\/p>\n<p>Malgr\u00e9 le d\u00e9ni manifeste des populations locales, le nouveau variant de la Covid-19 continue de gonfler ses funestes statistiques. La r\u00e9gion de Matam compte, depuis le d\u00e9but de la pand\u00e9mie, 688 cas. Des chiffres qui ont clairement explos\u00e9, depuis l\u2019av\u00e8nement de la 3e vague. La moyenne de nouveaux cas d\u00e9tect\u00e9s est de presque 10 par jour.<\/p>\n<p>Selon EnQu\u00eate, la tendance n\u2019est pas pr\u00eate d\u2019\u00eatre renvers\u00e9e, avec le rel\u00e2chement des populations doubl\u00e9 de la contagiosit\u00e9 \u00e9clair du variant Delta. Les mesures restrictives prises par le minist\u00e8re de l\u2019Int\u00e9rieur, rendant obligatoire le port du masque dans les lieux publics et dans les voitures, ne sont pas encore appliqu\u00e9es. Les cons\u00e9quences sont imm\u00e9diates : en seulement sept jours, la r\u00e9gion m\u00e9dicale a recens\u00e9 60 nouveaux cas de Covid-19.<\/p>\n<p>Toutes ces contaminations proviennent d'individus dont on ignore les patients z\u00e9ro, des \u201ccas communautaires\u2019\u2019, comme on les appelle commun\u00e9ment. Cette situation inqui\u00e8te v\u00e9ritablement les plus avertis. L\u2019infirmier-chef de poste en service dans un village du d\u00e9partement de Kanel, tenu par le devoir de r\u00e9serve, n\u2019approuve gu\u00e8re les strat\u00e9gies des autorit\u00e9s. \u201c<em>La 3e vague fait des ravages et nos autorit\u00e9s trainent encore les pieds, au moment de prendre les mesures qui s\u2019imposent. Est-ce que tu as vu les gens porter les masques ? Dans les voitures de transport en commun, non seulement les passagers sont entass\u00e9s, mais en plus, ils ne portent m\u00eame pas de masque. Ces voitures passent devant les forces de l\u2019ordre sans \u00eatre inqui\u00e9t\u00e9es. Et nous qui sommes dans les structures de sant\u00e9, nous sommes les plus expos\u00e9es. Il y a des cas communautaires, chaque jour. Donc, nous sommes entour\u00e9s par des porteurs sains. Nous traitons les patients sans les pr\u00e9cautions idoines ; nous n\u2019avons pas de combinaisons !<\/em>\u2019\u2019, confie-t-il \u00e0 EnQu\u00eate.<\/p>\n<p><strong>Un r\u00e9animateur pour toute la r\u00e9gion<\/strong><\/p>\n<p>Le personnel de sant\u00e9 est sur le qui-vive et a d\u00e9j\u00e0 recommenc\u00e9 \u00e0 assurer des heures suppl\u00e9mentaires pour soigner les 81 patients qui sont actuellement sous traitement. Ces individus positifs \u00e0 la Covid-19 sont pris en charge principalement dans les CTE (Centres de traitement des \u00e9pid\u00e9mies). Dans la r\u00e9gion, il y en a que deux ; l\u2019un est install\u00e9 au centre hospitalier r\u00e9gional de Ourossogui o\u00f9 sont trait\u00e9s les cas graves, et l\u2019autre se trouve \u00e0 l\u2019h\u00f4pital de Matam, sp\u00e9cialis\u00e9 dans le traitement des cas l\u00e9gers \u00e0 mod\u00e9r\u00e9s.<\/p>\n<p>Les deux CTE ne comptent que 24 lits chauds : les 18 se trouvent \u00e0 l\u2019h\u00f4pital de Matam et les six autres sont log\u00e9s au CHR de Ourossogui. Le nombre de morts, qui \u00e9tait fam\u00e9lique lors de la 1re vague, se retrouve presque boost\u00e9 par la virulence du variant Delta. Plus d\u2019une dizaine de patients sont d\u00e9c\u00e9d\u00e9s, depuis l\u2019installation de la 3e vague dans la r\u00e9gion de Matam. Cette flamb\u00e9e de d\u00e9c\u00e8s pourrait s\u2019expliquer par le fait qu\u2019il n\u2019y a qu\u2019un seul m\u00e9decin r\u00e9animateur dans toute la r\u00e9gion. \u201c<em>Il faut normalement d\u2019autres r\u00e9animateurs pour g\u00e9rer les cas graves dans les CTE. Un seul m\u00e9decin aura du mal \u00e0 faire face \u00e0 tout le travail. M\u00eame s\u2019il est second\u00e9 par des urgentistes. Mais il est clair que l\u2019urgentiste a un r\u00f4le bien d\u00e9fini, mais en donnant certains soins, il outrepasse ses fonctions avec tous les risques que cela comporte. Je ne suis pas en train de dire que le nombre \u00e9lev\u00e9 de morts dans les CTE s\u2019explique par le fait qu\u2019il n\u2019y a qu\u2019un seul r\u00e9a, mais je sais qu\u2019avec d\u2019autres sp\u00e9cialistes, on aura plus de chances de sauver des cas critiques<\/em>\u2019\u2019, explique un chef de service \u00e0 l\u2019h\u00f4pital de Ourossogui.<\/p>\n<p>La courbe des nouveaux cas est r\u00e9solument ascendante et pourrait conduire \u00e0 une situation de d\u00e9bordement, puisque sur les 24 lits disponibles, les 14 sont d\u00e9j\u00e0 occup\u00e9s. Le personnel soignant dans les CTE aurait pu \u00eatre d\u00e9bord\u00e9, si tous les cas positifs \u00e9taient soign\u00e9s dans les structures sanitaires. C\u2019est parce que la politique de la r\u00e9gion m\u00e9dicale, conform\u00e9ment aux directives du minist\u00e8re de la Sant\u00e9, a favoris\u00e9 le traitement \u00e0 domicile des cas moins graves.<\/p>\n<p><strong>Encore dans le d\u00e9ni <\/strong><\/p>\n<p>Les cas positifs se multiplient au quotidien, les morts aussi deviennent de plus en plus fr\u00e9quentes. Tous les voyants sont au rouge. Mais les populations, dans leur \u00e9crasante majorit\u00e9, refusent de croire en l\u2019existence de cette 3e vague. Les mesures barri\u00e8res ne sont plus respect\u00e9es, les rassemblements ont repris de plus belle sans masque de protection. Moussa est un m\u00e9canicien pour qui la Covid n\u2019est plus qu\u2019un vieux souvenir : \u201c<em>Le coronavirus est termin\u00e9. Franchement, je ne fais plus attention \u00e0 ce virus. Avant, je respectais les mesures \u00e9dict\u00e9es. Je ne serrais la main \u00e0 personne. Parce qu\u2019on m\u2019avait convaincu de la dangerosit\u00e9 du virus. Mais aujourd\u2019hui, je ne crois pas que ce virus soit aussi mortel qu\u2019on nous l\u2019avait pr\u00e9sent\u00e9. Les politiciens \u00e9taient venus ici. Ils ont tenu tous leurs rassemblements. Ils ont sillonn\u00e9 tous les recoins de la r\u00e9gion et juste apr\u00e8s avoir termin\u00e9, on nous parle d\u2019une 3e vague. Je pense que les autorit\u00e9s ne nous disent pas la v\u00e9rit\u00e9<\/em>\u2019\u2019, rousp\u00e8te un trentenaire dans le journal.<\/p>\n<p>M\u00eame son de cloche chez Fatima, une habitante du village de Sinthiou Garba, dans le d\u00e9partement de Kanel : \u201c<em>Je suis certaine que la maladie du coronavirus est maitris\u00e9e. Les gens continuent d\u2019en parler, parce que \u00e7a rapporte de l\u2019argent. Ce sont les blouses blanches qui inventent les chiffres que vous entendez. Aujourd\u2019hui, tu peux souffrir de n\u2019importe quelle maladie, si tu pars dans une structure de sant\u00e9, ils te diront que tu as le virus. Je peux vous dire que si le nombre de morts augmente ces temps-ci, c\u2019est parce que les gens savent que si vous amenez votre malade \u00e0 l\u2019h\u00f4pital, il sera \u00e0 coup s\u00fbr consid\u00e9r\u00e9 comme positif \u00e0 la Covid. Cons\u00e9quence : les gens restent dans les maisons en trainant leur maladie qui va s\u2019aggraver et finir par tuer la personne<\/em>\u2019\u2019, dit-elle avec certitude.<\/p>\n<div class='share-to-whatsapp-wrapper'><div class='share-on-whsp'>PARTAGER SUR : <\/div><a data-text='EXPLOSION DE CAS DE COVID A MATAM - Les CTE au bord de l\u2019implosion' data-link='https:\/\/www.nettali.com\/2021\/08\/02\/matam-explosion-de-cas-les-cte-au-bord-de-limplosion\/' class='whatsapp-button whatsapp-share'>WhatsApp<\/a><div class='clear '><\/div><\/div>","protected":false},"excerpt":{"rendered":"<p>NETTALI.COM - Soixante nouvelles contaminations en une semaine, plus de la moiti\u00e9 des 24 lits occup\u00e9e. La 3e vague du coronavirus est en train de se propager avec une grande facilit\u00e9 dans la 11e r\u00e9gion du S\u00e9n\u00e9gal. La situation commence \u00e0 inqui\u00e9ter au plus haut point les autorit\u00e9s sanitaires, d\u2019autant que la r\u00e9gion, malgr\u00e9 sa [&hellip;]<\/p>\n","protected":false},"author":6,"featured_media":32478,"comment_status":"open","ping_status":"open","sticky":false,"template":"","format":"standard","meta":{"_et_pb_use_builder":"","_et_pb_old_content":""},"categories":[22],"tags":[],"yoast_head":"<!-- This site is optimized with the Yoast SEO Premium plugin v17.8 (Yoast SEO v17.8) - https:\/\/yoast.com\/wordpress\/plugins\/seo\/ -->\n<title>EXPLOSION DE CAS DE COVID A MATAM - Les CTE au bord de l\u2019implosion | Nettali.com<\/title>\n<meta name=\"robots\" content=\"index, follow, max-snippet:-1, max-image-preview:large, max-video-preview:-1\" \/>\n<link rel=\"canonical\" href=\"https:\/\/www.nettali.com\/2021\/08\/02\/matam-explosion-de-cas-les-cte-au-bord-de-limplosion\/\" \/>\n<meta property=\"og:locale\" content=\"fr_FR\" \/>\n<meta property=\"og:type\" content=\"article\" \/>\n<meta property=\"og:title\" content=\"EXPLOSION DE CAS DE COVID A MATAM - Les CTE au bord de l\u2019implosion\" \/>\n<meta property=\"og:description\" content=\"NETTALI.COM - Soixante nouvelles contaminations en une semaine, plus de la moiti\u00e9 des 24 lits occup\u00e9e. La 3e vague du coronavirus est en train de se propager avec une grande facilit\u00e9 dans la 11e r\u00e9gion du S\u00e9n\u00e9gal. La situation commence \u00e0 inqui\u00e9ter au plus haut point les autorit\u00e9s sanitaires, d\u2019autant que la r\u00e9gion, malgr\u00e9 sa [&hellip;]\" \/>\n<meta property=\"og:url\" content=\"https:\/\/www.nettali.com\/2021\/08\/02\/matam-explosion-de-cas-les-cte-au-bord-de-limplosion\/\" \/>\n<meta property=\"og:site_name\" content=\"Nettali.com\" \/>\n<meta property=\"article:publisher\" content=\"https:\/\/www.facebook.com\/nettalicom\" \/>\n<meta property=\"article:published_time\" content=\"2021-08-02T19:32:16+00:00\" \/>\n<meta property=\"article:modified_time\" content=\"2021-08-03T01:11:24+00:00\" \/>\n<meta property=\"og:image\" content=\"https:\/\/www.nettali.com\/wp-content\/uploads\/2020\/03\/Senegal-Covid-19.jpg\" \/>\n\t<meta property=\"og:image:width\" content=\"1080\" \/>\n\t<meta property=\"og:image:height\" content=\"720\" \/>\n<meta name=\"twitter:card\" content=\"summary_large_image\" \/>\n<meta name=\"twitter:label1\" content=\"\u00c9crit par\" \/>\n\t<meta name=\"twitter:data1\" content=\"Fatou\" \/>\n\t<meta name=\"twitter:label2\" content=\"Dur\u00e9e de lecture estim\u00e9e\" \/>\n\t<meta name=\"twitter:data2\" content=\"5 minutes\" \/>\n<script type=\"application\/ld+json\" class=\"yoast-schema-graph\">{\"@context\":\"https:\/\/schema.org\",\"@graph\":[{\"@type\":\"WebSite\",\"@id\":\"https:\/\/www.nettali.com\/#website\",\"url\":\"https:\/\/www.nettali.com\/\",\"name\":\"Nettali.com\",\"description\":\"Le rendez-vous critique du Net\",\"potentialAction\":[{\"@type\":\"SearchAction\",\"target\":{\"@type\":\"EntryPoint\",\"urlTemplate\":\"https:\/\/www.nettali.com\/?s={search_term_string}\"},\"query-input\":\"required name=search_term_string\"}],\"inLanguage\":\"fr-FR\"},{\"@type\":\"ImageObject\",\"@id\":\"https:\/\/www.nettali.com\/2021\/08\/02\/matam-explosion-de-cas-les-cte-au-bord-de-limplosion\/#primaryimage\",\"inLanguage\":\"fr-FR\",\"url\":\"https:\/\/www.nettali.com\/wp-content\/uploads\/2020\/03\/Senegal-Covid-19.jpg\",\"contentUrl\":\"https:\/\/www.nettali.com\/wp-content\/uploads\/2020\/03\/Senegal-Covid-19.jpg\",\"width\":1080,\"height\":720},{\"@type\":\"WebPage\",\"@id\":\"https:\/\/www.nettali.com\/2021\/08\/02\/matam-explosion-de-cas-les-cte-au-bord-de-limplosion\/#webpage\",\"url\":\"https:\/\/www.nettali.com\/2021\/08\/02\/matam-explosion-de-cas-les-cte-au-bord-de-limplosion\/\",\"name\":\"EXPLOSION DE CAS DE COVID A MATAM - Les CTE au bord de l\\u2019implosion | Nettali.com\",\"isPartOf\":{\"@id\":\"https:\/\/www.nettali.com\/#website\"},\"primaryImageOfPage\":{\"@id\":\"https:\/\/www.nettali.com\/2021\/08\/02\/matam-explosion-de-cas-les-cte-au-bord-de-limplosion\/#primaryimage\"},\"datePublished\":\"2021-08-02T19:32:16+00:00\",\"dateModified\":\"2021-08-03T01:11:24+00:00\",\"author\":{\"@id\":\"https:\/\/www.nettali.com\/#\/schema\/person\/418274a86bdf87caff7a3ef476bd0bbf\"},\"breadcrumb\":{\"@id\":\"https:\/\/www.nettali.com\/2021\/08\/02\/matam-explosion-de-cas-les-cte-au-bord-de-limplosion\/#breadcrumb\"},\"inLanguage\":\"fr-FR\",\"potentialAction\":[{\"@type\":\"ReadAction\",\"target\":[\"https:\/\/www.nettali.com\/2021\/08\/02\/matam-explosion-de-cas-les-cte-au-bord-de-limplosion\/\"]}]},{\"@type\":\"BreadcrumbList\",\"@id\":\"https:\/\/www.nettali.com\/2021\/08\/02\/matam-explosion-de-cas-les-cte-au-bord-de-limplosion\/#breadcrumb\",\"itemListElement\":[{\"@type\":\"ListItem\",\"position\":1,\"name\":\"Accueil\",\"item\":\"https:\/\/www.nettali.com\/\"},{\"@type\":\"ListItem\",\"position\":2,\"name\":\"EXPLOSION DE CAS DE COVID A MATAM &#8211; Les CTE au bord de l\\u2019implosion\"}]},{\"@type\":\"Person\",\"@id\":\"https:\/\/www.nettali.com\/#\/schema\/person\/418274a86bdf87caff7a3ef476bd0bbf\",\"name\":\"Fatou\",\"image\":{\"@type\":\"ImageObject\",\"@id\":\"https:\/\/www.nettali.com\/#personlogo\",\"inLanguage\":\"fr-FR\",\"url\":\"https:\/\/secure.gravatar.com\/avatar\/5a9442a2bee7b4dcf167cab035858e9a?s=96&d=mm&r=g\",\"contentUrl\":\"https:\/\/secure.gravatar.com\/avatar\/5a9442a2bee7b4dcf167cab035858e9a?s=96&d=mm&r=g\",\"caption\":\"Fatou\"},\"sameAs\":[\"https:\/\/www.nettali.com\"]}]}<\/script>\n<!-- \/ Yoast SEO Premium plugin. -->","yoast_head_json":{"title":"EXPLOSION DE CAS DE COVID A MATAM - Les CTE au bord de l\u2019implosion | Nettali.com","robots":{"index":"index","follow":"follow","max-snippet":"max-snippet:-1","max-image-preview":"max-image-preview:large","max-video-preview":"max-video-preview:-1"},"canonical":"https:\/\/www.nettali.com\/2021\/08\/02\/matam-explosion-de-cas-les-cte-au-bord-de-limplosion\/","og_locale":"fr_FR","og_type":"article","og_title":"EXPLOSION DE CAS DE COVID A MATAM - Les CTE au bord de l\u2019implosion","og_description":"NETTALI.COM - Soixante nouvelles contaminations en une semaine, plus de la moiti\u00e9 des 24 lits occup\u00e9e. La 3e vague du coronavirus est en train de se propager avec une grande facilit\u00e9 dans la 11e r\u00e9gion du S\u00e9n\u00e9gal. La situation commence \u00e0 inqui\u00e9ter au plus haut point les autorit\u00e9s sanitaires, d\u2019autant que la r\u00e9gion, malgr\u00e9 sa [&hellip;]","og_url":"https:\/\/www.nettali.com\/2021\/08\/02\/matam-explosion-de-cas-les-cte-au-bord-de-limplosion\/","og_site_name":"Nettali.com","article_publisher":"https:\/\/www.facebook.com\/nettalicom","article_published_time":"2021-08-02T19:32:16+00:00","article_modified_time":"2021-08-03T01:11:24+00:00","og_image":[{"width":1080,"height":720,"url":"https:\/\/www.nettali.com\/wp-content\/uploads\/2020\/03\/Senegal-Covid-19.jpg","type":"image\/jpeg"}],"twitter_card":"summary_large_image","twitter_misc":{"\u00c9crit par":"Fatou","Dur\u00e9e de lecture estim\u00e9e":"5 minutes"},"schema":{"@context":"https:\/\/schema.org","@graph":[{"@type":"WebSite","@id":"https:\/\/www.nettali.com\/#website","url":"https:\/\/www.nettali.com\/","name":"Nettali.com","description":"Le rendez-vous critique du Net","potentialAction":[{"@type":"SearchAction","target":{"@type":"EntryPoint","urlTemplate":"https:\/\/www.nettali.com\/?s={search_term_string}"},"query-input":"required name=search_term_string"}],"inLanguage":"fr-FR"},{"@type":"ImageObject","@id":"https:\/\/www.nettali.com\/2021\/08\/02\/matam-explosion-de-cas-les-cte-au-bord-de-limplosion\/#primaryimage","inLanguage":"fr-FR","url":"https:\/\/www.nettali.com\/wp-content\/uploads\/2020\/03\/Senegal-Covid-19.jpg","contentUrl":"https:\/\/www.nettali.com\/wp-content\/uploads\/2020\/03\/Senegal-Covid-19.jpg","width":1080,"height":720},{"@type":"WebPage","@id":"https:\/\/www.nettali.com\/2021\/08\/02\/matam-explosion-de-cas-les-cte-au-bord-de-limplosion\/#webpage","url":"https:\/\/www.nettali.com\/2021\/08\/02\/matam-explosion-de-cas-les-cte-au-bord-de-limplosion\/","name":"EXPLOSION DE CAS DE COVID A MATAM - Les CTE au bord de l\u2019implosion | Nettali.com","isPartOf":{"@id":"https:\/\/www.nettali.com\/#website"},"primaryImageOfPage":{"@id":"https:\/\/www.nettali.com\/2021\/08\/02\/matam-explosion-de-cas-les-cte-au-bord-de-limplosion\/#primaryimage"},"datePublished":"2021-08-02T19:32:16+00:00","dateModified":"2021-08-03T01:11:24+00:00","author":{"@id":"https:\/\/www.nettali.com\/#\/schema\/person\/418274a86bdf87caff7a3ef476bd0bbf"},"breadcrumb":{"@id":"https:\/\/www.nettali.com\/2021\/08\/02\/matam-explosion-de-cas-les-cte-au-bord-de-limplosion\/#breadcrumb"},"inLanguage":"fr-FR","potentialAction":[{"@type":"ReadAction","target":["https:\/\/www.nettali.com\/2021\/08\/02\/matam-explosion-de-cas-les-cte-au-bord-de-limplosion\/"]}]},{"@type":"BreadcrumbList","@id":"https:\/\/www.nettali.com\/2021\/08\/02\/matam-explosion-de-cas-les-cte-au-bord-de-limplosion\/#breadcrumb","itemListElement":[{"@type":"ListItem","position":1,"name":"Accueil","item":"https:\/\/www.nettali.com\/"},{"@type":"ListItem","position":2,"name":"EXPLOSION DE CAS DE COVID A MATAM &#8211; Les CTE au bord de l\u2019implosion"}]},{"@type":"Person","@id":"https:\/\/www.nettali.com\/#\/schema\/person\/418274a86bdf87caff7a3ef476bd0bbf","name":"Fatou","image":{"@type":"ImageObject","@id":"https:\/\/www.nettali.com\/#personlogo","inLanguage":"fr-FR","url":"https:\/\/secure.gravatar.com\/avatar\/5a9442a2bee7b4dcf167cab035858e9a?s=96&d=mm&r=g","contentUrl":"https:\/\/secure.gravatar.com\/avatar\/5a9442a2bee7b4dcf167cab035858e9a?s=96&d=mm&r=g","caption":"Fatou"},"sameAs":["https:\/\/www.nettali.com"]}]}},"_links":{"self":[{"href":"https:\/\/www.nettali.com\/rest\/wp\/v2\/posts\/69053"}],"collection":[{"href":"https:\/\/www.nettali.com\/rest\/wp\/v2\/posts"}],"about":[{"href":"https:\/\/www.nettali.com\/rest\/wp\/v2\/types\/post"}],"author":[{"embeddable":true,"href":"https:\/\/www.nettali.com\/rest\/wp\/v2\/users\/6"}],"replies":[{"embeddable":true,"href":"https:\/\/www.nettali.com\/rest\/wp\/v2\/comments?post=69053"}],"version-history":[{"count":4,"href":"https:\/\/www.nettali.com\/rest\/wp\/v2\/posts\/69053\/revisions"}],"predecessor-version":[{"id":69107,"href":"https:\/\/www.nettali.com\/rest\/wp\/v2\/posts\/69053\/revisions\/69107"}],"wp:featuredmedia":[{"embeddable":true,"href":"https:\/\/www.nettali.com\/rest\/wp\/v2\/media\/32478"}],"wp:attachment":[{"href":"https:\/\/www.nettali.com\/rest\/wp\/v2\/media?parent=69053"}],"wp:term":[{"taxonomy":"category","embeddable":true,"href":"https:\/\/www.nettali.com\/rest\/wp\/v2\/categories?post=69053"},{"taxonomy":"post_tag","embeddable":true,"href":"https:\/\/www.nettali.com\/rest\/wp\/v2\/tags?post=69053"}],"curies":[{"name":"wp","href":"https:\/\/api.w.org\/{rel}","templated":true}]}}