{"id":68831,"date":"2021-07-29T17:26:02","date_gmt":"2021-07-29T17:26:02","guid":{"rendered":"https:\/\/www.nettali.com\/?p=68831"},"modified":"2021-07-29T17:26:02","modified_gmt":"2021-07-29T17:26:02","slug":"la-guinee-equatoriale-retient-un-helicoptere-militaire-francais","status":"publish","type":"post","link":"https:\/\/www.nettali.com\/2021\/07\/29\/la-guinee-equatoriale-retient-un-helicoptere-militaire-francais\/","title":{"rendered":"La Guin\u00e9e \u00e9quatoriale retient un h\u00e9licopt\u00e8re militaire fran\u00e7ais"},"content":{"rendered":"<p>NETTALI.COM - La France a annonc\u00e9 jeudi qu'un de ses h\u00e9licopt\u00e8res militaires avec \u00e0 son bord six soldats avait \u00e9t\u00e9 retenu apr\u00e8s son atterrissage en Guin\u00e9e \u00e9quatoriale, un incident diplomatique qui illustre les relations tendues entre Malabo et Paris.<\/p>\n<p>L'h\u00e9licopt\u00e8re a atterri dans le port de Bata mercredi soir, quelques heures apr\u00e8s que la Cour de cassation a confirm\u00e9 la condamnation du vice-pr\u00e9sident de Guin\u00e9e Equatoriale, Teodorin Obiang, dans l'affaire dite des \"biens mal acquis\".<\/p>\n<p>Le fils et l'h\u00e9ritier du pr\u00e9sident Teodoro Obiang Nguema Mbasogo a \u00e9crit sur Twitter qu'un \"h\u00e9licopt\u00e8re de reconnaissance\" avait atterri sans autorisation apr\u00e8s avoir viol\u00e9 l'espace a\u00e9rien du pays.<\/p>\n<p>\"Cela d\u00e9montre une fois de plus l'intention de la France de d\u00e9stabiliser la R\u00e9publique de Guin\u00e9e \u00e9quatoriale\", a-t-il d\u00e9clar\u00e9.<\/p>\n<p>Le colonel Pascal Ianni, porte-parole du chef d'\u00e9tat-major des Arm\u00e9es, a pr\u00e9cis\u00e9 que les six soldats \u00e0 bord de l'h\u00e9licopt\u00e8re n'\u00e9taient pas arm\u00e9s.<\/p>\n<p>L'appareil se rendait de Douala, au Cameroun voisin, \u00e0 une base militaire fran\u00e7aise situ\u00e9e \u00e0 Libreville, au Gabon, et s'\u00e9tait arr\u00eat\u00e9 \u00e0 Bata se ravitailler en carburant, a-t-il pr\u00e9cis\u00e9, niant toute intention de nuire \u00e0 la Guin\u00e9e \u00e9quatoriale.<\/p>\n<p>\"Les autorit\u00e9s de Guin\u00e9e \u00e9quatoriale ont d\u00e9cid\u00e9 de retenir l'h\u00e9licopt\u00e8re. [La situation] est en train d'\u00eatre r\u00e9gl\u00e9e au niveau diplomatique\", a ajout\u00e9 le colonel fran\u00e7ais.<\/p>\n<p>Teodorin Obiang, dont le p\u00e8re dirige la Guin\u00e9e \u00e9quatoriale depuis 42 ans, a \u00e9t\u00e9 condamn\u00e9 en f\u00e9vrier 2020 \u00e0 trois ans de prison avec sursis et 30 millions d'euros d'amende pour avoir acquis un patrimoine luxueux en France gr\u00e2ce \u00e0 des fonds d\u00e9tourn\u00e9s en Guin\u00e9e \u00e9quatoriale.<\/p>\n<p>Ni le gouvernement de Guin\u00e9e \u00e9quatoriale, ni Teodorin Obiang n'ont comment\u00e9 la d\u00e9cision de la Cour de cassation. Ils ont fait valoir que le verdict violait son droit \u00e0 l'immunit\u00e9 diplomatique.<\/p>\n<p>(Avec Reuters)<\/p>\n<div class='share-to-whatsapp-wrapper'><div class='share-on-whsp'>PARTAGER SUR : <\/div><a data-text='La Guin\u00e9e \u00e9quatoriale retient un h\u00e9licopt\u00e8re militaire fran\u00e7ais' data-link='https:\/\/www.nettali.com\/2021\/07\/29\/la-guinee-equatoriale-retient-un-helicoptere-militaire-francais\/' class='whatsapp-button whatsapp-share'>WhatsApp<\/a><div class='clear '><\/div><\/div>","protected":false},"excerpt":{"rendered":"<p>NETTALI.COM - La France a annonc\u00e9 jeudi qu'un de ses h\u00e9licopt\u00e8res militaires avec \u00e0 son bord six soldats avait \u00e9t\u00e9 retenu apr\u00e8s son atterrissage en Guin\u00e9e \u00e9quatoriale, un incident diplomatique qui illustre les relations tendues entre Malabo et Paris. L'h\u00e9licopt\u00e8re a atterri dans le port de Bata mercredi soir, quelques heures apr\u00e8s que la Cour [&hellip;]<\/p>\n","protected":false},"author":11,"featured_media":68832,"comment_status":"open","ping_status":"open","sticky":false,"template":"","format":"standard","meta":{"_et_pb_use_builder":"","_et_pb_old_content":""},"categories":[8],"tags":[],"yoast_head":"<!-- This site is optimized with the Yoast SEO Premium plugin v17.8 (Yoast SEO v17.8) - https:\/\/yoast.com\/wordpress\/plugins\/seo\/ -->\n<title>La Guin\u00e9e \u00e9quatoriale retient un h\u00e9licopt\u00e8re militaire fran\u00e7ais | Nettali.com<\/title>\n<meta name=\"robots\" content=\"index, follow, max-snippet:-1, max-image-preview:large, max-video-preview:-1\" \/>\n<link rel=\"canonical\" href=\"https:\/\/www.nettali.com\/2021\/07\/29\/la-guinee-equatoriale-retient-un-helicoptere-militaire-francais\/\" \/>\n<meta property=\"og:locale\" content=\"fr_FR\" \/>\n<meta property=\"og:type\" content=\"article\" \/>\n<meta property=\"og:title\" content=\"La Guin\u00e9e \u00e9quatoriale retient un h\u00e9licopt\u00e8re militaire fran\u00e7ais\" \/>\n<meta property=\"og:description\" content=\"NETTALI.COM - La France a annonc\u00e9 jeudi qu&#039;un de ses h\u00e9licopt\u00e8res militaires avec \u00e0 son bord six soldats avait \u00e9t\u00e9 retenu apr\u00e8s son atterrissage en Guin\u00e9e \u00e9quatoriale, un incident diplomatique qui illustre les relations tendues entre Malabo et Paris. L&#039;h\u00e9licopt\u00e8re a atterri dans le port de Bata mercredi soir, quelques heures apr\u00e8s que la Cour [&hellip;]\" \/>\n<meta property=\"og:url\" content=\"https:\/\/www.nettali.com\/2021\/07\/29\/la-guinee-equatoriale-retient-un-helicoptere-militaire-francais\/\" \/>\n<meta property=\"og:site_name\" content=\"Nettali.com\" \/>\n<meta property=\"article:publisher\" content=\"https:\/\/www.facebook.com\/nettalicom\" \/>\n<meta property=\"article:published_time\" content=\"2021-07-29T17:26:02+00:00\" \/>\n<meta property=\"og:image\" content=\"https:\/\/www.nettali.com\/wp-content\/uploads\/2021\/07\/obiang.jpg\" \/>\n\t<meta property=\"og:image:width\" content=\"1000\" \/>\n\t<meta property=\"og:image:height\" content=\"750\" \/>\n<meta name=\"twitter:card\" content=\"summary_large_image\" \/>\n<meta name=\"twitter:label1\" content=\"\u00c9crit par\" \/>\n\t<meta name=\"twitter:data1\" content=\"Thierno Diop\" \/>\n\t<meta name=\"twitter:label2\" content=\"Dur\u00e9e de lecture estim\u00e9e\" \/>\n\t<meta name=\"twitter:data2\" content=\"2 minutes\" \/>\n<script type=\"application\/ld+json\" class=\"yoast-schema-graph\">{\"@context\":\"https:\/\/schema.org\",\"@graph\":[{\"@type\":\"WebSite\",\"@id\":\"https:\/\/www.nettali.com\/#website\",\"url\":\"https:\/\/www.nettali.com\/\",\"name\":\"Nettali.com\",\"description\":\"Le rendez-vous critique du Net\",\"potentialAction\":[{\"@type\":\"SearchAction\",\"target\":{\"@type\":\"EntryPoint\",\"urlTemplate\":\"https:\/\/www.nettali.com\/?s={search_term_string}\"},\"query-input\":\"required name=search_term_string\"}],\"inLanguage\":\"fr-FR\"},{\"@type\":\"ImageObject\",\"@id\":\"https:\/\/www.nettali.com\/2021\/07\/29\/la-guinee-equatoriale-retient-un-helicoptere-militaire-francais\/#primaryimage\",\"inLanguage\":\"fr-FR\",\"url\":\"https:\/\/www.nettali.com\/wp-content\/uploads\/2021\/07\/obiang.jpg\",\"contentUrl\":\"https:\/\/www.nettali.com\/wp-content\/uploads\/2021\/07\/obiang.jpg\",\"width\":1000,\"height\":750},{\"@type\":\"WebPage\",\"@id\":\"https:\/\/www.nettali.com\/2021\/07\/29\/la-guinee-equatoriale-retient-un-helicoptere-militaire-francais\/#webpage\",\"url\":\"https:\/\/www.nettali.com\/2021\/07\/29\/la-guinee-equatoriale-retient-un-helicoptere-militaire-francais\/\",\"name\":\"La Guin\\u00e9e \\u00e9quatoriale retient un h\\u00e9licopt\\u00e8re militaire fran\\u00e7ais | Nettali.com\",\"isPartOf\":{\"@id\":\"https:\/\/www.nettali.com\/#website\"},\"primaryImageOfPage\":{\"@id\":\"https:\/\/www.nettali.com\/2021\/07\/29\/la-guinee-equatoriale-retient-un-helicoptere-militaire-francais\/#primaryimage\"},\"datePublished\":\"2021-07-29T17:26:02+00:00\",\"dateModified\":\"2021-07-29T17:26:02+00:00\",\"author\":{\"@id\":\"https:\/\/www.nettali.com\/#\/schema\/person\/8a06c6bd7b19304cf4bf985862900b5b\"},\"breadcrumb\":{\"@id\":\"https:\/\/www.nettali.com\/2021\/07\/29\/la-guinee-equatoriale-retient-un-helicoptere-militaire-francais\/#breadcrumb\"},\"inLanguage\":\"fr-FR\",\"potentialAction\":[{\"@type\":\"ReadAction\",\"target\":[\"https:\/\/www.nettali.com\/2021\/07\/29\/la-guinee-equatoriale-retient-un-helicoptere-militaire-francais\/\"]}]},{\"@type\":\"BreadcrumbList\",\"@id\":\"https:\/\/www.nettali.com\/2021\/07\/29\/la-guinee-equatoriale-retient-un-helicoptere-militaire-francais\/#breadcrumb\",\"itemListElement\":[{\"@type\":\"ListItem\",\"position\":1,\"name\":\"Accueil\",\"item\":\"https:\/\/www.nettali.com\/\"},{\"@type\":\"ListItem\",\"position\":2,\"name\":\"La Guin\\u00e9e \\u00e9quatoriale retient un h\\u00e9licopt\\u00e8re militaire fran\\u00e7ais\"}]},{\"@type\":\"Person\",\"@id\":\"https:\/\/www.nettali.com\/#\/schema\/person\/8a06c6bd7b19304cf4bf985862900b5b\",\"name\":\"Thierno Diop\",\"image\":{\"@type\":\"ImageObject\",\"@id\":\"https:\/\/www.nettali.com\/#personlogo\",\"inLanguage\":\"fr-FR\",\"url\":\"https:\/\/secure.gravatar.com\/avatar\/c8ca58550c94fd2ac856d27391a6c866?s=96&d=mm&r=g\",\"contentUrl\":\"https:\/\/secure.gravatar.com\/avatar\/c8ca58550c94fd2ac856d27391a6c866?s=96&d=mm&r=g\",\"caption\":\"Thierno Diop\"},\"sameAs\":[\"https:\/\/nettali.com\"]}]}<\/script>\n<!-- \/ Yoast SEO Premium plugin. -->","yoast_head_json":{"title":"La Guin\u00e9e \u00e9quatoriale retient un h\u00e9licopt\u00e8re militaire fran\u00e7ais | Nettali.com","robots":{"index":"index","follow":"follow","max-snippet":"max-snippet:-1","max-image-preview":"max-image-preview:large","max-video-preview":"max-video-preview:-1"},"canonical":"https:\/\/www.nettali.com\/2021\/07\/29\/la-guinee-equatoriale-retient-un-helicoptere-militaire-francais\/","og_locale":"fr_FR","og_type":"article","og_title":"La Guin\u00e9e \u00e9quatoriale retient un h\u00e9licopt\u00e8re militaire fran\u00e7ais","og_description":"NETTALI.COM - La France a annonc\u00e9 jeudi qu'un de ses h\u00e9licopt\u00e8res militaires avec \u00e0 son bord six soldats avait \u00e9t\u00e9 retenu apr\u00e8s son atterrissage en Guin\u00e9e \u00e9quatoriale, un incident diplomatique qui illustre les relations tendues entre Malabo et Paris. L'h\u00e9licopt\u00e8re a atterri dans le port de Bata mercredi soir, quelques heures apr\u00e8s que la Cour [&hellip;]","og_url":"https:\/\/www.nettali.com\/2021\/07\/29\/la-guinee-equatoriale-retient-un-helicoptere-militaire-francais\/","og_site_name":"Nettali.com","article_publisher":"https:\/\/www.facebook.com\/nettalicom","article_published_time":"2021-07-29T17:26:02+00:00","og_image":[{"width":1000,"height":750,"url":"https:\/\/www.nettali.com\/wp-content\/uploads\/2021\/07\/obiang.jpg","type":"image\/jpeg"}],"twitter_card":"summary_large_image","twitter_misc":{"\u00c9crit par":"Thierno Diop","Dur\u00e9e de lecture estim\u00e9e":"2 minutes"},"schema":{"@context":"https:\/\/schema.org","@graph":[{"@type":"WebSite","@id":"https:\/\/www.nettali.com\/#website","url":"https:\/\/www.nettali.com\/","name":"Nettali.com","description":"Le rendez-vous critique du Net","potentialAction":[{"@type":"SearchAction","target":{"@type":"EntryPoint","urlTemplate":"https:\/\/www.nettali.com\/?s={search_term_string}"},"query-input":"required name=search_term_string"}],"inLanguage":"fr-FR"},{"@type":"ImageObject","@id":"https:\/\/www.nettali.com\/2021\/07\/29\/la-guinee-equatoriale-retient-un-helicoptere-militaire-francais\/#primaryimage","inLanguage":"fr-FR","url":"https:\/\/www.nettali.com\/wp-content\/uploads\/2021\/07\/obiang.jpg","contentUrl":"https:\/\/www.nettali.com\/wp-content\/uploads\/2021\/07\/obiang.jpg","width":1000,"height":750},{"@type":"WebPage","@id":"https:\/\/www.nettali.com\/2021\/07\/29\/la-guinee-equatoriale-retient-un-helicoptere-militaire-francais\/#webpage","url":"https:\/\/www.nettali.com\/2021\/07\/29\/la-guinee-equatoriale-retient-un-helicoptere-militaire-francais\/","name":"La Guin\u00e9e \u00e9quatoriale retient un h\u00e9licopt\u00e8re militaire fran\u00e7ais | Nettali.com","isPartOf":{"@id":"https:\/\/www.nettali.com\/#website"},"primaryImageOfPage":{"@id":"https:\/\/www.nettali.com\/2021\/07\/29\/la-guinee-equatoriale-retient-un-helicoptere-militaire-francais\/#primaryimage"},"datePublished":"2021-07-29T17:26:02+00:00","dateModified":"2021-07-29T17:26:02+00:00","author":{"@id":"https:\/\/www.nettali.com\/#\/schema\/person\/8a06c6bd7b19304cf4bf985862900b5b"},"breadcrumb":{"@id":"https:\/\/www.nettali.com\/2021\/07\/29\/la-guinee-equatoriale-retient-un-helicoptere-militaire-francais\/#breadcrumb"},"inLanguage":"fr-FR","potentialAction":[{"@type":"ReadAction","target":["https:\/\/www.nettali.com\/2021\/07\/29\/la-guinee-equatoriale-retient-un-helicoptere-militaire-francais\/"]}]},{"@type":"BreadcrumbList","@id":"https:\/\/www.nettali.com\/2021\/07\/29\/la-guinee-equatoriale-retient-un-helicoptere-militaire-francais\/#breadcrumb","itemListElement":[{"@type":"ListItem","position":1,"name":"Accueil","item":"https:\/\/www.nettali.com\/"},{"@type":"ListItem","position":2,"name":"La Guin\u00e9e \u00e9quatoriale retient un h\u00e9licopt\u00e8re militaire fran\u00e7ais"}]},{"@type":"Person","@id":"https:\/\/www.nettali.com\/#\/schema\/person\/8a06c6bd7b19304cf4bf985862900b5b","name":"Thierno Diop","image":{"@type":"ImageObject","@id":"https:\/\/www.nettali.com\/#personlogo","inLanguage":"fr-FR","url":"https:\/\/secure.gravatar.com\/avatar\/c8ca58550c94fd2ac856d27391a6c866?s=96&d=mm&r=g","contentUrl":"https:\/\/secure.gravatar.com\/avatar\/c8ca58550c94fd2ac856d27391a6c866?s=96&d=mm&r=g","caption":"Thierno Diop"},"sameAs":["https:\/\/nettali.com"]}]}},"_links":{"self":[{"href":"https:\/\/www.nettali.com\/rest\/wp\/v2\/posts\/68831"}],"collection":[{"href":"https:\/\/www.nettali.com\/rest\/wp\/v2\/posts"}],"about":[{"href":"https:\/\/www.nettali.com\/rest\/wp\/v2\/types\/post"}],"author":[{"embeddable":true,"href":"https:\/\/www.nettali.com\/rest\/wp\/v2\/users\/11"}],"replies":[{"embeddable":true,"href":"https:\/\/www.nettali.com\/rest\/wp\/v2\/comments?post=68831"}],"version-history":[{"count":1,"href":"https:\/\/www.nettali.com\/rest\/wp\/v2\/posts\/68831\/revisions"}],"predecessor-version":[{"id":68833,"href":"https:\/\/www.nettali.com\/rest\/wp\/v2\/posts\/68831\/revisions\/68833"}],"wp:featuredmedia":[{"embeddable":true,"href":"https:\/\/www.nettali.com\/rest\/wp\/v2\/media\/68832"}],"wp:attachment":[{"href":"https:\/\/www.nettali.com\/rest\/wp\/v2\/media?parent=68831"}],"wp:term":[{"taxonomy":"category","embeddable":true,"href":"https:\/\/www.nettali.com\/rest\/wp\/v2\/categories?post=68831"},{"taxonomy":"post_tag","embeddable":true,"href":"https:\/\/www.nettali.com\/rest\/wp\/v2\/tags?post=68831"}],"curies":[{"name":"wp","href":"https:\/\/api.w.org\/{rel}","templated":true}]}}