{"id":68818,"date":"2021-07-29T12:03:26","date_gmt":"2021-07-29T12:03:26","guid":{"rendered":"https:\/\/www.nettali.com\/?p=68818"},"modified":"2021-07-29T18:39:01","modified_gmt":"2021-07-29T18:39:01","slug":"me-malick-sall-infecte-par-la-covid-19","status":"publish","type":"post","link":"https:\/\/www.nettali.com\/2021\/07\/29\/me-malick-sall-infecte-par-la-covid-19\/","title":{"rendered":"Me Malick Sall infect\u00e9 par la Covid-19"},"content":{"rendered":"<p><strong>NETTALI.COM - Le Garde des sceaux, Me Malick Sall, \u00a0a \u00e9t\u00e9 infect\u00e9 par la Covid-19, informe la cellule de communication\u00a0 du ministre de la Justice. \u00a0 Malgr\u00e9 le fait qu\u2019il se soit vaccin\u00e9, Me Malick Sall a \u00e9t\u00e9 test\u00e9 positif \u00e0 la Covid-19. Il fait partie du lot des cas positifs du\u00a0 mercredi 28 juillet 2021.<\/strong><\/p>\n<p>Selon nos informations, il s'est imm\u00e9diatement mis en quarantaine et ses audiences sont suspendues.<\/p>\n<p>Le ministre de la Justice invite les citoyens \u00e0 un respect strict des mesures barri\u00e8res et \u00e0 se faire vacciner massivement. Il rassure que son \u00e9tat \u00a0est stable et souhaite un prompt r\u00e9tablissement \u00e0 tous les S\u00e9n\u00e9galais affect\u00e9s par ce virus.<\/p>\n<div class='share-to-whatsapp-wrapper'><div class='share-on-whsp'>PARTAGER SUR : <\/div><a data-text='Me Malick Sall infect\u00e9 par la Covid-19' data-link='https:\/\/www.nettali.com\/2021\/07\/29\/me-malick-sall-infecte-par-la-covid-19\/' class='whatsapp-button whatsapp-share'>WhatsApp<\/a><div class='clear '><\/div><\/div>","protected":false},"excerpt":{"rendered":"<p>NETTALI.COM - Le Garde des sceaux, Me Malick Sall, \u00a0a \u00e9t\u00e9 infect\u00e9 par la Covid-19, informe la cellule de communication\u00a0 du ministre de la Justice. \u00a0 Malgr\u00e9 le fait qu\u2019il se soit vaccin\u00e9, Me Malick Sall a \u00e9t\u00e9 test\u00e9 positif \u00e0 la Covid-19. Il fait partie du lot des cas positifs du\u00a0 mercredi 28 juillet [&hellip;]<\/p>\n","protected":false},"author":4,"featured_media":20696,"comment_status":"open","ping_status":"open","sticky":false,"template":"","format":"standard","meta":{"_et_pb_use_builder":"","_et_pb_old_content":""},"categories":[3878,3],"tags":[],"yoast_head":"<!-- This site is optimized with the Yoast SEO Premium plugin v17.8 (Yoast SEO v17.8) - https:\/\/yoast.com\/wordpress\/plugins\/seo\/ -->\n<title>Me Malick Sall infect\u00e9 par la Covid-19 | Nettali.com<\/title>\n<meta name=\"robots\" content=\"index, follow, max-snippet:-1, max-image-preview:large, max-video-preview:-1\" \/>\n<link rel=\"canonical\" href=\"https:\/\/www.nettali.com\/2021\/07\/29\/me-malick-sall-infecte-par-la-covid-19\/\" \/>\n<meta property=\"og:locale\" content=\"fr_FR\" \/>\n<meta property=\"og:type\" content=\"article\" \/>\n<meta property=\"og:title\" content=\"Me Malick Sall infect\u00e9 par la Covid-19\" \/>\n<meta property=\"og:description\" content=\"NETTALI.COM - Le Garde des sceaux, Me Malick Sall, \u00a0a \u00e9t\u00e9 infect\u00e9 par la Covid-19, informe la cellule de communication\u00a0 du ministre de la Justice. \u00a0 Malgr\u00e9 le fait qu\u2019il se soit vaccin\u00e9, Me Malick Sall a \u00e9t\u00e9 test\u00e9 positif \u00e0 la Covid-19. Il fait partie du lot des cas positifs du\u00a0 mercredi 28 juillet [&hellip;]\" \/>\n<meta property=\"og:url\" content=\"https:\/\/www.nettali.com\/2021\/07\/29\/me-malick-sall-infecte-par-la-covid-19\/\" \/>\n<meta property=\"og:site_name\" content=\"Nettali.com\" \/>\n<meta property=\"article:publisher\" content=\"https:\/\/www.facebook.com\/nettalicom\" \/>\n<meta property=\"article:published_time\" content=\"2021-07-29T12:03:26+00:00\" \/>\n<meta property=\"article:modified_time\" content=\"2021-07-29T18:39:01+00:00\" \/>\n<meta property=\"og:image\" content=\"https:\/\/www.nettali.com\/wp-content\/uploads\/2019\/10\/Me-Malick-Sall.jpg\" \/>\n\t<meta property=\"og:image:width\" content=\"903\" \/>\n\t<meta property=\"og:image:height\" content=\"658\" \/>\n<meta name=\"twitter:card\" content=\"summary_large_image\" \/>\n<meta name=\"twitter:label1\" content=\"\u00c9crit par\" \/>\n\t<meta name=\"twitter:data1\" content=\"Daouda\" \/>\n\t<meta name=\"twitter:label2\" content=\"Dur\u00e9e de lecture estim\u00e9e\" \/>\n\t<meta name=\"twitter:data2\" content=\"1 minute\" \/>\n<script type=\"application\/ld+json\" class=\"yoast-schema-graph\">{\"@context\":\"https:\/\/schema.org\",\"@graph\":[{\"@type\":\"WebSite\",\"@id\":\"https:\/\/www.nettali.com\/#website\",\"url\":\"https:\/\/www.nettali.com\/\",\"name\":\"Nettali.com\",\"description\":\"Le rendez-vous critique du Net\",\"potentialAction\":[{\"@type\":\"SearchAction\",\"target\":{\"@type\":\"EntryPoint\",\"urlTemplate\":\"https:\/\/www.nettali.com\/?s={search_term_string}\"},\"query-input\":\"required name=search_term_string\"}],\"inLanguage\":\"fr-FR\"},{\"@type\":\"ImageObject\",\"@id\":\"https:\/\/www.nettali.com\/2021\/07\/29\/me-malick-sall-infecte-par-la-covid-19\/#primaryimage\",\"inLanguage\":\"fr-FR\",\"url\":\"https:\/\/www.nettali.com\/wp-content\/uploads\/2019\/10\/Me-Malick-Sall.jpg\",\"contentUrl\":\"https:\/\/www.nettali.com\/wp-content\/uploads\/2019\/10\/Me-Malick-Sall.jpg\",\"width\":903,\"height\":658},{\"@type\":\"WebPage\",\"@id\":\"https:\/\/www.nettali.com\/2021\/07\/29\/me-malick-sall-infecte-par-la-covid-19\/#webpage\",\"url\":\"https:\/\/www.nettali.com\/2021\/07\/29\/me-malick-sall-infecte-par-la-covid-19\/\",\"name\":\"Me Malick Sall infect\\u00e9 par la Covid-19 | Nettali.com\",\"isPartOf\":{\"@id\":\"https:\/\/www.nettali.com\/#website\"},\"primaryImageOfPage\":{\"@id\":\"https:\/\/www.nettali.com\/2021\/07\/29\/me-malick-sall-infecte-par-la-covid-19\/#primaryimage\"},\"datePublished\":\"2021-07-29T12:03:26+00:00\",\"dateModified\":\"2021-07-29T18:39:01+00:00\",\"author\":{\"@id\":\"https:\/\/www.nettali.com\/#\/schema\/person\/3317e0bb3aa1da309fbf7b2780901bf4\"},\"breadcrumb\":{\"@id\":\"https:\/\/www.nettali.com\/2021\/07\/29\/me-malick-sall-infecte-par-la-covid-19\/#breadcrumb\"},\"inLanguage\":\"fr-FR\",\"potentialAction\":[{\"@type\":\"ReadAction\",\"target\":[\"https:\/\/www.nettali.com\/2021\/07\/29\/me-malick-sall-infecte-par-la-covid-19\/\"]}]},{\"@type\":\"BreadcrumbList\",\"@id\":\"https:\/\/www.nettali.com\/2021\/07\/29\/me-malick-sall-infecte-par-la-covid-19\/#breadcrumb\",\"itemListElement\":[{\"@type\":\"ListItem\",\"position\":1,\"name\":\"Accueil\",\"item\":\"https:\/\/www.nettali.com\/\"},{\"@type\":\"ListItem\",\"position\":2,\"name\":\"Me Malick Sall infect\\u00e9 par la Covid-19\"}]},{\"@type\":\"Person\",\"@id\":\"https:\/\/www.nettali.com\/#\/schema\/person\/3317e0bb3aa1da309fbf7b2780901bf4\",\"name\":\"Daouda\",\"image\":{\"@type\":\"ImageObject\",\"@id\":\"https:\/\/www.nettali.com\/#personlogo\",\"inLanguage\":\"fr-FR\",\"url\":\"https:\/\/secure.gravatar.com\/avatar\/8d143b5a49345098ddcfee1c49c2f47c?s=96&d=mm&r=g\",\"contentUrl\":\"https:\/\/secure.gravatar.com\/avatar\/8d143b5a49345098ddcfee1c49c2f47c?s=96&d=mm&r=g\",\"caption\":\"Daouda\"},\"sameAs\":[\"https:\/\/www.nettali.com\"]}]}<\/script>\n<!-- \/ Yoast SEO Premium plugin. -->","yoast_head_json":{"title":"Me Malick Sall infect\u00e9 par la Covid-19 | Nettali.com","robots":{"index":"index","follow":"follow","max-snippet":"max-snippet:-1","max-image-preview":"max-image-preview:large","max-video-preview":"max-video-preview:-1"},"canonical":"https:\/\/www.nettali.com\/2021\/07\/29\/me-malick-sall-infecte-par-la-covid-19\/","og_locale":"fr_FR","og_type":"article","og_title":"Me Malick Sall infect\u00e9 par la Covid-19","og_description":"NETTALI.COM - Le Garde des sceaux, Me Malick Sall, \u00a0a \u00e9t\u00e9 infect\u00e9 par la Covid-19, informe la cellule de communication\u00a0 du ministre de la Justice. \u00a0 Malgr\u00e9 le fait qu\u2019il se soit vaccin\u00e9, Me Malick Sall a \u00e9t\u00e9 test\u00e9 positif \u00e0 la Covid-19. Il fait partie du lot des cas positifs du\u00a0 mercredi 28 juillet [&hellip;]","og_url":"https:\/\/www.nettali.com\/2021\/07\/29\/me-malick-sall-infecte-par-la-covid-19\/","og_site_name":"Nettali.com","article_publisher":"https:\/\/www.facebook.com\/nettalicom","article_published_time":"2021-07-29T12:03:26+00:00","article_modified_time":"2021-07-29T18:39:01+00:00","og_image":[{"width":903,"height":658,"url":"https:\/\/www.nettali.com\/wp-content\/uploads\/2019\/10\/Me-Malick-Sall.jpg","type":"image\/jpeg"}],"twitter_card":"summary_large_image","twitter_misc":{"\u00c9crit par":"Daouda","Dur\u00e9e de lecture estim\u00e9e":"1 minute"},"schema":{"@context":"https:\/\/schema.org","@graph":[{"@type":"WebSite","@id":"https:\/\/www.nettali.com\/#website","url":"https:\/\/www.nettali.com\/","name":"Nettali.com","description":"Le rendez-vous critique du Net","potentialAction":[{"@type":"SearchAction","target":{"@type":"EntryPoint","urlTemplate":"https:\/\/www.nettali.com\/?s={search_term_string}"},"query-input":"required name=search_term_string"}],"inLanguage":"fr-FR"},{"@type":"ImageObject","@id":"https:\/\/www.nettali.com\/2021\/07\/29\/me-malick-sall-infecte-par-la-covid-19\/#primaryimage","inLanguage":"fr-FR","url":"https:\/\/www.nettali.com\/wp-content\/uploads\/2019\/10\/Me-Malick-Sall.jpg","contentUrl":"https:\/\/www.nettali.com\/wp-content\/uploads\/2019\/10\/Me-Malick-Sall.jpg","width":903,"height":658},{"@type":"WebPage","@id":"https:\/\/www.nettali.com\/2021\/07\/29\/me-malick-sall-infecte-par-la-covid-19\/#webpage","url":"https:\/\/www.nettali.com\/2021\/07\/29\/me-malick-sall-infecte-par-la-covid-19\/","name":"Me Malick Sall infect\u00e9 par la Covid-19 | Nettali.com","isPartOf":{"@id":"https:\/\/www.nettali.com\/#website"},"primaryImageOfPage":{"@id":"https:\/\/www.nettali.com\/2021\/07\/29\/me-malick-sall-infecte-par-la-covid-19\/#primaryimage"},"datePublished":"2021-07-29T12:03:26+00:00","dateModified":"2021-07-29T18:39:01+00:00","author":{"@id":"https:\/\/www.nettali.com\/#\/schema\/person\/3317e0bb3aa1da309fbf7b2780901bf4"},"breadcrumb":{"@id":"https:\/\/www.nettali.com\/2021\/07\/29\/me-malick-sall-infecte-par-la-covid-19\/#breadcrumb"},"inLanguage":"fr-FR","potentialAction":[{"@type":"ReadAction","target":["https:\/\/www.nettali.com\/2021\/07\/29\/me-malick-sall-infecte-par-la-covid-19\/"]}]},{"@type":"BreadcrumbList","@id":"https:\/\/www.nettali.com\/2021\/07\/29\/me-malick-sall-infecte-par-la-covid-19\/#breadcrumb","itemListElement":[{"@type":"ListItem","position":1,"name":"Accueil","item":"https:\/\/www.nettali.com\/"},{"@type":"ListItem","position":2,"name":"Me Malick Sall infect\u00e9 par la Covid-19"}]},{"@type":"Person","@id":"https:\/\/www.nettali.com\/#\/schema\/person\/3317e0bb3aa1da309fbf7b2780901bf4","name":"Daouda","image":{"@type":"ImageObject","@id":"https:\/\/www.nettali.com\/#personlogo","inLanguage":"fr-FR","url":"https:\/\/secure.gravatar.com\/avatar\/8d143b5a49345098ddcfee1c49c2f47c?s=96&d=mm&r=g","contentUrl":"https:\/\/secure.gravatar.com\/avatar\/8d143b5a49345098ddcfee1c49c2f47c?s=96&d=mm&r=g","caption":"Daouda"},"sameAs":["https:\/\/www.nettali.com"]}]}},"_links":{"self":[{"href":"https:\/\/www.nettali.com\/rest\/wp\/v2\/posts\/68818"}],"collection":[{"href":"https:\/\/www.nettali.com\/rest\/wp\/v2\/posts"}],"about":[{"href":"https:\/\/www.nettali.com\/rest\/wp\/v2\/types\/post"}],"author":[{"embeddable":true,"href":"https:\/\/www.nettali.com\/rest\/wp\/v2\/users\/4"}],"replies":[{"embeddable":true,"href":"https:\/\/www.nettali.com\/rest\/wp\/v2\/comments?post=68818"}],"version-history":[{"count":1,"href":"https:\/\/www.nettali.com\/rest\/wp\/v2\/posts\/68818\/revisions"}],"predecessor-version":[{"id":68819,"href":"https:\/\/www.nettali.com\/rest\/wp\/v2\/posts\/68818\/revisions\/68819"}],"wp:featuredmedia":[{"embeddable":true,"href":"https:\/\/www.nettali.com\/rest\/wp\/v2\/media\/20696"}],"wp:attachment":[{"href":"https:\/\/www.nettali.com\/rest\/wp\/v2\/media?parent=68818"}],"wp:term":[{"taxonomy":"category","embeddable":true,"href":"https:\/\/www.nettali.com\/rest\/wp\/v2\/categories?post=68818"},{"taxonomy":"post_tag","embeddable":true,"href":"https:\/\/www.nettali.com\/rest\/wp\/v2\/tags?post=68818"}],"curies":[{"name":"wp","href":"https:\/\/api.w.org\/{rel}","templated":true}]}}