{"id":68816,"date":"2021-07-29T11:43:53","date_gmt":"2021-07-29T11:43:53","guid":{"rendered":"https:\/\/www.nettali.com\/?p=68816"},"modified":"2021-07-29T11:43:53","modified_gmt":"2021-07-29T11:43:53","slug":"covid-19-pape-samba-mboup-teste-positif","status":"publish","type":"post","link":"https:\/\/www.nettali.com\/2021\/07\/29\/covid-19-pape-samba-mboup-teste-positif\/","title":{"rendered":"COVID-19 - Pape Samba Mboup test\u00e9 positif"},"content":{"rendered":"<p><strong>NETTALI.COM - Ancien chef de Cabinet du Pr\u00e9sident Abdoulaye Wade, Pape samba Mboup \u00a0a \u00e9t\u00e9 test\u00e9 positif \u00e0 la Covid19 en France.<\/strong><\/p>\n<p>Ancien ministre et chef de Cabinet du Pr\u00e9sident Abdoulaye Wade, membre de la sous coalition Mbollo Askanwi \"les Lib\u00e9raux R\u00e9publicains\" de BBY de la mouvance pr\u00e9sidentielle, Pape samba Mboup \u00a0a \u00e9t\u00e9 test\u00e9 positif \u00e0 la Covid19 en France, ce mercredi 28 juillet 2021.<\/p>\n<p>La nouvelle est pot\u00e9e par son\u00a0 ex-fr\u00e8re de parti, Farba Senghor. Selon ce dernier, M. Mboup \u00a0a \u00e9t\u00e9 aussit\u00f4t admis sous traitement \u00e0 l'H\u00f4pital Cochin au 4 \u00e8me arrondissement de Paris.<\/p>\n<p>\u00ab Toutefois, il convient de noter qu\u2019il avait d\u00e9j\u00e0 pris les deux doses de vaccin au S\u00e9n\u00e9gal au cours du lancement de la campagne de vaccination contre la pand\u00e9mie\u00bb, pr\u00e9cise, dans un texte publi\u00e9 via Facebook, Farba Senghor, Pr\u00e9sident Mbollo Askanwi.<\/p>\n<div class='share-to-whatsapp-wrapper'><div class='share-on-whsp'>PARTAGER SUR : <\/div><a data-text='COVID-19 - Pape Samba Mboup test\u00e9 positif' data-link='https:\/\/www.nettali.com\/2021\/07\/29\/covid-19-pape-samba-mboup-teste-positif\/' class='whatsapp-button whatsapp-share'>WhatsApp<\/a><div class='clear '><\/div><\/div>","protected":false},"excerpt":{"rendered":"<p>NETTALI.COM - Ancien chef de Cabinet du Pr\u00e9sident Abdoulaye Wade, Pape samba Mboup \u00a0a \u00e9t\u00e9 test\u00e9 positif \u00e0 la Covid19 en France. Ancien ministre et chef de Cabinet du Pr\u00e9sident Abdoulaye Wade, membre de la sous coalition Mbollo Askanwi \"les Lib\u00e9raux R\u00e9publicains\" de BBY de la mouvance pr\u00e9sidentielle, Pape samba Mboup \u00a0a \u00e9t\u00e9 test\u00e9 positif [&hellip;]<\/p>\n","protected":false},"author":11,"featured_media":25176,"comment_status":"open","ping_status":"open","sticky":false,"template":"","format":"standard","meta":{"_et_pb_use_builder":"","_et_pb_old_content":""},"categories":[2],"tags":[],"yoast_head":"<!-- This site is optimized with the Yoast SEO Premium plugin v17.8 (Yoast SEO v17.8) - https:\/\/yoast.com\/wordpress\/plugins\/seo\/ -->\n<title>COVID-19 - Pape Samba Mboup test\u00e9 positif | Nettali.com<\/title>\n<meta name=\"robots\" content=\"index, follow, max-snippet:-1, max-image-preview:large, max-video-preview:-1\" \/>\n<link rel=\"canonical\" href=\"https:\/\/www.nettali.com\/2021\/07\/29\/covid-19-pape-samba-mboup-teste-positif\/\" \/>\n<meta property=\"og:locale\" content=\"fr_FR\" \/>\n<meta property=\"og:type\" content=\"article\" \/>\n<meta property=\"og:title\" content=\"COVID-19 - Pape Samba Mboup test\u00e9 positif\" \/>\n<meta property=\"og:description\" content=\"NETTALI.COM - Ancien chef de Cabinet du Pr\u00e9sident Abdoulaye Wade, Pape samba Mboup \u00a0a \u00e9t\u00e9 test\u00e9 positif \u00e0 la Covid19 en France. Ancien ministre et chef de Cabinet du Pr\u00e9sident Abdoulaye Wade, membre de la sous coalition Mbollo Askanwi &quot;les Lib\u00e9raux R\u00e9publicains&quot; de BBY de la mouvance pr\u00e9sidentielle, Pape samba Mboup \u00a0a \u00e9t\u00e9 test\u00e9 positif [&hellip;]\" \/>\n<meta property=\"og:url\" content=\"https:\/\/www.nettali.com\/2021\/07\/29\/covid-19-pape-samba-mboup-teste-positif\/\" \/>\n<meta property=\"og:site_name\" content=\"Nettali.com\" \/>\n<meta property=\"article:publisher\" content=\"https:\/\/www.facebook.com\/nettalicom\" \/>\n<meta property=\"article:published_time\" content=\"2021-07-29T11:43:53+00:00\" \/>\n<meta property=\"og:image\" content=\"https:\/\/www.nettali.com\/wp-content\/uploads\/2019\/12\/pape-samba-mboup-696x445-1.jpg\" \/>\n\t<meta property=\"og:image:width\" content=\"696\" \/>\n\t<meta property=\"og:image:height\" content=\"445\" \/>\n<meta name=\"twitter:card\" content=\"summary_large_image\" \/>\n<meta name=\"twitter:label1\" content=\"\u00c9crit par\" \/>\n\t<meta name=\"twitter:data1\" content=\"Thierno Diop\" \/>\n\t<meta name=\"twitter:label2\" content=\"Dur\u00e9e de lecture estim\u00e9e\" \/>\n\t<meta name=\"twitter:data2\" content=\"1 minute\" \/>\n<script type=\"application\/ld+json\" class=\"yoast-schema-graph\">{\"@context\":\"https:\/\/schema.org\",\"@graph\":[{\"@type\":\"WebSite\",\"@id\":\"https:\/\/www.nettali.com\/#website\",\"url\":\"https:\/\/www.nettali.com\/\",\"name\":\"Nettali.com\",\"description\":\"Le rendez-vous critique du Net\",\"potentialAction\":[{\"@type\":\"SearchAction\",\"target\":{\"@type\":\"EntryPoint\",\"urlTemplate\":\"https:\/\/www.nettali.com\/?s={search_term_string}\"},\"query-input\":\"required name=search_term_string\"}],\"inLanguage\":\"fr-FR\"},{\"@type\":\"ImageObject\",\"@id\":\"https:\/\/www.nettali.com\/2021\/07\/29\/covid-19-pape-samba-mboup-teste-positif\/#primaryimage\",\"inLanguage\":\"fr-FR\",\"url\":\"https:\/\/www.nettali.com\/wp-content\/uploads\/2019\/12\/pape-samba-mboup-696x445-1.jpg\",\"contentUrl\":\"https:\/\/www.nettali.com\/wp-content\/uploads\/2019\/12\/pape-samba-mboup-696x445-1.jpg\",\"width\":696,\"height\":445},{\"@type\":\"WebPage\",\"@id\":\"https:\/\/www.nettali.com\/2021\/07\/29\/covid-19-pape-samba-mboup-teste-positif\/#webpage\",\"url\":\"https:\/\/www.nettali.com\/2021\/07\/29\/covid-19-pape-samba-mboup-teste-positif\/\",\"name\":\"COVID-19 - Pape Samba Mboup test\\u00e9 positif | Nettali.com\",\"isPartOf\":{\"@id\":\"https:\/\/www.nettali.com\/#website\"},\"primaryImageOfPage\":{\"@id\":\"https:\/\/www.nettali.com\/2021\/07\/29\/covid-19-pape-samba-mboup-teste-positif\/#primaryimage\"},\"datePublished\":\"2021-07-29T11:43:53+00:00\",\"dateModified\":\"2021-07-29T11:43:53+00:00\",\"author\":{\"@id\":\"https:\/\/www.nettali.com\/#\/schema\/person\/8a06c6bd7b19304cf4bf985862900b5b\"},\"breadcrumb\":{\"@id\":\"https:\/\/www.nettali.com\/2021\/07\/29\/covid-19-pape-samba-mboup-teste-positif\/#breadcrumb\"},\"inLanguage\":\"fr-FR\",\"potentialAction\":[{\"@type\":\"ReadAction\",\"target\":[\"https:\/\/www.nettali.com\/2021\/07\/29\/covid-19-pape-samba-mboup-teste-positif\/\"]}]},{\"@type\":\"BreadcrumbList\",\"@id\":\"https:\/\/www.nettali.com\/2021\/07\/29\/covid-19-pape-samba-mboup-teste-positif\/#breadcrumb\",\"itemListElement\":[{\"@type\":\"ListItem\",\"position\":1,\"name\":\"Accueil\",\"item\":\"https:\/\/www.nettali.com\/\"},{\"@type\":\"ListItem\",\"position\":2,\"name\":\"COVID-19 &#8211; Pape Samba Mboup test\\u00e9 positif\"}]},{\"@type\":\"Person\",\"@id\":\"https:\/\/www.nettali.com\/#\/schema\/person\/8a06c6bd7b19304cf4bf985862900b5b\",\"name\":\"Thierno Diop\",\"image\":{\"@type\":\"ImageObject\",\"@id\":\"https:\/\/www.nettali.com\/#personlogo\",\"inLanguage\":\"fr-FR\",\"url\":\"https:\/\/secure.gravatar.com\/avatar\/c8ca58550c94fd2ac856d27391a6c866?s=96&d=mm&r=g\",\"contentUrl\":\"https:\/\/secure.gravatar.com\/avatar\/c8ca58550c94fd2ac856d27391a6c866?s=96&d=mm&r=g\",\"caption\":\"Thierno Diop\"},\"sameAs\":[\"https:\/\/nettali.com\"]}]}<\/script>\n<!-- \/ Yoast SEO Premium plugin. -->","yoast_head_json":{"title":"COVID-19 - Pape Samba Mboup test\u00e9 positif | Nettali.com","robots":{"index":"index","follow":"follow","max-snippet":"max-snippet:-1","max-image-preview":"max-image-preview:large","max-video-preview":"max-video-preview:-1"},"canonical":"https:\/\/www.nettali.com\/2021\/07\/29\/covid-19-pape-samba-mboup-teste-positif\/","og_locale":"fr_FR","og_type":"article","og_title":"COVID-19 - Pape Samba Mboup test\u00e9 positif","og_description":"NETTALI.COM - Ancien chef de Cabinet du Pr\u00e9sident Abdoulaye Wade, Pape samba Mboup \u00a0a \u00e9t\u00e9 test\u00e9 positif \u00e0 la Covid19 en France. Ancien ministre et chef de Cabinet du Pr\u00e9sident Abdoulaye Wade, membre de la sous coalition Mbollo Askanwi \"les Lib\u00e9raux R\u00e9publicains\" de BBY de la mouvance pr\u00e9sidentielle, Pape samba Mboup \u00a0a \u00e9t\u00e9 test\u00e9 positif [&hellip;]","og_url":"https:\/\/www.nettali.com\/2021\/07\/29\/covid-19-pape-samba-mboup-teste-positif\/","og_site_name":"Nettali.com","article_publisher":"https:\/\/www.facebook.com\/nettalicom","article_published_time":"2021-07-29T11:43:53+00:00","og_image":[{"width":696,"height":445,"url":"https:\/\/www.nettali.com\/wp-content\/uploads\/2019\/12\/pape-samba-mboup-696x445-1.jpg","type":"image\/jpeg"}],"twitter_card":"summary_large_image","twitter_misc":{"\u00c9crit par":"Thierno Diop","Dur\u00e9e de lecture estim\u00e9e":"1 minute"},"schema":{"@context":"https:\/\/schema.org","@graph":[{"@type":"WebSite","@id":"https:\/\/www.nettali.com\/#website","url":"https:\/\/www.nettali.com\/","name":"Nettali.com","description":"Le rendez-vous critique du Net","potentialAction":[{"@type":"SearchAction","target":{"@type":"EntryPoint","urlTemplate":"https:\/\/www.nettali.com\/?s={search_term_string}"},"query-input":"required name=search_term_string"}],"inLanguage":"fr-FR"},{"@type":"ImageObject","@id":"https:\/\/www.nettali.com\/2021\/07\/29\/covid-19-pape-samba-mboup-teste-positif\/#primaryimage","inLanguage":"fr-FR","url":"https:\/\/www.nettali.com\/wp-content\/uploads\/2019\/12\/pape-samba-mboup-696x445-1.jpg","contentUrl":"https:\/\/www.nettali.com\/wp-content\/uploads\/2019\/12\/pape-samba-mboup-696x445-1.jpg","width":696,"height":445},{"@type":"WebPage","@id":"https:\/\/www.nettali.com\/2021\/07\/29\/covid-19-pape-samba-mboup-teste-positif\/#webpage","url":"https:\/\/www.nettali.com\/2021\/07\/29\/covid-19-pape-samba-mboup-teste-positif\/","name":"COVID-19 - Pape Samba Mboup test\u00e9 positif | Nettali.com","isPartOf":{"@id":"https:\/\/www.nettali.com\/#website"},"primaryImageOfPage":{"@id":"https:\/\/www.nettali.com\/2021\/07\/29\/covid-19-pape-samba-mboup-teste-positif\/#primaryimage"},"datePublished":"2021-07-29T11:43:53+00:00","dateModified":"2021-07-29T11:43:53+00:00","author":{"@id":"https:\/\/www.nettali.com\/#\/schema\/person\/8a06c6bd7b19304cf4bf985862900b5b"},"breadcrumb":{"@id":"https:\/\/www.nettali.com\/2021\/07\/29\/covid-19-pape-samba-mboup-teste-positif\/#breadcrumb"},"inLanguage":"fr-FR","potentialAction":[{"@type":"ReadAction","target":["https:\/\/www.nettali.com\/2021\/07\/29\/covid-19-pape-samba-mboup-teste-positif\/"]}]},{"@type":"BreadcrumbList","@id":"https:\/\/www.nettali.com\/2021\/07\/29\/covid-19-pape-samba-mboup-teste-positif\/#breadcrumb","itemListElement":[{"@type":"ListItem","position":1,"name":"Accueil","item":"https:\/\/www.nettali.com\/"},{"@type":"ListItem","position":2,"name":"COVID-19 &#8211; Pape Samba Mboup test\u00e9 positif"}]},{"@type":"Person","@id":"https:\/\/www.nettali.com\/#\/schema\/person\/8a06c6bd7b19304cf4bf985862900b5b","name":"Thierno Diop","image":{"@type":"ImageObject","@id":"https:\/\/www.nettali.com\/#personlogo","inLanguage":"fr-FR","url":"https:\/\/secure.gravatar.com\/avatar\/c8ca58550c94fd2ac856d27391a6c866?s=96&d=mm&r=g","contentUrl":"https:\/\/secure.gravatar.com\/avatar\/c8ca58550c94fd2ac856d27391a6c866?s=96&d=mm&r=g","caption":"Thierno Diop"},"sameAs":["https:\/\/nettali.com"]}]}},"_links":{"self":[{"href":"https:\/\/www.nettali.com\/rest\/wp\/v2\/posts\/68816"}],"collection":[{"href":"https:\/\/www.nettali.com\/rest\/wp\/v2\/posts"}],"about":[{"href":"https:\/\/www.nettali.com\/rest\/wp\/v2\/types\/post"}],"author":[{"embeddable":true,"href":"https:\/\/www.nettali.com\/rest\/wp\/v2\/users\/11"}],"replies":[{"embeddable":true,"href":"https:\/\/www.nettali.com\/rest\/wp\/v2\/comments?post=68816"}],"version-history":[{"count":1,"href":"https:\/\/www.nettali.com\/rest\/wp\/v2\/posts\/68816\/revisions"}],"predecessor-version":[{"id":68817,"href":"https:\/\/www.nettali.com\/rest\/wp\/v2\/posts\/68816\/revisions\/68817"}],"wp:featuredmedia":[{"embeddable":true,"href":"https:\/\/www.nettali.com\/rest\/wp\/v2\/media\/25176"}],"wp:attachment":[{"href":"https:\/\/www.nettali.com\/rest\/wp\/v2\/media?parent=68816"}],"wp:term":[{"taxonomy":"category","embeddable":true,"href":"https:\/\/www.nettali.com\/rest\/wp\/v2\/categories?post=68816"},{"taxonomy":"post_tag","embeddable":true,"href":"https:\/\/www.nettali.com\/rest\/wp\/v2\/tags?post=68816"}],"curies":[{"name":"wp","href":"https:\/\/api.w.org\/{rel}","templated":true}]}}