{"id":68797,"date":"2021-07-29T10:03:11","date_gmt":"2021-07-29T10:03:11","guid":{"rendered":"https:\/\/www.nettali.com\/?p=68797"},"modified":"2021-07-29T10:03:11","modified_gmt":"2021-07-29T10:03:11","slug":"condamnes-a-la-perpetuite-pour-une-serie-dagressions-et-viol-vers-une-reduction-de-peine-des-agresseurs-du-technopole","status":"publish","type":"post","link":"https:\/\/www.nettali.com\/2021\/07\/29\/condamnes-a-la-perpetuite-pour-une-serie-dagressions-et-viol-vers-une-reduction-de-peine-des-agresseurs-du-technopole\/","title":{"rendered":"CONDAMN\u00c9S \u00c0 LA PERP\u00c9TUIT\u00c9 POUR UNE S\u00c9RIE D\u2019AGRESSIONS ET VIOL - Vers une r\u00e9duction de peine des agresseurs du Technopole"},"content":{"rendered":"<p><strong>NETTALI.COM - Abdoul Aziz Diakhat\u00e9 et Galaye Ciss\u00e9 s\u2019acheminent vers une r\u00e9duction de leur peine. Condamn\u00e9s \u00e0 perp\u00e9tuit\u00e9 en premi\u00e8re instance, le parquet g\u00e9n\u00e9ral a requis, hier, 10 ans de r\u00e9clusion criminelle contre eux. Les deux accus\u00e9s op\u00e9raient aux alentours du Technopole. Ils agressaient les passag\u00e8res de leur \u201ctaxi-clando\u2019\u2019.<\/strong><\/p>\n<p><strong>\u00a0<\/strong><\/p>\n<p>Abdoul Aziz Diakhat\u00e9 et Galaye Ciss\u00e9 ont \u00e9t\u00e9 appel\u00e9s, hier, \u00e0 la barre de la chambre criminelle d\u2019appel. Le duo avait \u00e9cop\u00e9 d\u2019une peine de r\u00e9clusion criminelle \u00e0 perp\u00e9tuit\u00e9, le 4 f\u00e9vrier 2020, pour les chefs d\u2019association de malfaiteurs, de vol en r\u00e9union commis la nuit avec usage de moyen de locomotion, violence et viol. Contestant le verdict, ils avaient interjet\u00e9 appel.<\/p>\n<p>Les faits qui leur ont valu cette lourde peine remontent \u00e0 2015. Abdoul Aziz Diakhat\u00e9, chauffeur de \u201ctaxi-clando\u2019\u2019, et son acolyte Galaye Ciss\u00e9 agressaient leurs passag\u00e8res, \u00e0 bord de leur v\u00e9hicule de type Peugeot 205. Pour mener \u00e0 bien leurs forfaits, ils d\u00e9viaient leurs victimes de leur destination et les conduisaient au Technopole. Arm\u00e9s, ils les d\u00e9pouillaient de tous leurs biens. Parfois m\u00eame, elles \u00e9taient viol\u00e9es. Leur derni\u00e8re victime, Niakhana Diom, avait d\u00fb s\u2019\u00e9jecter du v\u00e9hicule, quand elle avait remarqu\u00e9 l\u2019attitude suspecte du chauffeur Abdoul Aziz Diakhat\u00e9. Bathie L\u00e8ye, qui avait assist\u00e9 \u00e0 la sc\u00e8ne depuis son v\u00e9hicule, avait permis l\u2019arrestation des agresseurs, apr\u00e8s une course-poursuite.<\/p>\n<p>A la barre, hier, la dame Niakhana Diom, qui garde toujours les s\u00e9quelles de cette nuit, a d\u00e9clar\u00e9 : \u201cIl est difficile pour moi de rester debout pendant longtemps. Depuis cette nuit, j\u2019ai des douleurs aux reins.\u2019\u2019 M\u00eame son de cloche pour Madjigu\u00e8ne, une autre victime du chauffeur de \u201cclando\u2019\u2019 et de son comp\u00e8re. Celle-ci s\u2019en est tir\u00e9e avec une jambe fractur\u00e9e, en essayant d\u2019\u00e9chapper \u00e0 ses bourreaux. A l\u2019en croire, elle est rest\u00e9e 9 mois sans travailler. Pour son d\u00e9dommagement, elle a r\u00e9clam\u00e9 la somme de 300 mille francs CFA, au moment o\u00f9 Niakhana sollicite 200 mille francs CFA.<\/p>\n<p>Nd\u00e8ye Ngon\u00e9 P\u00e8ne a, elle, \u00e9t\u00e9 moins chanceuse que les autres parties civiles. En sus d\u2019avoir \u00e9t\u00e9 d\u00e9poss\u00e9d\u00e9e de ses biens, elle a \u00e9t\u00e9 viol\u00e9e par Diakhat\u00e9 qui l\u2019avait tra\u00een\u00e9e dans les buissons. Repr\u00e9sent\u00e9e en premi\u00e8re instance par son conseil Me Cir\u00e9 Cl\u00e9dor Ly, parce qu\u2019elle ne voulait en aucun cas c\u00f4toyer son violeur, Nd\u00e8ye P\u00e8ne a, cette fois-ci, pris son courage \u00e0 deux mains, en d\u00e9f\u00e9rant \u00e0 la convocation.<\/p>\n<p>D\u2019apr\u00e8s elle, Diakhat\u00e9, ne pouvant pas la violer, \u00e0 planter un couteau dans sa vulve. Cette d\u00e9claration ne corrobore pas celle de son avocat qui soutenait qu\u2019Abdoul Aziz avait introduit un tournevis dans son sexe.<\/p>\n<p>Au pr\u00e9toire, les accus\u00e9s ont ni\u00e9 les faits. Abdoul Aziz Diakhat\u00e9, qui a formellement \u00e9t\u00e9 reconnu par huit de ses victimes, a d\u00e9clar\u00e9 ne reconna\u00eetre que Madjigu\u00e8ne. Pour sa d\u00e9fense, il a d\u00e9clar\u00e9 que celle-ci refusait de lui payer, apr\u00e8s qu\u2019il l\u2019a conduite dans deux bars. C\u2019est la raison pour laquelle, dit-il, il avait confisqu\u00e9 son t\u00e9l\u00e9phone portable. Pour d\u00e9montrer sa bonne foi, il a jur\u00e9 qu\u2019il se tue \u00e0 la t\u00e2che pour nourrir sa famille.<\/p>\n<p>Galaye Ciss\u00e9, pour sa part, affirme avoir \u00e9t\u00e9 cit\u00e9 injustement dans cette affaire. D\u2019apr\u00e8s lui, il a \u00e9t\u00e9 arr\u00eat\u00e9 parce qu\u2019il a mis en rapport Aziz avec Saliou Diop. Ce dernier est accus\u00e9 d\u2019avoir rachet\u00e9 \u00e0 vil prix les portables issus des agressions. Ce qu\u2019il a toujours contest\u00e9, arguant n\u2019avoir acquis qu\u2019un Samsung S7 \u00e0 16 mille francs CFA. Selon lui, Aziz lui avait fait croire qu\u2019il avait un besoin urgent d\u2019argent, car sa femme devait accoucher.<\/p>\n<p>Apr\u00e8s avoir entendu toutes les parties, le procureur g\u00e9n\u00e9ral a requis 10 ans de r\u00e9clusion criminelle contre les accus\u00e9s. Selon le ma\u00eetre des poursuites, les faits ne souffrent d\u2019aucune contestation. Auparavant, les avocats de la d\u00e9fense ont sollicit\u00e9 une application bienveillante de la loi p\u00e9nale.<\/p>\n<p>Maitre Cir\u00e9 Cl\u00e9dor Ly a, lui, demand\u00e9 la confirmation de la premi\u00e8re peine pour rendre justice \u00e0 sa cliente qui est traumatis\u00e9e par cette affaire. Pour son d\u00e9dommagement, il a r\u00e9clam\u00e9 la somme de 50 millions de francs CFA.<\/p>\n<p>L\u2019affaire mise en d\u00e9lib\u00e9r\u00e9, le jugement sera rendu le 29 septembre.<\/p>\n<p>(Avec Enqu\u00eate)<\/p>\n<div class='share-to-whatsapp-wrapper'><div class='share-on-whsp'>PARTAGER SUR : <\/div><a data-text='CONDAMN\u00c9S \u00c0 LA PERP\u00c9TUIT\u00c9 POUR UNE S\u00c9RIE D\u2019AGRESSIONS ET VIOL - Vers une r\u00e9duction de peine des agresseurs du Technopole' data-link='https:\/\/www.nettali.com\/2021\/07\/29\/condamnes-a-la-perpetuite-pour-une-serie-dagressions-et-viol-vers-une-reduction-de-peine-des-agresseurs-du-technopole\/' class='whatsapp-button whatsapp-share'>WhatsApp<\/a><div class='clear '><\/div><\/div>","protected":false},"excerpt":{"rendered":"<p>NETTALI.COM - Abdoul Aziz Diakhat\u00e9 et Galaye Ciss\u00e9 s\u2019acheminent vers une r\u00e9duction de leur peine. Condamn\u00e9s \u00e0 perp\u00e9tuit\u00e9 en premi\u00e8re instance, le parquet g\u00e9n\u00e9ral a requis, hier, 10 ans de r\u00e9clusion criminelle contre eux. Les deux accus\u00e9s op\u00e9raient aux alentours du Technopole. Ils agressaient les passag\u00e8res de leur \u201ctaxi-clando\u2019\u2019. \u00a0 Abdoul Aziz Diakhat\u00e9 et Galaye [&hellip;]<\/p>\n","protected":false},"author":11,"featured_media":51079,"comment_status":"open","ping_status":"open","sticky":false,"template":"","format":"standard","meta":{"_et_pb_use_builder":"","_et_pb_old_content":""},"categories":[3],"tags":[],"yoast_head":"<!-- This site is optimized with the Yoast SEO Premium plugin v17.8 (Yoast SEO v17.8) - https:\/\/yoast.com\/wordpress\/plugins\/seo\/ -->\n<title>CONDAMN\u00c9S \u00c0 LA PERP\u00c9TUIT\u00c9 POUR UNE S\u00c9RIE D\u2019AGRESSIONS ET VIOL - Vers une r\u00e9duction de peine des agresseurs du Technopole | Nettali.com<\/title>\n<meta name=\"robots\" content=\"index, follow, max-snippet:-1, max-image-preview:large, max-video-preview:-1\" \/>\n<link rel=\"canonical\" href=\"https:\/\/www.nettali.com\/2021\/07\/29\/condamnes-a-la-perpetuite-pour-une-serie-dagressions-et-viol-vers-une-reduction-de-peine-des-agresseurs-du-technopole\/\" \/>\n<meta property=\"og:locale\" content=\"fr_FR\" \/>\n<meta property=\"og:type\" content=\"article\" \/>\n<meta property=\"og:title\" content=\"CONDAMN\u00c9S \u00c0 LA PERP\u00c9TUIT\u00c9 POUR UNE S\u00c9RIE D\u2019AGRESSIONS ET VIOL - Vers une r\u00e9duction de peine des agresseurs du Technopole\" \/>\n<meta property=\"og:description\" content=\"NETTALI.COM - Abdoul Aziz Diakhat\u00e9 et Galaye Ciss\u00e9 s\u2019acheminent vers une r\u00e9duction de leur peine. Condamn\u00e9s \u00e0 perp\u00e9tuit\u00e9 en premi\u00e8re instance, le parquet g\u00e9n\u00e9ral a requis, hier, 10 ans de r\u00e9clusion criminelle contre eux. Les deux accus\u00e9s op\u00e9raient aux alentours du Technopole. Ils agressaient les passag\u00e8res de leur \u201ctaxi-clando\u2019\u2019. \u00a0 Abdoul Aziz Diakhat\u00e9 et Galaye [&hellip;]\" \/>\n<meta property=\"og:url\" content=\"https:\/\/www.nettali.com\/2021\/07\/29\/condamnes-a-la-perpetuite-pour-une-serie-dagressions-et-viol-vers-une-reduction-de-peine-des-agresseurs-du-technopole\/\" \/>\n<meta property=\"og:site_name\" content=\"Nettali.com\" \/>\n<meta property=\"article:publisher\" content=\"https:\/\/www.facebook.com\/nettalicom\" \/>\n<meta property=\"article:published_time\" content=\"2021-07-29T10:03:11+00:00\" \/>\n<meta property=\"og:image\" content=\"https:\/\/www.nettali.com\/wp-content\/uploads\/2020\/11\/palais-de-justice_1.jpg\" \/>\n\t<meta property=\"og:image:width\" content=\"640\" \/>\n\t<meta property=\"og:image:height\" content=\"427\" \/>\n<meta name=\"twitter:card\" content=\"summary_large_image\" \/>\n<meta name=\"twitter:label1\" content=\"\u00c9crit par\" \/>\n\t<meta name=\"twitter:data1\" content=\"Thierno Diop\" \/>\n\t<meta name=\"twitter:label2\" content=\"Dur\u00e9e de lecture estim\u00e9e\" \/>\n\t<meta name=\"twitter:data2\" content=\"3 minutes\" \/>\n<script type=\"application\/ld+json\" class=\"yoast-schema-graph\">{\"@context\":\"https:\/\/schema.org\",\"@graph\":[{\"@type\":\"WebSite\",\"@id\":\"https:\/\/www.nettali.com\/#website\",\"url\":\"https:\/\/www.nettali.com\/\",\"name\":\"Nettali.com\",\"description\":\"Le rendez-vous critique du Net\",\"potentialAction\":[{\"@type\":\"SearchAction\",\"target\":{\"@type\":\"EntryPoint\",\"urlTemplate\":\"https:\/\/www.nettali.com\/?s={search_term_string}\"},\"query-input\":\"required name=search_term_string\"}],\"inLanguage\":\"fr-FR\"},{\"@type\":\"ImageObject\",\"@id\":\"https:\/\/www.nettali.com\/2021\/07\/29\/condamnes-a-la-perpetuite-pour-une-serie-dagressions-et-viol-vers-une-reduction-de-peine-des-agresseurs-du-technopole\/#primaryimage\",\"inLanguage\":\"fr-FR\",\"url\":\"https:\/\/www.nettali.com\/wp-content\/uploads\/2020\/11\/palais-de-justice_1.jpg\",\"contentUrl\":\"https:\/\/www.nettali.com\/wp-content\/uploads\/2020\/11\/palais-de-justice_1.jpg\",\"width\":640,\"height\":427},{\"@type\":\"WebPage\",\"@id\":\"https:\/\/www.nettali.com\/2021\/07\/29\/condamnes-a-la-perpetuite-pour-une-serie-dagressions-et-viol-vers-une-reduction-de-peine-des-agresseurs-du-technopole\/#webpage\",\"url\":\"https:\/\/www.nettali.com\/2021\/07\/29\/condamnes-a-la-perpetuite-pour-une-serie-dagressions-et-viol-vers-une-reduction-de-peine-des-agresseurs-du-technopole\/\",\"name\":\"CONDAMN\\u00c9S \\u00c0 LA PERP\\u00c9TUIT\\u00c9 POUR UNE S\\u00c9RIE D\\u2019AGRESSIONS ET VIOL - Vers une r\\u00e9duction de peine des agresseurs du Technopole | Nettali.com\",\"isPartOf\":{\"@id\":\"https:\/\/www.nettali.com\/#website\"},\"primaryImageOfPage\":{\"@id\":\"https:\/\/www.nettali.com\/2021\/07\/29\/condamnes-a-la-perpetuite-pour-une-serie-dagressions-et-viol-vers-une-reduction-de-peine-des-agresseurs-du-technopole\/#primaryimage\"},\"datePublished\":\"2021-07-29T10:03:11+00:00\",\"dateModified\":\"2021-07-29T10:03:11+00:00\",\"author\":{\"@id\":\"https:\/\/www.nettali.com\/#\/schema\/person\/8a06c6bd7b19304cf4bf985862900b5b\"},\"breadcrumb\":{\"@id\":\"https:\/\/www.nettali.com\/2021\/07\/29\/condamnes-a-la-perpetuite-pour-une-serie-dagressions-et-viol-vers-une-reduction-de-peine-des-agresseurs-du-technopole\/#breadcrumb\"},\"inLanguage\":\"fr-FR\",\"potentialAction\":[{\"@type\":\"ReadAction\",\"target\":[\"https:\/\/www.nettali.com\/2021\/07\/29\/condamnes-a-la-perpetuite-pour-une-serie-dagressions-et-viol-vers-une-reduction-de-peine-des-agresseurs-du-technopole\/\"]}]},{\"@type\":\"BreadcrumbList\",\"@id\":\"https:\/\/www.nettali.com\/2021\/07\/29\/condamnes-a-la-perpetuite-pour-une-serie-dagressions-et-viol-vers-une-reduction-de-peine-des-agresseurs-du-technopole\/#breadcrumb\",\"itemListElement\":[{\"@type\":\"ListItem\",\"position\":1,\"name\":\"Accueil\",\"item\":\"https:\/\/www.nettali.com\/\"},{\"@type\":\"ListItem\",\"position\":2,\"name\":\"CONDAMN\\u00c9S \\u00c0 LA PERP\\u00c9TUIT\\u00c9 POUR UNE S\\u00c9RIE D\\u2019AGRESSIONS ET VIOL &#8211; Vers une r\\u00e9duction de peine des agresseurs du Technopole\"}]},{\"@type\":\"Person\",\"@id\":\"https:\/\/www.nettali.com\/#\/schema\/person\/8a06c6bd7b19304cf4bf985862900b5b\",\"name\":\"Thierno Diop\",\"image\":{\"@type\":\"ImageObject\",\"@id\":\"https:\/\/www.nettali.com\/#personlogo\",\"inLanguage\":\"fr-FR\",\"url\":\"https:\/\/secure.gravatar.com\/avatar\/c8ca58550c94fd2ac856d27391a6c866?s=96&d=mm&r=g\",\"contentUrl\":\"https:\/\/secure.gravatar.com\/avatar\/c8ca58550c94fd2ac856d27391a6c866?s=96&d=mm&r=g\",\"caption\":\"Thierno Diop\"},\"sameAs\":[\"https:\/\/nettali.com\"]}]}<\/script>\n<!-- \/ Yoast SEO Premium plugin. -->","yoast_head_json":{"title":"CONDAMN\u00c9S \u00c0 LA PERP\u00c9TUIT\u00c9 POUR UNE S\u00c9RIE D\u2019AGRESSIONS ET VIOL - Vers une r\u00e9duction de peine des agresseurs du Technopole | Nettali.com","robots":{"index":"index","follow":"follow","max-snippet":"max-snippet:-1","max-image-preview":"max-image-preview:large","max-video-preview":"max-video-preview:-1"},"canonical":"https:\/\/www.nettali.com\/2021\/07\/29\/condamnes-a-la-perpetuite-pour-une-serie-dagressions-et-viol-vers-une-reduction-de-peine-des-agresseurs-du-technopole\/","og_locale":"fr_FR","og_type":"article","og_title":"CONDAMN\u00c9S \u00c0 LA PERP\u00c9TUIT\u00c9 POUR UNE S\u00c9RIE D\u2019AGRESSIONS ET VIOL - Vers une r\u00e9duction de peine des agresseurs du Technopole","og_description":"NETTALI.COM - Abdoul Aziz Diakhat\u00e9 et Galaye Ciss\u00e9 s\u2019acheminent vers une r\u00e9duction de leur peine. Condamn\u00e9s \u00e0 perp\u00e9tuit\u00e9 en premi\u00e8re instance, le parquet g\u00e9n\u00e9ral a requis, hier, 10 ans de r\u00e9clusion criminelle contre eux. Les deux accus\u00e9s op\u00e9raient aux alentours du Technopole. Ils agressaient les passag\u00e8res de leur \u201ctaxi-clando\u2019\u2019. \u00a0 Abdoul Aziz Diakhat\u00e9 et Galaye [&hellip;]","og_url":"https:\/\/www.nettali.com\/2021\/07\/29\/condamnes-a-la-perpetuite-pour-une-serie-dagressions-et-viol-vers-une-reduction-de-peine-des-agresseurs-du-technopole\/","og_site_name":"Nettali.com","article_publisher":"https:\/\/www.facebook.com\/nettalicom","article_published_time":"2021-07-29T10:03:11+00:00","og_image":[{"width":640,"height":427,"url":"https:\/\/www.nettali.com\/wp-content\/uploads\/2020\/11\/palais-de-justice_1.jpg","type":"image\/jpeg"}],"twitter_card":"summary_large_image","twitter_misc":{"\u00c9crit par":"Thierno Diop","Dur\u00e9e de lecture estim\u00e9e":"3 minutes"},"schema":{"@context":"https:\/\/schema.org","@graph":[{"@type":"WebSite","@id":"https:\/\/www.nettali.com\/#website","url":"https:\/\/www.nettali.com\/","name":"Nettali.com","description":"Le rendez-vous critique du Net","potentialAction":[{"@type":"SearchAction","target":{"@type":"EntryPoint","urlTemplate":"https:\/\/www.nettali.com\/?s={search_term_string}"},"query-input":"required name=search_term_string"}],"inLanguage":"fr-FR"},{"@type":"ImageObject","@id":"https:\/\/www.nettali.com\/2021\/07\/29\/condamnes-a-la-perpetuite-pour-une-serie-dagressions-et-viol-vers-une-reduction-de-peine-des-agresseurs-du-technopole\/#primaryimage","inLanguage":"fr-FR","url":"https:\/\/www.nettali.com\/wp-content\/uploads\/2020\/11\/palais-de-justice_1.jpg","contentUrl":"https:\/\/www.nettali.com\/wp-content\/uploads\/2020\/11\/palais-de-justice_1.jpg","width":640,"height":427},{"@type":"WebPage","@id":"https:\/\/www.nettali.com\/2021\/07\/29\/condamnes-a-la-perpetuite-pour-une-serie-dagressions-et-viol-vers-une-reduction-de-peine-des-agresseurs-du-technopole\/#webpage","url":"https:\/\/www.nettali.com\/2021\/07\/29\/condamnes-a-la-perpetuite-pour-une-serie-dagressions-et-viol-vers-une-reduction-de-peine-des-agresseurs-du-technopole\/","name":"CONDAMN\u00c9S \u00c0 LA PERP\u00c9TUIT\u00c9 POUR UNE S\u00c9RIE D\u2019AGRESSIONS ET VIOL - Vers une r\u00e9duction de peine des agresseurs du Technopole | Nettali.com","isPartOf":{"@id":"https:\/\/www.nettali.com\/#website"},"primaryImageOfPage":{"@id":"https:\/\/www.nettali.com\/2021\/07\/29\/condamnes-a-la-perpetuite-pour-une-serie-dagressions-et-viol-vers-une-reduction-de-peine-des-agresseurs-du-technopole\/#primaryimage"},"datePublished":"2021-07-29T10:03:11+00:00","dateModified":"2021-07-29T10:03:11+00:00","author":{"@id":"https:\/\/www.nettali.com\/#\/schema\/person\/8a06c6bd7b19304cf4bf985862900b5b"},"breadcrumb":{"@id":"https:\/\/www.nettali.com\/2021\/07\/29\/condamnes-a-la-perpetuite-pour-une-serie-dagressions-et-viol-vers-une-reduction-de-peine-des-agresseurs-du-technopole\/#breadcrumb"},"inLanguage":"fr-FR","potentialAction":[{"@type":"ReadAction","target":["https:\/\/www.nettali.com\/2021\/07\/29\/condamnes-a-la-perpetuite-pour-une-serie-dagressions-et-viol-vers-une-reduction-de-peine-des-agresseurs-du-technopole\/"]}]},{"@type":"BreadcrumbList","@id":"https:\/\/www.nettali.com\/2021\/07\/29\/condamnes-a-la-perpetuite-pour-une-serie-dagressions-et-viol-vers-une-reduction-de-peine-des-agresseurs-du-technopole\/#breadcrumb","itemListElement":[{"@type":"ListItem","position":1,"name":"Accueil","item":"https:\/\/www.nettali.com\/"},{"@type":"ListItem","position":2,"name":"CONDAMN\u00c9S \u00c0 LA PERP\u00c9TUIT\u00c9 POUR UNE S\u00c9RIE D\u2019AGRESSIONS ET VIOL &#8211; Vers une r\u00e9duction de peine des agresseurs du Technopole"}]},{"@type":"Person","@id":"https:\/\/www.nettali.com\/#\/schema\/person\/8a06c6bd7b19304cf4bf985862900b5b","name":"Thierno Diop","image":{"@type":"ImageObject","@id":"https:\/\/www.nettali.com\/#personlogo","inLanguage":"fr-FR","url":"https:\/\/secure.gravatar.com\/avatar\/c8ca58550c94fd2ac856d27391a6c866?s=96&d=mm&r=g","contentUrl":"https:\/\/secure.gravatar.com\/avatar\/c8ca58550c94fd2ac856d27391a6c866?s=96&d=mm&r=g","caption":"Thierno Diop"},"sameAs":["https:\/\/nettali.com"]}]}},"_links":{"self":[{"href":"https:\/\/www.nettali.com\/rest\/wp\/v2\/posts\/68797"}],"collection":[{"href":"https:\/\/www.nettali.com\/rest\/wp\/v2\/posts"}],"about":[{"href":"https:\/\/www.nettali.com\/rest\/wp\/v2\/types\/post"}],"author":[{"embeddable":true,"href":"https:\/\/www.nettali.com\/rest\/wp\/v2\/users\/11"}],"replies":[{"embeddable":true,"href":"https:\/\/www.nettali.com\/rest\/wp\/v2\/comments?post=68797"}],"version-history":[{"count":1,"href":"https:\/\/www.nettali.com\/rest\/wp\/v2\/posts\/68797\/revisions"}],"predecessor-version":[{"id":68798,"href":"https:\/\/www.nettali.com\/rest\/wp\/v2\/posts\/68797\/revisions\/68798"}],"wp:featuredmedia":[{"embeddable":true,"href":"https:\/\/www.nettali.com\/rest\/wp\/v2\/media\/51079"}],"wp:attachment":[{"href":"https:\/\/www.nettali.com\/rest\/wp\/v2\/media?parent=68797"}],"wp:term":[{"taxonomy":"category","embeddable":true,"href":"https:\/\/www.nettali.com\/rest\/wp\/v2\/categories?post=68797"},{"taxonomy":"post_tag","embeddable":true,"href":"https:\/\/www.nettali.com\/rest\/wp\/v2\/tags?post=68797"}],"curies":[{"name":"wp","href":"https:\/\/api.w.org\/{rel}","templated":true}]}}