{"id":68772,"date":"2021-07-29T01:24:06","date_gmt":"2021-07-29T01:24:06","guid":{"rendered":"https:\/\/www.nettali.com\/?p=68772"},"modified":"2021-07-29T01:25:02","modified_gmt":"2021-07-29T01:25:02","slug":"ucad-les-etudiants-exclus-entament-une-greve-de-la-faim","status":"publish","type":"post","link":"https:\/\/www.nettali.com\/2021\/07\/29\/ucad-les-etudiants-exclus-entament-une-greve-de-la-faim\/","title":{"rendered":"UCAD  - Les \u00e9tudiants exclus vont entamer une gr\u00e8ve de la faim"},"content":{"rendered":"<p><strong>NETTALI.COM\u00a0 - Exclus de l'Universit\u00e9 de Dakar, des \u00e9tudiants de diff\u00e9rentes facult\u00e9s vont entamer une gr\u00e8ve de la faim ce jeudi. Ils d\u00e9noncent ainsi ce qu'ils qualifient de \"d\u00e9cision injuste\" du Conseil de discipline.\u00a0<\/strong><\/p>\n<p>\"<em>Les \u00e9tudiants, membres de la Coalition articles 118 et 119 du Cocc de la Facult\u00e9 des sciences juridiques et politiques de l'Ucad injustement sanctionn\u00e9s lors du dernier Conseil de discipline tenu le vendredi 02 Juillet pass\u00e9, comptent observer une gr\u00e8ve de la faim d\u00e8s demain (ce jeudi, ndlr) \u00e0 la premi\u00e8re heure pour faire pr\u00e9valoir leur droit<\/em>\", r\u00e9v\u00e8le le communiqu\u00e9 des \u00e9tudiants. Ces derniers promettent aussi de faire une importante d\u00e9claration devant le rectorat m\u00eame de l'Universit\u00e9 Cheikh Anta Diop de Dakar (Ucad).<\/p>\n<p>Pourtant, ces \u00e9tudiants exclus de l'Universit\u00e9 semblaient revenir \u00e0 de meilleurs sentiments apr\u00e8s avoir menac\u00e9, dans un premier temps, de perturber les examens de fin d'ann\u00e9e.\u00a0 \"<em>Apr\u00e8s avoir eu des \u00e9changes f\u00e9conds avec le Recteur de l\u2019Universit\u00e9 Cheikh Anta Diop de Dakar, le Collectif des \u00e9tudiants radi\u00e9s appartenant \u00e0 la liste de la Coalition Cocc, voudrait porter \u00e0 la connaissance du grand public et des \u00e9tudiants qu'il suspend son mot d\u2019ordre quant \u00e0 la non tenue des examens programm\u00e9s sans le r\u00e9tablissement des camarades injustement suspendus<\/em>\", informait un communiqu\u00e9 publi\u00e9 un peu plus t\u00f4t dans la journ\u00e9e. Et la m\u00eame source d'ajouter : \"<em>Cette d\u00e9cision d\u00e9coule de la promesse du Recteur de l'Ucad de revoir au cas par cas sur la base des preuves apport\u00e9es, les sanctions qui p\u00e8sent sur les \u00e9tudiants suspendus. Et, le cas \u00e9ch\u00e9ant, de nouveaux examens seraient donc r\u00e9organis\u00e9s pour le cas des \u00e9tudiants r\u00e9int\u00e9gr\u00e9s ou innocent\u00e9s apr\u00e8s les examens de facult\u00e9 initialement programm\u00e9s<\/em>.\" \"<em>Ayant une foi in\u00e9branlable en la parole de l\u2019autorit\u00e9, nous prenons acte de ce d\u00e9but de d\u00e9nouement. En cons\u00e9quence, pour affirmer notre volont\u00e9 sinc\u00e8re et renouvel\u00e9e d'aider \u00e0 parvenir \u00e0 un consensus d\u00e9finitif pour la r\u00e9solution de ce probl\u00e8me, nous avons d\u00e9cid\u00e9 de surseoir momentan\u00e9ment \u00e0 notre plan d\u2019action initial, dans l'attente que le pouvoir judiciaire se prononce dans les d\u00e9lais l\u00e9gaux sur les m\u00e9rites de notre demande de r\u00e9f\u00e9r\u00e9 administratif, les examens devant se tenir jusqu'au 02 Ao\u00fbt 2021 inclus<\/em>\", avaient aussi soulign\u00e9 ces \u00e9tudiants.<\/p>\n<div class='share-to-whatsapp-wrapper'><div class='share-on-whsp'>PARTAGER SUR : <\/div><a data-text='UCAD  - Les \u00e9tudiants exclus vont entamer une gr\u00e8ve de la faim' data-link='https:\/\/www.nettali.com\/2021\/07\/29\/ucad-les-etudiants-exclus-entament-une-greve-de-la-faim\/' class='whatsapp-button whatsapp-share'>WhatsApp<\/a><div class='clear '><\/div><\/div>","protected":false},"excerpt":{"rendered":"<p>NETTALI.COM\u00a0 - Exclus de l'Universit\u00e9 de Dakar, des \u00e9tudiants de diff\u00e9rentes facult\u00e9s vont entamer une gr\u00e8ve de la faim ce jeudi. Ils d\u00e9noncent ainsi ce qu'ils qualifient de \"d\u00e9cision injuste\" du Conseil de discipline.\u00a0 \"Les \u00e9tudiants, membres de la Coalition articles 118 et 119 du Cocc de la Facult\u00e9 des sciences juridiques et politiques de [&hellip;]<\/p>\n","protected":false},"author":3,"featured_media":68777,"comment_status":"open","ping_status":"open","sticky":false,"template":"","format":"standard","meta":{"_et_pb_use_builder":"","_et_pb_old_content":""},"categories":[3],"tags":[],"yoast_head":"<!-- This site is optimized with the Yoast SEO Premium plugin v17.8 (Yoast SEO v17.8) - https:\/\/yoast.com\/wordpress\/plugins\/seo\/ -->\n<title>UCAD - Les \u00e9tudiants exclus vont entamer une gr\u00e8ve de la faim | Nettali.com<\/title>\n<meta name=\"robots\" content=\"index, follow, max-snippet:-1, max-image-preview:large, max-video-preview:-1\" \/>\n<link rel=\"canonical\" href=\"https:\/\/www.nettali.com\/2021\/07\/29\/ucad-les-etudiants-exclus-entament-une-greve-de-la-faim\/\" \/>\n<meta property=\"og:locale\" content=\"fr_FR\" \/>\n<meta property=\"og:type\" content=\"article\" \/>\n<meta property=\"og:title\" content=\"UCAD - Les \u00e9tudiants exclus vont entamer une gr\u00e8ve de la faim\" \/>\n<meta property=\"og:description\" content=\"NETTALI.COM\u00a0 - Exclus de l&#039;Universit\u00e9 de Dakar, des \u00e9tudiants de diff\u00e9rentes facult\u00e9s vont entamer une gr\u00e8ve de la faim ce jeudi. Ils d\u00e9noncent ainsi ce qu&#039;ils qualifient de &quot;d\u00e9cision injuste&quot; du Conseil de discipline.\u00a0 &quot;Les \u00e9tudiants, membres de la Coalition articles 118 et 119 du Cocc de la Facult\u00e9 des sciences juridiques et politiques de [&hellip;]\" \/>\n<meta property=\"og:url\" content=\"https:\/\/www.nettali.com\/2021\/07\/29\/ucad-les-etudiants-exclus-entament-une-greve-de-la-faim\/\" \/>\n<meta property=\"og:site_name\" content=\"Nettali.com\" \/>\n<meta property=\"article:publisher\" content=\"https:\/\/www.facebook.com\/nettalicom\" \/>\n<meta property=\"article:published_time\" content=\"2021-07-29T01:24:06+00:00\" \/>\n<meta property=\"article:modified_time\" content=\"2021-07-29T01:25:02+00:00\" \/>\n<meta property=\"og:image\" content=\"https:\/\/www.nettali.com\/wp-content\/uploads\/2021\/07\/ucad1.jpg\" \/>\n\t<meta property=\"og:image:width\" content=\"600\" \/>\n\t<meta property=\"og:image:height\" content=\"400\" \/>\n<meta name=\"twitter:card\" content=\"summary_large_image\" \/>\n<meta name=\"twitter:label1\" content=\"\u00c9crit par\" \/>\n\t<meta name=\"twitter:data1\" content=\"Moustapha\" \/>\n\t<meta name=\"twitter:label2\" content=\"Dur\u00e9e de lecture estim\u00e9e\" \/>\n\t<meta name=\"twitter:data2\" content=\"2 minutes\" \/>\n<script type=\"application\/ld+json\" class=\"yoast-schema-graph\">{\"@context\":\"https:\/\/schema.org\",\"@graph\":[{\"@type\":\"WebSite\",\"@id\":\"https:\/\/www.nettali.com\/#website\",\"url\":\"https:\/\/www.nettali.com\/\",\"name\":\"Nettali.com\",\"description\":\"Le rendez-vous critique du Net\",\"potentialAction\":[{\"@type\":\"SearchAction\",\"target\":{\"@type\":\"EntryPoint\",\"urlTemplate\":\"https:\/\/www.nettali.com\/?s={search_term_string}\"},\"query-input\":\"required name=search_term_string\"}],\"inLanguage\":\"fr-FR\"},{\"@type\":\"ImageObject\",\"@id\":\"https:\/\/www.nettali.com\/2021\/07\/29\/ucad-les-etudiants-exclus-entament-une-greve-de-la-faim\/#primaryimage\",\"inLanguage\":\"fr-FR\",\"url\":\"https:\/\/www.nettali.com\/wp-content\/uploads\/2021\/07\/ucad1.jpg\",\"contentUrl\":\"https:\/\/www.nettali.com\/wp-content\/uploads\/2021\/07\/ucad1.jpg\",\"width\":600,\"height\":400},{\"@type\":\"WebPage\",\"@id\":\"https:\/\/www.nettali.com\/2021\/07\/29\/ucad-les-etudiants-exclus-entament-une-greve-de-la-faim\/#webpage\",\"url\":\"https:\/\/www.nettali.com\/2021\/07\/29\/ucad-les-etudiants-exclus-entament-une-greve-de-la-faim\/\",\"name\":\"UCAD - Les \\u00e9tudiants exclus vont entamer une gr\\u00e8ve de la faim | Nettali.com\",\"isPartOf\":{\"@id\":\"https:\/\/www.nettali.com\/#website\"},\"primaryImageOfPage\":{\"@id\":\"https:\/\/www.nettali.com\/2021\/07\/29\/ucad-les-etudiants-exclus-entament-une-greve-de-la-faim\/#primaryimage\"},\"datePublished\":\"2021-07-29T01:24:06+00:00\",\"dateModified\":\"2021-07-29T01:25:02+00:00\",\"author\":{\"@id\":\"https:\/\/www.nettali.com\/#\/schema\/person\/7962a12a6e0267f88f0ffa544c36469a\"},\"breadcrumb\":{\"@id\":\"https:\/\/www.nettali.com\/2021\/07\/29\/ucad-les-etudiants-exclus-entament-une-greve-de-la-faim\/#breadcrumb\"},\"inLanguage\":\"fr-FR\",\"potentialAction\":[{\"@type\":\"ReadAction\",\"target\":[\"https:\/\/www.nettali.com\/2021\/07\/29\/ucad-les-etudiants-exclus-entament-une-greve-de-la-faim\/\"]}]},{\"@type\":\"BreadcrumbList\",\"@id\":\"https:\/\/www.nettali.com\/2021\/07\/29\/ucad-les-etudiants-exclus-entament-une-greve-de-la-faim\/#breadcrumb\",\"itemListElement\":[{\"@type\":\"ListItem\",\"position\":1,\"name\":\"Accueil\",\"item\":\"https:\/\/www.nettali.com\/\"},{\"@type\":\"ListItem\",\"position\":2,\"name\":\"UCAD &#8211; Les \\u00e9tudiants exclus vont entamer une gr\\u00e8ve de la faim\"}]},{\"@type\":\"Person\",\"@id\":\"https:\/\/www.nettali.com\/#\/schema\/person\/7962a12a6e0267f88f0ffa544c36469a\",\"name\":\"Moustapha\",\"image\":{\"@type\":\"ImageObject\",\"@id\":\"https:\/\/www.nettali.com\/#personlogo\",\"inLanguage\":\"fr-FR\",\"url\":\"https:\/\/secure.gravatar.com\/avatar\/10fdf6a071cccdcf374e3dbe45159590?s=96&d=mm&r=g\",\"contentUrl\":\"https:\/\/secure.gravatar.com\/avatar\/10fdf6a071cccdcf374e3dbe45159590?s=96&d=mm&r=g\",\"caption\":\"Moustapha\"},\"sameAs\":[\"https:\/\/www.nettali.com\"]}]}<\/script>\n<!-- \/ Yoast SEO Premium plugin. -->","yoast_head_json":{"title":"UCAD - Les \u00e9tudiants exclus vont entamer une gr\u00e8ve de la faim | Nettali.com","robots":{"index":"index","follow":"follow","max-snippet":"max-snippet:-1","max-image-preview":"max-image-preview:large","max-video-preview":"max-video-preview:-1"},"canonical":"https:\/\/www.nettali.com\/2021\/07\/29\/ucad-les-etudiants-exclus-entament-une-greve-de-la-faim\/","og_locale":"fr_FR","og_type":"article","og_title":"UCAD - Les \u00e9tudiants exclus vont entamer une gr\u00e8ve de la faim","og_description":"NETTALI.COM\u00a0 - Exclus de l'Universit\u00e9 de Dakar, des \u00e9tudiants de diff\u00e9rentes facult\u00e9s vont entamer une gr\u00e8ve de la faim ce jeudi. Ils d\u00e9noncent ainsi ce qu'ils qualifient de \"d\u00e9cision injuste\" du Conseil de discipline.\u00a0 \"Les \u00e9tudiants, membres de la Coalition articles 118 et 119 du Cocc de la Facult\u00e9 des sciences juridiques et politiques de [&hellip;]","og_url":"https:\/\/www.nettali.com\/2021\/07\/29\/ucad-les-etudiants-exclus-entament-une-greve-de-la-faim\/","og_site_name":"Nettali.com","article_publisher":"https:\/\/www.facebook.com\/nettalicom","article_published_time":"2021-07-29T01:24:06+00:00","article_modified_time":"2021-07-29T01:25:02+00:00","og_image":[{"width":600,"height":400,"url":"https:\/\/www.nettali.com\/wp-content\/uploads\/2021\/07\/ucad1.jpg","type":"image\/jpeg"}],"twitter_card":"summary_large_image","twitter_misc":{"\u00c9crit par":"Moustapha","Dur\u00e9e de lecture estim\u00e9e":"2 minutes"},"schema":{"@context":"https:\/\/schema.org","@graph":[{"@type":"WebSite","@id":"https:\/\/www.nettali.com\/#website","url":"https:\/\/www.nettali.com\/","name":"Nettali.com","description":"Le rendez-vous critique du Net","potentialAction":[{"@type":"SearchAction","target":{"@type":"EntryPoint","urlTemplate":"https:\/\/www.nettali.com\/?s={search_term_string}"},"query-input":"required name=search_term_string"}],"inLanguage":"fr-FR"},{"@type":"ImageObject","@id":"https:\/\/www.nettali.com\/2021\/07\/29\/ucad-les-etudiants-exclus-entament-une-greve-de-la-faim\/#primaryimage","inLanguage":"fr-FR","url":"https:\/\/www.nettali.com\/wp-content\/uploads\/2021\/07\/ucad1.jpg","contentUrl":"https:\/\/www.nettali.com\/wp-content\/uploads\/2021\/07\/ucad1.jpg","width":600,"height":400},{"@type":"WebPage","@id":"https:\/\/www.nettali.com\/2021\/07\/29\/ucad-les-etudiants-exclus-entament-une-greve-de-la-faim\/#webpage","url":"https:\/\/www.nettali.com\/2021\/07\/29\/ucad-les-etudiants-exclus-entament-une-greve-de-la-faim\/","name":"UCAD - Les \u00e9tudiants exclus vont entamer une gr\u00e8ve de la faim | Nettali.com","isPartOf":{"@id":"https:\/\/www.nettali.com\/#website"},"primaryImageOfPage":{"@id":"https:\/\/www.nettali.com\/2021\/07\/29\/ucad-les-etudiants-exclus-entament-une-greve-de-la-faim\/#primaryimage"},"datePublished":"2021-07-29T01:24:06+00:00","dateModified":"2021-07-29T01:25:02+00:00","author":{"@id":"https:\/\/www.nettali.com\/#\/schema\/person\/7962a12a6e0267f88f0ffa544c36469a"},"breadcrumb":{"@id":"https:\/\/www.nettali.com\/2021\/07\/29\/ucad-les-etudiants-exclus-entament-une-greve-de-la-faim\/#breadcrumb"},"inLanguage":"fr-FR","potentialAction":[{"@type":"ReadAction","target":["https:\/\/www.nettali.com\/2021\/07\/29\/ucad-les-etudiants-exclus-entament-une-greve-de-la-faim\/"]}]},{"@type":"BreadcrumbList","@id":"https:\/\/www.nettali.com\/2021\/07\/29\/ucad-les-etudiants-exclus-entament-une-greve-de-la-faim\/#breadcrumb","itemListElement":[{"@type":"ListItem","position":1,"name":"Accueil","item":"https:\/\/www.nettali.com\/"},{"@type":"ListItem","position":2,"name":"UCAD &#8211; Les \u00e9tudiants exclus vont entamer une gr\u00e8ve de la faim"}]},{"@type":"Person","@id":"https:\/\/www.nettali.com\/#\/schema\/person\/7962a12a6e0267f88f0ffa544c36469a","name":"Moustapha","image":{"@type":"ImageObject","@id":"https:\/\/www.nettali.com\/#personlogo","inLanguage":"fr-FR","url":"https:\/\/secure.gravatar.com\/avatar\/10fdf6a071cccdcf374e3dbe45159590?s=96&d=mm&r=g","contentUrl":"https:\/\/secure.gravatar.com\/avatar\/10fdf6a071cccdcf374e3dbe45159590?s=96&d=mm&r=g","caption":"Moustapha"},"sameAs":["https:\/\/www.nettali.com"]}]}},"_links":{"self":[{"href":"https:\/\/www.nettali.com\/rest\/wp\/v2\/posts\/68772"}],"collection":[{"href":"https:\/\/www.nettali.com\/rest\/wp\/v2\/posts"}],"about":[{"href":"https:\/\/www.nettali.com\/rest\/wp\/v2\/types\/post"}],"author":[{"embeddable":true,"href":"https:\/\/www.nettali.com\/rest\/wp\/v2\/users\/3"}],"replies":[{"embeddable":true,"href":"https:\/\/www.nettali.com\/rest\/wp\/v2\/comments?post=68772"}],"version-history":[{"count":2,"href":"https:\/\/www.nettali.com\/rest\/wp\/v2\/posts\/68772\/revisions"}],"predecessor-version":[{"id":68779,"href":"https:\/\/www.nettali.com\/rest\/wp\/v2\/posts\/68772\/revisions\/68779"}],"wp:featuredmedia":[{"embeddable":true,"href":"https:\/\/www.nettali.com\/rest\/wp\/v2\/media\/68777"}],"wp:attachment":[{"href":"https:\/\/www.nettali.com\/rest\/wp\/v2\/media?parent=68772"}],"wp:term":[{"taxonomy":"category","embeddable":true,"href":"https:\/\/www.nettali.com\/rest\/wp\/v2\/categories?post=68772"},{"taxonomy":"post_tag","embeddable":true,"href":"https:\/\/www.nettali.com\/rest\/wp\/v2\/tags?post=68772"}],"curies":[{"name":"wp","href":"https:\/\/api.w.org\/{rel}","templated":true}]}}