{"id":68725,"date":"2021-07-28T09:44:09","date_gmt":"2021-07-28T09:44:09","guid":{"rendered":"https:\/\/www.nettali.com\/?p=68725"},"modified":"2021-07-28T20:41:16","modified_gmt":"2021-07-28T20:41:16","slug":"cas-explosifs-de-covid-19-les-jeunes-sous-oxygene","status":"publish","type":"post","link":"https:\/\/www.nettali.com\/2021\/07\/28\/cas-explosifs-de-covid-19-les-jeunes-sous-oxygene\/","title":{"rendered":"CAS EXPLOSIFS DE COVID-19 - Les jeunes sous oxyg\u00e8ne"},"content":{"rendered":"<p><strong>NETTALI.COM \u2013 La lutte contre la Covid-19 devient de plus en plus difficile au S\u00e9n\u00e9gal. Les cas de contamination explosent, le nombre de d\u00e9c\u00e8s grimpe. La situation est plus dramatique chez les jeunes qui d\u00e9veloppent, en majorit\u00e9, des formes graves et s\u00e9v\u00e8res.<\/strong><\/p>\n<p>L\u2019indice est au rouge, au S\u00e9n\u00e9gal. Le pays traverse une situation catastrophique. Le variant Delta fait des ravages. Il n\u2019a pas de cibles particuli\u00e8res, mais les jeunes sont les plus touch\u00e9s. La cohorte des cas positifs journaliers se compte par milliers. Ce qui laisserait penser que ces clusters concernent principalement les universit\u00e9s, les entreprises, l\u2019Administration, le commerce, entre autres. D\u2019ailleurs, le chef du Service d\u2019anesth\u00e9siste-r\u00e9animation de l\u2019h\u00f4pital de Fann, Docteur Oumar Kane, demande aux jeunes de respecter les mesures barri\u00e8res et surtout de se faire vacciner. Car, \u00e0 son avis, le nombre de d\u00e9c\u00e8s notifi\u00e9 par les services du minist\u00e8re de la Sant\u00e9 n\u2019est que la partie visible de l\u2019iceberg. \u201cOn notifie les d\u00e9c\u00e8s dans les centres de traitement \u00e9pid\u00e9miologique, mais il y a plus que cela. C\u2019est un virus tr\u00e8s contagieux et virulent. Nous avons des formes assez s\u00e9v\u00e8res parmi les sujets jeunes. Les h\u00f4pitaux sont d\u00e9bord\u00e9s. Nous allons vers une situation de plus en plus difficile et critique pour le personnel de sant\u00e9\u2019\u2019, explique-t-il.<\/p>\n<p>Sur la m\u00eame veine, l\u2019infectiologue, Professeur Xavier Gu\u00e8ye, souligne qu\u2019aujourd'hui, l'infection se fait plut\u00f4t dans le sens adulte-enfant que dans le sens enfant-adulte. A son avis, \u00e0 l'heure actuelle, la plupart des donn\u00e9es scientifiques pointent que les jeunes sont plus impact\u00e9s par la maladie. \u201cLe plus \u00e9tonnant est qu\u2019on voit des jeunes sans comorbidit\u00e9 faire des formes graves et mourir. Il est temps que la population soit plus consciente. La situation est extr\u00eamement grave pour les adultes et pour les enfants. On a essentiellement des hypoth\u00e8ses. Sur la question de la charge virale, \u00e0 priori, la majeure partie des \u00e9tudes indiquent que la charge virale est \u00e9gale, identique chez les adultes et chez les enfants\u2019\u2019, renseigne l\u2019infectiologue. Selon le Pr. Gu\u00e8ye, les personnes \u00e2g\u00e9es de 20 \u00e0 30 ans sont hospitalis\u00e9es \u00e0 un rythme qui n'est pas beaucoup plus bas que celui des personnes de 50 \u00e0 60 ans. \"Je pense que nous pouvons dire avec certitude que la maladie n\u2019est plus b\u00e9nigne chez les jeunes et il est clair qu\u2019il d\u00e9veloppent des formes tr\u00e8s graves. C'est l'une des raisons pour lesquelles le renforcement de l'immunit\u00e9 collective chez les jeunes n'est pas une bonne strat\u00e9gie. Il y a beaucoup de jeunes et cela signifie que beaucoup d\u2019entre eux tombent malades et meurent\", soutient le docteur Ibrahima Sall, responsable de CTE.<\/p>\n<p><strong>\u201c38 % des personnes admises en soins intensifs ont entre 19 et 50 ans\u2019\u2019<\/strong><\/p>\n<p>La situation est surtout exacerb\u00e9e par un d\u00e9ficit d\u2019oxyg\u00e8ne dans le pays. Le Dr Sall trouve qu\u2019il est inacceptable qu\u2019il y ait une seule centrale d\u2019oxyg\u00e8ne dans chaque CTE. \u201cIl faut que l\u2019Etat renforce cette capacit\u00e9. Au moins qu\u2019il y ait deux centrales dans chaque CTE, car ils sont actuellement sous tension. Trente-huit pour cent des personnes admises en soins intensifs ont entre 19 et 50 ans. Si nous voulons vaincre cette troisi\u00e8me vague, il faut renforcer tout le dispositif. Le probl\u00e8me de l\u2019oxyg\u00e8ne ne devrait pas se poser actuellement. C\u2019est vraiment d\u00e9plorable\u2019\u2019, fustige le Dr Sall.<\/p>\n<p>Selon lui, il ne faut pas que les CTE soient transform\u00e9s en mouroir. \u201cChacun doit prendre ses responsabilit\u00e9s. Il faut que le respect des mesures barri\u00e8res soit obligatoire. Il ne faut pas accepter que les structures d\u00e9di\u00e9es \u00e0 la prise en charge soient transform\u00e9es en mouroir. Vous avez vu le nombre de d\u00e9c\u00e8s par jour. Nos cimeti\u00e8res re\u00e7oivent \u00e9norm\u00e9ment de morts au quotidien. C\u2019est grave. Pour \u00e9viter cela, il faut que la population se vaccine tout en respectant les mesures barri\u00e8res, que l\u2019Etat renforce sa capacit\u00e9 de lutte \u00e0 tous les niveaux, surtout concernant l\u2019oxyg\u00e8ne. On a m\u00eame vu des enfants sous oxyg\u00e8ne. On doit tout faire pour vaincre cette vague qui n\u2019est pas pr\u00eate de partir\u2019\u2019, recommande le Dr Sall.<\/p>\n<p>Cette revendication rejoint celle du chef du Service des maladies infectieuses de Fann, le professeur Moussa Seydi. Ce dernier a \u00e9voqu\u00e9, en r\u00e9union du CNGE, les tares de la prise en charge des patients covid\u00e9s. Selon lui, il y a des probl\u00e8mes d'oxyg\u00e8ne au niveau des centres de traitement des \u00e9pid\u00e9mies (CTE) et cela peut \u00eatre fatal aux malades. \u201cJe le dis depuis plusieurs mois : un CTE ne doit pas avoir une seule centrale d'oxyg\u00e8ne. Il faut toujours deux centrales d'oxyg\u00e8ne. Nous, au niveau du Service des maladies infectieuses, nous en avons trois plus un back up de bouteilles d\u2019oxyg\u00e8ne. Parce qu'une centrale peut tomber en panne. Quand cela arrive, nous pouvons perdre des malades. Perdre une vie humaine que l'on pouvait sauver n'est pas quelque chose de banal\u2019\u2019, soutient le Pr. Seydi.<\/p>\n<p>Pour lui, il faut qu\u2019on veille \u00e0 la qualit\u00e9 de l\u2019oxyg\u00e8ne \u00e9galement. Car, informe-t-il, il y a fr\u00e9quemment et tr\u00e8s souvent des pannes d'oxyg\u00e8ne et ce n'est pas seulement \u00e0 Fann. \u201cC\u2019est arriv\u00e9 \u00e0 Dalal Jamm et ailleurs. Il faut absolument, et de mani\u00e8re d\u00e9finitive, r\u00e9gler ces probl\u00e8mes d'oxyg\u00e8ne qui peuvent exister durant la prise en charge\u2019\u2019, r\u00e9clame le professeur Moussa Seydi.<\/p>\n<p>Invit\u00e9 \u00e0 l\u2019\u00e9mission \u201cObjection\u2019\u2019 sur Sud Fm, le ministre de la Sant\u00e9 et de l\u2019Action sociale a soutenu qu\u2019il n\u2019y a jamais eu de ruptures d\u2019oxyg\u00e8ne dans les h\u00f4pitaux au S\u00e9n\u00e9gal, depuis le d\u00e9but de la pand\u00e9mie. \u201cD\u00e8s le d\u00e9but, nous nous sommes inscrits dans une perspective de doter les CTE de centrales d\u2019oxyg\u00e8ne de production au niveau m\u00eame de la structure. Et quand on a vu que le besoin en oxyg\u00e8ne de cette pand\u00e9mie est tr\u00e8s important, on s\u2019est fix\u00e9 l\u2019objectif de faire en sorte que tous les CTE soient dot\u00e9s de centrales d\u2019oxyg\u00e8ne, et tous les h\u00f4pitaux sont dot\u00e9s de centrales d\u2019oxyg\u00e8ne avec notamment 25 centres de sant\u00e9 qui sont dot\u00e9s d\u2019oxyg\u00e8ne\u2019\u2019, a d\u00e9clar\u00e9 Abdoulaye Diouf Sarr<\/p>\n<p>De plus, poursuit le ministre, pour parer \u00e0 toute \u00e9ventualit\u00e9, ils contractualisent avec des structures qui produisent de l\u2019oxyg\u00e8ne pour en stocker, afin de venir \u00e9ventuellement au secours, en cas de besoin.<\/p>\n<p><strong>\u201cUn stock de plus de 100 mille m\u00e8tres cubes d\u2019oxyg\u00e8ne disponibles\u2019\u2019<\/strong><\/p>\n<p>Pour lui, il n\u2019y a pas \u00e0 s\u2019inqui\u00e9ter pour l\u2019oxyg\u00e8ne. Des efforts sont faits et ils continueront de veiller \u00e0 cela. \u201cPr\u00e9sentement, en plus de la production endog\u00e8ne aux structures, nous avons un stock de plus de 100 mille m\u00e8tres cubes d\u2019oxyg\u00e8ne qui sont aujourd\u2019hui disponibles, capables de venir au secours, de mani\u00e8re permanente, des CTE\u201d, pr\u00e9cise-t-il. Mieux, Abdoulaye Diouf Sarr a annonc\u00e9 que 35 centrales. Tout compte fait, le Programme de technologie appropri\u00e9e en sant\u00e9, d\u00e9nomm\u00e9e Path, a engag\u00e9 un projet de plaidoyer en direction d\u2019oxyg\u00e8ne sont command\u00e9es et vont \u00eatre livr\u00e9es \u00e0 partir du 12 ao\u00fbt prochain.<\/p>\n<p>Tout compte fait, le Programme de technologie appropri\u00e9e en sant\u00e9, d\u00e9nomm\u00e9e Path, a engag\u00e9 un projet de plaidoyer en direction des d\u00e9cideurs et de ses partenaires pour l\u2019am\u00e9lioration de la disponibilit\u00e9 de l\u2019oxyg\u00e8ne dans les structures de sant\u00e9. Cela, au regard du r\u00f4le essentiel de ce produit dans la prise en charge des affections respiratoires, dont celles li\u00e9es \u00e0 la Covid-19. Le Path compte soutenir le S\u00e9n\u00e9gal \u00e0 am\u00e9liorer la disponibilit\u00e9 et l\u2019acc\u00e8s \u00e0 l\u2019oxyg\u00e8ne dans les structures sanitaires.<\/p>\n<p>Pour le ministre de la Sant\u00e9, la situation des h\u00f4pitaux est tendue parce que, du point de vue proportionnalit\u00e9 de la progression de la pand\u00e9mie, c\u2019est des cohortes de cas positifs de 500 \u00e0 700. Contrairement \u00e0 l\u2019\u00e9chelle des deux premi\u00e8res vagues o\u00f9 on avait au maximum, par jour, 250 contaminations. Pour lui, ce qu\u2019il faut faire en ce moment, c\u2019est appliquer cette strat\u00e9gie et d\u2019\u00eatre flexible pour trouver toujours de l\u2019espace aux S\u00e9n\u00e9galais qui en ont besoin.<\/p>\n<p>\u201cAujourd\u2019hui, nous sommes dans une position o\u00f9 les h\u00f4tels ne seront pas r\u00e9quisitionn\u00e9s. Mais nous allons bient\u00f4t ouvrir des sites comme celui de Gu\u00e9r\u00e9w, du hangar des p\u00e8lerins disponibles et celui de Diamniadio. Mais aujourd\u2019hui, des h\u00f4pitaux qui ne faisaient pas partie de la riposte au d\u00e9but de la pand\u00e9mie pendant les deux vagues, sont vers\u00e9s dans la riposte, pr\u00e9cis\u00e9ment l\u2019h\u00f4pital Abass Ndao et celui de Pikine. Donc, notre syst\u00e8me a cette force-l\u00e0 de flexibilit\u00e9 pour aller toujours rechercher les ressorts n\u00e9cessaires pour soulager les S\u00e9n\u00e9galais\u2019\u2019, souligne-t-il.<\/p>\n<p>Par ailleurs, le professeur en virologie, Khassim Diallo, \u00e9voque un autre probl\u00e8me : celui de la Covid longue qui n\u2019\u00e9pargne pas les jeunes adultes. Cette forme tra\u00eenante de l\u2019infection respiratoire, explique le Pr. Diallo, g\u00e2che durablement la vie de nombreux malades. Pendant la premi\u00e8re vague de l\u2019\u00e9pid\u00e9mie, il indique que la moiti\u00e9 des personnes \u00e2g\u00e9es entre 16 et 30 ans, plac\u00e9es en quarantaine apr\u00e8s un diagnostic de Covid-19, avaient encore des sympt\u00f4mes six mois plus tard. \u201cLeurs signes cliniques allaient de la perte du go\u00fbt et de l\u2019odorat pour 28 % d\u2019entre elles, par la fatigue pour 21 %, des difficult\u00e9s \u00e0 respirer pour 13 % et des probl\u00e8mes de concentration pour 13 %. C\u2019est ce qu\u2019on appelle l\u2019apr\u00e8s-Covid. C\u2019est pour cette raison qu\u2019il faut se vacciner pour \u00e9viter les formes graves. Parce que toAvant d\u2019ajouter : \u201cLe fait que des jeunes adultes ayant souffert de Covid soient \u00e0 risque de difficult\u00e9s respiratoires et de troubles cognitifs \u00e0 long terme, souligne l\u2019importance des mesures de pr\u00e9vention comme la vaccination\u2019\u2019, conclut-il.us ces probl\u00e8mes sont le r\u00e9sultat des formes s\u00e9v\u00e8res\u2019\u2019, renseigne le Pr. Diallo.<\/p>\n<p>A son avis, le seul param\u00e8tre, maintenant, qui diff\u00e9rencie cette vague des deux autres, est son niveau de contamination et sa virulence. \u201cCe qui rend les choses plus compliqu\u00e9es et plus difficiles pour nous, c\u2019est le caract\u00e8re exponentiel de la contamination proportionnellement \u00e0 nos capacit\u00e9s d\u2019introduction dans nos syst\u00e8mes de nouveaux lits. C\u2019est un d\u00e9calage qui peut rendre tr\u00e8s difficiles la r\u00e9activit\u00e9 et l\u2019efficacit\u00e9 de la riposte\u2026 Mais la situation sera maitris\u00e9e\u2019\u2019, rassure le Pr. Diallo.<\/p>\n<p>( Avec Enqu\u00eate)<\/p>\n<div class='share-to-whatsapp-wrapper'><div class='share-on-whsp'>PARTAGER SUR : <\/div><a data-text='CAS EXPLOSIFS DE COVID-19 - Les jeunes sous oxyg\u00e8ne' data-link='https:\/\/www.nettali.com\/2021\/07\/28\/cas-explosifs-de-covid-19-les-jeunes-sous-oxygene\/' class='whatsapp-button whatsapp-share'>WhatsApp<\/a><div class='clear '><\/div><\/div>","protected":false},"excerpt":{"rendered":"<p>NETTALI.COM \u2013 La lutte contre la Covid-19 devient de plus en plus difficile au S\u00e9n\u00e9gal. Les cas de contamination explosent, le nombre de d\u00e9c\u00e8s grimpe. La situation est plus dramatique chez les jeunes qui d\u00e9veloppent, en majorit\u00e9, des formes graves et s\u00e9v\u00e8res. L\u2019indice est au rouge, au S\u00e9n\u00e9gal. Le pays traverse une situation catastrophique. Le [&hellip;]<\/p>\n","protected":false},"author":11,"featured_media":68726,"comment_status":"open","ping_status":"open","sticky":false,"template":"","format":"standard","meta":{"_et_pb_use_builder":"","_et_pb_old_content":""},"categories":[22],"tags":[],"yoast_head":"<!-- This site is optimized with the Yoast SEO Premium plugin v17.8 (Yoast SEO v17.8) - https:\/\/yoast.com\/wordpress\/plugins\/seo\/ -->\n<title>CAS EXPLOSIFS DE COVID-19 - Les jeunes sous oxyg\u00e8ne | Nettali.com<\/title>\n<meta name=\"robots\" content=\"index, follow, max-snippet:-1, max-image-preview:large, max-video-preview:-1\" \/>\n<link rel=\"canonical\" href=\"https:\/\/www.nettali.com\/2021\/07\/28\/cas-explosifs-de-covid-19-les-jeunes-sous-oxygene\/\" \/>\n<meta property=\"og:locale\" content=\"fr_FR\" \/>\n<meta property=\"og:type\" content=\"article\" \/>\n<meta property=\"og:title\" content=\"CAS EXPLOSIFS DE COVID-19 - Les jeunes sous oxyg\u00e8ne\" \/>\n<meta property=\"og:description\" content=\"NETTALI.COM \u2013 La lutte contre la Covid-19 devient de plus en plus difficile au S\u00e9n\u00e9gal. Les cas de contamination explosent, le nombre de d\u00e9c\u00e8s grimpe. La situation est plus dramatique chez les jeunes qui d\u00e9veloppent, en majorit\u00e9, des formes graves et s\u00e9v\u00e8res. L\u2019indice est au rouge, au S\u00e9n\u00e9gal. Le pays traverse une situation catastrophique. Le [&hellip;]\" \/>\n<meta property=\"og:url\" content=\"https:\/\/www.nettali.com\/2021\/07\/28\/cas-explosifs-de-covid-19-les-jeunes-sous-oxygene\/\" \/>\n<meta property=\"og:site_name\" content=\"Nettali.com\" \/>\n<meta property=\"article:publisher\" content=\"https:\/\/www.facebook.com\/nettalicom\" \/>\n<meta property=\"article:published_time\" content=\"2021-07-28T09:44:09+00:00\" \/>\n<meta property=\"article:modified_time\" content=\"2021-07-28T20:41:16+00:00\" \/>\n<meta property=\"og:image\" content=\"https:\/\/www.nettali.com\/wp-content\/uploads\/2021\/07\/virujeunes.jpg\" \/>\n\t<meta property=\"og:image:width\" content=\"1920\" \/>\n\t<meta property=\"og:image:height\" content=\"1280\" \/>\n<meta name=\"twitter:card\" content=\"summary_large_image\" \/>\n<meta name=\"twitter:label1\" content=\"\u00c9crit par\" \/>\n\t<meta name=\"twitter:data1\" content=\"Thierno Diop\" \/>\n\t<meta name=\"twitter:label2\" content=\"Dur\u00e9e de lecture estim\u00e9e\" \/>\n\t<meta name=\"twitter:data2\" content=\"8 minutes\" \/>\n<script type=\"application\/ld+json\" class=\"yoast-schema-graph\">{\"@context\":\"https:\/\/schema.org\",\"@graph\":[{\"@type\":\"WebSite\",\"@id\":\"https:\/\/www.nettali.com\/#website\",\"url\":\"https:\/\/www.nettali.com\/\",\"name\":\"Nettali.com\",\"description\":\"Le rendez-vous critique du Net\",\"potentialAction\":[{\"@type\":\"SearchAction\",\"target\":{\"@type\":\"EntryPoint\",\"urlTemplate\":\"https:\/\/www.nettali.com\/?s={search_term_string}\"},\"query-input\":\"required name=search_term_string\"}],\"inLanguage\":\"fr-FR\"},{\"@type\":\"ImageObject\",\"@id\":\"https:\/\/www.nettali.com\/2021\/07\/28\/cas-explosifs-de-covid-19-les-jeunes-sous-oxygene\/#primaryimage\",\"inLanguage\":\"fr-FR\",\"url\":\"https:\/\/www.nettali.com\/wp-content\/uploads\/2021\/07\/virujeunes.jpg\",\"contentUrl\":\"https:\/\/www.nettali.com\/wp-content\/uploads\/2021\/07\/virujeunes.jpg\",\"width\":1920,\"height\":1280},{\"@type\":\"WebPage\",\"@id\":\"https:\/\/www.nettali.com\/2021\/07\/28\/cas-explosifs-de-covid-19-les-jeunes-sous-oxygene\/#webpage\",\"url\":\"https:\/\/www.nettali.com\/2021\/07\/28\/cas-explosifs-de-covid-19-les-jeunes-sous-oxygene\/\",\"name\":\"CAS EXPLOSIFS DE COVID-19 - Les jeunes sous oxyg\\u00e8ne | Nettali.com\",\"isPartOf\":{\"@id\":\"https:\/\/www.nettali.com\/#website\"},\"primaryImageOfPage\":{\"@id\":\"https:\/\/www.nettali.com\/2021\/07\/28\/cas-explosifs-de-covid-19-les-jeunes-sous-oxygene\/#primaryimage\"},\"datePublished\":\"2021-07-28T09:44:09+00:00\",\"dateModified\":\"2021-07-28T20:41:16+00:00\",\"author\":{\"@id\":\"https:\/\/www.nettali.com\/#\/schema\/person\/8a06c6bd7b19304cf4bf985862900b5b\"},\"breadcrumb\":{\"@id\":\"https:\/\/www.nettali.com\/2021\/07\/28\/cas-explosifs-de-covid-19-les-jeunes-sous-oxygene\/#breadcrumb\"},\"inLanguage\":\"fr-FR\",\"potentialAction\":[{\"@type\":\"ReadAction\",\"target\":[\"https:\/\/www.nettali.com\/2021\/07\/28\/cas-explosifs-de-covid-19-les-jeunes-sous-oxygene\/\"]}]},{\"@type\":\"BreadcrumbList\",\"@id\":\"https:\/\/www.nettali.com\/2021\/07\/28\/cas-explosifs-de-covid-19-les-jeunes-sous-oxygene\/#breadcrumb\",\"itemListElement\":[{\"@type\":\"ListItem\",\"position\":1,\"name\":\"Accueil\",\"item\":\"https:\/\/www.nettali.com\/\"},{\"@type\":\"ListItem\",\"position\":2,\"name\":\"CAS EXPLOSIFS DE COVID-19 &#8211; Les jeunes sous oxyg\\u00e8ne\"}]},{\"@type\":\"Person\",\"@id\":\"https:\/\/www.nettali.com\/#\/schema\/person\/8a06c6bd7b19304cf4bf985862900b5b\",\"name\":\"Thierno Diop\",\"image\":{\"@type\":\"ImageObject\",\"@id\":\"https:\/\/www.nettali.com\/#personlogo\",\"inLanguage\":\"fr-FR\",\"url\":\"https:\/\/secure.gravatar.com\/avatar\/c8ca58550c94fd2ac856d27391a6c866?s=96&d=mm&r=g\",\"contentUrl\":\"https:\/\/secure.gravatar.com\/avatar\/c8ca58550c94fd2ac856d27391a6c866?s=96&d=mm&r=g\",\"caption\":\"Thierno Diop\"},\"sameAs\":[\"https:\/\/nettali.com\"]}]}<\/script>\n<!-- \/ Yoast SEO Premium plugin. -->","yoast_head_json":{"title":"CAS EXPLOSIFS DE COVID-19 - Les jeunes sous oxyg\u00e8ne | Nettali.com","robots":{"index":"index","follow":"follow","max-snippet":"max-snippet:-1","max-image-preview":"max-image-preview:large","max-video-preview":"max-video-preview:-1"},"canonical":"https:\/\/www.nettali.com\/2021\/07\/28\/cas-explosifs-de-covid-19-les-jeunes-sous-oxygene\/","og_locale":"fr_FR","og_type":"article","og_title":"CAS EXPLOSIFS DE COVID-19 - Les jeunes sous oxyg\u00e8ne","og_description":"NETTALI.COM \u2013 La lutte contre la Covid-19 devient de plus en plus difficile au S\u00e9n\u00e9gal. Les cas de contamination explosent, le nombre de d\u00e9c\u00e8s grimpe. La situation est plus dramatique chez les jeunes qui d\u00e9veloppent, en majorit\u00e9, des formes graves et s\u00e9v\u00e8res. L\u2019indice est au rouge, au S\u00e9n\u00e9gal. Le pays traverse une situation catastrophique. Le [&hellip;]","og_url":"https:\/\/www.nettali.com\/2021\/07\/28\/cas-explosifs-de-covid-19-les-jeunes-sous-oxygene\/","og_site_name":"Nettali.com","article_publisher":"https:\/\/www.facebook.com\/nettalicom","article_published_time":"2021-07-28T09:44:09+00:00","article_modified_time":"2021-07-28T20:41:16+00:00","og_image":[{"width":1920,"height":1280,"url":"https:\/\/www.nettali.com\/wp-content\/uploads\/2021\/07\/virujeunes.jpg","type":"image\/jpeg"}],"twitter_card":"summary_large_image","twitter_misc":{"\u00c9crit par":"Thierno Diop","Dur\u00e9e de lecture estim\u00e9e":"8 minutes"},"schema":{"@context":"https:\/\/schema.org","@graph":[{"@type":"WebSite","@id":"https:\/\/www.nettali.com\/#website","url":"https:\/\/www.nettali.com\/","name":"Nettali.com","description":"Le rendez-vous critique du Net","potentialAction":[{"@type":"SearchAction","target":{"@type":"EntryPoint","urlTemplate":"https:\/\/www.nettali.com\/?s={search_term_string}"},"query-input":"required name=search_term_string"}],"inLanguage":"fr-FR"},{"@type":"ImageObject","@id":"https:\/\/www.nettali.com\/2021\/07\/28\/cas-explosifs-de-covid-19-les-jeunes-sous-oxygene\/#primaryimage","inLanguage":"fr-FR","url":"https:\/\/www.nettali.com\/wp-content\/uploads\/2021\/07\/virujeunes.jpg","contentUrl":"https:\/\/www.nettali.com\/wp-content\/uploads\/2021\/07\/virujeunes.jpg","width":1920,"height":1280},{"@type":"WebPage","@id":"https:\/\/www.nettali.com\/2021\/07\/28\/cas-explosifs-de-covid-19-les-jeunes-sous-oxygene\/#webpage","url":"https:\/\/www.nettali.com\/2021\/07\/28\/cas-explosifs-de-covid-19-les-jeunes-sous-oxygene\/","name":"CAS EXPLOSIFS DE COVID-19 - Les jeunes sous oxyg\u00e8ne | Nettali.com","isPartOf":{"@id":"https:\/\/www.nettali.com\/#website"},"primaryImageOfPage":{"@id":"https:\/\/www.nettali.com\/2021\/07\/28\/cas-explosifs-de-covid-19-les-jeunes-sous-oxygene\/#primaryimage"},"datePublished":"2021-07-28T09:44:09+00:00","dateModified":"2021-07-28T20:41:16+00:00","author":{"@id":"https:\/\/www.nettali.com\/#\/schema\/person\/8a06c6bd7b19304cf4bf985862900b5b"},"breadcrumb":{"@id":"https:\/\/www.nettali.com\/2021\/07\/28\/cas-explosifs-de-covid-19-les-jeunes-sous-oxygene\/#breadcrumb"},"inLanguage":"fr-FR","potentialAction":[{"@type":"ReadAction","target":["https:\/\/www.nettali.com\/2021\/07\/28\/cas-explosifs-de-covid-19-les-jeunes-sous-oxygene\/"]}]},{"@type":"BreadcrumbList","@id":"https:\/\/www.nettali.com\/2021\/07\/28\/cas-explosifs-de-covid-19-les-jeunes-sous-oxygene\/#breadcrumb","itemListElement":[{"@type":"ListItem","position":1,"name":"Accueil","item":"https:\/\/www.nettali.com\/"},{"@type":"ListItem","position":2,"name":"CAS EXPLOSIFS DE COVID-19 &#8211; Les jeunes sous oxyg\u00e8ne"}]},{"@type":"Person","@id":"https:\/\/www.nettali.com\/#\/schema\/person\/8a06c6bd7b19304cf4bf985862900b5b","name":"Thierno Diop","image":{"@type":"ImageObject","@id":"https:\/\/www.nettali.com\/#personlogo","inLanguage":"fr-FR","url":"https:\/\/secure.gravatar.com\/avatar\/c8ca58550c94fd2ac856d27391a6c866?s=96&d=mm&r=g","contentUrl":"https:\/\/secure.gravatar.com\/avatar\/c8ca58550c94fd2ac856d27391a6c866?s=96&d=mm&r=g","caption":"Thierno Diop"},"sameAs":["https:\/\/nettali.com"]}]}},"_links":{"self":[{"href":"https:\/\/www.nettali.com\/rest\/wp\/v2\/posts\/68725"}],"collection":[{"href":"https:\/\/www.nettali.com\/rest\/wp\/v2\/posts"}],"about":[{"href":"https:\/\/www.nettali.com\/rest\/wp\/v2\/types\/post"}],"author":[{"embeddable":true,"href":"https:\/\/www.nettali.com\/rest\/wp\/v2\/users\/11"}],"replies":[{"embeddable":true,"href":"https:\/\/www.nettali.com\/rest\/wp\/v2\/comments?post=68725"}],"version-history":[{"count":1,"href":"https:\/\/www.nettali.com\/rest\/wp\/v2\/posts\/68725\/revisions"}],"predecessor-version":[{"id":68727,"href":"https:\/\/www.nettali.com\/rest\/wp\/v2\/posts\/68725\/revisions\/68727"}],"wp:featuredmedia":[{"embeddable":true,"href":"https:\/\/www.nettali.com\/rest\/wp\/v2\/media\/68726"}],"wp:attachment":[{"href":"https:\/\/www.nettali.com\/rest\/wp\/v2\/media?parent=68725"}],"wp:term":[{"taxonomy":"category","embeddable":true,"href":"https:\/\/www.nettali.com\/rest\/wp\/v2\/categories?post=68725"},{"taxonomy":"post_tag","embeddable":true,"href":"https:\/\/www.nettali.com\/rest\/wp\/v2\/tags?post=68725"}],"curies":[{"name":"wp","href":"https:\/\/api.w.org\/{rel}","templated":true}]}}