{"id":68723,"date":"2021-07-28T09:46:35","date_gmt":"2021-07-28T09:46:35","guid":{"rendered":"https:\/\/www.nettali.com\/?p=68723"},"modified":"2021-07-31T10:24:17","modified_gmt":"2021-07-31T10:24:17","slug":"idiovisuel-ombres-et-lumieres-mediatiques","status":"publish","type":"post","link":"https:\/\/www.nettali.com\/2021\/07\/28\/idiovisuel-ombres-et-lumieres-mediatiques\/","title":{"rendered":"IDIOVISUEL - Ombres et lumi\u00e8res m\u00e9diatiques"},"content":{"rendered":"<p><strong>NETTALI.COM - La flamb\u00e9e des contaminations, la question de l\u2019\u00e9ducation et la d\u00e9cision contest\u00e9e du conseil constitutionnel, autant de sujets qui ont occup\u00e9 l'actualit\u00e9 m\u00e9diatique, ces derniers jours. De quoi s s\u2019interroger sur les voies et moyens pour r\u00e9soudre ces \u00e9quations. Mais que n'a ton pas entendu comme d\u00e9lires et avis d'inexperts sur ces sujets dans cette ambiance bien morose et cet horizon sombre. Et quand des guignols s\u2019en m\u00ealent, l\u2019on semble toucher le fond. Mais heureusement qu'il y a des intellectuels toujours fid\u00e8les aux principes cardinaux de vertus et de valeurs, toujours pr\u00eats \u00e0 rappeler les grands principes qui doivent r\u00e9gir la marche de la soci\u00e9t\u00e9 et sa gouvernance.<\/strong><\/p>\n<p>Vouloir s'exprimer sur tous les sujets, voil\u00e0 un ph\u00e9nom\u00e8ne qui est en train de devenir un sport national. Surtout avec ces chroniqueurs ou ces nouveaux journalistes qui ont d\u00e9sormais goutt\u00e9 \u00e0 la sauce \u00ab <em>wax sa xalaat<\/em> \u00bb (\u00ab donner son opinion \u00bb) et qui essaiment de nos jours, nos plateaux t\u00e9l\u00e9. Une erreur que ne devrait pas commette tout individu cens\u00e9, \u00e0 fortiori un journaliste qui doit \u00eatre obs\u00e9d\u00e9 par la religion des faits. Mahmoudou Wane, dans un poignant \u00e9ditorial et \u00e0 la plume \u00f4 combien d\u00e9licieuse, a abord\u00e9 la question, pour d\u00e9plorer la posture de tous ces gens qui se prennent pour des experts et qui se prononcent sur tous les sujets. C\u2019\u00e9tait ce lundi 25 juillet dans le journal \u00ab<em> Enqu\u00eate<\/em> \u00bb : \u00ab <em>N\u2019importe qui peut dire n\u2019importe quoi sur le sujet de son choix. Et lorsque le centre d\u2019int\u00e9r\u00eat porte sur des questions de sant\u00e9 publique comme c\u2019est le cas avec la Covid- 19, bonjour les d\u00e9g\u00e2ts. Que n\u2019a-t-on pas entendu \u00e0 propos de la Covid sur certaines stations FM de la place ? Que la maladie n\u2019existe pas. Qu\u2019elle est une invention des Toubabs dans le but de nous inoculer un produit toxique pour nous effacer de fa\u00e7on m\u00e9thodique et froide, comme du temps d\u2019Hitler, de la surface de la terre. Bill Gates serait m\u00eame au coeur du complot mondial contre les populations immunis\u00e9es d\u2019Afrique.<\/em> \u00bb<\/p>\n<p>Entendre, par exemple Cheikh Y\u00e9rim Seck parler de variant Delta + dans un contexte o\u00f9 certains S\u00e9n\u00e9galais ont d\u00e9j\u00e0 beaucoup de mal \u00e0 admettre l\u2019existence de la covid 19 ; o\u00f9 certains font \u00e0 peine la diff\u00e9rence entre les diff\u00e9rents variants, ou n\u2019arrivent toute simplement pas \u00e0 se faire vacciner ; ou encore sont pris par la psychose de la maladie, difficile en effet de voir l\u2019int\u00e9r\u00eat d\u2019une telle d\u00e9claration. \u00ab Il y'a pire que Delta. Il y'a un nouveau variant qui s'appelle le variant Delta+. Ce variant est trois plus dangereux que le variant Delta qui fait actuellement des ravages. Il y'a le variant Californien qui est \u00e9galement extr\u00eamement dangereux \u00bb, a d\u00e9clar\u00e9 celui-ci \u00e0 \u00ab Jakarloo \u00bb de la TFM, ce vendredi 23 juillet. Une attitude qui semble relever d\u2019une logique d\u2019\u00e9talage des connaissances ou de jouer \u00e0 celui qui est au courant bien avant tout le monde ! D\u2019ailleurs, il a livr\u00e9 cette information non sans ironie en parlant de \u00ab grandes r\u00e9v\u00e9lations comme font les sites d\u2019informations \u00bb. Mais en r\u00e9alit\u00e9 ce sont des infos qu\u2019ont relay\u00e9 certains m\u00e9dias comme \u00ab France Info \u00bb sans que cela soit une r\u00e9alit\u00e9 s\u00e9n\u00e9galaise puisque ce variant est m\u00e9connu ici.<\/p>\n<p>Mais heureusement qu\u2019il y avait le docteur Malick Diop sur le plateau pour expliquer que ce variant est inconnu sous nos cieux. \u00abAujourd'hui, on ne peut pas dire que tous les variants sont l\u00e0. Le S\u00e9n\u00e9gal fait partie des pays qui ont d\u00e9cid\u00e9 de voir les diff\u00e9rents variants. Contrairement \u00e0 d'autres pays qui refusent de chercher des variants. \u00bb<\/p>\n<p>Une situation qui rejoint l\u2019argumentaire de Mamoudou Wane dans son \u00e9dito : \u00ab <em>Dans un S\u00e9n\u00e9gal normal, pour emprunter les termes d\u2019un ami gendarme retrait\u00e9, c\u2019est le m\u00e9decin qui doit prendre la parole en priorit\u00e9, lorsqu\u2019on parle de virus et de pand\u00e9mie. La maladie est son domaine. Tout comme la religion est le domaine de ceux qui l\u2019ont \u00e9tudi\u00e9e et\/ou longuement pratiqu\u00e9e. Lorsqu\u2019on doit r\u00e9parer sa voiture, on n\u2019ira point solliciter l\u2019expertise d\u2019un menuisier. Et il nous semble bien relever du bon sens primaire que le privatiste du droit ne peut pas s\u2019\u00e9pancher \u00e0 longueur de colonnes de journaux sur des questions qui rel\u00e8vent du Droit constitutionnel.<\/em> \u00bb<\/p>\n<p>Le journaliste ne sait pas tout, c\u2019est clair, mais il doit savoir un peu de tout. Mais il n\u2019est pas forc\u00e9ment expert de tous les domaines comme certains tendent parfois \u00e0 vouloir le faire croire, alors qu\u2019ils sont loin de ma\u00eetriser ces sujets qu\u2019ils abordent.<\/p>\n<p>M\u00eame le docteur Malick Diop est prudent sur la question car m\u00eame les sommit\u00e9s dans ce domaine, n\u2019ont pas des certitudes sur la question : \u00ab Le but de ces recherches c'est de savoir la r\u00e9alit\u00e9 des faits. Selon l'Oms, quand on trouve un variant, il faut le dire. Raison pour laquelle, il y'a des parties sur lesquelles je suis d'accord et d'autres non. Car on ne peut donner des informations sur lesquelles, on n\u2019a pas les \u00e9l\u00e9ments officiels. \u00bb. Voil\u00e0 qui est bien sage comme conseil.<br \/>\nSur la pand\u00e9mie, il faudra en effet du temps pour arriver \u00e0 certaines conclusions. A partir de ce moment, certains journalistes \u00e0 fortiori m\u00eame des m\u00e9decins ne peuvent pas s\u2019exprimer sur ce sujet avec autorit\u00e9 car la m\u00e9decine, c\u2019est une affaire de sp\u00e9cialisation.<\/p>\n<p>Ce sont les opinions non expertes qui am\u00e8nent souvent les populations \u00e0 croire tout et n\u2019importe quoi. Dans l'Observateur de ce mardi 27 juillet, \u00e0 sa page 3 actualit\u00e9, un reportage \u00e9voque la ru\u00e9e des populations vers les pharmacies et les dangers de l'autom\u00e9dication dans un contexte de peur, eu \u00e9gard aux d\u00e9c\u00e8s constat\u00e9s. S\u2019il en est ainsi c\u2019est parce que l'imprudence conduit \u00e0 ce que dans les qu\u2019on \u00e9voque sans recul, ni pr\u00e9caution les m\u00e9dicaments qui permettraient de venir \u00e0 bout du virus. Beaucoup \u00e9voquent l'usage de l\u2019azyithromycine, de l'apdyl-h sirop et des vitamines comme moyen de pr\u00e9vention et de traitement de la covid. Le docteur Thi\u00e9mokho Diop, assistant de pharmacie, dans le m\u00eame journal, pr\u00e9vient contre le danger de l'autom\u00e9dication car, indique-t-il, l\u2019Azyitromycine n\u2019est pas n\u2019importe quel antibiotique. A force d\u2019\u00eatre pris, le m\u00e9dicament peut causer une h\u00e9patite, une diarrh\u00e9e importante, des troubles du rythme cardiaque et une r\u00e9action cutan\u00e9e grave.<\/p>\n<p>L\u2019\u00e9mission \u00ab <em>Jakarloo<\/em> \u00bb est certes un talk-show mais, il doit aborder certains sujets avec s\u00e9rieux en interrogeant des personnes qui ont une ma\u00eetrise du sujet tout en tenant compte de la responsabilit\u00e9 qui doit entourer le discours. Aborder le sujet en parlant de Delta + ne fait qu\u2019augmenter \u00e0 la confusion des esprits et au renforcement de la psychose, au moment o\u00f9 on parle de 1300 morts enregistr\u00e9s depuis le d\u00e9but. Et aussi face au nombre important et actuel de morts.<br \/>\nA entendre le \u00ab professeur \u00bb Khadim Rassoul Thiam d\u00e9blat\u00e9rer sur le plateau de \u00ab Jakarloo \u00bb, nous expliquant qu\u2019il est le meilleur professeur d\u2019Alg\u00e8bre des Iles d\u2019Am\u00e9rique, qu\u2019il est neveu de tel notaire, etc l\u2019on se pose la question de sa pr\u00e9sence sur ce plateau. Qu\u2019apporte-t-il de s\u00e9rieux au d\u00e9bat sur l\u2019\u00e9ducation des jeunes, la pand\u00e9mie, etc ? Rien de bien int\u00e9ressant. A part frimer et fanfaronner sur des sujets o\u00f9 il passe du s\u00e9rieux au flamboyant. Aucun int\u00e9r\u00eat \u00e0 \u00e9couter ce monsieur vocif\u00e9rer et se vanter. Tant\u00f4t qualifi\u00e9 par Abdoulaye Der ou Bouba Ndour de politicien encagoul\u00e9 soutenant Macky Sall avec confection de T-shirt \u00e0 l\u2019appui et tant\u00f4t se d\u00e9finissant comme \u00ab politique \u00bb. Bref on sort de cette \u00e9mission en se demandant quoi retenir de ce qu\u2019il a dit si ce n\u2019est nous vendre les enseignements de Serigne Touba dont il est le dernier \u00e0 \u00eatre le promoteur. Il y a longtemps que les \u00e9rudits, pas les populistes comme lui, ont d\u00e9cortiqu\u00e9 l\u2019essence de ces enseignements \u00f4 combien utiles.<\/p>\n<p>Pour l\u2019heure la pand\u00e9mie est tellement pr\u00e9occupant que le pr\u00e9sident Sall, accus\u00e9 par un titre assassin du journal \u00ab Kritik \u00bb, \u00ab m\u00e9decin apr\u00e8s 1300 morts \u00bb a fait une visite dans les Centre de traitement des Epid\u00e9mies (Cte) pour se rendre compte de la r\u00e9alit\u00e9 de la prise en charge dans les h\u00f4pitaux. Et ce sont des h\u00f4pitaux, ainsi que le d\u00e9crit le quotidien, avec un taux d\u2019occupation de 99% avec un nombre de d\u00e9c\u00e8s qu\u2019il d\u00e9clare de 14 en 24 heures. C\u2019est d\u2019ailleurs le sauve qui peut pour se faire vacciner chez les populations apr\u00e8s une situation de d\u00e9ni et de crainte du vaccin. \u00ab Le Soleil \u00bb de ce mardi 28 juillet a d\u2019ailleurs mis en exergue l\u2019invitation du pr\u00e9sident \u00e0 aller se faire vacciner et pr\u00e9cise que \u00ab 500 000 doses d\u00e9j\u00e0 disponibles et 2 millions attendus en ao\u00fbt\u2026\u00bb. Bref une situation qui tranche avec le moment o\u00f9 Macky Sall mena\u00e7ait d\u2019offrir les vaccins, alors qu\u2019il n\u2019en avait m\u00eame pas assez. De quoi rigoler fortement aujourd\u2019hui. Le journal \u00ab 24 heures \u00bb de ce m\u00eame mardi \u00e0 sa une, de barrer : \u00ab Et si Macky Sall doit demandait pardon.. \u00bb, expliquant que dans la perception de l\u2019opinion nationale, il est au premier rang des responsables de cette situation\u2026 \u00bb<\/p>\n<p><strong>La lancinante question de la r\u00e9forme de l\u2019\u00e9ducation<\/strong><\/p>\n<p>Sur la question de l\u2019\u00e9ducation, les chroniqueurs ont beau insister sur les recettes \u00e0 appliquer pour rompre avec le syst\u00e8me fran\u00e7ais avec notamment l\u2019introduction du wolof et des langues locales, mais l\u2019on voyait bien qu\u2019eux-m\u00eames avaient du mal avec le wolof puisqu\u2019ils s\u2019expriment difficilement dans cette langue. Un fait d\u2019ailleurs relev\u00e9 par \u00ab Fou Malade \u00bb et un Der ou Bouba Ndour qui ne cessaient de demander \u00e0 Khadim Rassoul Thiam de parler wolof, alors qu\u2019il s\u2019exprimait dans un fran\u00e7ais fa\u00e7on parisien ! L\u2019un d\u2019eux a m\u00eame relev\u00e9 que si le fran\u00e7ais est aussi pr\u00e9sent dans le discours, c\u2019est parce qu\u2019ils sont \u00ab des victimes de l\u2019enseignement du fran\u00e7ais \u00bb.<\/p>\n<p>Cheikh Y\u00e9rim a par exemple d\u00e9plor\u00e9 la massification de l\u2019universit\u00e9 qui selon lui, doit \u00eatre r\u00e9serv\u00e9 \u00e0 l\u2019\u00e9lite. Il a aussi demand\u00e9 l\u2019institution des grandes \u00e9coles en cr\u00e9ant l\u2019\u00e9mulation ainsi que la promotion des m\u00e9tiers \u00e0 l\u2019image selon lui, des Isep cr\u00e9\u00e9s par Macky Sall. Bref, autant de recettes que d\u2019intervenants pour une politique d\u2019\u00e9ducation et de formation urgente dans la prise en charge \u00e0 lui apporter.<\/p>\n<p>R\u00e9cemment, dans EnQu\u00eate du vendredi 16 juillet, le secr\u00e9taire g\u00e9n\u00e9ral du Cadre unitaire syndical des enseignants du moyen secondaire\/Authentique (Cusems\/Authentique) Dame Mbodji critiquait la non application des recommandations des assises de l\u2019\u00e9ducation 2014 rang\u00e9es dans les tiroirs. \u00ab Parmi les recommandations, renseigne- t-il, il \u00e9tait question d\u2019introduire correctement les langues nationales au niveau de l\u2019\u00e9cole de base. Les assises demandaient que les enfants, \u00e0 la premi\u00e8re \u00e9tape au niveau de l\u2019\u00e9l\u00e9mentaire (trois premi\u00e8res ann\u00e9es \u00e0 l\u2019\u00e9cole) apprennent dans la langue du milieu ou encore la langue qu\u2019il ma\u00eetrise, on ne parle pas de langue maternelle. C\u2019est ce qu\u2019on appelle la langue matricielle. C\u2019est le s\u00e9r\u00e8re, le diola ou le wolof qui doit servir de langue d\u2019apprentissage. Il ne s\u2019agit pas d\u2019alphab\u00e9tiser les enfants dans une langue nationale \u00bb.<\/p>\n<p>Celui-ci n\u2019avait pas d\u2019ailleurs manqu\u00e9 de pr\u00e9ciser \u00ab dans tous les pays qui ont un syst\u00e8me \u00e9ducatif de qualit\u00e9, les choses se passent comme \u00e7a. Il n\u2019y a que le S\u00e9n\u00e9gal qui continue \u00e0 faire les cours d\u2019initiation avec une langue \u00e9trang\u00e8re. Dans la langue, on v\u00e9hicule une culture et quand l\u2019enfant est fortement ancr\u00e9 dans sa culture, il y a des comportements qu\u2019il ne peut pas avoir. Il va consolider \u00e0 l\u2019\u00e9cole les acquis de la maison. Ainsi, \u00e0 d\u2019autres \u00e9tapes de son cursus scolaire, on lui ajoute de nouvelles langues. Cela a fait l\u2019objet d\u2019un consensus au niveau des Assises de l\u2019\u00e9ducation et de la formation, mais ce n\u2019est pas ce qui est en train d\u2019\u00eatre fait. Pourtant, on a mobilis\u00e9 plus de 500 000 000 F CFA pour r\u00e9fl\u00e9chir sur le syst\u00e8me \u00e9ducatif \u00bb.<\/p>\n<p>Le SG du Cusems authentique appelait \u00e9galement \u00e0 ce que la religion soit au coeur des r\u00e9formes. Aussi, avait-il plaid\u00e9 pour \u00ab l\u2019introduction correcte \u00bb de l\u2019\u00e9ducation religieuse dans l\u2019apprentissage des \u00e9l\u00e8ves. \u00ab C\u2019est une autre recommandation des assises qui va permettre aux enfants de savoir qu\u2019ils ont des \u00e9rudits qui constituent des r\u00e9f\u00e9rences. On doit leur apprendre l\u2019histoire de nos \u00e9rudits musulmans et chr\u00e9tiens, car la religion permet \u00e0 l\u2019individu de se lib\u00e9rer de tout ce qui est haine et m\u00e9chancet\u00e9. La religion pr\u00f4ne la paix. Il faut l\u2019introduire pour pouvoir moraliser les rapports et former les enfants \u00e0 \u00eatre des citoyens disciplin\u00e9s, responsables et int\u00e8gres\u2019 \u00bb.<\/p>\n<p>Dans une interview exclusive accord\u00e9e au journal d\u2019investigation \u00ab Enqu\u00eate \u00bb, le philosophe et enseignant \u00e0 Columbia aux Etats Unis, Souleymane Bachir Diagne, tr\u00e8s au fait de ces questions pour avoir aussi enseign\u00e9 \u00e0 l\u2019Universit\u00e9 Cheikh Anta Diop, a livr\u00e9 sa vision de l\u2019\u00e9duction. \u00ab Saupoudrer les probl\u00e8mes d\u2019un peu d\u2019argent, ici ou l\u00e0, pour calmer les choses, ne sert \u00e0 rien. C\u2019est la raison pour laquelle, si je reviens \u00e0 ce que je disais sur la capacit\u00e9 d\u2019anticipation, aujourd\u2019hui, nous sommes arriv\u00e9s au moment o\u00f9 nous avons besoin de politiques visionnaires sur le long terme, de politiques de jeunesse qui soient des politiques d\u2019anticipation et de vision sur le long terme. \u00bb, a fait savoir le sp\u00e9cialiste de l\u2019histoire des sciences et de la philosophie islamique.<\/p>\n<p>\u00ab <em>S\u2019il y a un secteur sur lequel des consensus doivent pouvoir se b\u00e2tir, c\u2019est celui de l\u2019\u00e9ducation et de la formation. L\u2019id\u00e9e est qu\u2019on doit partager une m\u00eame philosophie g\u00e9n\u00e9rale de l\u2019\u00e9ducation et de la formation, quelles que soient les diff\u00e9rences, les nuances que tel ou tel parti politique va apporter(\u2026). Il faut, par exemple, reconna\u00eetre que nos syst\u00e8mes \u00e9ducatifs sont au fond du gouffre. Il faut quand m\u00eame dire les choses telles qu\u2019elles sont. Il faut voir les mani\u00e8res de redresser cela, parce que la fabrique de l\u2019avenir se trouve l\u00e0. Cela commande une vision \u00e0 long terme. Peut-\u00eatre que les comp\u00e9titions d\u00e9mocratiques qui visent toujours le court terme, la prochaine victoire \u00e0 remporter, etc., ne sont pas toujours le cadre id\u00e9al pour prendre le temps de r\u00e9fl\u00e9chir, d\u2019\u00eatre d\u2019accord sur tout, de construire un consensus pour les directions qu\u2019il faut faire prendre \u00e0 notre politique de formation et d\u2019\u00e9ducation.<\/em> \u00bb, a ajout\u00e9 Diagne. Avant de se faire plus pr\u00e9cis sur l\u2019urgence de r\u00e9gler la question : \u00ab les r\u00e9formes qu\u2019on peut introduire dans un syst\u00e8me d\u2019\u00e9ducation sont des r\u00e9formes qui, par d\u00e9finition, vont commencer \u00e0 donner v\u00e9ritablement leurs fruits au bout d\u2019une g\u00e9n\u00e9ration. Mais le fait que les fruits vont \u00eatre cueillis plus tard ne signifie pas que l\u2019action, elle, n\u2019est pas urgente. Elle est urgente et d\u2019autant plus \u00e0 prendre aujourd\u2019hui que les fruits vont se manifester plus tard. \u00bb<\/p>\n<p><strong>Le cinglant d\u00e9saveu de Madior\u2026<\/strong><\/p>\n<p>Cinglant d\u00e9saveu d'Isma\u00ebl Madior Fall apr\u00e8s la nomination aussi subite qu'inattendue par Macky Sall des rempla\u00e7ants des trois juges du conseil Constitutionnel. \u00ab J\u2019ai bien appr\u00e9ci\u00e9 la courtoisie et l'\u00e9l\u00e9gance du Conseil. Dans sa d\u00e9cision relative \u00e0 la loi modifiant le Code p\u00e9nal, le Conseil a pris la peine, d\u00e8s le d\u00e9but de sa d\u00e9cision, d'expliquer la r\u00e9gularit\u00e9 de sa composition. Il n'\u00e9tait pas tenu de le faire. Il aurait pu statuer, rendre sa d\u00e9cision. Un juge n'a pas \u00e0 s'expliquer sur ses d\u00e9cisions. Mais, il a \u00e9t\u00e9 courtois en expliquant que sa composition n'\u00e9tait en rien irr\u00e9guli\u00e8re \u00bb, avait soutenu le professeur agr\u00e9g\u00e9 du Droit constitutionnel. Ce dernier, ministre, conseiller juridique du chef de l\u2019Etat, pense que cette d\u00e9cision des sages, est de bonne qualit\u00e9. L'ancien ministre de la Justice avait aussi estim\u00e9 que les membres du Conseil constitutionnel devaient m\u00eame \u00eatre f\u00e9licit\u00e9s parce qu\u2019ils ont agi dans l'int\u00e9r\u00eat de la continuit\u00e9 des pouvoirs publics. Ils ont \u00e9vit\u00e9 une situation de \u00ab vide constitutionnel \u00bb.<\/p>\n<p>L\u2019agr\u00e9g\u00e9 de droit constitutionnel a \u00e9videmment tout faux. Et il n\u2019est pas n\u00e9cessaire d\u2019\u00eatre juriste pour le constater. En effet, l\u2019article 23 de la loi organique instituant le Conseil constitutionnel dispose que \u00ab le Conseil constitutionnel ne peut d\u00e9lib\u00e9rer qu\u2019en pr\u00e9sence de tous ses membres, sauf emp\u00eachement temporaire de trois d\u2019entre eux au plus, d\u00fbment constat\u00e9 par les autres membres. Si l\u2019un des membres du Conseil, temporairement emp\u00each\u00e9, est le pr\u00e9sident, le vice-pr\u00e9sident assure son int\u00e9rim. En cas de partage des voix, celle du pr\u00e9sident est pr\u00e9pond\u00e9rante\u00bb.<\/p>\n<p>L\u2019article 5 de la m\u00eame loi ajoute que \u00abl\u2019emp\u00eachement temporaire d\u2019un membre du Conseil est constat\u00e9 par le Conseil. Si cet emp\u00eachement se prolonge au-del\u00e0 d\u2019une dur\u00e9e de soixante jours, il est mis fin aux fonctions de l\u2019int\u00e9ress\u00e9 dans les conditions pr\u00e9vues au premier alin\u00e9a\u00bb.<\/p>\n<p>Or aujourd\u2019hui, on est en face d\u2019un emp\u00eachement d\u00e9finitif de trois membres du Conseil constitutionnel sur 7. Bousso Diao Fall, ancien Procureur g\u00e9n\u00e9ral de la Cour d\u2019appel de Saint-Louis, est d\u00e9c\u00e9d\u00e9e depuis janvier 2021. Le professeur agr\u00e9g\u00e9 de droit priv\u00e9, Ndiaw Diouf, vice-pr\u00e9sident du Conseil constitutionnel et le magistrat Mandiogou Ndiaye, ont termin\u00e9 leur mandat de six ans non renouvelable depuis le 26 juin 2015.Ce qui fait qu\u2019en application des dispositions de l\u2019article 23, le Conseil constitutionnel ne peut aucunement d\u00e9lib\u00e9rer. S\u2019il le fait, il viole la loi.<\/p>\n<p>Ce qui a pouss\u00e9 certains observateurs \u00e0 se demander si la d\u00e9cision des 7 sages, pardon des 4 sages, est vraiment sage ? Il y a de quoi avoir peur, \u00e0 entendre Ismael Madior Fall d\u00e9fendre des arguments aussi tir\u00e9s par les cheveux. Doit-on continuer \u00e0 tendre le micro \u00e0 celui qui se d\u00e9finit comme un \u00ab tailleur de haute couture \u00bb pour narguer ses d\u00e9tracteurs qui le traitent de \u00ab tailleur constitutionnel \u00bb, question de leur dire qu\u2019il s\u2019en fout ? Assur\u00e9ment non. Surtout pour quelqu\u2019un qui d\u00e9fend tout et n'importe quoi juste pour faire plaisir \u00e0 son patron qu'il conseille. Il a \u00e9t\u00e9 au c\u0153ur de cette affaire de 3\u00e8me mandat et \u00e9vite d\u00e9sormais la question. Sur cette d\u00e9cision du conseil constitutionnel ses arguments sont fallacieux et il le sait. De quoi le disqualifier fortement sur les sujets ayant trait \u00e0 la constitution car il n y a plus manifestement plus rien \u00e0 attendre de lui.<\/p>\n<p>Le pr\u00e9sident de la R\u00e9publique, Macky Sall, a sans doute bien pris la mesure de la contestation de la d\u00e9cision. Aussi, a-t-il rapidement pris des d\u00e9crets pour pourvoir au remplacement de Bousso Diao Fall d\u00e9c\u00e9d\u00e9e, mais aussi de Ndiaw Diouf et Mandiogou Ndiaye dont le mandat est arriv\u00e9 \u00e0 terme.<br \/>\nMadame Aminata Ly Ndiaye, Magistrat, pr\u00e9c\u00e9demment Premier Pr\u00e9sident de la Cour d'Appel de Thi\u00e8s, est nomm\u00e9 membre du Conseil constitutionnel, pour terminer le mandat de feue Madame Bousso Diao Fall.<\/p>\n<p>Le Professeur titulaire des Universit\u00e9s, Seydou Nourou Tall, actuellement membre du Conseil constitutionnel, est, en outre, nomm\u00e9 Vice-Pr\u00e9sident dudit Conseil.<\/p>\n<p>Mamadou Badio Camara, ancien Premier Pr\u00e9sident de la Cour supr\u00eame et Youssoupha Diaw MbodjiI, ancien Premier Avocat g\u00e9n\u00e9ral pr\u00e8s la Cour supr\u00eame ont \u00e9t\u00e9 nomm\u00e9s membres du Conseil constitutionnel.<\/p>\n<p>Sauf que la nomination de Badio Camara commence d\u00e9j\u00e0 \u00e0 soulever des interrogations ainsi que le souligne \u00ab Dakar Times \u00bb du mardi 28 juillet qui le d\u00e9finit comme \u00ab un magistrat au c\u0153ur de plusieurs pol\u00e9miques \u00bb avec une une \u00ab Macky tient \u00e0 son Badio \u00bb<\/p>\n<div class='share-to-whatsapp-wrapper'><div class='share-on-whsp'>PARTAGER SUR : <\/div><a data-text='IDIOVISUEL - Ombres et lumi\u00e8res m\u00e9diatiques' data-link='https:\/\/www.nettali.com\/2021\/07\/28\/idiovisuel-ombres-et-lumieres-mediatiques\/' class='whatsapp-button whatsapp-share'>WhatsApp<\/a><div class='clear '><\/div><\/div>","protected":false},"excerpt":{"rendered":"<p>NETTALI.COM - La flamb\u00e9e des contaminations, la question de l\u2019\u00e9ducation et la d\u00e9cision contest\u00e9e du conseil constitutionnel, autant de sujets qui ont occup\u00e9 l'actualit\u00e9 m\u00e9diatique, ces derniers jours. De quoi s s\u2019interroger sur les voies et moyens pour r\u00e9soudre ces \u00e9quations. Mais que n'a ton pas entendu comme d\u00e9lires et avis d'inexperts sur ces sujets [&hellip;]<\/p>\n","protected":false},"author":2,"featured_media":68716,"comment_status":"open","ping_status":"open","sticky":false,"template":"","format":"standard","meta":{"_et_pb_use_builder":"","_et_pb_old_content":""},"categories":[9],"tags":[],"yoast_head":"<!-- This site is optimized with the Yoast SEO Premium plugin v17.8 (Yoast SEO v17.8) - https:\/\/yoast.com\/wordpress\/plugins\/seo\/ -->\n<title>IDIOVISUEL - Ombres et lumi\u00e8res m\u00e9diatiques | Nettali.com<\/title>\n<meta name=\"robots\" content=\"index, follow, max-snippet:-1, max-image-preview:large, max-video-preview:-1\" \/>\n<link rel=\"canonical\" href=\"https:\/\/www.nettali.com\/2021\/07\/28\/idiovisuel-ombres-et-lumieres-mediatiques\/\" \/>\n<meta property=\"og:locale\" content=\"fr_FR\" \/>\n<meta property=\"og:type\" content=\"article\" \/>\n<meta property=\"og:title\" content=\"IDIOVISUEL - Ombres et lumi\u00e8res m\u00e9diatiques\" \/>\n<meta property=\"og:description\" content=\"NETTALI.COM - La flamb\u00e9e des contaminations, la question de l\u2019\u00e9ducation et la d\u00e9cision contest\u00e9e du conseil constitutionnel, autant de sujets qui ont occup\u00e9 l&#039;actualit\u00e9 m\u00e9diatique, ces derniers jours. De quoi s s\u2019interroger sur les voies et moyens pour r\u00e9soudre ces \u00e9quations. Mais que n&#039;a ton pas entendu comme d\u00e9lires et avis d&#039;inexperts sur ces sujets [&hellip;]\" \/>\n<meta property=\"og:url\" content=\"https:\/\/www.nettali.com\/2021\/07\/28\/idiovisuel-ombres-et-lumieres-mediatiques\/\" \/>\n<meta property=\"og:site_name\" content=\"Nettali.com\" \/>\n<meta property=\"article:publisher\" content=\"https:\/\/www.facebook.com\/nettalicom\" \/>\n<meta property=\"article:published_time\" content=\"2021-07-28T09:46:35+00:00\" \/>\n<meta property=\"article:modified_time\" content=\"2021-07-31T10:24:17+00:00\" \/>\n<meta property=\"og:image\" content=\"https:\/\/www.nettali.com\/wp-content\/uploads\/2021\/07\/seck-thiam-diagne-mbodji-fall.jpg\" \/>\n\t<meta property=\"og:image:width\" content=\"1280\" \/>\n\t<meta property=\"og:image:height\" content=\"600\" \/>\n<meta name=\"twitter:card\" content=\"summary_large_image\" \/>\n<meta name=\"twitter:label1\" content=\"\u00c9crit par\" \/>\n\t<meta name=\"twitter:data1\" content=\"CK\" \/>\n\t<meta name=\"twitter:label2\" content=\"Dur\u00e9e de lecture estim\u00e9e\" \/>\n\t<meta name=\"twitter:data2\" content=\"14 minutes\" \/>\n<script type=\"application\/ld+json\" class=\"yoast-schema-graph\">{\"@context\":\"https:\/\/schema.org\",\"@graph\":[{\"@type\":\"WebSite\",\"@id\":\"https:\/\/www.nettali.com\/#website\",\"url\":\"https:\/\/www.nettali.com\/\",\"name\":\"Nettali.com\",\"description\":\"Le rendez-vous critique du Net\",\"potentialAction\":[{\"@type\":\"SearchAction\",\"target\":{\"@type\":\"EntryPoint\",\"urlTemplate\":\"https:\/\/www.nettali.com\/?s={search_term_string}\"},\"query-input\":\"required name=search_term_string\"}],\"inLanguage\":\"fr-FR\"},{\"@type\":\"ImageObject\",\"@id\":\"https:\/\/www.nettali.com\/2021\/07\/28\/idiovisuel-ombres-et-lumieres-mediatiques\/#primaryimage\",\"inLanguage\":\"fr-FR\",\"url\":\"https:\/\/www.nettali.com\/wp-content\/uploads\/2021\/07\/seck-thiam-diagne-mbodji-fall.jpg\",\"contentUrl\":\"https:\/\/www.nettali.com\/wp-content\/uploads\/2021\/07\/seck-thiam-diagne-mbodji-fall.jpg\",\"width\":1280,\"height\":600},{\"@type\":\"WebPage\",\"@id\":\"https:\/\/www.nettali.com\/2021\/07\/28\/idiovisuel-ombres-et-lumieres-mediatiques\/#webpage\",\"url\":\"https:\/\/www.nettali.com\/2021\/07\/28\/idiovisuel-ombres-et-lumieres-mediatiques\/\",\"name\":\"IDIOVISUEL - Ombres et lumi\\u00e8res m\\u00e9diatiques | Nettali.com\",\"isPartOf\":{\"@id\":\"https:\/\/www.nettali.com\/#website\"},\"primaryImageOfPage\":{\"@id\":\"https:\/\/www.nettali.com\/2021\/07\/28\/idiovisuel-ombres-et-lumieres-mediatiques\/#primaryimage\"},\"datePublished\":\"2021-07-28T09:46:35+00:00\",\"dateModified\":\"2021-07-31T10:24:17+00:00\",\"author\":{\"@id\":\"https:\/\/www.nettali.com\/#\/schema\/person\/d8ac7b7e27ddad43f1c0d2ef090d7f71\"},\"breadcrumb\":{\"@id\":\"https:\/\/www.nettali.com\/2021\/07\/28\/idiovisuel-ombres-et-lumieres-mediatiques\/#breadcrumb\"},\"inLanguage\":\"fr-FR\",\"potentialAction\":[{\"@type\":\"ReadAction\",\"target\":[\"https:\/\/www.nettali.com\/2021\/07\/28\/idiovisuel-ombres-et-lumieres-mediatiques\/\"]}]},{\"@type\":\"BreadcrumbList\",\"@id\":\"https:\/\/www.nettali.com\/2021\/07\/28\/idiovisuel-ombres-et-lumieres-mediatiques\/#breadcrumb\",\"itemListElement\":[{\"@type\":\"ListItem\",\"position\":1,\"name\":\"Accueil\",\"item\":\"https:\/\/www.nettali.com\/\"},{\"@type\":\"ListItem\",\"position\":2,\"name\":\"IDIOVISUEL &#8211; Ombres et lumi\\u00e8res m\\u00e9diatiques\"}]},{\"@type\":\"Person\",\"@id\":\"https:\/\/www.nettali.com\/#\/schema\/person\/d8ac7b7e27ddad43f1c0d2ef090d7f71\",\"name\":\"CK\",\"image\":{\"@type\":\"ImageObject\",\"@id\":\"https:\/\/www.nettali.com\/#personlogo\",\"inLanguage\":\"fr-FR\",\"url\":\"https:\/\/secure.gravatar.com\/avatar\/1d8d5118b9327d94da7cd4ce7f17fec2?s=96&d=mm&r=g\",\"contentUrl\":\"https:\/\/secure.gravatar.com\/avatar\/1d8d5118b9327d94da7cd4ce7f17fec2?s=96&d=mm&r=g\",\"caption\":\"CK\"},\"sameAs\":[\"https:\/\/www.nettali.com\"]}]}<\/script>\n<!-- \/ Yoast SEO Premium plugin. -->","yoast_head_json":{"title":"IDIOVISUEL - Ombres et lumi\u00e8res m\u00e9diatiques | Nettali.com","robots":{"index":"index","follow":"follow","max-snippet":"max-snippet:-1","max-image-preview":"max-image-preview:large","max-video-preview":"max-video-preview:-1"},"canonical":"https:\/\/www.nettali.com\/2021\/07\/28\/idiovisuel-ombres-et-lumieres-mediatiques\/","og_locale":"fr_FR","og_type":"article","og_title":"IDIOVISUEL - Ombres et lumi\u00e8res m\u00e9diatiques","og_description":"NETTALI.COM - La flamb\u00e9e des contaminations, la question de l\u2019\u00e9ducation et la d\u00e9cision contest\u00e9e du conseil constitutionnel, autant de sujets qui ont occup\u00e9 l'actualit\u00e9 m\u00e9diatique, ces derniers jours. De quoi s s\u2019interroger sur les voies et moyens pour r\u00e9soudre ces \u00e9quations. Mais que n'a ton pas entendu comme d\u00e9lires et avis d'inexperts sur ces sujets [&hellip;]","og_url":"https:\/\/www.nettali.com\/2021\/07\/28\/idiovisuel-ombres-et-lumieres-mediatiques\/","og_site_name":"Nettali.com","article_publisher":"https:\/\/www.facebook.com\/nettalicom","article_published_time":"2021-07-28T09:46:35+00:00","article_modified_time":"2021-07-31T10:24:17+00:00","og_image":[{"width":1280,"height":600,"url":"https:\/\/www.nettali.com\/wp-content\/uploads\/2021\/07\/seck-thiam-diagne-mbodji-fall.jpg","type":"image\/jpeg"}],"twitter_card":"summary_large_image","twitter_misc":{"\u00c9crit par":"CK","Dur\u00e9e de lecture estim\u00e9e":"14 minutes"},"schema":{"@context":"https:\/\/schema.org","@graph":[{"@type":"WebSite","@id":"https:\/\/www.nettali.com\/#website","url":"https:\/\/www.nettali.com\/","name":"Nettali.com","description":"Le rendez-vous critique du Net","potentialAction":[{"@type":"SearchAction","target":{"@type":"EntryPoint","urlTemplate":"https:\/\/www.nettali.com\/?s={search_term_string}"},"query-input":"required name=search_term_string"}],"inLanguage":"fr-FR"},{"@type":"ImageObject","@id":"https:\/\/www.nettali.com\/2021\/07\/28\/idiovisuel-ombres-et-lumieres-mediatiques\/#primaryimage","inLanguage":"fr-FR","url":"https:\/\/www.nettali.com\/wp-content\/uploads\/2021\/07\/seck-thiam-diagne-mbodji-fall.jpg","contentUrl":"https:\/\/www.nettali.com\/wp-content\/uploads\/2021\/07\/seck-thiam-diagne-mbodji-fall.jpg","width":1280,"height":600},{"@type":"WebPage","@id":"https:\/\/www.nettali.com\/2021\/07\/28\/idiovisuel-ombres-et-lumieres-mediatiques\/#webpage","url":"https:\/\/www.nettali.com\/2021\/07\/28\/idiovisuel-ombres-et-lumieres-mediatiques\/","name":"IDIOVISUEL - Ombres et lumi\u00e8res m\u00e9diatiques | Nettali.com","isPartOf":{"@id":"https:\/\/www.nettali.com\/#website"},"primaryImageOfPage":{"@id":"https:\/\/www.nettali.com\/2021\/07\/28\/idiovisuel-ombres-et-lumieres-mediatiques\/#primaryimage"},"datePublished":"2021-07-28T09:46:35+00:00","dateModified":"2021-07-31T10:24:17+00:00","author":{"@id":"https:\/\/www.nettali.com\/#\/schema\/person\/d8ac7b7e27ddad43f1c0d2ef090d7f71"},"breadcrumb":{"@id":"https:\/\/www.nettali.com\/2021\/07\/28\/idiovisuel-ombres-et-lumieres-mediatiques\/#breadcrumb"},"inLanguage":"fr-FR","potentialAction":[{"@type":"ReadAction","target":["https:\/\/www.nettali.com\/2021\/07\/28\/idiovisuel-ombres-et-lumieres-mediatiques\/"]}]},{"@type":"BreadcrumbList","@id":"https:\/\/www.nettali.com\/2021\/07\/28\/idiovisuel-ombres-et-lumieres-mediatiques\/#breadcrumb","itemListElement":[{"@type":"ListItem","position":1,"name":"Accueil","item":"https:\/\/www.nettali.com\/"},{"@type":"ListItem","position":2,"name":"IDIOVISUEL &#8211; Ombres et lumi\u00e8res m\u00e9diatiques"}]},{"@type":"Person","@id":"https:\/\/www.nettali.com\/#\/schema\/person\/d8ac7b7e27ddad43f1c0d2ef090d7f71","name":"CK","image":{"@type":"ImageObject","@id":"https:\/\/www.nettali.com\/#personlogo","inLanguage":"fr-FR","url":"https:\/\/secure.gravatar.com\/avatar\/1d8d5118b9327d94da7cd4ce7f17fec2?s=96&d=mm&r=g","contentUrl":"https:\/\/secure.gravatar.com\/avatar\/1d8d5118b9327d94da7cd4ce7f17fec2?s=96&d=mm&r=g","caption":"CK"},"sameAs":["https:\/\/www.nettali.com"]}]}},"_links":{"self":[{"href":"https:\/\/www.nettali.com\/rest\/wp\/v2\/posts\/68723"}],"collection":[{"href":"https:\/\/www.nettali.com\/rest\/wp\/v2\/posts"}],"about":[{"href":"https:\/\/www.nettali.com\/rest\/wp\/v2\/types\/post"}],"author":[{"embeddable":true,"href":"https:\/\/www.nettali.com\/rest\/wp\/v2\/users\/2"}],"replies":[{"embeddable":true,"href":"https:\/\/www.nettali.com\/rest\/wp\/v2\/comments?post=68723"}],"version-history":[{"count":1,"href":"https:\/\/www.nettali.com\/rest\/wp\/v2\/posts\/68723\/revisions"}],"predecessor-version":[{"id":68728,"href":"https:\/\/www.nettali.com\/rest\/wp\/v2\/posts\/68723\/revisions\/68728"}],"wp:featuredmedia":[{"embeddable":true,"href":"https:\/\/www.nettali.com\/rest\/wp\/v2\/media\/68716"}],"wp:attachment":[{"href":"https:\/\/www.nettali.com\/rest\/wp\/v2\/media?parent=68723"}],"wp:term":[{"taxonomy":"category","embeddable":true,"href":"https:\/\/www.nettali.com\/rest\/wp\/v2\/categories?post=68723"},{"taxonomy":"post_tag","embeddable":true,"href":"https:\/\/www.nettali.com\/rest\/wp\/v2\/tags?post=68723"}],"curies":[{"name":"wp","href":"https:\/\/api.w.org\/{rel}","templated":true}]}}