{"id":68691,"date":"2021-07-27T19:47:54","date_gmt":"2021-07-27T19:47:54","guid":{"rendered":"https:\/\/www.nettali.com\/?p=68691"},"modified":"2021-07-28T09:21:23","modified_gmt":"2021-07-28T09:21:23","slug":"conseil-constitutionnel-macky-sall-nomme-3-nouveaux-membres","status":"publish","type":"post","link":"https:\/\/www.nettali.com\/2021\/07\/27\/conseil-constitutionnel-macky-sall-nomme-3-nouveaux-membres\/","title":{"rendered":"CONSEIL CONSTITUTIONNEL - Macky Sall nomme 3 nouveaux membres"},"content":{"rendered":"<p><strong>NETTALI.COM - Apr\u00e8s la d\u00e9cision controvers\u00e9e du Conseil constitutionnel sur le recours de l\u2019opposition et la sortie malheureuse d\u2019Isma\u00efla Madior Fall, le pr\u00e9sident de la R\u00e9publique, Macky Sall, a nomm\u00e9 trois nouveaux membres au Conseil constitutionnel.<\/strong><\/p>\n<p>Le pr\u00e9sident de la R\u00e9publique, Macky Sall, a pris des d\u00e9crets pour pourvoir au remplacement de Bousso Diao Fall d\u00e9c\u00e9d\u00e9e, mais aussi de Ndiaw Diouf et Mandiogou Ndiaye \u00a0dont le mandat est arriv\u00e9 \u00e0 terme.<\/p>\n<p>Madame Aminata Ly Ndiaye, Magistrat, pr\u00e9c\u00e9demment Premier Pr\u00e9sident de la Cour d'Appel de Thi\u00e8s, \u00a0est nomm\u00e9 membre du Conseil constitutionnel, pour terminer le mandat de feue Madame Bousso Diao Fall. A l\u2019expiration du mandat, elle aura la possibilit\u00e9 d\u2019avoir un autre mandat de 6 ans non renouvelable.<\/p>\n<p>Mamadou Badio CAMARA, ancien Premier Pr\u00e9sident de la Cour supr\u00eame et Youssoupha Diaw Mbodji, ancien Premier Avocat g\u00e9n\u00e9ral pr\u00e8s la Cour supr\u00eame ont \u00e9t\u00e9 nomm\u00e9s membres du Conseil constitutionnel. Ils remplacement Ndiaw Diouf et Mandiogou Ndiaye<\/p>\n<p>Le Professeur titulaire des Universit\u00e9s, Seydou Nourou Tall, actuellement membre du Conseil constitutionnel, est nomm\u00e9 Vice-Pr\u00e9sident dudit Conseil.<\/p>\n<p>&nbsp;<\/p>\n<div class='share-to-whatsapp-wrapper'><div class='share-on-whsp'>PARTAGER SUR : <\/div><a data-text='CONSEIL CONSTITUTIONNEL - Macky Sall nomme 3 nouveaux membres' data-link='https:\/\/www.nettali.com\/2021\/07\/27\/conseil-constitutionnel-macky-sall-nomme-3-nouveaux-membres\/' class='whatsapp-button whatsapp-share'>WhatsApp<\/a><div class='clear '><\/div><\/div>","protected":false},"excerpt":{"rendered":"<p>NETTALI.COM - Apr\u00e8s la d\u00e9cision controvers\u00e9e du Conseil constitutionnel sur le recours de l\u2019opposition et la sortie malheureuse d\u2019Isma\u00efla Madior Fall, le pr\u00e9sident de la R\u00e9publique, Macky Sall, a nomm\u00e9 trois nouveaux membres au Conseil constitutionnel. Le pr\u00e9sident de la R\u00e9publique, Macky Sall, a pris des d\u00e9crets pour pourvoir au remplacement de Bousso Diao Fall [&hellip;]<\/p>\n","protected":false},"author":4,"featured_media":63162,"comment_status":"open","ping_status":"open","sticky":false,"template":"","format":"standard","meta":{"_et_pb_use_builder":"","_et_pb_old_content":""},"categories":[2],"tags":[],"yoast_head":"<!-- This site is optimized with the Yoast SEO Premium plugin v17.8 (Yoast SEO v17.8) - https:\/\/yoast.com\/wordpress\/plugins\/seo\/ -->\n<title>CONSEIL CONSTITUTIONNEL - Macky Sall nomme 3 nouveaux membres | Nettali.com<\/title>\n<meta name=\"robots\" content=\"index, follow, max-snippet:-1, max-image-preview:large, max-video-preview:-1\" \/>\n<link rel=\"canonical\" href=\"https:\/\/www.nettali.com\/2021\/07\/27\/conseil-constitutionnel-macky-sall-nomme-3-nouveaux-membres\/\" \/>\n<meta property=\"og:locale\" content=\"fr_FR\" \/>\n<meta property=\"og:type\" content=\"article\" \/>\n<meta property=\"og:title\" content=\"CONSEIL CONSTITUTIONNEL - Macky Sall nomme 3 nouveaux membres\" \/>\n<meta property=\"og:description\" content=\"NETTALI.COM - Apr\u00e8s la d\u00e9cision controvers\u00e9e du Conseil constitutionnel sur le recours de l\u2019opposition et la sortie malheureuse d\u2019Isma\u00efla Madior Fall, le pr\u00e9sident de la R\u00e9publique, Macky Sall, a nomm\u00e9 trois nouveaux membres au Conseil constitutionnel. Le pr\u00e9sident de la R\u00e9publique, Macky Sall, a pris des d\u00e9crets pour pourvoir au remplacement de Bousso Diao Fall [&hellip;]\" \/>\n<meta property=\"og:url\" content=\"https:\/\/www.nettali.com\/2021\/07\/27\/conseil-constitutionnel-macky-sall-nomme-3-nouveaux-membres\/\" \/>\n<meta property=\"og:site_name\" content=\"Nettali.com\" \/>\n<meta property=\"article:publisher\" content=\"https:\/\/www.facebook.com\/nettalicom\" \/>\n<meta property=\"article:published_time\" content=\"2021-07-27T19:47:54+00:00\" \/>\n<meta property=\"article:modified_time\" content=\"2021-07-28T09:21:23+00:00\" \/>\n<meta property=\"og:image\" content=\"https:\/\/www.nettali.com\/wp-content\/uploads\/2021\/05\/Pr_Macky_SALL.jpg\" \/>\n\t<meta property=\"og:image:width\" content=\"539\" \/>\n\t<meta property=\"og:image:height\" content=\"324\" \/>\n<meta name=\"twitter:card\" content=\"summary_large_image\" \/>\n<meta name=\"twitter:label1\" content=\"\u00c9crit par\" \/>\n\t<meta name=\"twitter:data1\" content=\"Daouda\" \/>\n\t<meta name=\"twitter:label2\" content=\"Dur\u00e9e de lecture estim\u00e9e\" \/>\n\t<meta name=\"twitter:data2\" content=\"1 minute\" \/>\n<script type=\"application\/ld+json\" class=\"yoast-schema-graph\">{\"@context\":\"https:\/\/schema.org\",\"@graph\":[{\"@type\":\"WebSite\",\"@id\":\"https:\/\/www.nettali.com\/#website\",\"url\":\"https:\/\/www.nettali.com\/\",\"name\":\"Nettali.com\",\"description\":\"Le rendez-vous critique du Net\",\"potentialAction\":[{\"@type\":\"SearchAction\",\"target\":{\"@type\":\"EntryPoint\",\"urlTemplate\":\"https:\/\/www.nettali.com\/?s={search_term_string}\"},\"query-input\":\"required name=search_term_string\"}],\"inLanguage\":\"fr-FR\"},{\"@type\":\"ImageObject\",\"@id\":\"https:\/\/www.nettali.com\/2021\/07\/27\/conseil-constitutionnel-macky-sall-nomme-3-nouveaux-membres\/#primaryimage\",\"inLanguage\":\"fr-FR\",\"url\":\"https:\/\/www.nettali.com\/wp-content\/uploads\/2021\/05\/Pr_Macky_SALL.jpg\",\"contentUrl\":\"https:\/\/www.nettali.com\/wp-content\/uploads\/2021\/05\/Pr_Macky_SALL.jpg\",\"width\":539,\"height\":324},{\"@type\":\"WebPage\",\"@id\":\"https:\/\/www.nettali.com\/2021\/07\/27\/conseil-constitutionnel-macky-sall-nomme-3-nouveaux-membres\/#webpage\",\"url\":\"https:\/\/www.nettali.com\/2021\/07\/27\/conseil-constitutionnel-macky-sall-nomme-3-nouveaux-membres\/\",\"name\":\"CONSEIL CONSTITUTIONNEL - Macky Sall nomme 3 nouveaux membres | Nettali.com\",\"isPartOf\":{\"@id\":\"https:\/\/www.nettali.com\/#website\"},\"primaryImageOfPage\":{\"@id\":\"https:\/\/www.nettali.com\/2021\/07\/27\/conseil-constitutionnel-macky-sall-nomme-3-nouveaux-membres\/#primaryimage\"},\"datePublished\":\"2021-07-27T19:47:54+00:00\",\"dateModified\":\"2021-07-28T09:21:23+00:00\",\"author\":{\"@id\":\"https:\/\/www.nettali.com\/#\/schema\/person\/3317e0bb3aa1da309fbf7b2780901bf4\"},\"breadcrumb\":{\"@id\":\"https:\/\/www.nettali.com\/2021\/07\/27\/conseil-constitutionnel-macky-sall-nomme-3-nouveaux-membres\/#breadcrumb\"},\"inLanguage\":\"fr-FR\",\"potentialAction\":[{\"@type\":\"ReadAction\",\"target\":[\"https:\/\/www.nettali.com\/2021\/07\/27\/conseil-constitutionnel-macky-sall-nomme-3-nouveaux-membres\/\"]}]},{\"@type\":\"BreadcrumbList\",\"@id\":\"https:\/\/www.nettali.com\/2021\/07\/27\/conseil-constitutionnel-macky-sall-nomme-3-nouveaux-membres\/#breadcrumb\",\"itemListElement\":[{\"@type\":\"ListItem\",\"position\":1,\"name\":\"Accueil\",\"item\":\"https:\/\/www.nettali.com\/\"},{\"@type\":\"ListItem\",\"position\":2,\"name\":\"CONSEIL CONSTITUTIONNEL &#8211; Macky Sall nomme 3 nouveaux membres\"}]},{\"@type\":\"Person\",\"@id\":\"https:\/\/www.nettali.com\/#\/schema\/person\/3317e0bb3aa1da309fbf7b2780901bf4\",\"name\":\"Daouda\",\"image\":{\"@type\":\"ImageObject\",\"@id\":\"https:\/\/www.nettali.com\/#personlogo\",\"inLanguage\":\"fr-FR\",\"url\":\"https:\/\/secure.gravatar.com\/avatar\/8d143b5a49345098ddcfee1c49c2f47c?s=96&d=mm&r=g\",\"contentUrl\":\"https:\/\/secure.gravatar.com\/avatar\/8d143b5a49345098ddcfee1c49c2f47c?s=96&d=mm&r=g\",\"caption\":\"Daouda\"},\"sameAs\":[\"https:\/\/www.nettali.com\"]}]}<\/script>\n<!-- \/ Yoast SEO Premium plugin. -->","yoast_head_json":{"title":"CONSEIL CONSTITUTIONNEL - Macky Sall nomme 3 nouveaux membres | Nettali.com","robots":{"index":"index","follow":"follow","max-snippet":"max-snippet:-1","max-image-preview":"max-image-preview:large","max-video-preview":"max-video-preview:-1"},"canonical":"https:\/\/www.nettali.com\/2021\/07\/27\/conseil-constitutionnel-macky-sall-nomme-3-nouveaux-membres\/","og_locale":"fr_FR","og_type":"article","og_title":"CONSEIL CONSTITUTIONNEL - Macky Sall nomme 3 nouveaux membres","og_description":"NETTALI.COM - Apr\u00e8s la d\u00e9cision controvers\u00e9e du Conseil constitutionnel sur le recours de l\u2019opposition et la sortie malheureuse d\u2019Isma\u00efla Madior Fall, le pr\u00e9sident de la R\u00e9publique, Macky Sall, a nomm\u00e9 trois nouveaux membres au Conseil constitutionnel. Le pr\u00e9sident de la R\u00e9publique, Macky Sall, a pris des d\u00e9crets pour pourvoir au remplacement de Bousso Diao Fall [&hellip;]","og_url":"https:\/\/www.nettali.com\/2021\/07\/27\/conseil-constitutionnel-macky-sall-nomme-3-nouveaux-membres\/","og_site_name":"Nettali.com","article_publisher":"https:\/\/www.facebook.com\/nettalicom","article_published_time":"2021-07-27T19:47:54+00:00","article_modified_time":"2021-07-28T09:21:23+00:00","og_image":[{"width":539,"height":324,"url":"https:\/\/www.nettali.com\/wp-content\/uploads\/2021\/05\/Pr_Macky_SALL.jpg","type":"image\/jpeg"}],"twitter_card":"summary_large_image","twitter_misc":{"\u00c9crit par":"Daouda","Dur\u00e9e de lecture estim\u00e9e":"1 minute"},"schema":{"@context":"https:\/\/schema.org","@graph":[{"@type":"WebSite","@id":"https:\/\/www.nettali.com\/#website","url":"https:\/\/www.nettali.com\/","name":"Nettali.com","description":"Le rendez-vous critique du Net","potentialAction":[{"@type":"SearchAction","target":{"@type":"EntryPoint","urlTemplate":"https:\/\/www.nettali.com\/?s={search_term_string}"},"query-input":"required name=search_term_string"}],"inLanguage":"fr-FR"},{"@type":"ImageObject","@id":"https:\/\/www.nettali.com\/2021\/07\/27\/conseil-constitutionnel-macky-sall-nomme-3-nouveaux-membres\/#primaryimage","inLanguage":"fr-FR","url":"https:\/\/www.nettali.com\/wp-content\/uploads\/2021\/05\/Pr_Macky_SALL.jpg","contentUrl":"https:\/\/www.nettali.com\/wp-content\/uploads\/2021\/05\/Pr_Macky_SALL.jpg","width":539,"height":324},{"@type":"WebPage","@id":"https:\/\/www.nettali.com\/2021\/07\/27\/conseil-constitutionnel-macky-sall-nomme-3-nouveaux-membres\/#webpage","url":"https:\/\/www.nettali.com\/2021\/07\/27\/conseil-constitutionnel-macky-sall-nomme-3-nouveaux-membres\/","name":"CONSEIL CONSTITUTIONNEL - Macky Sall nomme 3 nouveaux membres | Nettali.com","isPartOf":{"@id":"https:\/\/www.nettali.com\/#website"},"primaryImageOfPage":{"@id":"https:\/\/www.nettali.com\/2021\/07\/27\/conseil-constitutionnel-macky-sall-nomme-3-nouveaux-membres\/#primaryimage"},"datePublished":"2021-07-27T19:47:54+00:00","dateModified":"2021-07-28T09:21:23+00:00","author":{"@id":"https:\/\/www.nettali.com\/#\/schema\/person\/3317e0bb3aa1da309fbf7b2780901bf4"},"breadcrumb":{"@id":"https:\/\/www.nettali.com\/2021\/07\/27\/conseil-constitutionnel-macky-sall-nomme-3-nouveaux-membres\/#breadcrumb"},"inLanguage":"fr-FR","potentialAction":[{"@type":"ReadAction","target":["https:\/\/www.nettali.com\/2021\/07\/27\/conseil-constitutionnel-macky-sall-nomme-3-nouveaux-membres\/"]}]},{"@type":"BreadcrumbList","@id":"https:\/\/www.nettali.com\/2021\/07\/27\/conseil-constitutionnel-macky-sall-nomme-3-nouveaux-membres\/#breadcrumb","itemListElement":[{"@type":"ListItem","position":1,"name":"Accueil","item":"https:\/\/www.nettali.com\/"},{"@type":"ListItem","position":2,"name":"CONSEIL CONSTITUTIONNEL &#8211; Macky Sall nomme 3 nouveaux membres"}]},{"@type":"Person","@id":"https:\/\/www.nettali.com\/#\/schema\/person\/3317e0bb3aa1da309fbf7b2780901bf4","name":"Daouda","image":{"@type":"ImageObject","@id":"https:\/\/www.nettali.com\/#personlogo","inLanguage":"fr-FR","url":"https:\/\/secure.gravatar.com\/avatar\/8d143b5a49345098ddcfee1c49c2f47c?s=96&d=mm&r=g","contentUrl":"https:\/\/secure.gravatar.com\/avatar\/8d143b5a49345098ddcfee1c49c2f47c?s=96&d=mm&r=g","caption":"Daouda"},"sameAs":["https:\/\/www.nettali.com"]}]}},"_links":{"self":[{"href":"https:\/\/www.nettali.com\/rest\/wp\/v2\/posts\/68691"}],"collection":[{"href":"https:\/\/www.nettali.com\/rest\/wp\/v2\/posts"}],"about":[{"href":"https:\/\/www.nettali.com\/rest\/wp\/v2\/types\/post"}],"author":[{"embeddable":true,"href":"https:\/\/www.nettali.com\/rest\/wp\/v2\/users\/4"}],"replies":[{"embeddable":true,"href":"https:\/\/www.nettali.com\/rest\/wp\/v2\/comments?post=68691"}],"version-history":[{"count":2,"href":"https:\/\/www.nettali.com\/rest\/wp\/v2\/posts\/68691\/revisions"}],"predecessor-version":[{"id":68709,"href":"https:\/\/www.nettali.com\/rest\/wp\/v2\/posts\/68691\/revisions\/68709"}],"wp:featuredmedia":[{"embeddable":true,"href":"https:\/\/www.nettali.com\/rest\/wp\/v2\/media\/63162"}],"wp:attachment":[{"href":"https:\/\/www.nettali.com\/rest\/wp\/v2\/media?parent=68691"}],"wp:term":[{"taxonomy":"category","embeddable":true,"href":"https:\/\/www.nettali.com\/rest\/wp\/v2\/categories?post=68691"},{"taxonomy":"post_tag","embeddable":true,"href":"https:\/\/www.nettali.com\/rest\/wp\/v2\/tags?post=68691"}],"curies":[{"name":"wp","href":"https:\/\/api.w.org\/{rel}","templated":true}]}}