{"id":68580,"date":"2021-07-26T10:02:29","date_gmt":"2021-07-26T10:02:29","guid":{"rendered":"https:\/\/www.nettali.com\/?p=68580"},"modified":"2021-07-26T10:22:45","modified_gmt":"2021-07-26T10:22:45","slug":"serie-infideles-jamra-depose-trois-plaintes","status":"publish","type":"post","link":"https:\/\/www.nettali.com\/2021\/07\/26\/serie-infideles-jamra-depose-trois-plaintes\/","title":{"rendered":"S\u00c9RIE \"INFID\u00c8LES\" -  Jamra d\u00e9pose trois plaintes"},"content":{"rendered":"<p><strong>NETTALI.COM - \u00a0Dans un communiqu\u00e9, l\u2019ONG Jamra annonce trois plaintes contre la diffusion de sc\u00e8nes de la s\u00e9rie \u2019\u2019Infid\u00e8les\u2019\u2019.<\/strong><\/p>\n<p>Jamra, auteur de trois plaintes, vise des \u00e9pisodes de la saison 2 de la s\u00e9rie \u2019\u2019Infid\u00e8les\u2019<strong>\u2019 <\/strong>dans lesquelles on voit une des actrices exhiber un de ses sous-v\u00eatements.<\/p>\n<p>L\u2019une des plaintes sera envoy\u00e9e au Conseil national de r\u00e9gulation de l\u2019audiovisuel (CNRA) \u201cpour violation des engagements pris par les promoteurs r\u00e9cidivistes de la s\u00e9rie perverse \u201cInfid\u00e8les\u201d, cons\u00e9cutivement \u00e0 la plainte de Jamra et de ses alli\u00e9s du CDVM (Comit\u00e9 de d\u00e9fense des valeurs morales) de Serigne Bassirou Mback\u00e9 Cheikh Astou Fall, et l'ONG Daral Qural Wal Ikhsane de l\u2019imam Dia El Hadj Alioune. Lesquels engagements ayant par la suite \u00e9taient justifi\u00e9s par la \u201cd\u00e9cision du coll\u00e8ge du CNRA\u201d rendue le mercredi 12 ao\u00fbt 2020, qui mettait en demeure les promoteurs de \u201cInfid\u00e8les\u201d, lit-on dans la note.<\/p>\n<p>Selon le communiqu\u00e9 de l\u2019ONG, une autre plainte sera adress\u00e9e au procureur de la R\u00e9publique \u201cpour violation de la loi n\u00b02008- 11 du 25 janvier 2008, relative \u00e0 la diffusion d\u2019images contraires aux bonnes m\u0153urs (article 2). Renfor-\u00e7ant les dispositions du Code p\u00e9nal, en son article 431- 60, qui bannit l'utilisation de tout moyen de communication \u00e9lectronique aux fins d\u2019afficher, d\u2019exposer, de projeter au regard du public tous imprim\u00e9s, photographies, films ou images contraires aux bonnes m\u0153urs. Confirmant ainsi les dispositions p\u00e9rennes du Code p\u00e9nal sur l'attentat \u00e0 la pudeur et l'outrage public aux bonnes m\u0153urs (articles 318 et 324).<\/p>\n<p>La troisi\u00e8me \u00a0plainte sera d\u00e9pos\u00e9e \u00e0 la Direction nationale de la cin\u00e9matographie pour non-respect de la loi n\u00b02002-18 du 15 avril 2002, portant r\u00e8gles d'organisation des activit\u00e9s de production, d'organisation, de promotion cin\u00e9matographique et audiovisuelle, et qui sanctionne notamment le d\u00e9faut de demande d\u2019autorisation pr\u00e9alable au tournage. Ces trois plaintes seront d\u00e9pos\u00e9es ce mardi 27 juillet, termine le communiqu\u00e9.<\/p>\n<div class='share-to-whatsapp-wrapper'><div class='share-on-whsp'>PARTAGER SUR : <\/div><a data-text='S\u00c9RIE \"INFID\u00c8LES\" -  Jamra d\u00e9pose trois plaintes' data-link='https:\/\/www.nettali.com\/2021\/07\/26\/serie-infideles-jamra-depose-trois-plaintes\/' class='whatsapp-button whatsapp-share'>WhatsApp<\/a><div class='clear '><\/div><\/div>","protected":false},"excerpt":{"rendered":"<p>NETTALI.COM - \u00a0Dans un communiqu\u00e9, l\u2019ONG Jamra annonce trois plaintes contre la diffusion de sc\u00e8nes de la s\u00e9rie \u2019\u2019Infid\u00e8les\u2019\u2019. Jamra, auteur de trois plaintes, vise des \u00e9pisodes de la saison 2 de la s\u00e9rie \u2019\u2019Infid\u00e8les\u2019\u2019 dans lesquelles on voit une des actrices exhiber un de ses sous-v\u00eatements. L\u2019une des plaintes sera envoy\u00e9e au Conseil national [&hellip;]<\/p>\n","protected":false},"author":11,"featured_media":43386,"comment_status":"open","ping_status":"open","sticky":false,"template":"","format":"standard","meta":{"_et_pb_use_builder":"","_et_pb_old_content":""},"categories":[3],"tags":[],"yoast_head":"<!-- This site is optimized with the Yoast SEO Premium plugin v17.8 (Yoast SEO v17.8) - https:\/\/yoast.com\/wordpress\/plugins\/seo\/ -->\n<title>S\u00c9RIE &quot;INFID\u00c8LES&quot; - Jamra d\u00e9pose trois plaintes | Nettali.com<\/title>\n<meta name=\"robots\" content=\"index, follow, max-snippet:-1, max-image-preview:large, max-video-preview:-1\" \/>\n<link rel=\"canonical\" href=\"https:\/\/www.nettali.com\/2021\/07\/26\/serie-infideles-jamra-depose-trois-plaintes\/\" \/>\n<meta property=\"og:locale\" content=\"fr_FR\" \/>\n<meta property=\"og:type\" content=\"article\" \/>\n<meta property=\"og:title\" content=\"S\u00c9RIE &quot;INFID\u00c8LES&quot; - Jamra d\u00e9pose trois plaintes\" \/>\n<meta property=\"og:description\" content=\"NETTALI.COM - \u00a0Dans un communiqu\u00e9, l\u2019ONG Jamra annonce trois plaintes contre la diffusion de sc\u00e8nes de la s\u00e9rie \u2019\u2019Infid\u00e8les\u2019\u2019. Jamra, auteur de trois plaintes, vise des \u00e9pisodes de la saison 2 de la s\u00e9rie \u2019\u2019Infid\u00e8les\u2019\u2019 dans lesquelles on voit une des actrices exhiber un de ses sous-v\u00eatements. L\u2019une des plaintes sera envoy\u00e9e au Conseil national [&hellip;]\" \/>\n<meta property=\"og:url\" content=\"https:\/\/www.nettali.com\/2021\/07\/26\/serie-infideles-jamra-depose-trois-plaintes\/\" \/>\n<meta property=\"og:site_name\" content=\"Nettali.com\" \/>\n<meta property=\"article:publisher\" content=\"https:\/\/www.facebook.com\/nettalicom\" \/>\n<meta property=\"article:published_time\" content=\"2021-07-26T10:02:29+00:00\" \/>\n<meta property=\"article:modified_time\" content=\"2021-07-26T10:22:45+00:00\" \/>\n<meta property=\"og:image\" content=\"https:\/\/www.nettali.com\/wp-content\/uploads\/2020\/08\/infid\u00e8les.jpg\" \/>\n\t<meta property=\"og:image:width\" content=\"612\" \/>\n\t<meta property=\"og:image:height\" content=\"298\" \/>\n<meta name=\"twitter:card\" content=\"summary_large_image\" \/>\n<meta name=\"twitter:label1\" content=\"\u00c9crit par\" \/>\n\t<meta name=\"twitter:data1\" content=\"Thierno Diop\" \/>\n\t<meta name=\"twitter:label2\" content=\"Dur\u00e9e de lecture estim\u00e9e\" \/>\n\t<meta name=\"twitter:data2\" content=\"2 minutes\" \/>\n<script type=\"application\/ld+json\" class=\"yoast-schema-graph\">{\"@context\":\"https:\/\/schema.org\",\"@graph\":[{\"@type\":\"WebSite\",\"@id\":\"https:\/\/www.nettali.com\/#website\",\"url\":\"https:\/\/www.nettali.com\/\",\"name\":\"Nettali.com\",\"description\":\"Le rendez-vous critique du Net\",\"potentialAction\":[{\"@type\":\"SearchAction\",\"target\":{\"@type\":\"EntryPoint\",\"urlTemplate\":\"https:\/\/www.nettali.com\/?s={search_term_string}\"},\"query-input\":\"required name=search_term_string\"}],\"inLanguage\":\"fr-FR\"},{\"@type\":\"ImageObject\",\"@id\":\"https:\/\/www.nettali.com\/2021\/07\/26\/serie-infideles-jamra-depose-trois-plaintes\/#primaryimage\",\"inLanguage\":\"fr-FR\",\"url\":\"https:\/\/www.nettali.com\/wp-content\/uploads\/2020\/08\/infid\\u00e8les.jpg\",\"contentUrl\":\"https:\/\/www.nettali.com\/wp-content\/uploads\/2020\/08\/infid\\u00e8les.jpg\",\"width\":612,\"height\":298},{\"@type\":\"WebPage\",\"@id\":\"https:\/\/www.nettali.com\/2021\/07\/26\/serie-infideles-jamra-depose-trois-plaintes\/#webpage\",\"url\":\"https:\/\/www.nettali.com\/2021\/07\/26\/serie-infideles-jamra-depose-trois-plaintes\/\",\"name\":\"S\\u00c9RIE \\\"INFID\\u00c8LES\\\" - Jamra d\\u00e9pose trois plaintes | Nettali.com\",\"isPartOf\":{\"@id\":\"https:\/\/www.nettali.com\/#website\"},\"primaryImageOfPage\":{\"@id\":\"https:\/\/www.nettali.com\/2021\/07\/26\/serie-infideles-jamra-depose-trois-plaintes\/#primaryimage\"},\"datePublished\":\"2021-07-26T10:02:29+00:00\",\"dateModified\":\"2021-07-26T10:22:45+00:00\",\"author\":{\"@id\":\"https:\/\/www.nettali.com\/#\/schema\/person\/8a06c6bd7b19304cf4bf985862900b5b\"},\"breadcrumb\":{\"@id\":\"https:\/\/www.nettali.com\/2021\/07\/26\/serie-infideles-jamra-depose-trois-plaintes\/#breadcrumb\"},\"inLanguage\":\"fr-FR\",\"potentialAction\":[{\"@type\":\"ReadAction\",\"target\":[\"https:\/\/www.nettali.com\/2021\/07\/26\/serie-infideles-jamra-depose-trois-plaintes\/\"]}]},{\"@type\":\"BreadcrumbList\",\"@id\":\"https:\/\/www.nettali.com\/2021\/07\/26\/serie-infideles-jamra-depose-trois-plaintes\/#breadcrumb\",\"itemListElement\":[{\"@type\":\"ListItem\",\"position\":1,\"name\":\"Accueil\",\"item\":\"https:\/\/www.nettali.com\/\"},{\"@type\":\"ListItem\",\"position\":2,\"name\":\"S\\u00c9RIE \\u00ab\\u00a0INFID\\u00c8LES\\u00a0\\u00bb &#8211; Jamra d\\u00e9pose trois plaintes\"}]},{\"@type\":\"Person\",\"@id\":\"https:\/\/www.nettali.com\/#\/schema\/person\/8a06c6bd7b19304cf4bf985862900b5b\",\"name\":\"Thierno Diop\",\"image\":{\"@type\":\"ImageObject\",\"@id\":\"https:\/\/www.nettali.com\/#personlogo\",\"inLanguage\":\"fr-FR\",\"url\":\"https:\/\/secure.gravatar.com\/avatar\/c8ca58550c94fd2ac856d27391a6c866?s=96&d=mm&r=g\",\"contentUrl\":\"https:\/\/secure.gravatar.com\/avatar\/c8ca58550c94fd2ac856d27391a6c866?s=96&d=mm&r=g\",\"caption\":\"Thierno Diop\"},\"sameAs\":[\"https:\/\/nettali.com\"]}]}<\/script>\n<!-- \/ Yoast SEO Premium plugin. -->","yoast_head_json":{"title":"S\u00c9RIE \"INFID\u00c8LES\" - Jamra d\u00e9pose trois plaintes | Nettali.com","robots":{"index":"index","follow":"follow","max-snippet":"max-snippet:-1","max-image-preview":"max-image-preview:large","max-video-preview":"max-video-preview:-1"},"canonical":"https:\/\/www.nettali.com\/2021\/07\/26\/serie-infideles-jamra-depose-trois-plaintes\/","og_locale":"fr_FR","og_type":"article","og_title":"S\u00c9RIE \"INFID\u00c8LES\" - Jamra d\u00e9pose trois plaintes","og_description":"NETTALI.COM - \u00a0Dans un communiqu\u00e9, l\u2019ONG Jamra annonce trois plaintes contre la diffusion de sc\u00e8nes de la s\u00e9rie \u2019\u2019Infid\u00e8les\u2019\u2019. Jamra, auteur de trois plaintes, vise des \u00e9pisodes de la saison 2 de la s\u00e9rie \u2019\u2019Infid\u00e8les\u2019\u2019 dans lesquelles on voit une des actrices exhiber un de ses sous-v\u00eatements. L\u2019une des plaintes sera envoy\u00e9e au Conseil national [&hellip;]","og_url":"https:\/\/www.nettali.com\/2021\/07\/26\/serie-infideles-jamra-depose-trois-plaintes\/","og_site_name":"Nettali.com","article_publisher":"https:\/\/www.facebook.com\/nettalicom","article_published_time":"2021-07-26T10:02:29+00:00","article_modified_time":"2021-07-26T10:22:45+00:00","og_image":[{"width":612,"height":298,"url":"https:\/\/www.nettali.com\/wp-content\/uploads\/2020\/08\/infid\u00e8les.jpg","type":"image\/jpeg"}],"twitter_card":"summary_large_image","twitter_misc":{"\u00c9crit par":"Thierno Diop","Dur\u00e9e de lecture estim\u00e9e":"2 minutes"},"schema":{"@context":"https:\/\/schema.org","@graph":[{"@type":"WebSite","@id":"https:\/\/www.nettali.com\/#website","url":"https:\/\/www.nettali.com\/","name":"Nettali.com","description":"Le rendez-vous critique du Net","potentialAction":[{"@type":"SearchAction","target":{"@type":"EntryPoint","urlTemplate":"https:\/\/www.nettali.com\/?s={search_term_string}"},"query-input":"required name=search_term_string"}],"inLanguage":"fr-FR"},{"@type":"ImageObject","@id":"https:\/\/www.nettali.com\/2021\/07\/26\/serie-infideles-jamra-depose-trois-plaintes\/#primaryimage","inLanguage":"fr-FR","url":"https:\/\/www.nettali.com\/wp-content\/uploads\/2020\/08\/infid\u00e8les.jpg","contentUrl":"https:\/\/www.nettali.com\/wp-content\/uploads\/2020\/08\/infid\u00e8les.jpg","width":612,"height":298},{"@type":"WebPage","@id":"https:\/\/www.nettali.com\/2021\/07\/26\/serie-infideles-jamra-depose-trois-plaintes\/#webpage","url":"https:\/\/www.nettali.com\/2021\/07\/26\/serie-infideles-jamra-depose-trois-plaintes\/","name":"S\u00c9RIE \"INFID\u00c8LES\" - Jamra d\u00e9pose trois plaintes | Nettali.com","isPartOf":{"@id":"https:\/\/www.nettali.com\/#website"},"primaryImageOfPage":{"@id":"https:\/\/www.nettali.com\/2021\/07\/26\/serie-infideles-jamra-depose-trois-plaintes\/#primaryimage"},"datePublished":"2021-07-26T10:02:29+00:00","dateModified":"2021-07-26T10:22:45+00:00","author":{"@id":"https:\/\/www.nettali.com\/#\/schema\/person\/8a06c6bd7b19304cf4bf985862900b5b"},"breadcrumb":{"@id":"https:\/\/www.nettali.com\/2021\/07\/26\/serie-infideles-jamra-depose-trois-plaintes\/#breadcrumb"},"inLanguage":"fr-FR","potentialAction":[{"@type":"ReadAction","target":["https:\/\/www.nettali.com\/2021\/07\/26\/serie-infideles-jamra-depose-trois-plaintes\/"]}]},{"@type":"BreadcrumbList","@id":"https:\/\/www.nettali.com\/2021\/07\/26\/serie-infideles-jamra-depose-trois-plaintes\/#breadcrumb","itemListElement":[{"@type":"ListItem","position":1,"name":"Accueil","item":"https:\/\/www.nettali.com\/"},{"@type":"ListItem","position":2,"name":"S\u00c9RIE \u00ab\u00a0INFID\u00c8LES\u00a0\u00bb &#8211; Jamra d\u00e9pose trois plaintes"}]},{"@type":"Person","@id":"https:\/\/www.nettali.com\/#\/schema\/person\/8a06c6bd7b19304cf4bf985862900b5b","name":"Thierno Diop","image":{"@type":"ImageObject","@id":"https:\/\/www.nettali.com\/#personlogo","inLanguage":"fr-FR","url":"https:\/\/secure.gravatar.com\/avatar\/c8ca58550c94fd2ac856d27391a6c866?s=96&d=mm&r=g","contentUrl":"https:\/\/secure.gravatar.com\/avatar\/c8ca58550c94fd2ac856d27391a6c866?s=96&d=mm&r=g","caption":"Thierno Diop"},"sameAs":["https:\/\/nettali.com"]}]}},"_links":{"self":[{"href":"https:\/\/www.nettali.com\/rest\/wp\/v2\/posts\/68580"}],"collection":[{"href":"https:\/\/www.nettali.com\/rest\/wp\/v2\/posts"}],"about":[{"href":"https:\/\/www.nettali.com\/rest\/wp\/v2\/types\/post"}],"author":[{"embeddable":true,"href":"https:\/\/www.nettali.com\/rest\/wp\/v2\/users\/11"}],"replies":[{"embeddable":true,"href":"https:\/\/www.nettali.com\/rest\/wp\/v2\/comments?post=68580"}],"version-history":[{"count":1,"href":"https:\/\/www.nettali.com\/rest\/wp\/v2\/posts\/68580\/revisions"}],"predecessor-version":[{"id":68581,"href":"https:\/\/www.nettali.com\/rest\/wp\/v2\/posts\/68580\/revisions\/68581"}],"wp:featuredmedia":[{"embeddable":true,"href":"https:\/\/www.nettali.com\/rest\/wp\/v2\/media\/43386"}],"wp:attachment":[{"href":"https:\/\/www.nettali.com\/rest\/wp\/v2\/media?parent=68580"}],"wp:term":[{"taxonomy":"category","embeddable":true,"href":"https:\/\/www.nettali.com\/rest\/wp\/v2\/categories?post=68580"},{"taxonomy":"post_tag","embeddable":true,"href":"https:\/\/www.nettali.com\/rest\/wp\/v2\/tags?post=68580"}],"curies":[{"name":"wp","href":"https:\/\/api.w.org\/{rel}","templated":true}]}}