{"id":68578,"date":"2021-07-26T09:23:57","date_gmt":"2021-07-26T09:23:57","guid":{"rendered":"https:\/\/www.nettali.com\/?p=68578"},"modified":"2021-07-26T17:43:44","modified_gmt":"2021-07-26T17:43:44","slug":"68578","status":"publish","type":"post","link":"https:\/\/www.nettali.com\/2021\/07\/26\/68578\/","title":{"rendered":"ABDOULAYE DAOUDA DIALLO - L\u2019homme du pr\u00e9sident"},"content":{"rendered":"<h1><span style=\"font-size: 16px;\"><strong>NETTALI.COM - Oumar Youm, Alioune Badara Ciss\u00e9, Aminata Tour\u00e9 ou m\u00eame Amadou Ba\u2026 ont subitement disparu de la sph\u00e8re politique s\u00e9n\u00e9galaise. Ces hommes et femmes, qualifi\u00e9s de militants de la premi\u00e8re heure, ont, au fil du temps, \u00e9t\u00e9 d\u00e9barqu\u00e9s de leur station minist\u00e9rielle. Seuls quelques uns, comme Abdoulaye Daouda Diallo, continuent leur cheminement aupr\u00e8s du chef de l\u2019Etat.<\/strong><\/span><\/h1>\n<p>Il est en train de battre un record de long\u00e9vit\u00e9 dans les gouvernements de la deuxi\u00e8me alternance. Si le contingent qui a constitu\u00e9 le premier gouvernement d\u2019Abdoul Mbaye s\u2019est dispers\u00e9, au fil du temps, Abdoulaye Daouda Diallo a lui op\u00e9r\u00e9 une sorte de mont\u00e9e en puissance, occupant, tour \u00e0 tour, des stations minist\u00e9rielles de souverainet\u00e9. Figurant dans le premier gouvernement aux c\u00f4t\u00e9s d\u2019Alioune Badara Ciss\u00e9 (Affaires \u00e9trang\u00e8res), Mbaye Ndiaye (Int\u00e9rieur), Mor Ngom (Transports) et Aly Coto Ndiaye (Jeunesse), Ibrahima Sall (\u00c9ducation), ou encore Aminata Tour\u00e9 (garde des Sceaux-Justice), Abdoulaye Daouda Diallo (ADD) a su conserver sa place dans l\u2019appareil \u00e9tatique.<\/p>\n<p>Budget aupr\u00e8s du ministre de l\u2019Economie et des Finances en 2012, il a \u00e9t\u00e9 reconduit dans le gouvernement pilot\u00e9 par Aminata Tour\u00e9 en 2013. Le maire de Bok\u00e9 Dialloub\u00e9, une localit\u00e9 situ\u00e9e dans le nord du S\u00e9n\u00e9gal, pr\u00e9cis\u00e9ment dans le d\u00e9partement de Podor, a atterri dans le tr\u00e8s expos\u00e9 minist\u00e8re de l\u2019Int\u00e9rieur. Rapidement, le responsable politique du Fouta est mis \u00e0 rude \u00e9preuve, essuyant les critiques et les remarques acerbes de l\u2019opposition.<\/p>\n<p>Mais le technocrate fait front. Il se forge tr\u00e8s vite une carapace et fait face. L\u2019opposition juge inconcevable que le ministre, un partisan de Macky Sall, organise les scrutins. A l\u2019\u00e9poque, c\u2019\u00e9tait d\u2019ailleurs l\u2019actuel ministre des Mines et ancien secr\u00e9taire g\u00e9n\u00e9ral adjoint du Parti d\u00e9mocratique s\u00e9n\u00e9galais, Oumar Sarr, qui portait la parole de ses pairs au sein du Front pour la d\u00e9fense du S\u00e9n\u00e9gal\/Mankoo Wattu S\u00e9n\u00e9gal, pour exiger une personnalit\u00e9 neutre et consensuelle, afin d\u2019\u00e9viter tout soup\u00e7on de fraudes dans l\u2019organisation des \u00e9lections.<\/p>\n<p>ADD et son leader feront fi de ces remarques. Sous son magist\u00e8re, vont \u00eatre organis\u00e9es les Municipales de 2014, le Referendum de 2016 et les L\u00e9gislatives de 2017 remport\u00e9es par la coalition Benno Bokk Yaakaar. Le ministre de l\u2019Int\u00e9rieur d\u2019alors sera d\u2019ailleurs f\u00e9licit\u00e9 par le chef de l\u2019Etat pour l\u2019organisation des L\u00e9gislatives, sous les r\u00e9criminations de l\u2019opposition. \u201cLes \u00e9lections ont \u00e9t\u00e9 bien organis\u00e9es. Il y a eu des couacs ; mais couac ne veut pas dire \u00e9chec. Le ministre de l\u2019Int\u00e9rieur doit \u00eatre f\u00e9licit\u00e9. Sept cents tonnes de bulletins ont \u00e9t\u00e9 achemin\u00e9es dans 39 pays. C\u2019est un record\u2019\u2019, d\u00e9clare le chef de l\u2019Etat.<\/p>\n<p>Apr\u00e8s le d\u00e9partement de l\u2019Int\u00e9rieur, le maire de Bokk\u00e9 Dialloub\u00e9 rejoint, en 2017, le d\u00e9partement des Infrastructures, des Transports terrestres et du D\u00e9senclavement. Il effectue, en septembre 2018, le lancement du Bus Rapid Transit sur voies r\u00e9serv\u00e9es (BRT). Un projet financ\u00e9 \u00e0 hauteur de 184 milliards de F CFA par la Banque mondiale et 52 milliards de F CFA par la Banque europ\u00e9enne d\u2019investissement, qui a pour but d\u2019am\u00e9liorer la mobilit\u00e9 dans la capitale s\u00e9n\u00e9galaise.<\/p>\n<p>Depuis avril 2019, ADD est le ministre des Finances et du Budget. Un secteur qu\u2019il maitrise bien. Puisqu\u2019avant son entr\u00e9e dans le gouvernement, Abdoulaye Daouda Diallo a, de 2009 \u00e0 2012, \u00e9t\u00e9 adjoint au chef de Centre de DP1 et chef de Bureau de recouvrement des professions lib\u00e9rales. Le responsable de l\u2019APR dans le Fouta a \u00e9galement \u00e9t\u00e9, en 2008, secr\u00e9taire g\u00e9n\u00e9ral de l\u2019Institution de pr\u00e9voyance retraite du S\u00e9n\u00e9gal (Ipres).<\/p>\n<p>Il a, auparavant occup\u00e9, entre 2005 et 2007, le Secr\u00e9tariat g\u00e9n\u00e9ral du Conseil de la R\u00e9publique pour les affaires \u00e9conomiques et sociales. Plus t\u00f4t, en 2000, le sieur Diallo \u00e9tait directeur administratif et financier de Dakar Dem Dikk.<\/p>\n<p>Au fil des ann\u00e9es et des p\u00e9rip\u00e9ties, ADD s\u2019impose comme un homme fort du r\u00e9gime et un fid\u00e8le alli\u00e9 du pr\u00e9sident Macky Sall. Parall\u00e8lement \u00e0 sa pr\u00e9sence dans les diff\u00e9rents gouvernements des deux magist\u00e8res de Macky Sall, le technocrate prend de l\u2019\u00e9paisseur politique et s\u2019impose, dans son Fouta natal, comme l\u2019un des politiques les plus en vue. En attestent les propos de Macky Sall, lors de sa derni\u00e8re tourn\u00e9e dans le Nord. Il disait ne pas avoir besoin de battre campagne dans cette localit\u00e9 o\u00f9 le parti au pouvoir contr\u00f4le 22 mairies sur les 22 du d\u00e9partement. \u201cJe ne suis pas en campagne \u00e0 Podor. Je n\u2019ai pas besoin de venir ici pour faire campagne ; ni \u00e0 Podor ni \u00e0 Matam. Je suis tellement fier que mon discours de Bokk\u00e9 Dialloub\u00e9 soit un de remerciement et de gratitude\u2019\u2019, d\u00e9clarait Macky Sall devant un Abdoulaye Daouda Diallo qui a fini de d\u00e9clarer Podor titre foncier du pr\u00e9sident de la R\u00e9publique.<\/p>\n<p>(Enqu\u00eate)<\/p>\n<div class='share-to-whatsapp-wrapper'><div class='share-on-whsp'>PARTAGER SUR : <\/div><a data-text='ABDOULAYE DAOUDA DIALLO - L\u2019homme du pr\u00e9sident' data-link='https:\/\/www.nettali.com\/2021\/07\/26\/68578\/' class='whatsapp-button whatsapp-share'>WhatsApp<\/a><div class='clear '><\/div><\/div>","protected":false},"excerpt":{"rendered":"<p>NETTALI.COM - Oumar Youm, Alioune Badara Ciss\u00e9, Aminata Tour\u00e9 ou m\u00eame Amadou Ba\u2026 ont subitement disparu de la sph\u00e8re politique s\u00e9n\u00e9galaise. Ces hommes et femmes, qualifi\u00e9s de militants de la premi\u00e8re heure, ont, au fil du temps, \u00e9t\u00e9 d\u00e9barqu\u00e9s de leur station minist\u00e9rielle. Seuls quelques uns, comme Abdoulaye Daouda Diallo, continuent leur cheminement aupr\u00e8s du [&hellip;]<\/p>\n","protected":false},"author":11,"featured_media":65776,"comment_status":"open","ping_status":"open","sticky":false,"template":"","format":"standard","meta":{"_et_pb_use_builder":"","_et_pb_old_content":""},"categories":[2],"tags":[],"yoast_head":"<!-- This site is optimized with the Yoast SEO Premium plugin v17.8 (Yoast SEO v17.8) - https:\/\/yoast.com\/wordpress\/plugins\/seo\/ -->\n<title>ABDOULAYE DAOUDA DIALLO - L\u2019homme du pr\u00e9sident | Nettali.com<\/title>\n<meta name=\"robots\" content=\"index, follow, max-snippet:-1, max-image-preview:large, max-video-preview:-1\" \/>\n<link rel=\"canonical\" href=\"https:\/\/www.nettali.com\/2021\/07\/26\/68578\/\" \/>\n<meta property=\"og:locale\" content=\"fr_FR\" \/>\n<meta property=\"og:type\" content=\"article\" \/>\n<meta property=\"og:title\" content=\"ABDOULAYE DAOUDA DIALLO - L\u2019homme du pr\u00e9sident\" \/>\n<meta property=\"og:description\" content=\"NETTALI.COM - Oumar Youm, Alioune Badara Ciss\u00e9, Aminata Tour\u00e9 ou m\u00eame Amadou Ba\u2026 ont subitement disparu de la sph\u00e8re politique s\u00e9n\u00e9galaise. Ces hommes et femmes, qualifi\u00e9s de militants de la premi\u00e8re heure, ont, au fil du temps, \u00e9t\u00e9 d\u00e9barqu\u00e9s de leur station minist\u00e9rielle. Seuls quelques uns, comme Abdoulaye Daouda Diallo, continuent leur cheminement aupr\u00e8s du [&hellip;]\" \/>\n<meta property=\"og:url\" content=\"https:\/\/www.nettali.com\/2021\/07\/26\/68578\/\" \/>\n<meta property=\"og:site_name\" content=\"Nettali.com\" \/>\n<meta property=\"article:publisher\" content=\"https:\/\/www.facebook.com\/nettalicom\" \/>\n<meta property=\"article:published_time\" content=\"2021-07-26T09:23:57+00:00\" \/>\n<meta property=\"article:modified_time\" content=\"2021-07-26T17:43:44+00:00\" \/>\n<meta property=\"og:image\" content=\"https:\/\/www.nettali.com\/wp-content\/uploads\/2021\/06\/Macky-Abdoulaye-Daouda-Diallo.jpeg\" \/>\n\t<meta property=\"og:image:width\" content=\"640\" \/>\n\t<meta property=\"og:image:height\" content=\"360\" \/>\n<meta name=\"twitter:card\" content=\"summary_large_image\" \/>\n<meta name=\"twitter:label1\" content=\"\u00c9crit par\" \/>\n\t<meta name=\"twitter:data1\" content=\"Thierno Diop\" \/>\n\t<meta name=\"twitter:label2\" content=\"Dur\u00e9e de lecture estim\u00e9e\" \/>\n\t<meta name=\"twitter:data2\" content=\"4 minutes\" \/>\n<script type=\"application\/ld+json\" class=\"yoast-schema-graph\">{\"@context\":\"https:\/\/schema.org\",\"@graph\":[{\"@type\":\"WebSite\",\"@id\":\"https:\/\/www.nettali.com\/#website\",\"url\":\"https:\/\/www.nettali.com\/\",\"name\":\"Nettali.com\",\"description\":\"Le rendez-vous critique du Net\",\"potentialAction\":[{\"@type\":\"SearchAction\",\"target\":{\"@type\":\"EntryPoint\",\"urlTemplate\":\"https:\/\/www.nettali.com\/?s={search_term_string}\"},\"query-input\":\"required name=search_term_string\"}],\"inLanguage\":\"fr-FR\"},{\"@type\":\"ImageObject\",\"@id\":\"https:\/\/www.nettali.com\/2021\/07\/26\/68578\/#primaryimage\",\"inLanguage\":\"fr-FR\",\"url\":\"https:\/\/www.nettali.com\/wp-content\/uploads\/2021\/06\/Macky-Abdoulaye-Daouda-Diallo.jpeg\",\"contentUrl\":\"https:\/\/www.nettali.com\/wp-content\/uploads\/2021\/06\/Macky-Abdoulaye-Daouda-Diallo.jpeg\",\"width\":640,\"height\":360},{\"@type\":\"WebPage\",\"@id\":\"https:\/\/www.nettali.com\/2021\/07\/26\/68578\/#webpage\",\"url\":\"https:\/\/www.nettali.com\/2021\/07\/26\/68578\/\",\"name\":\"ABDOULAYE DAOUDA DIALLO - L\\u2019homme du pr\\u00e9sident | Nettali.com\",\"isPartOf\":{\"@id\":\"https:\/\/www.nettali.com\/#website\"},\"primaryImageOfPage\":{\"@id\":\"https:\/\/www.nettali.com\/2021\/07\/26\/68578\/#primaryimage\"},\"datePublished\":\"2021-07-26T09:23:57+00:00\",\"dateModified\":\"2021-07-26T17:43:44+00:00\",\"author\":{\"@id\":\"https:\/\/www.nettali.com\/#\/schema\/person\/8a06c6bd7b19304cf4bf985862900b5b\"},\"breadcrumb\":{\"@id\":\"https:\/\/www.nettali.com\/2021\/07\/26\/68578\/#breadcrumb\"},\"inLanguage\":\"fr-FR\",\"potentialAction\":[{\"@type\":\"ReadAction\",\"target\":[\"https:\/\/www.nettali.com\/2021\/07\/26\/68578\/\"]}]},{\"@type\":\"BreadcrumbList\",\"@id\":\"https:\/\/www.nettali.com\/2021\/07\/26\/68578\/#breadcrumb\",\"itemListElement\":[{\"@type\":\"ListItem\",\"position\":1,\"name\":\"Accueil\",\"item\":\"https:\/\/www.nettali.com\/\"},{\"@type\":\"ListItem\",\"position\":2,\"name\":\"ABDOULAYE DAOUDA DIALLO &#8211; L\\u2019homme du pr\\u00e9sident\"}]},{\"@type\":\"Person\",\"@id\":\"https:\/\/www.nettali.com\/#\/schema\/person\/8a06c6bd7b19304cf4bf985862900b5b\",\"name\":\"Thierno Diop\",\"image\":{\"@type\":\"ImageObject\",\"@id\":\"https:\/\/www.nettali.com\/#personlogo\",\"inLanguage\":\"fr-FR\",\"url\":\"https:\/\/secure.gravatar.com\/avatar\/c8ca58550c94fd2ac856d27391a6c866?s=96&d=mm&r=g\",\"contentUrl\":\"https:\/\/secure.gravatar.com\/avatar\/c8ca58550c94fd2ac856d27391a6c866?s=96&d=mm&r=g\",\"caption\":\"Thierno Diop\"},\"sameAs\":[\"https:\/\/nettali.com\"]}]}<\/script>\n<!-- \/ Yoast SEO Premium plugin. -->","yoast_head_json":{"title":"ABDOULAYE DAOUDA DIALLO - L\u2019homme du pr\u00e9sident | Nettali.com","robots":{"index":"index","follow":"follow","max-snippet":"max-snippet:-1","max-image-preview":"max-image-preview:large","max-video-preview":"max-video-preview:-1"},"canonical":"https:\/\/www.nettali.com\/2021\/07\/26\/68578\/","og_locale":"fr_FR","og_type":"article","og_title":"ABDOULAYE DAOUDA DIALLO - L\u2019homme du pr\u00e9sident","og_description":"NETTALI.COM - Oumar Youm, Alioune Badara Ciss\u00e9, Aminata Tour\u00e9 ou m\u00eame Amadou Ba\u2026 ont subitement disparu de la sph\u00e8re politique s\u00e9n\u00e9galaise. Ces hommes et femmes, qualifi\u00e9s de militants de la premi\u00e8re heure, ont, au fil du temps, \u00e9t\u00e9 d\u00e9barqu\u00e9s de leur station minist\u00e9rielle. Seuls quelques uns, comme Abdoulaye Daouda Diallo, continuent leur cheminement aupr\u00e8s du [&hellip;]","og_url":"https:\/\/www.nettali.com\/2021\/07\/26\/68578\/","og_site_name":"Nettali.com","article_publisher":"https:\/\/www.facebook.com\/nettalicom","article_published_time":"2021-07-26T09:23:57+00:00","article_modified_time":"2021-07-26T17:43:44+00:00","og_image":[{"width":640,"height":360,"url":"https:\/\/www.nettali.com\/wp-content\/uploads\/2021\/06\/Macky-Abdoulaye-Daouda-Diallo.jpeg","type":"image\/jpeg"}],"twitter_card":"summary_large_image","twitter_misc":{"\u00c9crit par":"Thierno Diop","Dur\u00e9e de lecture estim\u00e9e":"4 minutes"},"schema":{"@context":"https:\/\/schema.org","@graph":[{"@type":"WebSite","@id":"https:\/\/www.nettali.com\/#website","url":"https:\/\/www.nettali.com\/","name":"Nettali.com","description":"Le rendez-vous critique du Net","potentialAction":[{"@type":"SearchAction","target":{"@type":"EntryPoint","urlTemplate":"https:\/\/www.nettali.com\/?s={search_term_string}"},"query-input":"required name=search_term_string"}],"inLanguage":"fr-FR"},{"@type":"ImageObject","@id":"https:\/\/www.nettali.com\/2021\/07\/26\/68578\/#primaryimage","inLanguage":"fr-FR","url":"https:\/\/www.nettali.com\/wp-content\/uploads\/2021\/06\/Macky-Abdoulaye-Daouda-Diallo.jpeg","contentUrl":"https:\/\/www.nettali.com\/wp-content\/uploads\/2021\/06\/Macky-Abdoulaye-Daouda-Diallo.jpeg","width":640,"height":360},{"@type":"WebPage","@id":"https:\/\/www.nettali.com\/2021\/07\/26\/68578\/#webpage","url":"https:\/\/www.nettali.com\/2021\/07\/26\/68578\/","name":"ABDOULAYE DAOUDA DIALLO - L\u2019homme du pr\u00e9sident | Nettali.com","isPartOf":{"@id":"https:\/\/www.nettali.com\/#website"},"primaryImageOfPage":{"@id":"https:\/\/www.nettali.com\/2021\/07\/26\/68578\/#primaryimage"},"datePublished":"2021-07-26T09:23:57+00:00","dateModified":"2021-07-26T17:43:44+00:00","author":{"@id":"https:\/\/www.nettali.com\/#\/schema\/person\/8a06c6bd7b19304cf4bf985862900b5b"},"breadcrumb":{"@id":"https:\/\/www.nettali.com\/2021\/07\/26\/68578\/#breadcrumb"},"inLanguage":"fr-FR","potentialAction":[{"@type":"ReadAction","target":["https:\/\/www.nettali.com\/2021\/07\/26\/68578\/"]}]},{"@type":"BreadcrumbList","@id":"https:\/\/www.nettali.com\/2021\/07\/26\/68578\/#breadcrumb","itemListElement":[{"@type":"ListItem","position":1,"name":"Accueil","item":"https:\/\/www.nettali.com\/"},{"@type":"ListItem","position":2,"name":"ABDOULAYE DAOUDA DIALLO &#8211; L\u2019homme du pr\u00e9sident"}]},{"@type":"Person","@id":"https:\/\/www.nettali.com\/#\/schema\/person\/8a06c6bd7b19304cf4bf985862900b5b","name":"Thierno Diop","image":{"@type":"ImageObject","@id":"https:\/\/www.nettali.com\/#personlogo","inLanguage":"fr-FR","url":"https:\/\/secure.gravatar.com\/avatar\/c8ca58550c94fd2ac856d27391a6c866?s=96&d=mm&r=g","contentUrl":"https:\/\/secure.gravatar.com\/avatar\/c8ca58550c94fd2ac856d27391a6c866?s=96&d=mm&r=g","caption":"Thierno Diop"},"sameAs":["https:\/\/nettali.com"]}]}},"_links":{"self":[{"href":"https:\/\/www.nettali.com\/rest\/wp\/v2\/posts\/68578"}],"collection":[{"href":"https:\/\/www.nettali.com\/rest\/wp\/v2\/posts"}],"about":[{"href":"https:\/\/www.nettali.com\/rest\/wp\/v2\/types\/post"}],"author":[{"embeddable":true,"href":"https:\/\/www.nettali.com\/rest\/wp\/v2\/users\/11"}],"replies":[{"embeddable":true,"href":"https:\/\/www.nettali.com\/rest\/wp\/v2\/comments?post=68578"}],"version-history":[{"count":4,"href":"https:\/\/www.nettali.com\/rest\/wp\/v2\/posts\/68578\/revisions"}],"predecessor-version":[{"id":68584,"href":"https:\/\/www.nettali.com\/rest\/wp\/v2\/posts\/68578\/revisions\/68584"}],"wp:featuredmedia":[{"embeddable":true,"href":"https:\/\/www.nettali.com\/rest\/wp\/v2\/media\/65776"}],"wp:attachment":[{"href":"https:\/\/www.nettali.com\/rest\/wp\/v2\/media?parent=68578"}],"wp:term":[{"taxonomy":"category","embeddable":true,"href":"https:\/\/www.nettali.com\/rest\/wp\/v2\/categories?post=68578"},{"taxonomy":"post_tag","embeddable":true,"href":"https:\/\/www.nettali.com\/rest\/wp\/v2\/tags?post=68578"}],"curies":[{"name":"wp","href":"https:\/\/api.w.org\/{rel}","templated":true}]}}