{"id":68517,"date":"2021-07-24T21:25:08","date_gmt":"2021-07-24T21:25:08","guid":{"rendered":"https:\/\/www.nettali.com\/?p=68517"},"modified":"2021-07-25T08:12:31","modified_gmt":"2021-07-25T08:12:31","slug":"le-vatican-devoile-pour-la-premiere-fois-son-patrimoine-immobilier","status":"publish","type":"post","link":"https:\/\/www.nettali.com\/2021\/07\/24\/le-vatican-devoile-pour-la-premiere-fois-son-patrimoine-immobilier\/","title":{"rendered":"Le Vatican d\u00e9voile pour la premi\u00e8re fois son patrimoine immobilier"},"content":{"rendered":"<p>NETTALI.COM - Le Vatican a publi\u00e9 pour la premi\u00e8re fois samedi des informations sur son patrimoine immobilier, r\u00e9v\u00e9lant qu'il poss\u00e8de plus de 5.000 propri\u00e9t\u00e9s, dans le cadre d'une campagne de transparence financi\u00e8re sans pr\u00e9c\u00e9dent.<\/p>\n<p>L'information appara\u00eet dans deux documents : un \u00e9tat financier consolid\u00e9 du Saint-Si\u00e8ge pour l'ann\u00e9e 2020 et le tout premier budget public de l'Administration du Patrimoine du Saint-Si\u00e8ge (APSA).<\/p>\n<p>L'APSA, qui joue le r\u00f4le de tr\u00e9sorier du Vatican, g\u00e8re notamment ses biens immobiliers et ses investissements, ainsi que le paiement des salaires, les achats et les ressources humaines.<\/p>\n<p>En faisant la somme des deux documents - chacun contenant un nombre in\u00e9dit de camemberts, de graphiques et de cartes - et de deux entretiens explicatifs, le Vatican a publi\u00e9 plus de 50 pages de documents financiers.<\/p>\n<p>Selon le budget de 30 pages de l'APSA, l'instance poss\u00e8de 4.051 propri\u00e9t\u00e9s en Italie et environ 1.120 \u00e0 l'\u00e9tranger, sans compter ses ambassades \u00e0 travers le monde.<\/p>\n<p>Seulement 14% environ de ses propri\u00e9t\u00e9s italiennes sont lou\u00e9es aux prix du march\u00e9 tandis que les autres affichent des tarifs r\u00e9duits, pour beaucoup r\u00e9serv\u00e9s \u00e0 des employ\u00e9s de l'\u00c9glise. Environ 40% sont constitu\u00e9s de b\u00e2timents institutionnels tels que des \u00e9coles, des couvents et des h\u00f4pitaux.<\/p>\n<p>Selon les documents, l'APSA poss\u00e8de des propri\u00e9t\u00e9s en tant qu'investissements dans des quartiers haut de gamme de Londres, Gen\u00e8ve, Lausanne et Paris.<\/p>\n<p>Un b\u00e2timent situ\u00e9 dans le quartier hupp\u00e9 de South Kensington, \u00e0 Londres, a entra\u00een\u00e9 d'\u00e9normes pertes apr\u00e8s son achat par le Secr\u00e9tariat d'\u00c9tat du Vatican en tant qu'investissement en 2014.<\/p>\n<p>Mardi, le proc\u00e8s de 10 personnes en lien avec cette op\u00e9ration, dont un \u00e9minent cardinal, s'ouvre au Vatican. Les accus\u00e9s sont poursuivis pour des d\u00e9lits incluant des d\u00e9tournements de fonds, du blanchiment d'argent, de l'extorsion et des abus de pouvoir.<\/p>\n<p>Le p\u00e8re Juan Antonio Guerrero, chef du Secr\u00e9tariat \u00e0 l'\u00e9conomie (SPE) du Vatican, a d\u00e9clar\u00e9 au site officiel Vatican News que le b\u00e2timent serait bient\u00f4t vendu.<\/p>\n<p>Il a \u00e9galement estim\u00e9 que le proc\u00e8s constituerait un \"tournant\" pour la cr\u00e9dibilit\u00e9 du Vatican en mati\u00e8re \u00e9conomique et qu'un \u00e9v\u00e9nement similaire ne pourrait pas se reproduire en raison des mesures mises en place depuis.<\/p>\n<p>L'ann\u00e9e derni\u00e8re, le pape Fran\u00e7ois a retir\u00e9 au Secr\u00e9tariat d'\u00c9tat le contr\u00f4le de ses fonds, les transf\u00e9rant \u00e0 l'APSA et sous la surveillance de la SPE.<\/p>\n<p>Un \u00e9tat financier consolid\u00e9 s\u00e9par\u00e9 du Saint-Si\u00e8ge publi\u00e9 samedi fait en outre appara\u00eetre un d\u00e9ficit de 64,8 millions d'euros en 2020, contre 79,2 millions en 2019.<\/p>\n<p>(Avec Reuters)<\/p>\n<div class='share-to-whatsapp-wrapper'><div class='share-on-whsp'>PARTAGER SUR : <\/div><a data-text='Le Vatican d\u00e9voile pour la premi\u00e8re fois son patrimoine immobilier' data-link='https:\/\/www.nettali.com\/2021\/07\/24\/le-vatican-devoile-pour-la-premiere-fois-son-patrimoine-immobilier\/' class='whatsapp-button whatsapp-share'>WhatsApp<\/a><div class='clear '><\/div><\/div>","protected":false},"excerpt":{"rendered":"<p>NETTALI.COM - Le Vatican a publi\u00e9 pour la premi\u00e8re fois samedi des informations sur son patrimoine immobilier, r\u00e9v\u00e9lant qu'il poss\u00e8de plus de 5.000 propri\u00e9t\u00e9s, dans le cadre d'une campagne de transparence financi\u00e8re sans pr\u00e9c\u00e9dent. L'information appara\u00eet dans deux documents : un \u00e9tat financier consolid\u00e9 du Saint-Si\u00e8ge pour l'ann\u00e9e 2020 et le tout premier budget public [&hellip;]<\/p>\n","protected":false},"author":11,"featured_media":68518,"comment_status":"open","ping_status":"open","sticky":false,"template":"","format":"standard","meta":{"_et_pb_use_builder":"","_et_pb_old_content":""},"categories":[8],"tags":[],"yoast_head":"<!-- This site is optimized with the Yoast SEO Premium plugin v17.8 (Yoast SEO v17.8) - https:\/\/yoast.com\/wordpress\/plugins\/seo\/ -->\n<title>Le Vatican d\u00e9voile pour la premi\u00e8re fois son patrimoine immobilier | Nettali.com<\/title>\n<meta name=\"robots\" content=\"index, follow, max-snippet:-1, max-image-preview:large, max-video-preview:-1\" \/>\n<link rel=\"canonical\" href=\"https:\/\/www.nettali.com\/2021\/07\/24\/le-vatican-devoile-pour-la-premiere-fois-son-patrimoine-immobilier\/\" \/>\n<meta property=\"og:locale\" content=\"fr_FR\" \/>\n<meta property=\"og:type\" content=\"article\" \/>\n<meta property=\"og:title\" content=\"Le Vatican d\u00e9voile pour la premi\u00e8re fois son patrimoine immobilier\" \/>\n<meta property=\"og:description\" content=\"NETTALI.COM - Le Vatican a publi\u00e9 pour la premi\u00e8re fois samedi des informations sur son patrimoine immobilier, r\u00e9v\u00e9lant qu&#039;il poss\u00e8de plus de 5.000 propri\u00e9t\u00e9s, dans le cadre d&#039;une campagne de transparence financi\u00e8re sans pr\u00e9c\u00e9dent. L&#039;information appara\u00eet dans deux documents : un \u00e9tat financier consolid\u00e9 du Saint-Si\u00e8ge pour l&#039;ann\u00e9e 2020 et le tout premier budget public [&hellip;]\" \/>\n<meta property=\"og:url\" content=\"https:\/\/www.nettali.com\/2021\/07\/24\/le-vatican-devoile-pour-la-premiere-fois-son-patrimoine-immobilier\/\" \/>\n<meta property=\"og:site_name\" content=\"Nettali.com\" \/>\n<meta property=\"article:publisher\" content=\"https:\/\/www.facebook.com\/nettalicom\" \/>\n<meta property=\"article:published_time\" content=\"2021-07-24T21:25:08+00:00\" \/>\n<meta property=\"article:modified_time\" content=\"2021-07-25T08:12:31+00:00\" \/>\n<meta property=\"og:image\" content=\"https:\/\/www.nettali.com\/wp-content\/uploads\/2021\/07\/vaticane.jpg\" \/>\n\t<meta property=\"og:image:width\" content=\"1000\" \/>\n\t<meta property=\"og:image:height\" content=\"750\" \/>\n<meta name=\"twitter:card\" content=\"summary_large_image\" \/>\n<meta name=\"twitter:label1\" content=\"\u00c9crit par\" \/>\n\t<meta name=\"twitter:data1\" content=\"Thierno Diop\" \/>\n\t<meta name=\"twitter:label2\" content=\"Dur\u00e9e de lecture estim\u00e9e\" \/>\n\t<meta name=\"twitter:data2\" content=\"2 minutes\" \/>\n<script type=\"application\/ld+json\" class=\"yoast-schema-graph\">{\"@context\":\"https:\/\/schema.org\",\"@graph\":[{\"@type\":\"WebSite\",\"@id\":\"https:\/\/www.nettali.com\/#website\",\"url\":\"https:\/\/www.nettali.com\/\",\"name\":\"Nettali.com\",\"description\":\"Le rendez-vous critique du Net\",\"potentialAction\":[{\"@type\":\"SearchAction\",\"target\":{\"@type\":\"EntryPoint\",\"urlTemplate\":\"https:\/\/www.nettali.com\/?s={search_term_string}\"},\"query-input\":\"required name=search_term_string\"}],\"inLanguage\":\"fr-FR\"},{\"@type\":\"ImageObject\",\"@id\":\"https:\/\/www.nettali.com\/2021\/07\/24\/le-vatican-devoile-pour-la-premiere-fois-son-patrimoine-immobilier\/#primaryimage\",\"inLanguage\":\"fr-FR\",\"url\":\"https:\/\/www.nettali.com\/wp-content\/uploads\/2021\/07\/vaticane.jpg\",\"contentUrl\":\"https:\/\/www.nettali.com\/wp-content\/uploads\/2021\/07\/vaticane.jpg\",\"width\":1000,\"height\":750},{\"@type\":\"WebPage\",\"@id\":\"https:\/\/www.nettali.com\/2021\/07\/24\/le-vatican-devoile-pour-la-premiere-fois-son-patrimoine-immobilier\/#webpage\",\"url\":\"https:\/\/www.nettali.com\/2021\/07\/24\/le-vatican-devoile-pour-la-premiere-fois-son-patrimoine-immobilier\/\",\"name\":\"Le Vatican d\\u00e9voile pour la premi\\u00e8re fois son patrimoine immobilier | Nettali.com\",\"isPartOf\":{\"@id\":\"https:\/\/www.nettali.com\/#website\"},\"primaryImageOfPage\":{\"@id\":\"https:\/\/www.nettali.com\/2021\/07\/24\/le-vatican-devoile-pour-la-premiere-fois-son-patrimoine-immobilier\/#primaryimage\"},\"datePublished\":\"2021-07-24T21:25:08+00:00\",\"dateModified\":\"2021-07-25T08:12:31+00:00\",\"author\":{\"@id\":\"https:\/\/www.nettali.com\/#\/schema\/person\/8a06c6bd7b19304cf4bf985862900b5b\"},\"breadcrumb\":{\"@id\":\"https:\/\/www.nettali.com\/2021\/07\/24\/le-vatican-devoile-pour-la-premiere-fois-son-patrimoine-immobilier\/#breadcrumb\"},\"inLanguage\":\"fr-FR\",\"potentialAction\":[{\"@type\":\"ReadAction\",\"target\":[\"https:\/\/www.nettali.com\/2021\/07\/24\/le-vatican-devoile-pour-la-premiere-fois-son-patrimoine-immobilier\/\"]}]},{\"@type\":\"BreadcrumbList\",\"@id\":\"https:\/\/www.nettali.com\/2021\/07\/24\/le-vatican-devoile-pour-la-premiere-fois-son-patrimoine-immobilier\/#breadcrumb\",\"itemListElement\":[{\"@type\":\"ListItem\",\"position\":1,\"name\":\"Accueil\",\"item\":\"https:\/\/www.nettali.com\/\"},{\"@type\":\"ListItem\",\"position\":2,\"name\":\"Le Vatican d\\u00e9voile pour la premi\\u00e8re fois son patrimoine immobilier\"}]},{\"@type\":\"Person\",\"@id\":\"https:\/\/www.nettali.com\/#\/schema\/person\/8a06c6bd7b19304cf4bf985862900b5b\",\"name\":\"Thierno Diop\",\"image\":{\"@type\":\"ImageObject\",\"@id\":\"https:\/\/www.nettali.com\/#personlogo\",\"inLanguage\":\"fr-FR\",\"url\":\"https:\/\/secure.gravatar.com\/avatar\/c8ca58550c94fd2ac856d27391a6c866?s=96&d=mm&r=g\",\"contentUrl\":\"https:\/\/secure.gravatar.com\/avatar\/c8ca58550c94fd2ac856d27391a6c866?s=96&d=mm&r=g\",\"caption\":\"Thierno Diop\"},\"sameAs\":[\"https:\/\/nettali.com\"]}]}<\/script>\n<!-- \/ Yoast SEO Premium plugin. -->","yoast_head_json":{"title":"Le Vatican d\u00e9voile pour la premi\u00e8re fois son patrimoine immobilier | Nettali.com","robots":{"index":"index","follow":"follow","max-snippet":"max-snippet:-1","max-image-preview":"max-image-preview:large","max-video-preview":"max-video-preview:-1"},"canonical":"https:\/\/www.nettali.com\/2021\/07\/24\/le-vatican-devoile-pour-la-premiere-fois-son-patrimoine-immobilier\/","og_locale":"fr_FR","og_type":"article","og_title":"Le Vatican d\u00e9voile pour la premi\u00e8re fois son patrimoine immobilier","og_description":"NETTALI.COM - Le Vatican a publi\u00e9 pour la premi\u00e8re fois samedi des informations sur son patrimoine immobilier, r\u00e9v\u00e9lant qu'il poss\u00e8de plus de 5.000 propri\u00e9t\u00e9s, dans le cadre d'une campagne de transparence financi\u00e8re sans pr\u00e9c\u00e9dent. L'information appara\u00eet dans deux documents : un \u00e9tat financier consolid\u00e9 du Saint-Si\u00e8ge pour l'ann\u00e9e 2020 et le tout premier budget public [&hellip;]","og_url":"https:\/\/www.nettali.com\/2021\/07\/24\/le-vatican-devoile-pour-la-premiere-fois-son-patrimoine-immobilier\/","og_site_name":"Nettali.com","article_publisher":"https:\/\/www.facebook.com\/nettalicom","article_published_time":"2021-07-24T21:25:08+00:00","article_modified_time":"2021-07-25T08:12:31+00:00","og_image":[{"width":1000,"height":750,"url":"https:\/\/www.nettali.com\/wp-content\/uploads\/2021\/07\/vaticane.jpg","type":"image\/jpeg"}],"twitter_card":"summary_large_image","twitter_misc":{"\u00c9crit par":"Thierno Diop","Dur\u00e9e de lecture estim\u00e9e":"2 minutes"},"schema":{"@context":"https:\/\/schema.org","@graph":[{"@type":"WebSite","@id":"https:\/\/www.nettali.com\/#website","url":"https:\/\/www.nettali.com\/","name":"Nettali.com","description":"Le rendez-vous critique du Net","potentialAction":[{"@type":"SearchAction","target":{"@type":"EntryPoint","urlTemplate":"https:\/\/www.nettali.com\/?s={search_term_string}"},"query-input":"required name=search_term_string"}],"inLanguage":"fr-FR"},{"@type":"ImageObject","@id":"https:\/\/www.nettali.com\/2021\/07\/24\/le-vatican-devoile-pour-la-premiere-fois-son-patrimoine-immobilier\/#primaryimage","inLanguage":"fr-FR","url":"https:\/\/www.nettali.com\/wp-content\/uploads\/2021\/07\/vaticane.jpg","contentUrl":"https:\/\/www.nettali.com\/wp-content\/uploads\/2021\/07\/vaticane.jpg","width":1000,"height":750},{"@type":"WebPage","@id":"https:\/\/www.nettali.com\/2021\/07\/24\/le-vatican-devoile-pour-la-premiere-fois-son-patrimoine-immobilier\/#webpage","url":"https:\/\/www.nettali.com\/2021\/07\/24\/le-vatican-devoile-pour-la-premiere-fois-son-patrimoine-immobilier\/","name":"Le Vatican d\u00e9voile pour la premi\u00e8re fois son patrimoine immobilier | Nettali.com","isPartOf":{"@id":"https:\/\/www.nettali.com\/#website"},"primaryImageOfPage":{"@id":"https:\/\/www.nettali.com\/2021\/07\/24\/le-vatican-devoile-pour-la-premiere-fois-son-patrimoine-immobilier\/#primaryimage"},"datePublished":"2021-07-24T21:25:08+00:00","dateModified":"2021-07-25T08:12:31+00:00","author":{"@id":"https:\/\/www.nettali.com\/#\/schema\/person\/8a06c6bd7b19304cf4bf985862900b5b"},"breadcrumb":{"@id":"https:\/\/www.nettali.com\/2021\/07\/24\/le-vatican-devoile-pour-la-premiere-fois-son-patrimoine-immobilier\/#breadcrumb"},"inLanguage":"fr-FR","potentialAction":[{"@type":"ReadAction","target":["https:\/\/www.nettali.com\/2021\/07\/24\/le-vatican-devoile-pour-la-premiere-fois-son-patrimoine-immobilier\/"]}]},{"@type":"BreadcrumbList","@id":"https:\/\/www.nettali.com\/2021\/07\/24\/le-vatican-devoile-pour-la-premiere-fois-son-patrimoine-immobilier\/#breadcrumb","itemListElement":[{"@type":"ListItem","position":1,"name":"Accueil","item":"https:\/\/www.nettali.com\/"},{"@type":"ListItem","position":2,"name":"Le Vatican d\u00e9voile pour la premi\u00e8re fois son patrimoine immobilier"}]},{"@type":"Person","@id":"https:\/\/www.nettali.com\/#\/schema\/person\/8a06c6bd7b19304cf4bf985862900b5b","name":"Thierno Diop","image":{"@type":"ImageObject","@id":"https:\/\/www.nettali.com\/#personlogo","inLanguage":"fr-FR","url":"https:\/\/secure.gravatar.com\/avatar\/c8ca58550c94fd2ac856d27391a6c866?s=96&d=mm&r=g","contentUrl":"https:\/\/secure.gravatar.com\/avatar\/c8ca58550c94fd2ac856d27391a6c866?s=96&d=mm&r=g","caption":"Thierno Diop"},"sameAs":["https:\/\/nettali.com"]}]}},"_links":{"self":[{"href":"https:\/\/www.nettali.com\/rest\/wp\/v2\/posts\/68517"}],"collection":[{"href":"https:\/\/www.nettali.com\/rest\/wp\/v2\/posts"}],"about":[{"href":"https:\/\/www.nettali.com\/rest\/wp\/v2\/types\/post"}],"author":[{"embeddable":true,"href":"https:\/\/www.nettali.com\/rest\/wp\/v2\/users\/11"}],"replies":[{"embeddable":true,"href":"https:\/\/www.nettali.com\/rest\/wp\/v2\/comments?post=68517"}],"version-history":[{"count":1,"href":"https:\/\/www.nettali.com\/rest\/wp\/v2\/posts\/68517\/revisions"}],"predecessor-version":[{"id":68519,"href":"https:\/\/www.nettali.com\/rest\/wp\/v2\/posts\/68517\/revisions\/68519"}],"wp:featuredmedia":[{"embeddable":true,"href":"https:\/\/www.nettali.com\/rest\/wp\/v2\/media\/68518"}],"wp:attachment":[{"href":"https:\/\/www.nettali.com\/rest\/wp\/v2\/media?parent=68517"}],"wp:term":[{"taxonomy":"category","embeddable":true,"href":"https:\/\/www.nettali.com\/rest\/wp\/v2\/categories?post=68517"},{"taxonomy":"post_tag","embeddable":true,"href":"https:\/\/www.nettali.com\/rest\/wp\/v2\/tags?post=68517"}],"curies":[{"name":"wp","href":"https:\/\/api.w.org\/{rel}","templated":true}]}}