{"id":68362,"date":"2021-07-21T19:52:50","date_gmt":"2021-07-21T19:52:50","guid":{"rendered":"https:\/\/www.nettali.com\/?p=68362"},"modified":"2021-07-21T19:56:43","modified_gmt":"2021-07-21T19:56:43","slug":"reconciliation-nationale-alassane-ouattara-et-laurent-gbagbo-se-rencontrent-le-27-juillet-au-palais-presidentiel","status":"publish","type":"post","link":"https:\/\/www.nettali.com\/2021\/07\/21\/reconciliation-nationale-alassane-ouattara-et-laurent-gbagbo-se-rencontrent-le-27-juillet-au-palais-presidentiel\/","title":{"rendered":"COTE D\u2019IVOIRE  - Rencontre Ouattara - Gbagbo, le 27 juillet"},"content":{"rendered":"<p><strong>NETTALI.COM - Alassane Ouattara et Laurent Gbagbo se rencontreront le mardi 27 juillet 2021 au palais de la pr\u00e9sidence \u00e0 Abidjan-Plateau a appris Abidjan.net ce mercredi 21 juillet 2021 \u00e0 l\u2019issue du conseil des ministres pr\u00e9sid\u00e9 par Alassane Ouattara \u00e0 Abidjan-Plateau.<\/strong><\/p>\n<p>Rentr\u00e9 au pays le 17 juin dernier apr\u00e8s son acquittement total par la Cour p\u00e9nale internationale (CPI), le 31 mars 2021, l\u2019ex pr\u00e9sident ivoirien sera re\u00e7u en audience au palais pr\u00e9sidentiel par le chef de l\u2019Etat Alassane Ouattara.<\/p>\n<p>Le ministre de la Communication, des m\u00e9dias et de la francophonie, Amadou Coulibaly qui a donn\u00e9 l\u2019information a pr\u00e9cis\u00e9 que cet acte s\u2019inscrit dans le processus de r\u00e9conciliation nationale lanc\u00e9 par le pr\u00e9sident de la r\u00e9publique.<\/p>\n<p>Bien avant, l\u2019ex pensionnaire de la Haye a \u00e9t\u00e9 re\u00e7u par Henri Konan Bedi\u00e9 du 10 au 11 juillet \u00e0 Daoukro.<\/p>\n<p>Ces diff\u00e9rentes rencontres contribuent \u00e0 la d\u00e9crispation du climat politique et \u00e0 la consolidation du tissu social.<\/p>\n<p>&nbsp;<\/p>\n<div class='share-to-whatsapp-wrapper'><div class='share-on-whsp'>PARTAGER SUR : <\/div><a data-text='COTE D\u2019IVOIRE  - Rencontre Ouattara - Gbagbo, le 27 juillet' data-link='https:\/\/www.nettali.com\/2021\/07\/21\/reconciliation-nationale-alassane-ouattara-et-laurent-gbagbo-se-rencontrent-le-27-juillet-au-palais-presidentiel\/' class='whatsapp-button whatsapp-share'>WhatsApp<\/a><div class='clear '><\/div><\/div>","protected":false},"excerpt":{"rendered":"<p>NETTALI.COM - Alassane Ouattara et Laurent Gbagbo se rencontreront le mardi 27 juillet 2021 au palais de la pr\u00e9sidence \u00e0 Abidjan-Plateau a appris Abidjan.net ce mercredi 21 juillet 2021 \u00e0 l\u2019issue du conseil des ministres pr\u00e9sid\u00e9 par Alassane Ouattara \u00e0 Abidjan-Plateau. Rentr\u00e9 au pays le 17 juin dernier apr\u00e8s son acquittement total par la Cour [&hellip;]<\/p>\n","protected":false},"author":11,"featured_media":68363,"comment_status":"open","ping_status":"open","sticky":false,"template":"","format":"standard","meta":{"_et_pb_use_builder":"","_et_pb_old_content":""},"categories":[8],"tags":[],"yoast_head":"<!-- This site is optimized with the Yoast SEO Premium plugin v17.8 (Yoast SEO v17.8) - https:\/\/yoast.com\/wordpress\/plugins\/seo\/ -->\n<title>COTE D\u2019IVOIRE - Rencontre Ouattara - Gbagbo, le 27 juillet | Nettali.com<\/title>\n<meta name=\"robots\" content=\"index, follow, max-snippet:-1, max-image-preview:large, max-video-preview:-1\" \/>\n<link rel=\"canonical\" href=\"https:\/\/www.nettali.com\/2021\/07\/21\/reconciliation-nationale-alassane-ouattara-et-laurent-gbagbo-se-rencontrent-le-27-juillet-au-palais-presidentiel\/\" \/>\n<meta property=\"og:locale\" content=\"fr_FR\" \/>\n<meta property=\"og:type\" content=\"article\" \/>\n<meta property=\"og:title\" content=\"COTE D\u2019IVOIRE - Rencontre Ouattara - Gbagbo, le 27 juillet\" \/>\n<meta property=\"og:description\" content=\"NETTALI.COM - Alassane Ouattara et Laurent Gbagbo se rencontreront le mardi 27 juillet 2021 au palais de la pr\u00e9sidence \u00e0 Abidjan-Plateau a appris Abidjan.net ce mercredi 21 juillet 2021 \u00e0 l\u2019issue du conseil des ministres pr\u00e9sid\u00e9 par Alassane Ouattara \u00e0 Abidjan-Plateau. Rentr\u00e9 au pays le 17 juin dernier apr\u00e8s son acquittement total par la Cour [&hellip;]\" \/>\n<meta property=\"og:url\" content=\"https:\/\/www.nettali.com\/2021\/07\/21\/reconciliation-nationale-alassane-ouattara-et-laurent-gbagbo-se-rencontrent-le-27-juillet-au-palais-presidentiel\/\" \/>\n<meta property=\"og:site_name\" content=\"Nettali.com\" \/>\n<meta property=\"article:publisher\" content=\"https:\/\/www.facebook.com\/nettalicom\" \/>\n<meta property=\"article:published_time\" content=\"2021-07-21T19:52:50+00:00\" \/>\n<meta property=\"article:modified_time\" content=\"2021-07-21T19:56:43+00:00\" \/>\n<meta property=\"og:image\" content=\"https:\/\/www.nettali.com\/wp-content\/uploads\/2021\/07\/alassane-gbagbo.jpg\" \/>\n\t<meta property=\"og:image:width\" content=\"720\" \/>\n\t<meta property=\"og:image:height\" content=\"500\" \/>\n<meta name=\"twitter:card\" content=\"summary_large_image\" \/>\n<meta name=\"twitter:label1\" content=\"\u00c9crit par\" \/>\n\t<meta name=\"twitter:data1\" content=\"Thierno Diop\" \/>\n\t<meta name=\"twitter:label2\" content=\"Dur\u00e9e de lecture estim\u00e9e\" \/>\n\t<meta name=\"twitter:data2\" content=\"1 minute\" \/>\n<script type=\"application\/ld+json\" class=\"yoast-schema-graph\">{\"@context\":\"https:\/\/schema.org\",\"@graph\":[{\"@type\":\"WebSite\",\"@id\":\"https:\/\/www.nettali.com\/#website\",\"url\":\"https:\/\/www.nettali.com\/\",\"name\":\"Nettali.com\",\"description\":\"Le rendez-vous critique du Net\",\"potentialAction\":[{\"@type\":\"SearchAction\",\"target\":{\"@type\":\"EntryPoint\",\"urlTemplate\":\"https:\/\/www.nettali.com\/?s={search_term_string}\"},\"query-input\":\"required name=search_term_string\"}],\"inLanguage\":\"fr-FR\"},{\"@type\":\"ImageObject\",\"@id\":\"https:\/\/www.nettali.com\/2021\/07\/21\/reconciliation-nationale-alassane-ouattara-et-laurent-gbagbo-se-rencontrent-le-27-juillet-au-palais-presidentiel\/#primaryimage\",\"inLanguage\":\"fr-FR\",\"url\":\"https:\/\/www.nettali.com\/wp-content\/uploads\/2021\/07\/alassane-gbagbo.jpg\",\"contentUrl\":\"https:\/\/www.nettali.com\/wp-content\/uploads\/2021\/07\/alassane-gbagbo.jpg\",\"width\":720,\"height\":500},{\"@type\":\"WebPage\",\"@id\":\"https:\/\/www.nettali.com\/2021\/07\/21\/reconciliation-nationale-alassane-ouattara-et-laurent-gbagbo-se-rencontrent-le-27-juillet-au-palais-presidentiel\/#webpage\",\"url\":\"https:\/\/www.nettali.com\/2021\/07\/21\/reconciliation-nationale-alassane-ouattara-et-laurent-gbagbo-se-rencontrent-le-27-juillet-au-palais-presidentiel\/\",\"name\":\"COTE D\\u2019IVOIRE - Rencontre Ouattara - Gbagbo, le 27 juillet | Nettali.com\",\"isPartOf\":{\"@id\":\"https:\/\/www.nettali.com\/#website\"},\"primaryImageOfPage\":{\"@id\":\"https:\/\/www.nettali.com\/2021\/07\/21\/reconciliation-nationale-alassane-ouattara-et-laurent-gbagbo-se-rencontrent-le-27-juillet-au-palais-presidentiel\/#primaryimage\"},\"datePublished\":\"2021-07-21T19:52:50+00:00\",\"dateModified\":\"2021-07-21T19:56:43+00:00\",\"author\":{\"@id\":\"https:\/\/www.nettali.com\/#\/schema\/person\/8a06c6bd7b19304cf4bf985862900b5b\"},\"breadcrumb\":{\"@id\":\"https:\/\/www.nettali.com\/2021\/07\/21\/reconciliation-nationale-alassane-ouattara-et-laurent-gbagbo-se-rencontrent-le-27-juillet-au-palais-presidentiel\/#breadcrumb\"},\"inLanguage\":\"fr-FR\",\"potentialAction\":[{\"@type\":\"ReadAction\",\"target\":[\"https:\/\/www.nettali.com\/2021\/07\/21\/reconciliation-nationale-alassane-ouattara-et-laurent-gbagbo-se-rencontrent-le-27-juillet-au-palais-presidentiel\/\"]}]},{\"@type\":\"BreadcrumbList\",\"@id\":\"https:\/\/www.nettali.com\/2021\/07\/21\/reconciliation-nationale-alassane-ouattara-et-laurent-gbagbo-se-rencontrent-le-27-juillet-au-palais-presidentiel\/#breadcrumb\",\"itemListElement\":[{\"@type\":\"ListItem\",\"position\":1,\"name\":\"Accueil\",\"item\":\"https:\/\/www.nettali.com\/\"},{\"@type\":\"ListItem\",\"position\":2,\"name\":\"COTE D\\u2019IVOIRE &#8211; Rencontre Ouattara &#8211; Gbagbo, le 27 juillet\"}]},{\"@type\":\"Person\",\"@id\":\"https:\/\/www.nettali.com\/#\/schema\/person\/8a06c6bd7b19304cf4bf985862900b5b\",\"name\":\"Thierno Diop\",\"image\":{\"@type\":\"ImageObject\",\"@id\":\"https:\/\/www.nettali.com\/#personlogo\",\"inLanguage\":\"fr-FR\",\"url\":\"https:\/\/secure.gravatar.com\/avatar\/c8ca58550c94fd2ac856d27391a6c866?s=96&d=mm&r=g\",\"contentUrl\":\"https:\/\/secure.gravatar.com\/avatar\/c8ca58550c94fd2ac856d27391a6c866?s=96&d=mm&r=g\",\"caption\":\"Thierno Diop\"},\"sameAs\":[\"https:\/\/nettali.com\"]}]}<\/script>\n<!-- \/ Yoast SEO Premium plugin. -->","yoast_head_json":{"title":"COTE D\u2019IVOIRE - Rencontre Ouattara - Gbagbo, le 27 juillet | Nettali.com","robots":{"index":"index","follow":"follow","max-snippet":"max-snippet:-1","max-image-preview":"max-image-preview:large","max-video-preview":"max-video-preview:-1"},"canonical":"https:\/\/www.nettali.com\/2021\/07\/21\/reconciliation-nationale-alassane-ouattara-et-laurent-gbagbo-se-rencontrent-le-27-juillet-au-palais-presidentiel\/","og_locale":"fr_FR","og_type":"article","og_title":"COTE D\u2019IVOIRE - Rencontre Ouattara - Gbagbo, le 27 juillet","og_description":"NETTALI.COM - Alassane Ouattara et Laurent Gbagbo se rencontreront le mardi 27 juillet 2021 au palais de la pr\u00e9sidence \u00e0 Abidjan-Plateau a appris Abidjan.net ce mercredi 21 juillet 2021 \u00e0 l\u2019issue du conseil des ministres pr\u00e9sid\u00e9 par Alassane Ouattara \u00e0 Abidjan-Plateau. Rentr\u00e9 au pays le 17 juin dernier apr\u00e8s son acquittement total par la Cour [&hellip;]","og_url":"https:\/\/www.nettali.com\/2021\/07\/21\/reconciliation-nationale-alassane-ouattara-et-laurent-gbagbo-se-rencontrent-le-27-juillet-au-palais-presidentiel\/","og_site_name":"Nettali.com","article_publisher":"https:\/\/www.facebook.com\/nettalicom","article_published_time":"2021-07-21T19:52:50+00:00","article_modified_time":"2021-07-21T19:56:43+00:00","og_image":[{"width":720,"height":500,"url":"https:\/\/www.nettali.com\/wp-content\/uploads\/2021\/07\/alassane-gbagbo.jpg","type":"image\/jpeg"}],"twitter_card":"summary_large_image","twitter_misc":{"\u00c9crit par":"Thierno Diop","Dur\u00e9e de lecture estim\u00e9e":"1 minute"},"schema":{"@context":"https:\/\/schema.org","@graph":[{"@type":"WebSite","@id":"https:\/\/www.nettali.com\/#website","url":"https:\/\/www.nettali.com\/","name":"Nettali.com","description":"Le rendez-vous critique du Net","potentialAction":[{"@type":"SearchAction","target":{"@type":"EntryPoint","urlTemplate":"https:\/\/www.nettali.com\/?s={search_term_string}"},"query-input":"required name=search_term_string"}],"inLanguage":"fr-FR"},{"@type":"ImageObject","@id":"https:\/\/www.nettali.com\/2021\/07\/21\/reconciliation-nationale-alassane-ouattara-et-laurent-gbagbo-se-rencontrent-le-27-juillet-au-palais-presidentiel\/#primaryimage","inLanguage":"fr-FR","url":"https:\/\/www.nettali.com\/wp-content\/uploads\/2021\/07\/alassane-gbagbo.jpg","contentUrl":"https:\/\/www.nettali.com\/wp-content\/uploads\/2021\/07\/alassane-gbagbo.jpg","width":720,"height":500},{"@type":"WebPage","@id":"https:\/\/www.nettali.com\/2021\/07\/21\/reconciliation-nationale-alassane-ouattara-et-laurent-gbagbo-se-rencontrent-le-27-juillet-au-palais-presidentiel\/#webpage","url":"https:\/\/www.nettali.com\/2021\/07\/21\/reconciliation-nationale-alassane-ouattara-et-laurent-gbagbo-se-rencontrent-le-27-juillet-au-palais-presidentiel\/","name":"COTE D\u2019IVOIRE - Rencontre Ouattara - Gbagbo, le 27 juillet | Nettali.com","isPartOf":{"@id":"https:\/\/www.nettali.com\/#website"},"primaryImageOfPage":{"@id":"https:\/\/www.nettali.com\/2021\/07\/21\/reconciliation-nationale-alassane-ouattara-et-laurent-gbagbo-se-rencontrent-le-27-juillet-au-palais-presidentiel\/#primaryimage"},"datePublished":"2021-07-21T19:52:50+00:00","dateModified":"2021-07-21T19:56:43+00:00","author":{"@id":"https:\/\/www.nettali.com\/#\/schema\/person\/8a06c6bd7b19304cf4bf985862900b5b"},"breadcrumb":{"@id":"https:\/\/www.nettali.com\/2021\/07\/21\/reconciliation-nationale-alassane-ouattara-et-laurent-gbagbo-se-rencontrent-le-27-juillet-au-palais-presidentiel\/#breadcrumb"},"inLanguage":"fr-FR","potentialAction":[{"@type":"ReadAction","target":["https:\/\/www.nettali.com\/2021\/07\/21\/reconciliation-nationale-alassane-ouattara-et-laurent-gbagbo-se-rencontrent-le-27-juillet-au-palais-presidentiel\/"]}]},{"@type":"BreadcrumbList","@id":"https:\/\/www.nettali.com\/2021\/07\/21\/reconciliation-nationale-alassane-ouattara-et-laurent-gbagbo-se-rencontrent-le-27-juillet-au-palais-presidentiel\/#breadcrumb","itemListElement":[{"@type":"ListItem","position":1,"name":"Accueil","item":"https:\/\/www.nettali.com\/"},{"@type":"ListItem","position":2,"name":"COTE D\u2019IVOIRE &#8211; Rencontre Ouattara &#8211; Gbagbo, le 27 juillet"}]},{"@type":"Person","@id":"https:\/\/www.nettali.com\/#\/schema\/person\/8a06c6bd7b19304cf4bf985862900b5b","name":"Thierno Diop","image":{"@type":"ImageObject","@id":"https:\/\/www.nettali.com\/#personlogo","inLanguage":"fr-FR","url":"https:\/\/secure.gravatar.com\/avatar\/c8ca58550c94fd2ac856d27391a6c866?s=96&d=mm&r=g","contentUrl":"https:\/\/secure.gravatar.com\/avatar\/c8ca58550c94fd2ac856d27391a6c866?s=96&d=mm&r=g","caption":"Thierno Diop"},"sameAs":["https:\/\/nettali.com"]}]}},"_links":{"self":[{"href":"https:\/\/www.nettali.com\/rest\/wp\/v2\/posts\/68362"}],"collection":[{"href":"https:\/\/www.nettali.com\/rest\/wp\/v2\/posts"}],"about":[{"href":"https:\/\/www.nettali.com\/rest\/wp\/v2\/types\/post"}],"author":[{"embeddable":true,"href":"https:\/\/www.nettali.com\/rest\/wp\/v2\/users\/11"}],"replies":[{"embeddable":true,"href":"https:\/\/www.nettali.com\/rest\/wp\/v2\/comments?post=68362"}],"version-history":[{"count":4,"href":"https:\/\/www.nettali.com\/rest\/wp\/v2\/posts\/68362\/revisions"}],"predecessor-version":[{"id":68367,"href":"https:\/\/www.nettali.com\/rest\/wp\/v2\/posts\/68362\/revisions\/68367"}],"wp:featuredmedia":[{"embeddable":true,"href":"https:\/\/www.nettali.com\/rest\/wp\/v2\/media\/68363"}],"wp:attachment":[{"href":"https:\/\/www.nettali.com\/rest\/wp\/v2\/media?parent=68362"}],"wp:term":[{"taxonomy":"category","embeddable":true,"href":"https:\/\/www.nettali.com\/rest\/wp\/v2\/categories?post=68362"},{"taxonomy":"post_tag","embeddable":true,"href":"https:\/\/www.nettali.com\/rest\/wp\/v2\/tags?post=68362"}],"curies":[{"name":"wp","href":"https:\/\/api.w.org\/{rel}","templated":true}]}}