{"id":68141,"date":"2021-07-17T09:42:17","date_gmt":"2021-07-17T09:42:17","guid":{"rendered":"https:\/\/www.nettali.com\/?p=68141"},"modified":"2021-07-17T09:42:59","modified_gmt":"2021-07-17T09:42:59","slug":"actes-de-vandalisme-des-eleves-mamadou-talla-annonce-des-sanctions","status":"publish","type":"post","link":"https:\/\/www.nettali.com\/2021\/07\/17\/actes-de-vandalisme-des-eleves-mamadou-talla-annonce-des-sanctions\/","title":{"rendered":"ACTES DE VANDALISME DES \u00c9L\u00c8VES - Mamadou Talla annonce des sanctions"},"content":{"rendered":"<p><strong>NETTALI.COM -Les actes de vandalisme commis par les potaches dans certains \u00e9tablissements, mercredi 15 juillet \u00e0 la fin de l\u2019ann\u00e9e, scolaire seront punis, si on en croit le ministre de l\u2019Education nationale Mamadou Talla.<\/strong><\/p>\n<p>Au moment o\u00f9 les laur\u00e9ates des miss sciences et math\u00e9matiques s\u2019appr\u00eataient \u00e0 recevoir leurs prix, la population S\u00e9n\u00e9galaise a assist\u00e9 \u00e0 des sc\u00e8nes de vandalisme commis par des \u00e9l\u00e8ves dans certains \u00e9tablissements du pays. Ce mercredi, \u00e0 la sortie des salles de classe, des \u00e9l\u00e8ves se sont mis \u00e0 d\u00e9chirer leurs cahiers ; d\u2019autres \u00e0 mettre de l\u2019huile sur leurs blouses. Des vid\u00e9os r\u00e9v\u00e8lent ces actes sur le net. Un fait in\u00e9dit qui interpelle la population et les autorit\u00e9s en charge du secteur. Justement, hier, lors de la c\u00e9r\u00e9monie de remise des prix aux miss sciences et math\u00e9matiques, le ministre de l\u2019Education nationale, Mamadou Talla, a \u00e9t\u00e9 interpell\u00e9 sur la question, a annonc\u00e9 des sanctions.<\/p>\n<p>Il a en effet renseign\u00e9 que le minist\u00e8re est en train d\u2019identifier les personnes responsables. \"<em>Nous lan\u00e7ons un appel aux \u00e9l\u00e8ves, enseignants pour que l\u2019\u00e9cole demeure un lieu d\u2019\u00e9ducation. Cela, nous l\u2019avons condamn\u00e9. Nous sommes dans une soci\u00e9t\u00e9 assez complexe. Les \u00e9l\u00e8ves qui ont termin\u00e9 leur ann\u00e9e scolaire \u00e9taient contents ; ils se sont livr\u00e9s \u00e0 des actes que nous condamnons. Nous n\u2019acceptons pas cela. Nous sommes un symbole pour la R\u00e9publique\u2019\", a <\/em>d\u00e9clar\u00e9 le ministre dans les colonnes du journal Enqu\u00eate.<\/p>\n<p>\u2018\u2019<strong>Les \u00e9l\u00e8ves n'ont plus go\u00fbt aux \u00e9tude<\/strong>s\u2019\u2019<\/p>\n<p>Madame Di\u00e8ye, professeur au Cem Serigne Ahmet Sy Malick \u00e0 Dakar Plateau qui a assist\u00e9 \u00e0 cette sc\u00e8ne dans l\u2019\u00e9tablissement o\u00f9 elle enseigne, dit avoir \u00e9t\u00e9 choqu\u00e9e. M\u00eame si, elle tente de donner une explication : \"<em>Les \u00e9l\u00e8ves, \u00e0 la limite, \u00e9taient fatigu\u00e9s. Ils n\u2019en pouvaient plus de rester dans les classes avec la chaleur. Aussi, on peut citer d\u2019autres facteurs comme les vacances qui s\u2019annon\u00e7aient. Quelque part, il y a l\u2019esprit enfantin\"<\/em>, d\u00e9clare-t-elle. Non, sans condamner cet acte. Elle est d\u2019avis d\u2019ailleurs qu\u2019il y a lieu de s\u2019alarmer car les actes pos\u00e9s ne sont que la face visible de l\u2019iceberg. \"<em>Tous les jours, les professeurs sont confront\u00e9s \u00e0 ces genres de probl\u00e8mes, d\u2019agressions en classes. Cette g\u00e9n\u00e9ration n\u2019est plus anim\u00e9e par les \u00e9tudes. Ils n'ont plus go\u00fbt aux \u00e9tudes ; c\u2019est malheureux. Je pense la responsabilit\u00e9 est partag\u00e9e entre les parents qui ont d\u00e9missionn\u00e9 ; l\u2019\u00e9cole qui a perdu toute sa valeur et les \u00e9l\u00e8ves qui n\u2019en veulent plus. Ce serait vraiment dommage que l\u2019\u00e9cole S\u00e9n\u00e9galaise p\u00e9risse comme \u00e7<\/em>a\u2019\u2019, s\u2019offusque-t-elle.<\/p>\n<p>Le professeur invite les gouvernants \u00e0 trouver des solutions \u00e0 cette situation, \"<em>pour contenir cette h\u00e9morragie qui devient un danger pour tous<\/em>\u2019'. Pour le cas de son \u00e9cole, elle renseigne qu\u2019ils ont pu contenir les \u00e9l\u00e8ves, car ils se sont organis\u00e9s de telle sorte qu\u2019ils ne trainent pas dans la cour, apr\u00e8s avoir compos\u00e9. \"<em>Dehors, ils ont d\u00e9chir\u00e9 leurs uniformes et vers\u00e9 de l\u2019huile sur les cahiers et tenues\"<\/em>, se d\u00e9sole M Di\u00e8ye. Qui annonce que des sanctions vont tomber, parce que certains ont \u00e9t\u00e9 identifi\u00e9s. Avant de poursuivre : \"<em>Des \u00e9l\u00e8ves mena\u00e7aient les vigiles, se battaient avec eux. On les a identifi\u00e9s et en conseil des classes, on en parlera. C\u2019est notamment les \u00e9l\u00e8ves de la cinqui\u00e8me, sixi\u00e8me, parce qu\u2019ils sont pr\u00e9coces et d\u2019autres ont d\u00e9pass\u00e9 l\u2019\u00e2ge d\u2019\u00eatre au coll\u00e8ge qui posent beaucoup de probl\u00e8mes\"<\/em>.<\/p>\n<p><strong>La d\u00e9solation des parents <\/strong><\/p>\n<p>Du c\u00f4t\u00e9 des parents d\u2019\u00e9l\u00e8ves, c\u2019est la d\u00e9solation totale. Le pr\u00e9sident de l'APE au Cem Serigne Ahmet Sy Malick d\u00e9clare : \"<em>In fine, l\u2019\u00e9cole S\u00e9n\u00e9galaise au lieu de former de bons \u00e9l\u00e8ves, ces derniers deviennent des hooligans\"<\/em>. Il condamne et qualifie ce geste d\u2019indiscipline notoire, jamais v\u00e9cue. \"<em>Je suis vraiment d\u00e9sol\u00e9 et je regrette beaucoup parce que cela s\u2019est pass\u00e9 dans beaucoup d\u2019\u00e9tablissements. \u00c7a ne fait pas notre Education. Avant, lorsque l\u2019on faisait les adieux, on faisait des cahiers de souvenir, on dessinait de bonnes phrases pour remercier tout le corps professoral\"<\/em>, d\u00e9clare le pr\u00e9sident de l\u2019APE.<\/p>\n<p>Il se r\u00e9jouit que les portes d\u2019Ahmet Sy Malick aient \u00e9t\u00e9 verrouill\u00e9es, au moment des faits. Lui aussi croit comprendre que les \u00e9l\u00e8ves ont agi ainsi, du fait de la longue dur\u00e9e de l\u2019ann\u00e9e scolaire, sachant les vacances seront \u00e9court\u00e9es<\/p>\n<div class='share-to-whatsapp-wrapper'><div class='share-on-whsp'>PARTAGER SUR : <\/div><a data-text='ACTES DE VANDALISME DES \u00c9L\u00c8VES - Mamadou Talla annonce des sanctions' data-link='https:\/\/www.nettali.com\/2021\/07\/17\/actes-de-vandalisme-des-eleves-mamadou-talla-annonce-des-sanctions\/' class='whatsapp-button whatsapp-share'>WhatsApp<\/a><div class='clear '><\/div><\/div>","protected":false},"excerpt":{"rendered":"<p>NETTALI.COM -Les actes de vandalisme commis par les potaches dans certains \u00e9tablissements, mercredi 15 juillet \u00e0 la fin de l\u2019ann\u00e9e, scolaire seront punis, si on en croit le ministre de l\u2019Education nationale Mamadou Talla. Au moment o\u00f9 les laur\u00e9ates des miss sciences et math\u00e9matiques s\u2019appr\u00eataient \u00e0 recevoir leurs prix, la population S\u00e9n\u00e9galaise a assist\u00e9 \u00e0 [&hellip;]<\/p>\n","protected":false},"author":6,"featured_media":68046,"comment_status":"open","ping_status":"open","sticky":false,"template":"","format":"standard","meta":{"_et_pb_use_builder":"","_et_pb_old_content":""},"categories":[3],"tags":[],"yoast_head":"<!-- This site is optimized with the Yoast SEO Premium plugin v17.8 (Yoast SEO v17.8) - https:\/\/yoast.com\/wordpress\/plugins\/seo\/ -->\n<title>ACTES DE VANDALISME DES \u00c9L\u00c8VES - Mamadou Talla annonce des sanctions | Nettali.com<\/title>\n<meta name=\"robots\" content=\"index, follow, max-snippet:-1, max-image-preview:large, max-video-preview:-1\" \/>\n<link rel=\"canonical\" href=\"https:\/\/www.nettali.com\/2021\/07\/17\/actes-de-vandalisme-des-eleves-mamadou-talla-annonce-des-sanctions\/\" \/>\n<meta property=\"og:locale\" content=\"fr_FR\" \/>\n<meta property=\"og:type\" content=\"article\" \/>\n<meta property=\"og:title\" content=\"ACTES DE VANDALISME DES \u00c9L\u00c8VES - Mamadou Talla annonce des sanctions\" \/>\n<meta property=\"og:description\" content=\"NETTALI.COM -Les actes de vandalisme commis par les potaches dans certains \u00e9tablissements, mercredi 15 juillet \u00e0 la fin de l\u2019ann\u00e9e, scolaire seront punis, si on en croit le ministre de l\u2019Education nationale Mamadou Talla. Au moment o\u00f9 les laur\u00e9ates des miss sciences et math\u00e9matiques s\u2019appr\u00eataient \u00e0 recevoir leurs prix, la population S\u00e9n\u00e9galaise a assist\u00e9 \u00e0 [&hellip;]\" \/>\n<meta property=\"og:url\" content=\"https:\/\/www.nettali.com\/2021\/07\/17\/actes-de-vandalisme-des-eleves-mamadou-talla-annonce-des-sanctions\/\" \/>\n<meta property=\"og:site_name\" content=\"Nettali.com\" \/>\n<meta property=\"article:publisher\" content=\"https:\/\/www.facebook.com\/nettalicom\" \/>\n<meta property=\"article:published_time\" content=\"2021-07-17T09:42:17+00:00\" \/>\n<meta property=\"article:modified_time\" content=\"2021-07-17T09:42:59+00:00\" \/>\n<meta property=\"og:image\" content=\"https:\/\/www.nettali.com\/wp-content\/uploads\/2021\/07\/telechargement.jpeg\" \/>\n\t<meta property=\"og:image:width\" content=\"299\" \/>\n\t<meta property=\"og:image:height\" content=\"168\" \/>\n<meta name=\"twitter:card\" content=\"summary_large_image\" \/>\n<meta name=\"twitter:label1\" content=\"\u00c9crit par\" \/>\n\t<meta name=\"twitter:data1\" content=\"Fatou\" \/>\n\t<meta name=\"twitter:label2\" content=\"Dur\u00e9e de lecture estim\u00e9e\" \/>\n\t<meta name=\"twitter:data2\" content=\"3 minutes\" \/>\n<script type=\"application\/ld+json\" class=\"yoast-schema-graph\">{\"@context\":\"https:\/\/schema.org\",\"@graph\":[{\"@type\":\"WebSite\",\"@id\":\"https:\/\/www.nettali.com\/#website\",\"url\":\"https:\/\/www.nettali.com\/\",\"name\":\"Nettali.com\",\"description\":\"Le rendez-vous critique du Net\",\"potentialAction\":[{\"@type\":\"SearchAction\",\"target\":{\"@type\":\"EntryPoint\",\"urlTemplate\":\"https:\/\/www.nettali.com\/?s={search_term_string}\"},\"query-input\":\"required name=search_term_string\"}],\"inLanguage\":\"fr-FR\"},{\"@type\":\"ImageObject\",\"@id\":\"https:\/\/www.nettali.com\/2021\/07\/17\/actes-de-vandalisme-des-eleves-mamadou-talla-annonce-des-sanctions\/#primaryimage\",\"inLanguage\":\"fr-FR\",\"url\":\"https:\/\/www.nettali.com\/wp-content\/uploads\/2021\/07\/telechargement.jpeg\",\"contentUrl\":\"https:\/\/www.nettali.com\/wp-content\/uploads\/2021\/07\/telechargement.jpeg\",\"width\":299,\"height\":168},{\"@type\":\"WebPage\",\"@id\":\"https:\/\/www.nettali.com\/2021\/07\/17\/actes-de-vandalisme-des-eleves-mamadou-talla-annonce-des-sanctions\/#webpage\",\"url\":\"https:\/\/www.nettali.com\/2021\/07\/17\/actes-de-vandalisme-des-eleves-mamadou-talla-annonce-des-sanctions\/\",\"name\":\"ACTES DE VANDALISME DES \\u00c9L\\u00c8VES - Mamadou Talla annonce des sanctions | Nettali.com\",\"isPartOf\":{\"@id\":\"https:\/\/www.nettali.com\/#website\"},\"primaryImageOfPage\":{\"@id\":\"https:\/\/www.nettali.com\/2021\/07\/17\/actes-de-vandalisme-des-eleves-mamadou-talla-annonce-des-sanctions\/#primaryimage\"},\"datePublished\":\"2021-07-17T09:42:17+00:00\",\"dateModified\":\"2021-07-17T09:42:59+00:00\",\"author\":{\"@id\":\"https:\/\/www.nettali.com\/#\/schema\/person\/418274a86bdf87caff7a3ef476bd0bbf\"},\"breadcrumb\":{\"@id\":\"https:\/\/www.nettali.com\/2021\/07\/17\/actes-de-vandalisme-des-eleves-mamadou-talla-annonce-des-sanctions\/#breadcrumb\"},\"inLanguage\":\"fr-FR\",\"potentialAction\":[{\"@type\":\"ReadAction\",\"target\":[\"https:\/\/www.nettali.com\/2021\/07\/17\/actes-de-vandalisme-des-eleves-mamadou-talla-annonce-des-sanctions\/\"]}]},{\"@type\":\"BreadcrumbList\",\"@id\":\"https:\/\/www.nettali.com\/2021\/07\/17\/actes-de-vandalisme-des-eleves-mamadou-talla-annonce-des-sanctions\/#breadcrumb\",\"itemListElement\":[{\"@type\":\"ListItem\",\"position\":1,\"name\":\"Accueil\",\"item\":\"https:\/\/www.nettali.com\/\"},{\"@type\":\"ListItem\",\"position\":2,\"name\":\"ACTES DE VANDALISME DES \\u00c9L\\u00c8VES &#8211; Mamadou Talla annonce des sanctions\"}]},{\"@type\":\"Person\",\"@id\":\"https:\/\/www.nettali.com\/#\/schema\/person\/418274a86bdf87caff7a3ef476bd0bbf\",\"name\":\"Fatou\",\"image\":{\"@type\":\"ImageObject\",\"@id\":\"https:\/\/www.nettali.com\/#personlogo\",\"inLanguage\":\"fr-FR\",\"url\":\"https:\/\/secure.gravatar.com\/avatar\/5a9442a2bee7b4dcf167cab035858e9a?s=96&d=mm&r=g\",\"contentUrl\":\"https:\/\/secure.gravatar.com\/avatar\/5a9442a2bee7b4dcf167cab035858e9a?s=96&d=mm&r=g\",\"caption\":\"Fatou\"},\"sameAs\":[\"https:\/\/www.nettali.com\"]}]}<\/script>\n<!-- \/ Yoast SEO Premium plugin. -->","yoast_head_json":{"title":"ACTES DE VANDALISME DES \u00c9L\u00c8VES - Mamadou Talla annonce des sanctions | Nettali.com","robots":{"index":"index","follow":"follow","max-snippet":"max-snippet:-1","max-image-preview":"max-image-preview:large","max-video-preview":"max-video-preview:-1"},"canonical":"https:\/\/www.nettali.com\/2021\/07\/17\/actes-de-vandalisme-des-eleves-mamadou-talla-annonce-des-sanctions\/","og_locale":"fr_FR","og_type":"article","og_title":"ACTES DE VANDALISME DES \u00c9L\u00c8VES - Mamadou Talla annonce des sanctions","og_description":"NETTALI.COM -Les actes de vandalisme commis par les potaches dans certains \u00e9tablissements, mercredi 15 juillet \u00e0 la fin de l\u2019ann\u00e9e, scolaire seront punis, si on en croit le ministre de l\u2019Education nationale Mamadou Talla. Au moment o\u00f9 les laur\u00e9ates des miss sciences et math\u00e9matiques s\u2019appr\u00eataient \u00e0 recevoir leurs prix, la population S\u00e9n\u00e9galaise a assist\u00e9 \u00e0 [&hellip;]","og_url":"https:\/\/www.nettali.com\/2021\/07\/17\/actes-de-vandalisme-des-eleves-mamadou-talla-annonce-des-sanctions\/","og_site_name":"Nettali.com","article_publisher":"https:\/\/www.facebook.com\/nettalicom","article_published_time":"2021-07-17T09:42:17+00:00","article_modified_time":"2021-07-17T09:42:59+00:00","og_image":[{"width":299,"height":168,"url":"https:\/\/www.nettali.com\/wp-content\/uploads\/2021\/07\/telechargement.jpeg","type":"image\/jpeg"}],"twitter_card":"summary_large_image","twitter_misc":{"\u00c9crit par":"Fatou","Dur\u00e9e de lecture estim\u00e9e":"3 minutes"},"schema":{"@context":"https:\/\/schema.org","@graph":[{"@type":"WebSite","@id":"https:\/\/www.nettali.com\/#website","url":"https:\/\/www.nettali.com\/","name":"Nettali.com","description":"Le rendez-vous critique du Net","potentialAction":[{"@type":"SearchAction","target":{"@type":"EntryPoint","urlTemplate":"https:\/\/www.nettali.com\/?s={search_term_string}"},"query-input":"required name=search_term_string"}],"inLanguage":"fr-FR"},{"@type":"ImageObject","@id":"https:\/\/www.nettali.com\/2021\/07\/17\/actes-de-vandalisme-des-eleves-mamadou-talla-annonce-des-sanctions\/#primaryimage","inLanguage":"fr-FR","url":"https:\/\/www.nettali.com\/wp-content\/uploads\/2021\/07\/telechargement.jpeg","contentUrl":"https:\/\/www.nettali.com\/wp-content\/uploads\/2021\/07\/telechargement.jpeg","width":299,"height":168},{"@type":"WebPage","@id":"https:\/\/www.nettali.com\/2021\/07\/17\/actes-de-vandalisme-des-eleves-mamadou-talla-annonce-des-sanctions\/#webpage","url":"https:\/\/www.nettali.com\/2021\/07\/17\/actes-de-vandalisme-des-eleves-mamadou-talla-annonce-des-sanctions\/","name":"ACTES DE VANDALISME DES \u00c9L\u00c8VES - Mamadou Talla annonce des sanctions | Nettali.com","isPartOf":{"@id":"https:\/\/www.nettali.com\/#website"},"primaryImageOfPage":{"@id":"https:\/\/www.nettali.com\/2021\/07\/17\/actes-de-vandalisme-des-eleves-mamadou-talla-annonce-des-sanctions\/#primaryimage"},"datePublished":"2021-07-17T09:42:17+00:00","dateModified":"2021-07-17T09:42:59+00:00","author":{"@id":"https:\/\/www.nettali.com\/#\/schema\/person\/418274a86bdf87caff7a3ef476bd0bbf"},"breadcrumb":{"@id":"https:\/\/www.nettali.com\/2021\/07\/17\/actes-de-vandalisme-des-eleves-mamadou-talla-annonce-des-sanctions\/#breadcrumb"},"inLanguage":"fr-FR","potentialAction":[{"@type":"ReadAction","target":["https:\/\/www.nettali.com\/2021\/07\/17\/actes-de-vandalisme-des-eleves-mamadou-talla-annonce-des-sanctions\/"]}]},{"@type":"BreadcrumbList","@id":"https:\/\/www.nettali.com\/2021\/07\/17\/actes-de-vandalisme-des-eleves-mamadou-talla-annonce-des-sanctions\/#breadcrumb","itemListElement":[{"@type":"ListItem","position":1,"name":"Accueil","item":"https:\/\/www.nettali.com\/"},{"@type":"ListItem","position":2,"name":"ACTES DE VANDALISME DES \u00c9L\u00c8VES &#8211; Mamadou Talla annonce des sanctions"}]},{"@type":"Person","@id":"https:\/\/www.nettali.com\/#\/schema\/person\/418274a86bdf87caff7a3ef476bd0bbf","name":"Fatou","image":{"@type":"ImageObject","@id":"https:\/\/www.nettali.com\/#personlogo","inLanguage":"fr-FR","url":"https:\/\/secure.gravatar.com\/avatar\/5a9442a2bee7b4dcf167cab035858e9a?s=96&d=mm&r=g","contentUrl":"https:\/\/secure.gravatar.com\/avatar\/5a9442a2bee7b4dcf167cab035858e9a?s=96&d=mm&r=g","caption":"Fatou"},"sameAs":["https:\/\/www.nettali.com"]}]}},"_links":{"self":[{"href":"https:\/\/www.nettali.com\/rest\/wp\/v2\/posts\/68141"}],"collection":[{"href":"https:\/\/www.nettali.com\/rest\/wp\/v2\/posts"}],"about":[{"href":"https:\/\/www.nettali.com\/rest\/wp\/v2\/types\/post"}],"author":[{"embeddable":true,"href":"https:\/\/www.nettali.com\/rest\/wp\/v2\/users\/6"}],"replies":[{"embeddable":true,"href":"https:\/\/www.nettali.com\/rest\/wp\/v2\/comments?post=68141"}],"version-history":[{"count":3,"href":"https:\/\/www.nettali.com\/rest\/wp\/v2\/posts\/68141\/revisions"}],"predecessor-version":[{"id":68146,"href":"https:\/\/www.nettali.com\/rest\/wp\/v2\/posts\/68141\/revisions\/68146"}],"wp:featuredmedia":[{"embeddable":true,"href":"https:\/\/www.nettali.com\/rest\/wp\/v2\/media\/68046"}],"wp:attachment":[{"href":"https:\/\/www.nettali.com\/rest\/wp\/v2\/media?parent=68141"}],"wp:term":[{"taxonomy":"category","embeddable":true,"href":"https:\/\/www.nettali.com\/rest\/wp\/v2\/categories?post=68141"},{"taxonomy":"post_tag","embeddable":true,"href":"https:\/\/www.nettali.com\/rest\/wp\/v2\/tags?post=68141"}],"curies":[{"name":"wp","href":"https:\/\/api.w.org\/{rel}","templated":true}]}}