{"id":68125,"date":"2021-07-17T09:00:06","date_gmt":"2021-07-17T09:00:06","guid":{"rendered":"https:\/\/www.nettali.com\/?p=68125"},"modified":"2021-07-19T12:30:32","modified_gmt":"2021-07-19T12:30:32","slug":"coup-de-pilon-drole-de-prix","status":"publish","type":"post","link":"https:\/\/www.nettali.com\/2021\/07\/17\/coup-de-pilon-drole-de-prix\/","title":{"rendered":"COUP DE PILON - Dr\u00f4le de prix\u00a0!"},"content":{"rendered":"<p><strong>NETTALI.COM - Cauris d\u2019or 2021, le prix de l\u2019excellence a \u00e9t\u00e9 attribu\u00e9 \u00e0 Abdoulaye Diouf Sarr. Pourquoi au juste, devrait-on se demander ? Pour l\u2019excellence de la riposte ? Pour son engagement sans bornes \u00a0? Difficile de savoir ce qui est r\u00e9compens\u00e9. Une distinction qui tombe bien mal au moment o\u00f9 le nombre de cas prend l\u2019ascenseur, alors que nous croyions en avoir fini avec la pand\u00e9mie en cultivant l'indiff\u00e9rence. Diouf Sarr doit se retrousser les manches et t\u00e2cher de faire face apr\u00e8s le rel\u00e2chement et l\u2019insouciance not\u00e9s chez les populations, laiss\u00e9es \u00e0 elles-m\u00eames par les autorit\u00e9s depuis la lev\u00e9e de l\u2019\u00e9tat d\u2019urgence. Nous ne sommes pas encore sortis de l\u2019auberge, c\u2019est s\u00fbr. <\/strong><\/p>\n<p>Face \u00e0 ce qu\u2019il est convenu d\u2019appeler, la 3<sup>\u00e8me<\/sup> vague, la situation est bien plus pr\u00e9occupante qu\u2019elle ne para\u00eet. Mercredi 13 juillet, un nombre que l\u2019on disait record de 733 contaminations avait \u00e9t\u00e9 annonc\u00e9 ; jeudi, une l\u00e9g\u00e8re baisse de 674 nouveaux cas positifs a \u00e9t\u00e9 enregistr\u00e9e ; vendredi 16 juillet, ce sont 738 cas qui ont \u00e9t\u00e9 d\u00e9compt\u00e9s battant le record du mercredi mais avec, figurez-vous 474 issus de la transmission communautaire. Ce samedi 17 juillet, le record du vendredi est \u00e0 son tour battu avec 1366 cas enregistr\u00e9s dont 925 communautaires. Ce qui prouve l\u2019ampleur et la fulgurance de la propagation du virus qui incitent \u00e0 prendre des mesures hardies et urgentes. Ce que le Comit\u00e9 National de Gestion des Epid\u00e9mies (CNGE) a tent\u00e9 de faire.<\/p>\n<p>Parmi ses recommandations figurent notamment le renforcement de la surveillance \u00e9pid\u00e9miologique, la poursuite et l\u2019intensification de la surveillance des variants, le renforcement du syst\u00e8me de d\u00e9pistage, une plus forte mobilisation de l\u2019ensemble des acteurs en vue d\u2019une riposte plus efficace. Le CNGE a aussi demand\u00e9 aux responsables des entreprises publiques et priv\u00e9es de privil\u00e9gier le t\u00e9l\u00e9travail et de r\u00e9duire le personnel dans les limites du possible. De la jeunesse qui est fortement touch\u00e9e par cette 3e vague, il est attendu qu\u2019elle se mobilise \u00e0 travers les associations sportives et culturelles et d\u2019autres organisations.<\/p>\n<p>Le professeur Mboup du laboratoire de l\u2019Institut de recherche en sant\u00e9, de surveillance \u00e9pid\u00e9miologique et de formations (IRESSEF) a ainsi renseign\u00e9 que \u00ab\u00a0<em>Toutes les mesures qui avaient \u00e9t\u00e9 prises jusqu\u2019\u00e0 pr\u00e9sent, doivent \u00eatre renforc\u00e9es, parce que nous sommes face \u00e0 un virus beaucoup plus contagieux<\/em>\u00a0\u00bb. A l\u2019en croire, le variant Delta ou variant Indien explique la multiplication des cas de Covid-19 puisque le virus a une vitesse de propagation rapide. \u00ab\u00a0<em>Depuis le d\u00e9but de la pand\u00e9mie, nous avons toujours insist\u00e9 sur la surveillance \u00e9pid\u00e9miologique et la surveillance des variants. Nous avions mis en place une strat\u00e9gie. Cette strat\u00e9gie nous a permis de d\u00e9finir les diff\u00e9rents variants dans les trois vagues qu\u2019on a connues au S\u00e9n\u00e9ga<\/em>l\u00a0\u00bb, a rappel\u00e9 le patron de l\u2019IRESSEF.<\/p>\n<p>\u00ab<em>D\u2019abord,\u00a0durant la premi\u00e8re vague, sur \u00e0 peu pr\u00e8s 300 \u00e9chantillons, nous n\u2019avions pas retrouv\u00e9 de mutations majeures. C\u2019est-\u00e0-dire qu\u2019il n\u2019y avait pas de pr\u00e9occupations<\/em>\u00a0\u00bb, a fait savoir celui-ci.<\/p>\n<p>\u00ab<em>\u00a0Dans la deuxi\u00e8me vague, nous avions s\u00e9quenc\u00e9 600 \u00e9chantillons. Et l\u00e0, nous avions trouv\u00e9 \u00e0 peu pr\u00e8s 40 variants mais les variants dits pr\u00e9occupants, nous en avions surtout des variants Alpha (britannique)\u00a0<\/em>\u00bb, poursuit le professeur qui ne manque pas d\u2019expliquer\u00a0: \u00ab\u00a0<em>ce qui pr\u00e9domine maintenant, c\u2019est le variant Delta qui, dans nos derniers \u00e9chantillons, constitue pratiquement 30% des cas de nouvelles infections. Cela veut dire qu\u2019actuellement, selon nos chiffres, un tiers des nouvelles infections est d\u00fb \u00e0 ce variant Delta<\/em>\u00a0\u00bb.<\/p>\n<p>Toujours est-il que le ministre de la Sant\u00e9 et de l\u2019Action sociale a invit\u00e9 les S\u00e9n\u00e9galais \u00e0 se prot\u00e9ger et \u00e0 aller se vacciner surtout avec la hausse des cas. Mais ce qu\u2019on aurait aim\u00e9 savoir, c\u2019est de quels vaccins il parle au juste\u00a0? Question \u00e0 1 million de francs. Dans un contexte o\u00f9 beaucoup peinent \u00e0 prendre leur seconde dose et que d\u2019autres n\u2019arrivent tout simplement pas \u00e0 trouver le vaccin, difficile de suivre ce conseil. Ce sont, d\u2019apr\u00e8s les chiffres \u00e0 notre disposition, 595 850 personnes seulement qui ont re\u00e7u une dose de vaccin anti-Covid, depuis le lancement, le 23 f\u00e9vrier, de la campagne de vaccination. L\u2019on a aussi appris du ministre que 500\u00a0000 doses sont attendues avant la fin du mois de juillet. Celui-ci a soutenu que l\u2019approvisionnement du pays en quantit\u00e9 suffisante de vaccins va se poursuivre afin que les populations puissent en b\u00e9n\u00e9ficier. Dakar, Thi\u00e8s et Saint- Louis, il y a une rupture totale de vaccins. Ce qui est loin de r\u00e9gler un probl\u00e8me qui n\u2019est toutefois pas simple \u00e0 r\u00e9soudre. Admettons le quand m\u00eame.<\/p>\n<p>D\u00e9risoires ont \u00e9t\u00e9 toutefois les recommandations du gouvernement \u00e0 l\u2019issue du Conseil des ministres du mercredi 14 juillet qui a appel\u00e9 au respect des mesures barri\u00e8res, au recours syst\u00e9matique du port du masque, \u00e0 l\u2019arr\u00eat des grands rassemblements, notamment d\u2019ordre festif et le recours aux soins pr\u00e9coces et \u00e0 la vaccination. Que des redites\u00a0! On croit r\u00eaver, c\u2019est Macky Sall himself, organisateur devant l\u2019\u00e9ternel de plusieurs grands rassemblements \u00e0 Kaffrine, Tambacounda, dans le nord du S\u00e9n\u00e9gal, Thies, Lingu\u00e8re, etc notamment, il y a quelques semaines qui se met \u00e0 prodiguer de tels conseils\u00a0! Dans les bureaux du palais et le salon feutr\u00e9 de sa villa de Mermoz, il doit bien avoir des remords.<\/p>\n<p>Une situation qu\u2019a d\u2018ailleurs saisi au vol le Congr\u00e8s pour la Renaissance d\u00e9mocratique\u00a0 (Crd) pour la d\u00e9plorer. Celle-ci rel\u00e8ve un \u00ab\u00a0<em>comportement totalement irresponsable\u00a0\u00bb dont selon lui, \u00ab\u00a0Macky Sall est la principale cause et le principal responsable de la troisi\u00e8me vague de l\u2019\u00e9pid\u00e9mie de Covid 19 qui a battu tous les records de contamination et qui n\u2019\u00e9pargne plus aucune contr\u00e9e\u00a0\u00bb<\/em>. Abdoul Mbaye et Cie constatent pour le d\u00e9plorer\u00a0<em>\u00ab\u00a0que tous leurs efforts et sacrifices, malgr\u00e9 un syst\u00e8me de sant\u00e9 d\u00e9faillant et une politique sanitaire pour le moins d\u00e9sastreuse, pour contenir la pand\u00e9mie \u00e0 Covid 19, ont \u00e9t\u00e9 an\u00e9antis en quelques jours<\/em>\u00a0\u00bb. Cela, \u00ab\u00a0<em>par la propension politicienne d\u2019un Pr\u00e9sident de la R\u00e9publique totalement irresponsable qui pensait pouvoir profiter d\u2019une telle accalmie pour d\u00e9placer \u00e0 travers le pays des foules m\u00e9caniques, beaucoup de personnes en faisant partie gracieusement, pour se faire valoir une popularit\u00e9 perdue aux yeux de l\u2019opinion nationale et internationale<\/em>\u00a0\u00bb. \u00ab\u00a0<em>Seul avec sa conscience, Macky Sall doit certainement se reconna\u00eetre coupable dans son immense inconscience d\u2019avoir occasionn\u00e9 des contaminations et des pertes en vies humaines \u00e9vitables s\u2019il n\u2019\u00e9tait pas un homme l\u00e9ger, un politicien sans scrupule qui n\u2019a d\u2019\u00e9gard que pour ses int\u00e9r\u00eats, ceux de sa famille et de son clan\u00a0\u00bb, a\u00a0<\/em>laiss\u00e9 m\u00e9diter le Crd.<\/p>\n<p>Sur Twitter, l\u2019ancien Premier ministre ne manque pas de d\u00e9noncer : \u00ab\u00a0Qu\u2019a-t-on donc fait au bon Dieu pour m\u00e9riter \u00e7a ? Apr\u00e8s avoir organis\u00e9 les d\u00e9placements et rassemblements les plus importants depuis trois ans, mettant le S\u00e9n\u00e9gal en campagne pr\u00e9\u00e9lectorale, son gouvernement demande la limitation des d\u00e9placements et rassemblements.\u00a0\u00bb<\/p>\n<p>Des reproches qui valent aussi pour Bougane Gu\u00e8ye Dany qui a \u00e9t\u00e9 organisateur de rassemblements, en \u00e9tant parti sur les traces de Macky Sall.\u00a0 De m\u00eame que les instigateurs de ces rassemblements du 23 juin, le M 2 D, la parti au pouvoir et les alli\u00e9s de la coalition Benno Book Yaakar.<\/p>\n<p>Sur le site du minist\u00e8re de la Sant\u00e9 et de l\u2019Action sociale, l\u2019image du ministre tenant son cauris, pardon d\u2019or, fait rire. Une euphorie d\u2019une distinction qui tranche toutefois avec la situation de laisser-aller et l\u2019appel de celui-ci qui rel\u00e8ve plus du registre de l\u2019impuissance et du d\u00e9sespoir que d\u2019une d\u00e9cision d\u2019autorit\u00e9. \u00ab<em>Nous invitons vivement les transporteurs et chauffeurs de v\u00e9hicules de transport en commun \u00e0 faire respecter strictement le port du masque pour tout passager.<\/em>\u00a0\u00bb Diouf Sarr n\u2019a pas dit que cela. Il a \u00e9galement recommand\u00e9\u00a0 \u00ab\u00a0<em>de recourir pr\u00e9cocement aux soins, d\u2019\u00e9viter tout rassemblement de quelque nature que ce soit\u00a0ainsi que les d\u00e9placements et voyages pendant cette p\u00e9riode de f\u00eate de la tabaski tout en se faisant vacciner pour se prot\u00e9ger de la forme grave de la maladie \u00e0 coronavirus.<\/em>\u00a0\u00bb<\/p>\n<p>Une incitation du bout des l\u00e8vres qui laisse penser \u00e0 une certaine peur de prendre des mesures strictes, suite aux manifestations de mars dernier, que des politiciens avaient fini d\u2019assimiler \u00e0 un ras le bol des populations \u00e9reint\u00e9es par le couvre-feu et l\u2019\u00e9tat d\u2019urgence, pour pouvoir desserrer l\u2019\u00e9tau et calmer le jeu. Qu\u2019est-ce qu\u2019ils ont cette facilit\u00e9 d\u00e9concertante et cette capacit\u00e9 subite \u00e0 se transformer en statisticiens ou sociologues politiques, m\u00eame s\u2019ils ne sont pas des virus dont le propre est de muter ! L\u2019on se rappelle aussi de ces transporteurs qui s\u2019\u00e9taient rebell\u00e9s au cours de manifestations avant que le transport interurbain et ne soit \u00e0 nouveau et rapidement ouvert.<\/p>\n<p>Le pr\u00e9sident Macky Sall s\u2019est voulu mena\u00e7ant ce vendredi 16 juillet en marge du d\u00e9p\u00f4t du rapport de Force Covid-19. Aussi, a-t-il pr\u00e9venu que si les cas augmentent davantage, il ram\u00e8nerait les mesures de restriction prises, il y a quelques mois.\u00a0 \u00ab<em>On ne peut laisser la maladie prendre le dessus et le pays submerg\u00e9, les h\u00f4pitaux d\u00e9pass\u00e9s pour constater, malheureusement des centaines voire des milliers de morts, comme c\u2019est d\u00e9j\u00e0 le cas dans certains pays. Il faut que les gens puissent mesurer la gravit\u00e9 de la situation et qu\u2019ils respectent les recommandations qui leur ont \u00e9t\u00e9 faites. Sinon, si la situation l\u2019impose, nous allons revenir aux mesures que nous avons d\u00e9j\u00e0 connues par le pass\u00e9. J\u2019appelle les populations \u00e0 se prot\u00e9ger. Car la covid, ce n\u2019est pas des blagues. Sinon, si le niveau d'infection arrive \u00e0 un certain niveau, si on doit confiner on le refera. C\u2019est clair. Quand nous avions instaur\u00e9 des restrictions c\u2019\u00e9tait difficile pour tous. Mais si les gens ne veulent pas qu\u2019on en arrive l\u00e0, il faut qu\u2019on se prot\u00e8ge<\/em>\u00bb, a-t-il lanc\u00e9 en marge du d\u00e9p\u00f4t du rapport de Force Covid-19.<\/p>\n<p>Ce qui est fait est d\u00e9j\u00e0 fait, mais Macky Sall oublie s\u00fbrement que lui et ses partisans ont une part de responsabilit\u00e9 dans cette hausse vertigineuse des cas, avec leurs incessants rassemblements, tourn\u00e9es \u00e9conomiques et autres inaugurations dont l\u2019objectif n\u2019\u00e9tait autre que de faire une d\u00e9monstration de force et de popularit\u00e9 apr\u00e8s les \u00e9v\u00e8nements de mars dernier qui l'avaient bien \u00e9chaud\u00e9.<\/p>\n<p>Difficile en tout cas de dire comment en cette veille de f\u00eate \u00a0on va arriver \u00e0 contenir les populations qui ont tomb\u00e9 le masque depuis belle lurette, dans les grands march\u00e9s tels que Sandaga ou Hlm, surtout que ces actes n\u2019\u00e9taient pas du tout r\u00e9flexes. C'est un combat perdu d'avance que de vouloir convaincre les centaines de milliers de personnes devant se rendre dans leurs terroirs d\u2019origine, \u00e0 moins d\u2019une semaine de la f\u00eate. Il est d\u2019autant plus difficile, dans ce contexte de mobilit\u00e9, de veille de f\u00eate, de contr\u00f4ler les mouvements des populations dans un pays o\u00f9 le d\u00e9ni de l\u2019existence du virus et l\u2019\u00e9quation de l\u2019efficacit\u00e9 du vaccin sont les sentiments les mieux partag\u00e9s. A moins d\u2019une sensibilisation tous azimuts et une incitation stricte et obligatoire au port du masque et au respect des mesures barri\u00e8res. Il est impossible de trouver une recette miracle au stade o\u00f9 nous en sommes marqu\u00e9 par le manque de vaccins, le rel\u00e2chement et l\u2019absence de tests de diagnostic rapide. Il ne reste h\u00e9las plus que les recettes habituelles.<\/p>\n<p>Profitant d\u2019une r\u00e9cente visioconf\u00e9rence aux rencontres \u00e9conomiques d\u2019Aix-en-Provence, le chef de l\u2019Etat s\u00e9n\u00e9galais avait reproch\u00e9 aux grandes puissances de ne pas assez aider l\u2019Afrique pour la vaccination contre le Covid-19. Il disait m\u00eame craindre une troisi\u00e8me vague d\u00e9vastatrice. Pourtant, pendant ce temps, le pr\u00e9sident de la R\u00e9publique n\u2019avait cess\u00e9 de poser des actes contradictoires pouvant favoriser la propagation du coronavirus.<\/p>\n<p>\u201c<em>Malgr\u00e9 les efforts sur l\u2019initiative Covax, les grands pays ont pratiqu\u00e9 un nationalisme vaccinal. J\u2019ai \u00e9t\u00e9 surpris d\u2019apprendre qu\u2019aux \u00c9tats-Unis, dans un zoo, ils sont en train de vacciner les animaux, alors que l\u2019humanit\u00e9, pour l\u2019essentiel des pays en d\u00e9veloppement, on est \u00e0 moins 1% de taux de vaccination. Il faut plus de solidarit\u00e9<\/em>\u201d, avait d\u00e9clar\u00e9 celui-ci avant de sonner l\u2019alerte : \u00ab\u00a0<em>Nous avons essay\u00e9 de contenir la propagation, et globalement au S\u00e9n\u00e9gal et un peu en Afrique, si la contamination n\u2019a pas \u00e9t\u00e9 tr\u00e8s grande, ainsi que les cons\u00e9quences en terme de nombre de d\u00e9c\u00e8s, il n\u2019en reste pas moins que cette derni\u00e8re pouss\u00e9e \u00e9pid\u00e9mique qui correspond \u00e0 ce que l\u2019on appelle la troisi\u00e8me vague, risque d\u2019\u00eatre difficile pour l\u2019Afrique<\/em>.\u00a0\u00bb Il ajoutait ainsi : \u00ab\u00a0<em>Les gens sont un peu fatigu\u00e9s et c\u2019est cela le risque. En plus, l\u2019Afrique ne s\u2019est pas vaccin\u00e9e.<\/em>\u00a0\u00bb<\/p>\n<p>L\u2019exp\u00e9rience a pourtant montr\u00e9 que les \u00ab<em>grands pays<\/em>\u00bb que Macky Sall a accus\u00e9 de faire du \u00ab<em>nationalisme vaccinal<\/em>\u00bb ont attendu de vacciner une bonne partie de leurs populations avant de lever certaines restrictions. Et pas toutes, d\u2019ailleurs. Or, il se trouve que des vaccins, nous n\u2019en disposons pas assez. Rappelons tout de m\u00eame que l\u2019\u00e9tat d\u2019urgence a \u00e9t\u00e9 instaur\u00e9 entre mars 2020 et mars 2021 en deux temps\u00a0: un 1<sup>er<\/sup> d\u00e9cr\u00e9t\u00e9 entre mars et juin 2020 sur toute l\u2019\u00e9tendue de territoire national, avant d\u2019\u00eatre reconduit, pour les r\u00e9gions de Dakar et Thi\u00e8s, entre janvier et mars 2021, mais sans grand succ\u00e8s. Mais depuis lors, cela a \u00e9t\u00e9 le rel\u00e2chement. Une sorte de fin de la pand\u00e9mie d\u00e9cr\u00e9t\u00e9e \u00e0 travers les actes pos\u00e9s par les populations dans leur quotidien, sous le regard indiff\u00e9rent des autorit\u00e9s. Avec cette r\u00e9cente sortie de vendredi, le pr\u00e9sident a repris les m\u00eames m\u00e9thodes, esp\u00e9rant de meilleurs r\u00e9sultats, faisant dans la menace, tout en laissant l\u2019option de \u00ab laisser l\u2019activit\u00e9 continuer \u00bb.\u00a0 \u00a0Mais lorsqu'on ne fait pas ce qu'il faut, on ne doit s'en prendre qu'\u00e0 soi-m\u00eame.<\/p>\n<div class='share-to-whatsapp-wrapper'><div class='share-on-whsp'>PARTAGER SUR : <\/div><a data-text='COUP DE PILON - Dr\u00f4le de prix\u00a0!' data-link='https:\/\/www.nettali.com\/2021\/07\/17\/coup-de-pilon-drole-de-prix\/' class='whatsapp-button whatsapp-share'>WhatsApp<\/a><div class='clear '><\/div><\/div>","protected":false},"excerpt":{"rendered":"<p>NETTALI.COM - Cauris d\u2019or 2021, le prix de l\u2019excellence a \u00e9t\u00e9 attribu\u00e9 \u00e0 Abdoulaye Diouf Sarr. Pourquoi au juste, devrait-on se demander ? Pour l\u2019excellence de la riposte ? Pour son engagement sans bornes \u00a0? Difficile de savoir ce qui est r\u00e9compens\u00e9. Une distinction qui tombe bien mal au moment o\u00f9 le nombre de cas [&hellip;]<\/p>\n","protected":false},"author":2,"featured_media":68124,"comment_status":"open","ping_status":"open","sticky":false,"template":"","format":"standard","meta":{"_et_pb_use_builder":"","_et_pb_old_content":""},"categories":[34932],"tags":[],"yoast_head":"<!-- This site is optimized with the Yoast SEO Premium plugin v17.8 (Yoast SEO v17.8) - https:\/\/yoast.com\/wordpress\/plugins\/seo\/ -->\n<title>COUP DE PILON - Dr\u00f4le de prix\u00a0! | Nettali.com<\/title>\n<meta name=\"robots\" content=\"index, follow, max-snippet:-1, max-image-preview:large, max-video-preview:-1\" \/>\n<link rel=\"canonical\" href=\"https:\/\/www.nettali.com\/2021\/07\/17\/coup-de-pilon-drole-de-prix\/\" \/>\n<meta property=\"og:locale\" content=\"fr_FR\" \/>\n<meta property=\"og:type\" content=\"article\" \/>\n<meta property=\"og:title\" content=\"COUP DE PILON - Dr\u00f4le de prix\u00a0!\" \/>\n<meta property=\"og:description\" content=\"NETTALI.COM - Cauris d\u2019or 2021, le prix de l\u2019excellence a \u00e9t\u00e9 attribu\u00e9 \u00e0 Abdoulaye Diouf Sarr. Pourquoi au juste, devrait-on se demander ? Pour l\u2019excellence de la riposte ? Pour son engagement sans bornes \u00a0? Difficile de savoir ce qui est r\u00e9compens\u00e9. Une distinction qui tombe bien mal au moment o\u00f9 le nombre de cas [&hellip;]\" \/>\n<meta property=\"og:url\" content=\"https:\/\/www.nettali.com\/2021\/07\/17\/coup-de-pilon-drole-de-prix\/\" \/>\n<meta property=\"og:site_name\" content=\"Nettali.com\" \/>\n<meta property=\"article:publisher\" content=\"https:\/\/www.facebook.com\/nettalicom\" \/>\n<meta property=\"article:published_time\" content=\"2021-07-17T09:00:06+00:00\" \/>\n<meta property=\"article:modified_time\" content=\"2021-07-19T12:30:32+00:00\" \/>\n<meta property=\"og:image\" content=\"https:\/\/www.nettali.com\/wp-content\/uploads\/2021\/07\/macky-diouf-sarr-bougane.jpg\" \/>\n\t<meta property=\"og:image:width\" content=\"1280\" \/>\n\t<meta property=\"og:image:height\" content=\"600\" \/>\n<meta name=\"twitter:card\" content=\"summary_large_image\" \/>\n<meta name=\"twitter:label1\" content=\"\u00c9crit par\" \/>\n\t<meta name=\"twitter:data1\" content=\"CK\" \/>\n\t<meta name=\"twitter:label2\" content=\"Dur\u00e9e de lecture estim\u00e9e\" \/>\n\t<meta name=\"twitter:data2\" content=\"10 minutes\" \/>\n<script type=\"application\/ld+json\" class=\"yoast-schema-graph\">{\"@context\":\"https:\/\/schema.org\",\"@graph\":[{\"@type\":\"WebSite\",\"@id\":\"https:\/\/www.nettali.com\/#website\",\"url\":\"https:\/\/www.nettali.com\/\",\"name\":\"Nettali.com\",\"description\":\"Le rendez-vous critique du Net\",\"potentialAction\":[{\"@type\":\"SearchAction\",\"target\":{\"@type\":\"EntryPoint\",\"urlTemplate\":\"https:\/\/www.nettali.com\/?s={search_term_string}\"},\"query-input\":\"required name=search_term_string\"}],\"inLanguage\":\"fr-FR\"},{\"@type\":\"ImageObject\",\"@id\":\"https:\/\/www.nettali.com\/2021\/07\/17\/coup-de-pilon-drole-de-prix\/#primaryimage\",\"inLanguage\":\"fr-FR\",\"url\":\"https:\/\/www.nettali.com\/wp-content\/uploads\/2021\/07\/macky-diouf-sarr-bougane.jpg\",\"contentUrl\":\"https:\/\/www.nettali.com\/wp-content\/uploads\/2021\/07\/macky-diouf-sarr-bougane.jpg\",\"width\":1280,\"height\":600},{\"@type\":\"WebPage\",\"@id\":\"https:\/\/www.nettali.com\/2021\/07\/17\/coup-de-pilon-drole-de-prix\/#webpage\",\"url\":\"https:\/\/www.nettali.com\/2021\/07\/17\/coup-de-pilon-drole-de-prix\/\",\"name\":\"COUP DE PILON - Dr\\u00f4le de prix\\u00a0! | Nettali.com\",\"isPartOf\":{\"@id\":\"https:\/\/www.nettali.com\/#website\"},\"primaryImageOfPage\":{\"@id\":\"https:\/\/www.nettali.com\/2021\/07\/17\/coup-de-pilon-drole-de-prix\/#primaryimage\"},\"datePublished\":\"2021-07-17T09:00:06+00:00\",\"dateModified\":\"2021-07-19T12:30:32+00:00\",\"author\":{\"@id\":\"https:\/\/www.nettali.com\/#\/schema\/person\/d8ac7b7e27ddad43f1c0d2ef090d7f71\"},\"breadcrumb\":{\"@id\":\"https:\/\/www.nettali.com\/2021\/07\/17\/coup-de-pilon-drole-de-prix\/#breadcrumb\"},\"inLanguage\":\"fr-FR\",\"potentialAction\":[{\"@type\":\"ReadAction\",\"target\":[\"https:\/\/www.nettali.com\/2021\/07\/17\/coup-de-pilon-drole-de-prix\/\"]}]},{\"@type\":\"BreadcrumbList\",\"@id\":\"https:\/\/www.nettali.com\/2021\/07\/17\/coup-de-pilon-drole-de-prix\/#breadcrumb\",\"itemListElement\":[{\"@type\":\"ListItem\",\"position\":1,\"name\":\"Accueil\",\"item\":\"https:\/\/www.nettali.com\/\"},{\"@type\":\"ListItem\",\"position\":2,\"name\":\"COUP DE PILON &#8211; Dr\\u00f4le de prix\\u00a0!\"}]},{\"@type\":\"Person\",\"@id\":\"https:\/\/www.nettali.com\/#\/schema\/person\/d8ac7b7e27ddad43f1c0d2ef090d7f71\",\"name\":\"CK\",\"image\":{\"@type\":\"ImageObject\",\"@id\":\"https:\/\/www.nettali.com\/#personlogo\",\"inLanguage\":\"fr-FR\",\"url\":\"https:\/\/secure.gravatar.com\/avatar\/1d8d5118b9327d94da7cd4ce7f17fec2?s=96&d=mm&r=g\",\"contentUrl\":\"https:\/\/secure.gravatar.com\/avatar\/1d8d5118b9327d94da7cd4ce7f17fec2?s=96&d=mm&r=g\",\"caption\":\"CK\"},\"sameAs\":[\"https:\/\/www.nettali.com\"]}]}<\/script>\n<!-- \/ Yoast SEO Premium plugin. -->","yoast_head_json":{"title":"COUP DE PILON - Dr\u00f4le de prix\u00a0! | Nettali.com","robots":{"index":"index","follow":"follow","max-snippet":"max-snippet:-1","max-image-preview":"max-image-preview:large","max-video-preview":"max-video-preview:-1"},"canonical":"https:\/\/www.nettali.com\/2021\/07\/17\/coup-de-pilon-drole-de-prix\/","og_locale":"fr_FR","og_type":"article","og_title":"COUP DE PILON - Dr\u00f4le de prix\u00a0!","og_description":"NETTALI.COM - Cauris d\u2019or 2021, le prix de l\u2019excellence a \u00e9t\u00e9 attribu\u00e9 \u00e0 Abdoulaye Diouf Sarr. Pourquoi au juste, devrait-on se demander ? Pour l\u2019excellence de la riposte ? Pour son engagement sans bornes \u00a0? Difficile de savoir ce qui est r\u00e9compens\u00e9. Une distinction qui tombe bien mal au moment o\u00f9 le nombre de cas [&hellip;]","og_url":"https:\/\/www.nettali.com\/2021\/07\/17\/coup-de-pilon-drole-de-prix\/","og_site_name":"Nettali.com","article_publisher":"https:\/\/www.facebook.com\/nettalicom","article_published_time":"2021-07-17T09:00:06+00:00","article_modified_time":"2021-07-19T12:30:32+00:00","og_image":[{"width":1280,"height":600,"url":"https:\/\/www.nettali.com\/wp-content\/uploads\/2021\/07\/macky-diouf-sarr-bougane.jpg","type":"image\/jpeg"}],"twitter_card":"summary_large_image","twitter_misc":{"\u00c9crit par":"CK","Dur\u00e9e de lecture estim\u00e9e":"10 minutes"},"schema":{"@context":"https:\/\/schema.org","@graph":[{"@type":"WebSite","@id":"https:\/\/www.nettali.com\/#website","url":"https:\/\/www.nettali.com\/","name":"Nettali.com","description":"Le rendez-vous critique du Net","potentialAction":[{"@type":"SearchAction","target":{"@type":"EntryPoint","urlTemplate":"https:\/\/www.nettali.com\/?s={search_term_string}"},"query-input":"required name=search_term_string"}],"inLanguage":"fr-FR"},{"@type":"ImageObject","@id":"https:\/\/www.nettali.com\/2021\/07\/17\/coup-de-pilon-drole-de-prix\/#primaryimage","inLanguage":"fr-FR","url":"https:\/\/www.nettali.com\/wp-content\/uploads\/2021\/07\/macky-diouf-sarr-bougane.jpg","contentUrl":"https:\/\/www.nettali.com\/wp-content\/uploads\/2021\/07\/macky-diouf-sarr-bougane.jpg","width":1280,"height":600},{"@type":"WebPage","@id":"https:\/\/www.nettali.com\/2021\/07\/17\/coup-de-pilon-drole-de-prix\/#webpage","url":"https:\/\/www.nettali.com\/2021\/07\/17\/coup-de-pilon-drole-de-prix\/","name":"COUP DE PILON - Dr\u00f4le de prix\u00a0! | Nettali.com","isPartOf":{"@id":"https:\/\/www.nettali.com\/#website"},"primaryImageOfPage":{"@id":"https:\/\/www.nettali.com\/2021\/07\/17\/coup-de-pilon-drole-de-prix\/#primaryimage"},"datePublished":"2021-07-17T09:00:06+00:00","dateModified":"2021-07-19T12:30:32+00:00","author":{"@id":"https:\/\/www.nettali.com\/#\/schema\/person\/d8ac7b7e27ddad43f1c0d2ef090d7f71"},"breadcrumb":{"@id":"https:\/\/www.nettali.com\/2021\/07\/17\/coup-de-pilon-drole-de-prix\/#breadcrumb"},"inLanguage":"fr-FR","potentialAction":[{"@type":"ReadAction","target":["https:\/\/www.nettali.com\/2021\/07\/17\/coup-de-pilon-drole-de-prix\/"]}]},{"@type":"BreadcrumbList","@id":"https:\/\/www.nettali.com\/2021\/07\/17\/coup-de-pilon-drole-de-prix\/#breadcrumb","itemListElement":[{"@type":"ListItem","position":1,"name":"Accueil","item":"https:\/\/www.nettali.com\/"},{"@type":"ListItem","position":2,"name":"COUP DE PILON &#8211; Dr\u00f4le de prix\u00a0!"}]},{"@type":"Person","@id":"https:\/\/www.nettali.com\/#\/schema\/person\/d8ac7b7e27ddad43f1c0d2ef090d7f71","name":"CK","image":{"@type":"ImageObject","@id":"https:\/\/www.nettali.com\/#personlogo","inLanguage":"fr-FR","url":"https:\/\/secure.gravatar.com\/avatar\/1d8d5118b9327d94da7cd4ce7f17fec2?s=96&d=mm&r=g","contentUrl":"https:\/\/secure.gravatar.com\/avatar\/1d8d5118b9327d94da7cd4ce7f17fec2?s=96&d=mm&r=g","caption":"CK"},"sameAs":["https:\/\/www.nettali.com"]}]}},"_links":{"self":[{"href":"https:\/\/www.nettali.com\/rest\/wp\/v2\/posts\/68125"}],"collection":[{"href":"https:\/\/www.nettali.com\/rest\/wp\/v2\/posts"}],"about":[{"href":"https:\/\/www.nettali.com\/rest\/wp\/v2\/types\/post"}],"author":[{"embeddable":true,"href":"https:\/\/www.nettali.com\/rest\/wp\/v2\/users\/2"}],"replies":[{"embeddable":true,"href":"https:\/\/www.nettali.com\/rest\/wp\/v2\/comments?post=68125"}],"version-history":[{"count":4,"href":"https:\/\/www.nettali.com\/rest\/wp\/v2\/posts\/68125\/revisions"}],"predecessor-version":[{"id":68170,"href":"https:\/\/www.nettali.com\/rest\/wp\/v2\/posts\/68125\/revisions\/68170"}],"wp:featuredmedia":[{"embeddable":true,"href":"https:\/\/www.nettali.com\/rest\/wp\/v2\/media\/68124"}],"wp:attachment":[{"href":"https:\/\/www.nettali.com\/rest\/wp\/v2\/media?parent=68125"}],"wp:term":[{"taxonomy":"category","embeddable":true,"href":"https:\/\/www.nettali.com\/rest\/wp\/v2\/categories?post=68125"},{"taxonomy":"post_tag","embeddable":true,"href":"https:\/\/www.nettali.com\/rest\/wp\/v2\/tags?post=68125"}],"curies":[{"name":"wp","href":"https:\/\/api.w.org\/{rel}","templated":true}]}}