{"id":68045,"date":"2021-07-15T15:13:45","date_gmt":"2021-07-15T15:13:45","guid":{"rendered":"https:\/\/www.nettali.com\/?p=68045"},"modified":"2021-07-16T08:44:15","modified_gmt":"2021-07-16T08:44:15","slug":"scene-de-vandalisme-au-cem-de-hann-lindignation-des-enseignants","status":"publish","type":"post","link":"https:\/\/www.nettali.com\/2021\/07\/15\/scene-de-vandalisme-au-cem-de-hann-lindignation-des-enseignants\/","title":{"rendered":"SC\u00c8NE DE VANDALISME AU CEM DE HANN- L\u2019indignation des enseignants"},"content":{"rendered":"<p><strong>NETTALI.COM- C'est l'indignation chez les enseignants du Cem de Hann ,suite aux actes de vandalisme commis par les \u00e9l\u00e8ves.\u00a0<\/strong><\/p>\n<p>Les images sont vilaines \u00e0 voir. Des \u00e9l\u00e8ves du Cem de Hann ont sem\u00e9 le d\u00e9sordre dans leur \u00e9tablissement en renversant les tables-bancs, en d\u00e9chirant et pi\u00e9tinant leurs blouses. L\u2019Union nationale des associations de parents d\u2019\u00e9l\u00e8ves du S\u00e9n\u00e9gal d\u00e9plore ces actes. \u00ab <em>C\u2019est d\u00e9plorable et nous ne pouvons pas comprendre que des \u00e9l\u00e8ves de ce niveau, de cet \u00e2ge, font ces choses-l\u00e0. Nous le d\u00e9plorons. Nous sommes indign\u00e9s et nous ne pouvons pas comprendre que des \u00e9l\u00e8ves aillent jusqu\u2019\u00e0 d\u00e9truire leurs propres biens, leurs copies<\/em> \u00bb, a d\u00e9clar\u00e9 Abdoulaye Fan\u00e9 secr\u00e9taire g\u00e9n\u00e9ral de ladite organisation.<\/p>\n<p>Pour sa part, le Cusems dit ne pas \u00eatre surpris et accuse le minist\u00e8re de l\u2019Education nationale comme \u00e9tant le responsable de ces faits. \u00ab <em>Dans le Cabrousse des enseignants ont \u00e9t\u00e9 violent\u00e9s et l\u2019autorit\u00e9 n\u2019a pris aucune sanction. Au contraire, on a cherch\u00e9 \u00e0 r\u00e9habiliter les \u00e9l\u00e8ves et \u00e0 discr\u00e9diter les enseignants. Il est clair que les gens feront autre chose. Nous sommes en train de vivre les cons\u00e9quences de l\u2019impunit\u00e9 et nous le disons \u00e0 haute et intelligible voix, le Cusems accuse le ministre de l\u2019Education nationale. Parce que ce sont les autorit\u00e9s qui doivent assumer leur responsabilit\u00e9 et de sanctionner les coupables La violence n\u2019a pas sa place dans l\u2019espace scolaire<\/em> \u00bb, a fait savoir Abdoulaye Ndoye secr\u00e9taire g\u00e9n\u00e9ral du Cusems.<\/p>\n<div class='share-to-whatsapp-wrapper'><div class='share-on-whsp'>PARTAGER SUR : <\/div><a data-text='SC\u00c8NE DE VANDALISME AU CEM DE HANN- L\u2019indignation des enseignants' data-link='https:\/\/www.nettali.com\/2021\/07\/15\/scene-de-vandalisme-au-cem-de-hann-lindignation-des-enseignants\/' class='whatsapp-button whatsapp-share'>WhatsApp<\/a><div class='clear '><\/div><\/div>","protected":false},"excerpt":{"rendered":"<p>NETTALI.COM- C'est l'indignation chez les enseignants du Cem de Hann ,suite aux actes de vandalisme commis par les \u00e9l\u00e8ves.\u00a0 Les images sont vilaines \u00e0 voir. Des \u00e9l\u00e8ves du Cem de Hann ont sem\u00e9 le d\u00e9sordre dans leur \u00e9tablissement en renversant les tables-bancs, en d\u00e9chirant et pi\u00e9tinant leurs blouses. L\u2019Union nationale des associations de parents d\u2019\u00e9l\u00e8ves [&hellip;]<\/p>\n","protected":false},"author":6,"featured_media":68046,"comment_status":"open","ping_status":"open","sticky":false,"template":"","format":"standard","meta":{"_et_pb_use_builder":"","_et_pb_old_content":""},"categories":[3878,3],"tags":[],"yoast_head":"<!-- This site is optimized with the Yoast SEO Premium plugin v17.8 (Yoast SEO v17.8) - https:\/\/yoast.com\/wordpress\/plugins\/seo\/ -->\n<title>SC\u00c8NE DE VANDALISME AU CEM DE HANN- L\u2019indignation des enseignants | Nettali.com<\/title>\n<meta name=\"robots\" content=\"index, follow, max-snippet:-1, max-image-preview:large, max-video-preview:-1\" \/>\n<link rel=\"canonical\" href=\"https:\/\/www.nettali.com\/2021\/07\/15\/scene-de-vandalisme-au-cem-de-hann-lindignation-des-enseignants\/\" \/>\n<meta property=\"og:locale\" content=\"fr_FR\" \/>\n<meta property=\"og:type\" content=\"article\" \/>\n<meta property=\"og:title\" content=\"SC\u00c8NE DE VANDALISME AU CEM DE HANN- L\u2019indignation des enseignants\" \/>\n<meta property=\"og:description\" content=\"NETTALI.COM- C&#039;est l&#039;indignation chez les enseignants du Cem de Hann ,suite aux actes de vandalisme commis par les \u00e9l\u00e8ves.\u00a0 Les images sont vilaines \u00e0 voir. Des \u00e9l\u00e8ves du Cem de Hann ont sem\u00e9 le d\u00e9sordre dans leur \u00e9tablissement en renversant les tables-bancs, en d\u00e9chirant et pi\u00e9tinant leurs blouses. L\u2019Union nationale des associations de parents d\u2019\u00e9l\u00e8ves [&hellip;]\" \/>\n<meta property=\"og:url\" content=\"https:\/\/www.nettali.com\/2021\/07\/15\/scene-de-vandalisme-au-cem-de-hann-lindignation-des-enseignants\/\" \/>\n<meta property=\"og:site_name\" content=\"Nettali.com\" \/>\n<meta property=\"article:publisher\" content=\"https:\/\/www.facebook.com\/nettalicom\" \/>\n<meta property=\"article:published_time\" content=\"2021-07-15T15:13:45+00:00\" \/>\n<meta property=\"article:modified_time\" content=\"2021-07-16T08:44:15+00:00\" \/>\n<meta property=\"og:image\" content=\"https:\/\/www.nettali.com\/wp-content\/uploads\/2021\/07\/telechargement.jpeg\" \/>\n\t<meta property=\"og:image:width\" content=\"299\" \/>\n\t<meta property=\"og:image:height\" content=\"168\" \/>\n<meta name=\"twitter:card\" content=\"summary_large_image\" \/>\n<meta name=\"twitter:label1\" content=\"\u00c9crit par\" \/>\n\t<meta name=\"twitter:data1\" content=\"Fatou\" \/>\n\t<meta name=\"twitter:label2\" content=\"Dur\u00e9e de lecture estim\u00e9e\" \/>\n\t<meta name=\"twitter:data2\" content=\"2 minutes\" \/>\n<script type=\"application\/ld+json\" class=\"yoast-schema-graph\">{\"@context\":\"https:\/\/schema.org\",\"@graph\":[{\"@type\":\"WebSite\",\"@id\":\"https:\/\/www.nettali.com\/#website\",\"url\":\"https:\/\/www.nettali.com\/\",\"name\":\"Nettali.com\",\"description\":\"Le rendez-vous critique du Net\",\"potentialAction\":[{\"@type\":\"SearchAction\",\"target\":{\"@type\":\"EntryPoint\",\"urlTemplate\":\"https:\/\/www.nettali.com\/?s={search_term_string}\"},\"query-input\":\"required name=search_term_string\"}],\"inLanguage\":\"fr-FR\"},{\"@type\":\"ImageObject\",\"@id\":\"https:\/\/www.nettali.com\/2021\/07\/15\/scene-de-vandalisme-au-cem-de-hann-lindignation-des-enseignants\/#primaryimage\",\"inLanguage\":\"fr-FR\",\"url\":\"https:\/\/www.nettali.com\/wp-content\/uploads\/2021\/07\/telechargement.jpeg\",\"contentUrl\":\"https:\/\/www.nettali.com\/wp-content\/uploads\/2021\/07\/telechargement.jpeg\",\"width\":299,\"height\":168},{\"@type\":\"WebPage\",\"@id\":\"https:\/\/www.nettali.com\/2021\/07\/15\/scene-de-vandalisme-au-cem-de-hann-lindignation-des-enseignants\/#webpage\",\"url\":\"https:\/\/www.nettali.com\/2021\/07\/15\/scene-de-vandalisme-au-cem-de-hann-lindignation-des-enseignants\/\",\"name\":\"SC\\u00c8NE DE VANDALISME AU CEM DE HANN- L\\u2019indignation des enseignants | Nettali.com\",\"isPartOf\":{\"@id\":\"https:\/\/www.nettali.com\/#website\"},\"primaryImageOfPage\":{\"@id\":\"https:\/\/www.nettali.com\/2021\/07\/15\/scene-de-vandalisme-au-cem-de-hann-lindignation-des-enseignants\/#primaryimage\"},\"datePublished\":\"2021-07-15T15:13:45+00:00\",\"dateModified\":\"2021-07-16T08:44:15+00:00\",\"author\":{\"@id\":\"https:\/\/www.nettali.com\/#\/schema\/person\/418274a86bdf87caff7a3ef476bd0bbf\"},\"breadcrumb\":{\"@id\":\"https:\/\/www.nettali.com\/2021\/07\/15\/scene-de-vandalisme-au-cem-de-hann-lindignation-des-enseignants\/#breadcrumb\"},\"inLanguage\":\"fr-FR\",\"potentialAction\":[{\"@type\":\"ReadAction\",\"target\":[\"https:\/\/www.nettali.com\/2021\/07\/15\/scene-de-vandalisme-au-cem-de-hann-lindignation-des-enseignants\/\"]}]},{\"@type\":\"BreadcrumbList\",\"@id\":\"https:\/\/www.nettali.com\/2021\/07\/15\/scene-de-vandalisme-au-cem-de-hann-lindignation-des-enseignants\/#breadcrumb\",\"itemListElement\":[{\"@type\":\"ListItem\",\"position\":1,\"name\":\"Accueil\",\"item\":\"https:\/\/www.nettali.com\/\"},{\"@type\":\"ListItem\",\"position\":2,\"name\":\"SC\\u00c8NE DE VANDALISME AU CEM DE HANN- L\\u2019indignation des enseignants\"}]},{\"@type\":\"Person\",\"@id\":\"https:\/\/www.nettali.com\/#\/schema\/person\/418274a86bdf87caff7a3ef476bd0bbf\",\"name\":\"Fatou\",\"image\":{\"@type\":\"ImageObject\",\"@id\":\"https:\/\/www.nettali.com\/#personlogo\",\"inLanguage\":\"fr-FR\",\"url\":\"https:\/\/secure.gravatar.com\/avatar\/5a9442a2bee7b4dcf167cab035858e9a?s=96&d=mm&r=g\",\"contentUrl\":\"https:\/\/secure.gravatar.com\/avatar\/5a9442a2bee7b4dcf167cab035858e9a?s=96&d=mm&r=g\",\"caption\":\"Fatou\"},\"sameAs\":[\"https:\/\/www.nettali.com\"]}]}<\/script>\n<!-- \/ Yoast SEO Premium plugin. -->","yoast_head_json":{"title":"SC\u00c8NE DE VANDALISME AU CEM DE HANN- L\u2019indignation des enseignants | Nettali.com","robots":{"index":"index","follow":"follow","max-snippet":"max-snippet:-1","max-image-preview":"max-image-preview:large","max-video-preview":"max-video-preview:-1"},"canonical":"https:\/\/www.nettali.com\/2021\/07\/15\/scene-de-vandalisme-au-cem-de-hann-lindignation-des-enseignants\/","og_locale":"fr_FR","og_type":"article","og_title":"SC\u00c8NE DE VANDALISME AU CEM DE HANN- L\u2019indignation des enseignants","og_description":"NETTALI.COM- C'est l'indignation chez les enseignants du Cem de Hann ,suite aux actes de vandalisme commis par les \u00e9l\u00e8ves.\u00a0 Les images sont vilaines \u00e0 voir. Des \u00e9l\u00e8ves du Cem de Hann ont sem\u00e9 le d\u00e9sordre dans leur \u00e9tablissement en renversant les tables-bancs, en d\u00e9chirant et pi\u00e9tinant leurs blouses. L\u2019Union nationale des associations de parents d\u2019\u00e9l\u00e8ves [&hellip;]","og_url":"https:\/\/www.nettali.com\/2021\/07\/15\/scene-de-vandalisme-au-cem-de-hann-lindignation-des-enseignants\/","og_site_name":"Nettali.com","article_publisher":"https:\/\/www.facebook.com\/nettalicom","article_published_time":"2021-07-15T15:13:45+00:00","article_modified_time":"2021-07-16T08:44:15+00:00","og_image":[{"width":299,"height":168,"url":"https:\/\/www.nettali.com\/wp-content\/uploads\/2021\/07\/telechargement.jpeg","type":"image\/jpeg"}],"twitter_card":"summary_large_image","twitter_misc":{"\u00c9crit par":"Fatou","Dur\u00e9e de lecture estim\u00e9e":"2 minutes"},"schema":{"@context":"https:\/\/schema.org","@graph":[{"@type":"WebSite","@id":"https:\/\/www.nettali.com\/#website","url":"https:\/\/www.nettali.com\/","name":"Nettali.com","description":"Le rendez-vous critique du Net","potentialAction":[{"@type":"SearchAction","target":{"@type":"EntryPoint","urlTemplate":"https:\/\/www.nettali.com\/?s={search_term_string}"},"query-input":"required name=search_term_string"}],"inLanguage":"fr-FR"},{"@type":"ImageObject","@id":"https:\/\/www.nettali.com\/2021\/07\/15\/scene-de-vandalisme-au-cem-de-hann-lindignation-des-enseignants\/#primaryimage","inLanguage":"fr-FR","url":"https:\/\/www.nettali.com\/wp-content\/uploads\/2021\/07\/telechargement.jpeg","contentUrl":"https:\/\/www.nettali.com\/wp-content\/uploads\/2021\/07\/telechargement.jpeg","width":299,"height":168},{"@type":"WebPage","@id":"https:\/\/www.nettali.com\/2021\/07\/15\/scene-de-vandalisme-au-cem-de-hann-lindignation-des-enseignants\/#webpage","url":"https:\/\/www.nettali.com\/2021\/07\/15\/scene-de-vandalisme-au-cem-de-hann-lindignation-des-enseignants\/","name":"SC\u00c8NE DE VANDALISME AU CEM DE HANN- L\u2019indignation des enseignants | Nettali.com","isPartOf":{"@id":"https:\/\/www.nettali.com\/#website"},"primaryImageOfPage":{"@id":"https:\/\/www.nettali.com\/2021\/07\/15\/scene-de-vandalisme-au-cem-de-hann-lindignation-des-enseignants\/#primaryimage"},"datePublished":"2021-07-15T15:13:45+00:00","dateModified":"2021-07-16T08:44:15+00:00","author":{"@id":"https:\/\/www.nettali.com\/#\/schema\/person\/418274a86bdf87caff7a3ef476bd0bbf"},"breadcrumb":{"@id":"https:\/\/www.nettali.com\/2021\/07\/15\/scene-de-vandalisme-au-cem-de-hann-lindignation-des-enseignants\/#breadcrumb"},"inLanguage":"fr-FR","potentialAction":[{"@type":"ReadAction","target":["https:\/\/www.nettali.com\/2021\/07\/15\/scene-de-vandalisme-au-cem-de-hann-lindignation-des-enseignants\/"]}]},{"@type":"BreadcrumbList","@id":"https:\/\/www.nettali.com\/2021\/07\/15\/scene-de-vandalisme-au-cem-de-hann-lindignation-des-enseignants\/#breadcrumb","itemListElement":[{"@type":"ListItem","position":1,"name":"Accueil","item":"https:\/\/www.nettali.com\/"},{"@type":"ListItem","position":2,"name":"SC\u00c8NE DE VANDALISME AU CEM DE HANN- L\u2019indignation des enseignants"}]},{"@type":"Person","@id":"https:\/\/www.nettali.com\/#\/schema\/person\/418274a86bdf87caff7a3ef476bd0bbf","name":"Fatou","image":{"@type":"ImageObject","@id":"https:\/\/www.nettali.com\/#personlogo","inLanguage":"fr-FR","url":"https:\/\/secure.gravatar.com\/avatar\/5a9442a2bee7b4dcf167cab035858e9a?s=96&d=mm&r=g","contentUrl":"https:\/\/secure.gravatar.com\/avatar\/5a9442a2bee7b4dcf167cab035858e9a?s=96&d=mm&r=g","caption":"Fatou"},"sameAs":["https:\/\/www.nettali.com"]}]}},"_links":{"self":[{"href":"https:\/\/www.nettali.com\/rest\/wp\/v2\/posts\/68045"}],"collection":[{"href":"https:\/\/www.nettali.com\/rest\/wp\/v2\/posts"}],"about":[{"href":"https:\/\/www.nettali.com\/rest\/wp\/v2\/types\/post"}],"author":[{"embeddable":true,"href":"https:\/\/www.nettali.com\/rest\/wp\/v2\/users\/6"}],"replies":[{"embeddable":true,"href":"https:\/\/www.nettali.com\/rest\/wp\/v2\/comments?post=68045"}],"version-history":[{"count":3,"href":"https:\/\/www.nettali.com\/rest\/wp\/v2\/posts\/68045\/revisions"}],"predecessor-version":[{"id":68049,"href":"https:\/\/www.nettali.com\/rest\/wp\/v2\/posts\/68045\/revisions\/68049"}],"wp:featuredmedia":[{"embeddable":true,"href":"https:\/\/www.nettali.com\/rest\/wp\/v2\/media\/68046"}],"wp:attachment":[{"href":"https:\/\/www.nettali.com\/rest\/wp\/v2\/media?parent=68045"}],"wp:term":[{"taxonomy":"category","embeddable":true,"href":"https:\/\/www.nettali.com\/rest\/wp\/v2\/categories?post=68045"},{"taxonomy":"post_tag","embeddable":true,"href":"https:\/\/www.nettali.com\/rest\/wp\/v2\/tags?post=68045"}],"curies":[{"name":"wp","href":"https:\/\/api.w.org\/{rel}","templated":true}]}}