{"id":68040,"date":"2021-07-15T14:24:40","date_gmt":"2021-07-15T14:24:40","guid":{"rendered":"https:\/\/www.nettali.com\/?p=68040"},"modified":"2021-07-15T17:54:10","modified_gmt":"2021-07-15T17:54:10","slug":"3e-vague-que-va-dire-diouf-sarr-ce-jeudi","status":"publish","type":"post","link":"https:\/\/www.nettali.com\/2021\/07\/15\/3e-vague-que-va-dire-diouf-sarr-ce-jeudi\/","title":{"rendered":"3e VAGUE - Que va dire Diouf Sarr, ce jeudi ?"},"content":{"rendered":"<p><strong>NETTALI.COM \u2013 Comme annonc\u00e9 hier, en Conseil des ministres, par le chef de l\u2019Etat, l\u2019Etat va prendre des mesures draconiennes, pour tenter de stopper l\u2019avanc\u00e9e de la 3<sup>e<\/sup> vague de Coronavirus. Ainsi, une importante d\u00e9claration du ministre de la Sant\u00e9 et de l\u2019Action sociale, Abdoulaye Diouf Sarr, est attendue ce jeudi, 15 juillet.<\/strong><\/p>\n<p>Le gouvernement s\u2019appr\u00eate \u00e0 faire adopter de nouvelles mesures pour contrer l\u2019avanc\u00e9e, \u00e0 une vitesse exponentielle, de la 3e vague de la Covid-19.<\/p>\n<p>Dans ce cadre, une importante d\u00e9claration du ministre de la Sant\u00e9 et de l\u2019Action sociale, Abdoulaye Diouf Sarr, est attendue ce jeudi, 15 juillet. Le ministre doit briser le silence, juste apr\u00e8s avoir pr\u00e9sid\u00e9 une r\u00e9union avec le Comit\u00e9 national de gestion des \u00e9pid\u00e9mies (CNGE).<\/p>\n<p>A l\u2019entame de sa communication hier, mercredi 14 juillet, en Conseil des ministres, le chef de l\u2019Etat a insist\u00e9 aupr\u00e8s des populations, sur l\u2019imp\u00e9ratif de respecter les mesures barri\u00e8res, le port syst\u00e9matique du masque, la limitation des rassemblements et d\u00e9placements au regard de la multiplication fulgurante, aux plans mondial, continental et national, des infections de Covid-19.<br \/>\n\u00ab\u00a0Le Pr\u00e9sident de la R\u00e9publique invite, \u00e0 cet \u00e9gard, le Ministre de la Sant\u00e9 et de l\u2019Action sociale, (i) \u00e0 intensifier la remise \u00e0 niveau des Centres de traitement des \u00e9pid\u00e9mies (CTE)\u00a0; (ii) \u00e0 poursuivre la dotation des structures sanitaires et des services sp\u00e9cialis\u00e9s en intrants et \u00e9quipements de premi\u00e8re n\u00e9cessit\u00e9, mais \u00e9galement (iii) \u00e0 mobiliser l\u2019ensemble des personnels de sant\u00e9 afin d\u2019asseoir la maitrise rapide de cette nouvelle pouss\u00e9e de la pand\u00e9mie\u00a0\u00bb, \u00e9claire le communiqu\u00e9, non sans pr\u00e9ciser\u00a0: \u00ab\u00a0Le Chef de l\u2019Etat rappelle, dans le contexte des pr\u00e9paratifs de la Tabaski, des vacances scolaires et des d\u00e9placements qui en d\u00e9coulent, l\u2019urgence d\u2019impliquer les relais communautaires et les acteurs sociaux (notabilit\u00e9s religieuses et coutumi\u00e8res, ASC, jeunes, femmes etc.) dans la sensibilisation des populations, mais surtout d\u2019acc\u00e9l\u00e9rer le d\u00e9ploiement de la campagne de vaccination de proximit\u00e9 avec l\u2019acquisition effective de nouvelles doses de vaccins par l\u2019Etat\u00a0\u00bb.<\/p>\n<p>Le pr\u00e9sident de la R\u00e9publique, selon le texte, demande, dans cet \u00e9lan, au Gouvernement, d\u2019assurer un suivi rapproch\u00e9 de l\u2019ex\u00e9cution du projet d\u2019implantation au S\u00e9n\u00e9gal, par l\u2019Institut Pasteur de Dakar, d\u2019une industrie de production de vaccins avec le soutien des partenaires techniques et financiers.<br \/>\nPoursuivant sa communication, le chef de l\u2019Etat invite, durant cette p\u00e9riode de recrudescence de la pand\u00e9mie, les Gouverneurs de R\u00e9gion, \u00e0 relancer les actions des comit\u00e9s r\u00e9gionaux de gestion des \u00e9pid\u00e9mies.<br \/>\nLe pr\u00e9sident de la R\u00e9publique demande, \u00e9galement, au Ministre de la Sant\u00e9 et de l\u2019Action sociale, de renforcer la veille sanitaire en accentuant la communication et la pr\u00e9sence sur le terrain et de pr\u00e9sider, chaque semaine, le Comit\u00e9 national de Gestion des Epid\u00e9mies (CNGE), avec la participation de toutes les parties prenantes.<\/p>\n<p>&nbsp;<\/p>\n<div class='share-to-whatsapp-wrapper'><div class='share-on-whsp'>PARTAGER SUR : <\/div><a data-text='3e VAGUE - Que va dire Diouf Sarr, ce jeudi ?' data-link='https:\/\/www.nettali.com\/2021\/07\/15\/3e-vague-que-va-dire-diouf-sarr-ce-jeudi\/' class='whatsapp-button whatsapp-share'>WhatsApp<\/a><div class='clear '><\/div><\/div>","protected":false},"excerpt":{"rendered":"<p>NETTALI.COM \u2013 Comme annonc\u00e9 hier, en Conseil des ministres, par le chef de l\u2019Etat, l\u2019Etat va prendre des mesures draconiennes, pour tenter de stopper l\u2019avanc\u00e9e de la 3e vague de Coronavirus. Ainsi, une importante d\u00e9claration du ministre de la Sant\u00e9 et de l\u2019Action sociale, Abdoulaye Diouf Sarr, est attendue ce jeudi, 15 juillet. Le gouvernement [&hellip;]<\/p>\n","protected":false},"author":11,"featured_media":25214,"comment_status":"open","ping_status":"open","sticky":false,"template":"","format":"standard","meta":{"_et_pb_use_builder":"","_et_pb_old_content":""},"categories":[22],"tags":[],"yoast_head":"<!-- This site is optimized with the Yoast SEO Premium plugin v17.8 (Yoast SEO v17.8) - https:\/\/yoast.com\/wordpress\/plugins\/seo\/ -->\n<title>3e VAGUE - Que va dire Diouf Sarr, ce jeudi ? | Nettali.com<\/title>\n<meta name=\"robots\" content=\"index, follow, max-snippet:-1, max-image-preview:large, max-video-preview:-1\" \/>\n<link rel=\"canonical\" href=\"https:\/\/www.nettali.com\/2021\/07\/15\/3e-vague-que-va-dire-diouf-sarr-ce-jeudi\/\" \/>\n<meta property=\"og:locale\" content=\"fr_FR\" \/>\n<meta property=\"og:type\" content=\"article\" \/>\n<meta property=\"og:title\" content=\"3e VAGUE - Que va dire Diouf Sarr, ce jeudi ?\" \/>\n<meta property=\"og:description\" content=\"NETTALI.COM \u2013 Comme annonc\u00e9 hier, en Conseil des ministres, par le chef de l\u2019Etat, l\u2019Etat va prendre des mesures draconiennes, pour tenter de stopper l\u2019avanc\u00e9e de la 3e vague de Coronavirus. Ainsi, une importante d\u00e9claration du ministre de la Sant\u00e9 et de l\u2019Action sociale, Abdoulaye Diouf Sarr, est attendue ce jeudi, 15 juillet. Le gouvernement [&hellip;]\" \/>\n<meta property=\"og:url\" content=\"https:\/\/www.nettali.com\/2021\/07\/15\/3e-vague-que-va-dire-diouf-sarr-ce-jeudi\/\" \/>\n<meta property=\"og:site_name\" content=\"Nettali.com\" \/>\n<meta property=\"article:publisher\" content=\"https:\/\/www.facebook.com\/nettalicom\" \/>\n<meta property=\"article:published_time\" content=\"2021-07-15T14:24:40+00:00\" \/>\n<meta property=\"article:modified_time\" content=\"2021-07-15T17:54:10+00:00\" \/>\n<meta property=\"og:image\" content=\"https:\/\/www.nettali.com\/wp-content\/uploads\/2019\/12\/diouf-sarr.jpg\" \/>\n\t<meta property=\"og:image:width\" content=\"875\" \/>\n\t<meta property=\"og:image:height\" content=\"500\" \/>\n<meta name=\"twitter:card\" content=\"summary_large_image\" \/>\n<meta name=\"twitter:label1\" content=\"\u00c9crit par\" \/>\n\t<meta name=\"twitter:data1\" content=\"Thierno Diop\" \/>\n\t<meta name=\"twitter:label2\" content=\"Dur\u00e9e de lecture estim\u00e9e\" \/>\n\t<meta name=\"twitter:data2\" content=\"2 minutes\" \/>\n<script type=\"application\/ld+json\" class=\"yoast-schema-graph\">{\"@context\":\"https:\/\/schema.org\",\"@graph\":[{\"@type\":\"WebSite\",\"@id\":\"https:\/\/www.nettali.com\/#website\",\"url\":\"https:\/\/www.nettali.com\/\",\"name\":\"Nettali.com\",\"description\":\"Le rendez-vous critique du Net\",\"potentialAction\":[{\"@type\":\"SearchAction\",\"target\":{\"@type\":\"EntryPoint\",\"urlTemplate\":\"https:\/\/www.nettali.com\/?s={search_term_string}\"},\"query-input\":\"required name=search_term_string\"}],\"inLanguage\":\"fr-FR\"},{\"@type\":\"ImageObject\",\"@id\":\"https:\/\/www.nettali.com\/2021\/07\/15\/3e-vague-que-va-dire-diouf-sarr-ce-jeudi\/#primaryimage\",\"inLanguage\":\"fr-FR\",\"url\":\"https:\/\/www.nettali.com\/wp-content\/uploads\/2019\/12\/diouf-sarr.jpg\",\"contentUrl\":\"https:\/\/www.nettali.com\/wp-content\/uploads\/2019\/12\/diouf-sarr.jpg\",\"width\":875,\"height\":500},{\"@type\":\"WebPage\",\"@id\":\"https:\/\/www.nettali.com\/2021\/07\/15\/3e-vague-que-va-dire-diouf-sarr-ce-jeudi\/#webpage\",\"url\":\"https:\/\/www.nettali.com\/2021\/07\/15\/3e-vague-que-va-dire-diouf-sarr-ce-jeudi\/\",\"name\":\"3e VAGUE - Que va dire Diouf Sarr, ce jeudi ? | Nettali.com\",\"isPartOf\":{\"@id\":\"https:\/\/www.nettali.com\/#website\"},\"primaryImageOfPage\":{\"@id\":\"https:\/\/www.nettali.com\/2021\/07\/15\/3e-vague-que-va-dire-diouf-sarr-ce-jeudi\/#primaryimage\"},\"datePublished\":\"2021-07-15T14:24:40+00:00\",\"dateModified\":\"2021-07-15T17:54:10+00:00\",\"author\":{\"@id\":\"https:\/\/www.nettali.com\/#\/schema\/person\/8a06c6bd7b19304cf4bf985862900b5b\"},\"breadcrumb\":{\"@id\":\"https:\/\/www.nettali.com\/2021\/07\/15\/3e-vague-que-va-dire-diouf-sarr-ce-jeudi\/#breadcrumb\"},\"inLanguage\":\"fr-FR\",\"potentialAction\":[{\"@type\":\"ReadAction\",\"target\":[\"https:\/\/www.nettali.com\/2021\/07\/15\/3e-vague-que-va-dire-diouf-sarr-ce-jeudi\/\"]}]},{\"@type\":\"BreadcrumbList\",\"@id\":\"https:\/\/www.nettali.com\/2021\/07\/15\/3e-vague-que-va-dire-diouf-sarr-ce-jeudi\/#breadcrumb\",\"itemListElement\":[{\"@type\":\"ListItem\",\"position\":1,\"name\":\"Accueil\",\"item\":\"https:\/\/www.nettali.com\/\"},{\"@type\":\"ListItem\",\"position\":2,\"name\":\"3e VAGUE &#8211; Que va dire Diouf Sarr, ce jeudi ?\"}]},{\"@type\":\"Person\",\"@id\":\"https:\/\/www.nettali.com\/#\/schema\/person\/8a06c6bd7b19304cf4bf985862900b5b\",\"name\":\"Thierno Diop\",\"image\":{\"@type\":\"ImageObject\",\"@id\":\"https:\/\/www.nettali.com\/#personlogo\",\"inLanguage\":\"fr-FR\",\"url\":\"https:\/\/secure.gravatar.com\/avatar\/c8ca58550c94fd2ac856d27391a6c866?s=96&d=mm&r=g\",\"contentUrl\":\"https:\/\/secure.gravatar.com\/avatar\/c8ca58550c94fd2ac856d27391a6c866?s=96&d=mm&r=g\",\"caption\":\"Thierno Diop\"},\"sameAs\":[\"https:\/\/nettali.com\"]}]}<\/script>\n<!-- \/ Yoast SEO Premium plugin. -->","yoast_head_json":{"title":"3e VAGUE - Que va dire Diouf Sarr, ce jeudi ? | Nettali.com","robots":{"index":"index","follow":"follow","max-snippet":"max-snippet:-1","max-image-preview":"max-image-preview:large","max-video-preview":"max-video-preview:-1"},"canonical":"https:\/\/www.nettali.com\/2021\/07\/15\/3e-vague-que-va-dire-diouf-sarr-ce-jeudi\/","og_locale":"fr_FR","og_type":"article","og_title":"3e VAGUE - Que va dire Diouf Sarr, ce jeudi ?","og_description":"NETTALI.COM \u2013 Comme annonc\u00e9 hier, en Conseil des ministres, par le chef de l\u2019Etat, l\u2019Etat va prendre des mesures draconiennes, pour tenter de stopper l\u2019avanc\u00e9e de la 3e vague de Coronavirus. Ainsi, une importante d\u00e9claration du ministre de la Sant\u00e9 et de l\u2019Action sociale, Abdoulaye Diouf Sarr, est attendue ce jeudi, 15 juillet. Le gouvernement [&hellip;]","og_url":"https:\/\/www.nettali.com\/2021\/07\/15\/3e-vague-que-va-dire-diouf-sarr-ce-jeudi\/","og_site_name":"Nettali.com","article_publisher":"https:\/\/www.facebook.com\/nettalicom","article_published_time":"2021-07-15T14:24:40+00:00","article_modified_time":"2021-07-15T17:54:10+00:00","og_image":[{"width":875,"height":500,"url":"https:\/\/www.nettali.com\/wp-content\/uploads\/2019\/12\/diouf-sarr.jpg","type":"image\/jpeg"}],"twitter_card":"summary_large_image","twitter_misc":{"\u00c9crit par":"Thierno Diop","Dur\u00e9e de lecture estim\u00e9e":"2 minutes"},"schema":{"@context":"https:\/\/schema.org","@graph":[{"@type":"WebSite","@id":"https:\/\/www.nettali.com\/#website","url":"https:\/\/www.nettali.com\/","name":"Nettali.com","description":"Le rendez-vous critique du Net","potentialAction":[{"@type":"SearchAction","target":{"@type":"EntryPoint","urlTemplate":"https:\/\/www.nettali.com\/?s={search_term_string}"},"query-input":"required name=search_term_string"}],"inLanguage":"fr-FR"},{"@type":"ImageObject","@id":"https:\/\/www.nettali.com\/2021\/07\/15\/3e-vague-que-va-dire-diouf-sarr-ce-jeudi\/#primaryimage","inLanguage":"fr-FR","url":"https:\/\/www.nettali.com\/wp-content\/uploads\/2019\/12\/diouf-sarr.jpg","contentUrl":"https:\/\/www.nettali.com\/wp-content\/uploads\/2019\/12\/diouf-sarr.jpg","width":875,"height":500},{"@type":"WebPage","@id":"https:\/\/www.nettali.com\/2021\/07\/15\/3e-vague-que-va-dire-diouf-sarr-ce-jeudi\/#webpage","url":"https:\/\/www.nettali.com\/2021\/07\/15\/3e-vague-que-va-dire-diouf-sarr-ce-jeudi\/","name":"3e VAGUE - Que va dire Diouf Sarr, ce jeudi ? | Nettali.com","isPartOf":{"@id":"https:\/\/www.nettali.com\/#website"},"primaryImageOfPage":{"@id":"https:\/\/www.nettali.com\/2021\/07\/15\/3e-vague-que-va-dire-diouf-sarr-ce-jeudi\/#primaryimage"},"datePublished":"2021-07-15T14:24:40+00:00","dateModified":"2021-07-15T17:54:10+00:00","author":{"@id":"https:\/\/www.nettali.com\/#\/schema\/person\/8a06c6bd7b19304cf4bf985862900b5b"},"breadcrumb":{"@id":"https:\/\/www.nettali.com\/2021\/07\/15\/3e-vague-que-va-dire-diouf-sarr-ce-jeudi\/#breadcrumb"},"inLanguage":"fr-FR","potentialAction":[{"@type":"ReadAction","target":["https:\/\/www.nettali.com\/2021\/07\/15\/3e-vague-que-va-dire-diouf-sarr-ce-jeudi\/"]}]},{"@type":"BreadcrumbList","@id":"https:\/\/www.nettali.com\/2021\/07\/15\/3e-vague-que-va-dire-diouf-sarr-ce-jeudi\/#breadcrumb","itemListElement":[{"@type":"ListItem","position":1,"name":"Accueil","item":"https:\/\/www.nettali.com\/"},{"@type":"ListItem","position":2,"name":"3e VAGUE &#8211; Que va dire Diouf Sarr, ce jeudi ?"}]},{"@type":"Person","@id":"https:\/\/www.nettali.com\/#\/schema\/person\/8a06c6bd7b19304cf4bf985862900b5b","name":"Thierno Diop","image":{"@type":"ImageObject","@id":"https:\/\/www.nettali.com\/#personlogo","inLanguage":"fr-FR","url":"https:\/\/secure.gravatar.com\/avatar\/c8ca58550c94fd2ac856d27391a6c866?s=96&d=mm&r=g","contentUrl":"https:\/\/secure.gravatar.com\/avatar\/c8ca58550c94fd2ac856d27391a6c866?s=96&d=mm&r=g","caption":"Thierno Diop"},"sameAs":["https:\/\/nettali.com"]}]}},"_links":{"self":[{"href":"https:\/\/www.nettali.com\/rest\/wp\/v2\/posts\/68040"}],"collection":[{"href":"https:\/\/www.nettali.com\/rest\/wp\/v2\/posts"}],"about":[{"href":"https:\/\/www.nettali.com\/rest\/wp\/v2\/types\/post"}],"author":[{"embeddable":true,"href":"https:\/\/www.nettali.com\/rest\/wp\/v2\/users\/11"}],"replies":[{"embeddable":true,"href":"https:\/\/www.nettali.com\/rest\/wp\/v2\/comments?post=68040"}],"version-history":[{"count":1,"href":"https:\/\/www.nettali.com\/rest\/wp\/v2\/posts\/68040\/revisions"}],"predecessor-version":[{"id":68041,"href":"https:\/\/www.nettali.com\/rest\/wp\/v2\/posts\/68040\/revisions\/68041"}],"wp:featuredmedia":[{"embeddable":true,"href":"https:\/\/www.nettali.com\/rest\/wp\/v2\/media\/25214"}],"wp:attachment":[{"href":"https:\/\/www.nettali.com\/rest\/wp\/v2\/media?parent=68040"}],"wp:term":[{"taxonomy":"category","embeddable":true,"href":"https:\/\/www.nettali.com\/rest\/wp\/v2\/categories?post=68040"},{"taxonomy":"post_tag","embeddable":true,"href":"https:\/\/www.nettali.com\/rest\/wp\/v2\/tags?post=68040"}],"curies":[{"name":"wp","href":"https:\/\/api.w.org\/{rel}","templated":true}]}}