{"id":68008,"date":"2021-07-15T09:45:10","date_gmt":"2021-07-15T09:45:10","guid":{"rendered":"https:\/\/www.nettali.com\/?p=68008"},"modified":"2021-07-15T14:27:03","modified_gmt":"2021-07-15T14:27:03","slug":"coronavirus-le-senegal-est-a-6-de-couverture-vaccinale","status":"publish","type":"post","link":"https:\/\/www.nettali.com\/2021\/07\/15\/coronavirus-le-senegal-est-a-6-de-couverture-vaccinale\/","title":{"rendered":"CORONAVIRUS - Le S\u00e9n\u00e9gal est \u00e0 6 % de couverture vaccinale"},"content":{"rendered":"<p><strong>NETTALI.COM \u2013 Alors que le variant delta continue sa mont\u00e9e en puissance au S\u00e9n\u00e9gal, dans cette troisi\u00e8me vague, le S\u00e9n\u00e9gal n\u2019a pas atteint ses objectifs en mati\u00e8re de vaccination. Le taux de couverture vaccinale s\u2019\u00e9tablit \u00e0 6%, aujourd\u2019hui. <\/strong><\/p>\n<p>Selon les chiffres rappel\u00e9s par Dr Sokhna, le S\u00e9n\u00e9gal est tr\u00e8s en retard par rapport aux objectifs qu\u2019il s\u2019\u00e9tait lui-m\u00eame assign\u00e9s en mati\u00e8re de vaccination. \u201cLe taux de vaccination, explique le directeur de l\u2019Institut de recherche et de d\u00e9veloppement, est encore tr\u00e8s faible. Selon les derniers chiffres disponibles, on \u00e9tait \u00e0 un taux de 6 % de couverture vaccinale. Ce n\u2019est m\u00eame pas le niveau de la population cible prioritaire (personnels soignants, personnes \u00e2g\u00e9es ou vivant avec des comorbidit\u00e9s), qui \u00e9tait \u00e9valu\u00e9e \u00e0 20 %. Nous avons vraiment beaucoup d\u2019efforts \u00e0 faire \u00e0 ce niveau\u2019\u2019, a d\u00e9clar\u00e9 le sp\u00e9cialiste, dans les colonnes de Enqu\u00eate, ce jeudi.<\/p>\n<p>Pendant ce temps, rel\u00e8ve le journal, c\u2019est delta qui inqui\u00e8te, aujourd\u2019hui, de plus en plus. Selon les derni\u00e8res estimations, ce variant continue son expansion galopante et pourrait prochainement devenir le variant dominant au S\u00e9n\u00e9gal. A en croire des \u00e9tudes r\u00e9alis\u00e9es par l\u2019Institut Pasteur et disponibles depuis quelques jours, ce nouveau variant qui \u00e9tait, il y a quelques semaines, juste de 1 %, repr\u00e9sente maintenant 30 % des cas pr\u00e9sents dans le pays. Une augmentation fulgurante qui confirme les diff\u00e9rentes \u00e9tudes qui soutiennent que le virus est 60 fois plus contagieux que le variant alpha (variant anglais qui avait fait des ravages lors de la deuxi\u00e8me vague) par exemple.<\/p>\n<p>D\u2019o\u00f9 l\u2019inqui\u00e9tude de Dr Sokhna et de beaucoup de professionnels de la sant\u00e9. Le collaborateur de Didier Raoult d\u2019affirmer : \u201cOn dirait m\u00eame que c\u2019est d\u00e9sormais pr\u00e9dominant par rapport au variant alpha. Et \u00e7a, c\u2019est une mauvaise nouvelle, parce que dans tous les pays europ\u00e9ens par exemple, quand les variants sont dominants, il y a saturation dans les h\u00f4pitaux et les cas graves se multiplient. Il faut donc faire tr\u00e8s attention.\u2019\u2019<\/p>\n<div class='share-to-whatsapp-wrapper'><div class='share-on-whsp'>PARTAGER SUR : <\/div><a data-text='CORONAVIRUS - Le S\u00e9n\u00e9gal est \u00e0 6 % de couverture vaccinale' data-link='https:\/\/www.nettali.com\/2021\/07\/15\/coronavirus-le-senegal-est-a-6-de-couverture-vaccinale\/' class='whatsapp-button whatsapp-share'>WhatsApp<\/a><div class='clear '><\/div><\/div>","protected":false},"excerpt":{"rendered":"<p>NETTALI.COM \u2013 Alors que le variant delta continue sa mont\u00e9e en puissance au S\u00e9n\u00e9gal, dans cette troisi\u00e8me vague, le S\u00e9n\u00e9gal n\u2019a pas atteint ses objectifs en mati\u00e8re de vaccination. Le taux de couverture vaccinale s\u2019\u00e9tablit \u00e0 6%, aujourd\u2019hui. Selon les chiffres rappel\u00e9s par Dr Sokhna, le S\u00e9n\u00e9gal est tr\u00e8s en retard par rapport aux objectifs [&hellip;]<\/p>\n","protected":false},"author":11,"featured_media":58217,"comment_status":"open","ping_status":"open","sticky":false,"template":"","format":"standard","meta":{"_et_pb_use_builder":"","_et_pb_old_content":""},"categories":[22],"tags":[],"yoast_head":"<!-- This site is optimized with the Yoast SEO Premium plugin v17.8 (Yoast SEO v17.8) - https:\/\/yoast.com\/wordpress\/plugins\/seo\/ -->\n<title>CORONAVIRUS - Le S\u00e9n\u00e9gal est \u00e0 6 % de couverture vaccinale | Nettali.com<\/title>\n<meta name=\"robots\" content=\"index, follow, max-snippet:-1, max-image-preview:large, max-video-preview:-1\" \/>\n<link rel=\"canonical\" href=\"https:\/\/www.nettali.com\/2021\/07\/15\/coronavirus-le-senegal-est-a-6-de-couverture-vaccinale\/\" \/>\n<meta property=\"og:locale\" content=\"fr_FR\" \/>\n<meta property=\"og:type\" content=\"article\" \/>\n<meta property=\"og:title\" content=\"CORONAVIRUS - Le S\u00e9n\u00e9gal est \u00e0 6 % de couverture vaccinale\" \/>\n<meta property=\"og:description\" content=\"NETTALI.COM \u2013 Alors que le variant delta continue sa mont\u00e9e en puissance au S\u00e9n\u00e9gal, dans cette troisi\u00e8me vague, le S\u00e9n\u00e9gal n\u2019a pas atteint ses objectifs en mati\u00e8re de vaccination. Le taux de couverture vaccinale s\u2019\u00e9tablit \u00e0 6%, aujourd\u2019hui. Selon les chiffres rappel\u00e9s par Dr Sokhna, le S\u00e9n\u00e9gal est tr\u00e8s en retard par rapport aux objectifs [&hellip;]\" \/>\n<meta property=\"og:url\" content=\"https:\/\/www.nettali.com\/2021\/07\/15\/coronavirus-le-senegal-est-a-6-de-couverture-vaccinale\/\" \/>\n<meta property=\"og:site_name\" content=\"Nettali.com\" \/>\n<meta property=\"article:publisher\" content=\"https:\/\/www.facebook.com\/nettalicom\" \/>\n<meta property=\"article:published_time\" content=\"2021-07-15T09:45:10+00:00\" \/>\n<meta property=\"article:modified_time\" content=\"2021-07-15T14:27:03+00:00\" \/>\n<meta property=\"og:image\" content=\"https:\/\/www.nettali.com\/wp-content\/uploads\/2021\/02\/covid-19-le-vaccin-attendu-au-senegal-fin-mars-2021-selon-abdoulaye-diouf-sarr-780x470-1.jpg\" \/>\n\t<meta property=\"og:image:width\" content=\"780\" \/>\n\t<meta property=\"og:image:height\" content=\"470\" \/>\n<meta name=\"twitter:card\" content=\"summary_large_image\" \/>\n<meta name=\"twitter:label1\" content=\"\u00c9crit par\" \/>\n\t<meta name=\"twitter:data1\" content=\"Thierno Diop\" \/>\n\t<meta name=\"twitter:label2\" content=\"Dur\u00e9e de lecture estim\u00e9e\" \/>\n\t<meta name=\"twitter:data2\" content=\"2 minutes\" \/>\n<script type=\"application\/ld+json\" class=\"yoast-schema-graph\">{\"@context\":\"https:\/\/schema.org\",\"@graph\":[{\"@type\":\"WebSite\",\"@id\":\"https:\/\/www.nettali.com\/#website\",\"url\":\"https:\/\/www.nettali.com\/\",\"name\":\"Nettali.com\",\"description\":\"Le rendez-vous critique du Net\",\"potentialAction\":[{\"@type\":\"SearchAction\",\"target\":{\"@type\":\"EntryPoint\",\"urlTemplate\":\"https:\/\/www.nettali.com\/?s={search_term_string}\"},\"query-input\":\"required name=search_term_string\"}],\"inLanguage\":\"fr-FR\"},{\"@type\":\"ImageObject\",\"@id\":\"https:\/\/www.nettali.com\/2021\/07\/15\/coronavirus-le-senegal-est-a-6-de-couverture-vaccinale\/#primaryimage\",\"inLanguage\":\"fr-FR\",\"url\":\"https:\/\/www.nettali.com\/wp-content\/uploads\/2021\/02\/covid-19-le-vaccin-attendu-au-senegal-fin-mars-2021-selon-abdoulaye-diouf-sarr-780x470-1.jpg\",\"contentUrl\":\"https:\/\/www.nettali.com\/wp-content\/uploads\/2021\/02\/covid-19-le-vaccin-attendu-au-senegal-fin-mars-2021-selon-abdoulaye-diouf-sarr-780x470-1.jpg\",\"width\":780,\"height\":470},{\"@type\":\"WebPage\",\"@id\":\"https:\/\/www.nettali.com\/2021\/07\/15\/coronavirus-le-senegal-est-a-6-de-couverture-vaccinale\/#webpage\",\"url\":\"https:\/\/www.nettali.com\/2021\/07\/15\/coronavirus-le-senegal-est-a-6-de-couverture-vaccinale\/\",\"name\":\"CORONAVIRUS - Le S\\u00e9n\\u00e9gal est \\u00e0 6 % de couverture vaccinale | Nettali.com\",\"isPartOf\":{\"@id\":\"https:\/\/www.nettali.com\/#website\"},\"primaryImageOfPage\":{\"@id\":\"https:\/\/www.nettali.com\/2021\/07\/15\/coronavirus-le-senegal-est-a-6-de-couverture-vaccinale\/#primaryimage\"},\"datePublished\":\"2021-07-15T09:45:10+00:00\",\"dateModified\":\"2021-07-15T14:27:03+00:00\",\"author\":{\"@id\":\"https:\/\/www.nettali.com\/#\/schema\/person\/8a06c6bd7b19304cf4bf985862900b5b\"},\"breadcrumb\":{\"@id\":\"https:\/\/www.nettali.com\/2021\/07\/15\/coronavirus-le-senegal-est-a-6-de-couverture-vaccinale\/#breadcrumb\"},\"inLanguage\":\"fr-FR\",\"potentialAction\":[{\"@type\":\"ReadAction\",\"target\":[\"https:\/\/www.nettali.com\/2021\/07\/15\/coronavirus-le-senegal-est-a-6-de-couverture-vaccinale\/\"]}]},{\"@type\":\"BreadcrumbList\",\"@id\":\"https:\/\/www.nettali.com\/2021\/07\/15\/coronavirus-le-senegal-est-a-6-de-couverture-vaccinale\/#breadcrumb\",\"itemListElement\":[{\"@type\":\"ListItem\",\"position\":1,\"name\":\"Accueil\",\"item\":\"https:\/\/www.nettali.com\/\"},{\"@type\":\"ListItem\",\"position\":2,\"name\":\"CORONAVIRUS &#8211; Le S\\u00e9n\\u00e9gal est \\u00e0 6 % de couverture vaccinale\"}]},{\"@type\":\"Person\",\"@id\":\"https:\/\/www.nettali.com\/#\/schema\/person\/8a06c6bd7b19304cf4bf985862900b5b\",\"name\":\"Thierno Diop\",\"image\":{\"@type\":\"ImageObject\",\"@id\":\"https:\/\/www.nettali.com\/#personlogo\",\"inLanguage\":\"fr-FR\",\"url\":\"https:\/\/secure.gravatar.com\/avatar\/c8ca58550c94fd2ac856d27391a6c866?s=96&d=mm&r=g\",\"contentUrl\":\"https:\/\/secure.gravatar.com\/avatar\/c8ca58550c94fd2ac856d27391a6c866?s=96&d=mm&r=g\",\"caption\":\"Thierno Diop\"},\"sameAs\":[\"https:\/\/nettali.com\"]}]}<\/script>\n<!-- \/ Yoast SEO Premium plugin. -->","yoast_head_json":{"title":"CORONAVIRUS - Le S\u00e9n\u00e9gal est \u00e0 6 % de couverture vaccinale | Nettali.com","robots":{"index":"index","follow":"follow","max-snippet":"max-snippet:-1","max-image-preview":"max-image-preview:large","max-video-preview":"max-video-preview:-1"},"canonical":"https:\/\/www.nettali.com\/2021\/07\/15\/coronavirus-le-senegal-est-a-6-de-couverture-vaccinale\/","og_locale":"fr_FR","og_type":"article","og_title":"CORONAVIRUS - Le S\u00e9n\u00e9gal est \u00e0 6 % de couverture vaccinale","og_description":"NETTALI.COM \u2013 Alors que le variant delta continue sa mont\u00e9e en puissance au S\u00e9n\u00e9gal, dans cette troisi\u00e8me vague, le S\u00e9n\u00e9gal n\u2019a pas atteint ses objectifs en mati\u00e8re de vaccination. Le taux de couverture vaccinale s\u2019\u00e9tablit \u00e0 6%, aujourd\u2019hui. Selon les chiffres rappel\u00e9s par Dr Sokhna, le S\u00e9n\u00e9gal est tr\u00e8s en retard par rapport aux objectifs [&hellip;]","og_url":"https:\/\/www.nettali.com\/2021\/07\/15\/coronavirus-le-senegal-est-a-6-de-couverture-vaccinale\/","og_site_name":"Nettali.com","article_publisher":"https:\/\/www.facebook.com\/nettalicom","article_published_time":"2021-07-15T09:45:10+00:00","article_modified_time":"2021-07-15T14:27:03+00:00","og_image":[{"width":780,"height":470,"url":"https:\/\/www.nettali.com\/wp-content\/uploads\/2021\/02\/covid-19-le-vaccin-attendu-au-senegal-fin-mars-2021-selon-abdoulaye-diouf-sarr-780x470-1.jpg","type":"image\/jpeg"}],"twitter_card":"summary_large_image","twitter_misc":{"\u00c9crit par":"Thierno Diop","Dur\u00e9e de lecture estim\u00e9e":"2 minutes"},"schema":{"@context":"https:\/\/schema.org","@graph":[{"@type":"WebSite","@id":"https:\/\/www.nettali.com\/#website","url":"https:\/\/www.nettali.com\/","name":"Nettali.com","description":"Le rendez-vous critique du Net","potentialAction":[{"@type":"SearchAction","target":{"@type":"EntryPoint","urlTemplate":"https:\/\/www.nettali.com\/?s={search_term_string}"},"query-input":"required name=search_term_string"}],"inLanguage":"fr-FR"},{"@type":"ImageObject","@id":"https:\/\/www.nettali.com\/2021\/07\/15\/coronavirus-le-senegal-est-a-6-de-couverture-vaccinale\/#primaryimage","inLanguage":"fr-FR","url":"https:\/\/www.nettali.com\/wp-content\/uploads\/2021\/02\/covid-19-le-vaccin-attendu-au-senegal-fin-mars-2021-selon-abdoulaye-diouf-sarr-780x470-1.jpg","contentUrl":"https:\/\/www.nettali.com\/wp-content\/uploads\/2021\/02\/covid-19-le-vaccin-attendu-au-senegal-fin-mars-2021-selon-abdoulaye-diouf-sarr-780x470-1.jpg","width":780,"height":470},{"@type":"WebPage","@id":"https:\/\/www.nettali.com\/2021\/07\/15\/coronavirus-le-senegal-est-a-6-de-couverture-vaccinale\/#webpage","url":"https:\/\/www.nettali.com\/2021\/07\/15\/coronavirus-le-senegal-est-a-6-de-couverture-vaccinale\/","name":"CORONAVIRUS - Le S\u00e9n\u00e9gal est \u00e0 6 % de couverture vaccinale | Nettali.com","isPartOf":{"@id":"https:\/\/www.nettali.com\/#website"},"primaryImageOfPage":{"@id":"https:\/\/www.nettali.com\/2021\/07\/15\/coronavirus-le-senegal-est-a-6-de-couverture-vaccinale\/#primaryimage"},"datePublished":"2021-07-15T09:45:10+00:00","dateModified":"2021-07-15T14:27:03+00:00","author":{"@id":"https:\/\/www.nettali.com\/#\/schema\/person\/8a06c6bd7b19304cf4bf985862900b5b"},"breadcrumb":{"@id":"https:\/\/www.nettali.com\/2021\/07\/15\/coronavirus-le-senegal-est-a-6-de-couverture-vaccinale\/#breadcrumb"},"inLanguage":"fr-FR","potentialAction":[{"@type":"ReadAction","target":["https:\/\/www.nettali.com\/2021\/07\/15\/coronavirus-le-senegal-est-a-6-de-couverture-vaccinale\/"]}]},{"@type":"BreadcrumbList","@id":"https:\/\/www.nettali.com\/2021\/07\/15\/coronavirus-le-senegal-est-a-6-de-couverture-vaccinale\/#breadcrumb","itemListElement":[{"@type":"ListItem","position":1,"name":"Accueil","item":"https:\/\/www.nettali.com\/"},{"@type":"ListItem","position":2,"name":"CORONAVIRUS &#8211; Le S\u00e9n\u00e9gal est \u00e0 6 % de couverture vaccinale"}]},{"@type":"Person","@id":"https:\/\/www.nettali.com\/#\/schema\/person\/8a06c6bd7b19304cf4bf985862900b5b","name":"Thierno Diop","image":{"@type":"ImageObject","@id":"https:\/\/www.nettali.com\/#personlogo","inLanguage":"fr-FR","url":"https:\/\/secure.gravatar.com\/avatar\/c8ca58550c94fd2ac856d27391a6c866?s=96&d=mm&r=g","contentUrl":"https:\/\/secure.gravatar.com\/avatar\/c8ca58550c94fd2ac856d27391a6c866?s=96&d=mm&r=g","caption":"Thierno Diop"},"sameAs":["https:\/\/nettali.com"]}]}},"_links":{"self":[{"href":"https:\/\/www.nettali.com\/rest\/wp\/v2\/posts\/68008"}],"collection":[{"href":"https:\/\/www.nettali.com\/rest\/wp\/v2\/posts"}],"about":[{"href":"https:\/\/www.nettali.com\/rest\/wp\/v2\/types\/post"}],"author":[{"embeddable":true,"href":"https:\/\/www.nettali.com\/rest\/wp\/v2\/users\/11"}],"replies":[{"embeddable":true,"href":"https:\/\/www.nettali.com\/rest\/wp\/v2\/comments?post=68008"}],"version-history":[{"count":1,"href":"https:\/\/www.nettali.com\/rest\/wp\/v2\/posts\/68008\/revisions"}],"predecessor-version":[{"id":68009,"href":"https:\/\/www.nettali.com\/rest\/wp\/v2\/posts\/68008\/revisions\/68009"}],"wp:featuredmedia":[{"embeddable":true,"href":"https:\/\/www.nettali.com\/rest\/wp\/v2\/media\/58217"}],"wp:attachment":[{"href":"https:\/\/www.nettali.com\/rest\/wp\/v2\/media?parent=68008"}],"wp:term":[{"taxonomy":"category","embeddable":true,"href":"https:\/\/www.nettali.com\/rest\/wp\/v2\/categories?post=68008"},{"taxonomy":"post_tag","embeddable":true,"href":"https:\/\/www.nettali.com\/rest\/wp\/v2\/tags?post=68008"}],"curies":[{"name":"wp","href":"https:\/\/api.w.org\/{rel}","templated":true}]}}