{"id":68002,"date":"2021-07-15T09:29:25","date_gmt":"2021-07-15T09:29:25","guid":{"rendered":"https:\/\/www.nettali.com\/?p=68002"},"modified":"2021-07-15T09:29:25","modified_gmt":"2021-07-15T09:29:25","slug":"an-ii-de-la-disparition-du-sg-du-ps-ousmane-tanor-dieng-commemore-ce-15-juillet","status":"publish","type":"post","link":"https:\/\/www.nettali.com\/2021\/07\/15\/an-ii-de-la-disparition-du-sg-du-ps-ousmane-tanor-dieng-commemore-ce-15-juillet\/","title":{"rendered":"AN II DE LA DISPARITION DU SG DU PS- Ousmane Tanor Dieng comm\u00e9mor\u00e9 ce 15 juillet"},"content":{"rendered":"<p><strong>NETTALI. COM- Ce 15 juillet 2020 marque la seconde comm\u00e9moration de la disparition de Ousmane Tanor Dieng.<\/strong><\/p>\n<p>Le secr\u00e9taire g\u00e9n\u00e9ral du Parti social et pr\u00e9sident du Haut conseil des collectivit\u00e9s territoriales ( Hcct) est d\u00e9c\u00e9d\u00e9 le 15 juillet 2019 \u00e0 Bordeaux en France o\u00f9 il \u00e9tait hospitalis\u00e9.<\/p>\n<p>Compte tenu de la pand\u00e9mie de la Covid-19, cette comm\u00e9moration se fait dans la sobri\u00e9t\u00e9. A l'occasion, des pri\u00e8res et un r\u00e9cital de Coran seront organis\u00e9s par les socialistes \u00e0 la Mosqu\u00e9e Omarienne et celle de Mermoz. Des c\u00e9r\u00e9monies sont \u00e9galement pr\u00e9vues au niveau des daaras de Ngu\u00e9ni\u00e8ne, dont il fut le maire.<\/p>\n<p>En outre, le Secr\u00e9tariat ex\u00e9cutif national a d\u00e9cid\u00e9 d\u2019immortaliser feu Ousmane Tanor Dieng en baptisant la salle des Congr\u00e8s de la Maison du Parti socialiste \u00e0 son nom. \u00ab<em>Cette c\u00e9r\u00e9monie solennelle de bapt\u00eame aura lieu ult\u00e9rieurement, sous la pr\u00e9sidence de Aminata Mbengue Ndiaye, en pr\u00e9sence des repr\u00e9sentants de la famille de l\u2019illustre dispar<\/em>u\u00bb, indique le communiqu\u00e9 du PS.<\/p>\n<p>&nbsp;<\/p>\n<div class='share-to-whatsapp-wrapper'><div class='share-on-whsp'>PARTAGER SUR : <\/div><a data-text='AN II DE LA DISPARITION DU SG DU PS- Ousmane Tanor Dieng comm\u00e9mor\u00e9 ce 15 juillet' data-link='https:\/\/www.nettali.com\/2021\/07\/15\/an-ii-de-la-disparition-du-sg-du-ps-ousmane-tanor-dieng-commemore-ce-15-juillet\/' class='whatsapp-button whatsapp-share'>WhatsApp<\/a><div class='clear '><\/div><\/div>","protected":false},"excerpt":{"rendered":"<p>NETTALI. COM- Ce 15 juillet 2020 marque la seconde comm\u00e9moration de la disparition de Ousmane Tanor Dieng. Le secr\u00e9taire g\u00e9n\u00e9ral du Parti social et pr\u00e9sident du Haut conseil des collectivit\u00e9s territoriales ( Hcct) est d\u00e9c\u00e9d\u00e9 le 15 juillet 2019 \u00e0 Bordeaux en France o\u00f9 il \u00e9tait hospitalis\u00e9. Compte tenu de la pand\u00e9mie de la Covid-19, [&hellip;]<\/p>\n","protected":false},"author":6,"featured_media":3937,"comment_status":"open","ping_status":"open","sticky":false,"template":"","format":"standard","meta":{"_et_pb_use_builder":"","_et_pb_old_content":""},"categories":[2],"tags":[],"yoast_head":"<!-- This site is optimized with the Yoast SEO Premium plugin v17.8 (Yoast SEO v17.8) - https:\/\/yoast.com\/wordpress\/plugins\/seo\/ -->\n<title>AN II DE LA DISPARITION DU SG DU PS- Ousmane Tanor Dieng comm\u00e9mor\u00e9 ce 15 juillet | Nettali.com<\/title>\n<meta name=\"robots\" content=\"index, follow, max-snippet:-1, max-image-preview:large, max-video-preview:-1\" \/>\n<link rel=\"canonical\" href=\"https:\/\/www.nettali.com\/2021\/07\/15\/an-ii-de-la-disparition-du-sg-du-ps-ousmane-tanor-dieng-commemore-ce-15-juillet\/\" \/>\n<meta property=\"og:locale\" content=\"fr_FR\" \/>\n<meta property=\"og:type\" content=\"article\" \/>\n<meta property=\"og:title\" content=\"AN II DE LA DISPARITION DU SG DU PS- Ousmane Tanor Dieng comm\u00e9mor\u00e9 ce 15 juillet\" \/>\n<meta property=\"og:description\" content=\"NETTALI. COM- Ce 15 juillet 2020 marque la seconde comm\u00e9moration de la disparition de Ousmane Tanor Dieng. Le secr\u00e9taire g\u00e9n\u00e9ral du Parti social et pr\u00e9sident du Haut conseil des collectivit\u00e9s territoriales ( Hcct) est d\u00e9c\u00e9d\u00e9 le 15 juillet 2019 \u00e0 Bordeaux en France o\u00f9 il \u00e9tait hospitalis\u00e9. Compte tenu de la pand\u00e9mie de la Covid-19, [&hellip;]\" \/>\n<meta property=\"og:url\" content=\"https:\/\/www.nettali.com\/2021\/07\/15\/an-ii-de-la-disparition-du-sg-du-ps-ousmane-tanor-dieng-commemore-ce-15-juillet\/\" \/>\n<meta property=\"og:site_name\" content=\"Nettali.com\" \/>\n<meta property=\"article:publisher\" content=\"https:\/\/www.facebook.com\/nettalicom\" \/>\n<meta property=\"article:published_time\" content=\"2021-07-15T09:29:25+00:00\" \/>\n<meta property=\"og:image\" content=\"https:\/\/www.nettali.com\/wp-content\/uploads\/2019\/03\/TANOR-DIENG6.jpg\" \/>\n\t<meta property=\"og:image:width\" content=\"650\" \/>\n\t<meta property=\"og:image:height\" content=\"355\" \/>\n<meta name=\"twitter:card\" content=\"summary_large_image\" \/>\n<meta name=\"twitter:label1\" content=\"\u00c9crit par\" \/>\n\t<meta name=\"twitter:data1\" content=\"Fatou\" \/>\n\t<meta name=\"twitter:label2\" content=\"Dur\u00e9e de lecture estim\u00e9e\" \/>\n\t<meta name=\"twitter:data2\" content=\"1 minute\" \/>\n<script type=\"application\/ld+json\" class=\"yoast-schema-graph\">{\"@context\":\"https:\/\/schema.org\",\"@graph\":[{\"@type\":\"WebSite\",\"@id\":\"https:\/\/www.nettali.com\/#website\",\"url\":\"https:\/\/www.nettali.com\/\",\"name\":\"Nettali.com\",\"description\":\"Le rendez-vous critique du Net\",\"potentialAction\":[{\"@type\":\"SearchAction\",\"target\":{\"@type\":\"EntryPoint\",\"urlTemplate\":\"https:\/\/www.nettali.com\/?s={search_term_string}\"},\"query-input\":\"required name=search_term_string\"}],\"inLanguage\":\"fr-FR\"},{\"@type\":\"ImageObject\",\"@id\":\"https:\/\/www.nettali.com\/2021\/07\/15\/an-ii-de-la-disparition-du-sg-du-ps-ousmane-tanor-dieng-commemore-ce-15-juillet\/#primaryimage\",\"inLanguage\":\"fr-FR\",\"url\":\"https:\/\/www.nettali.com\/wp-content\/uploads\/2019\/03\/TANOR-DIENG6.jpg\",\"contentUrl\":\"https:\/\/www.nettali.com\/wp-content\/uploads\/2019\/03\/TANOR-DIENG6.jpg\",\"width\":650,\"height\":355},{\"@type\":\"WebPage\",\"@id\":\"https:\/\/www.nettali.com\/2021\/07\/15\/an-ii-de-la-disparition-du-sg-du-ps-ousmane-tanor-dieng-commemore-ce-15-juillet\/#webpage\",\"url\":\"https:\/\/www.nettali.com\/2021\/07\/15\/an-ii-de-la-disparition-du-sg-du-ps-ousmane-tanor-dieng-commemore-ce-15-juillet\/\",\"name\":\"AN II DE LA DISPARITION DU SG DU PS- Ousmane Tanor Dieng comm\\u00e9mor\\u00e9 ce 15 juillet | Nettali.com\",\"isPartOf\":{\"@id\":\"https:\/\/www.nettali.com\/#website\"},\"primaryImageOfPage\":{\"@id\":\"https:\/\/www.nettali.com\/2021\/07\/15\/an-ii-de-la-disparition-du-sg-du-ps-ousmane-tanor-dieng-commemore-ce-15-juillet\/#primaryimage\"},\"datePublished\":\"2021-07-15T09:29:25+00:00\",\"dateModified\":\"2021-07-15T09:29:25+00:00\",\"author\":{\"@id\":\"https:\/\/www.nettali.com\/#\/schema\/person\/418274a86bdf87caff7a3ef476bd0bbf\"},\"breadcrumb\":{\"@id\":\"https:\/\/www.nettali.com\/2021\/07\/15\/an-ii-de-la-disparition-du-sg-du-ps-ousmane-tanor-dieng-commemore-ce-15-juillet\/#breadcrumb\"},\"inLanguage\":\"fr-FR\",\"potentialAction\":[{\"@type\":\"ReadAction\",\"target\":[\"https:\/\/www.nettali.com\/2021\/07\/15\/an-ii-de-la-disparition-du-sg-du-ps-ousmane-tanor-dieng-commemore-ce-15-juillet\/\"]}]},{\"@type\":\"BreadcrumbList\",\"@id\":\"https:\/\/www.nettali.com\/2021\/07\/15\/an-ii-de-la-disparition-du-sg-du-ps-ousmane-tanor-dieng-commemore-ce-15-juillet\/#breadcrumb\",\"itemListElement\":[{\"@type\":\"ListItem\",\"position\":1,\"name\":\"Accueil\",\"item\":\"https:\/\/www.nettali.com\/\"},{\"@type\":\"ListItem\",\"position\":2,\"name\":\"AN II DE LA DISPARITION DU SG DU PS- Ousmane Tanor Dieng comm\\u00e9mor\\u00e9 ce 15 juillet\"}]},{\"@type\":\"Person\",\"@id\":\"https:\/\/www.nettali.com\/#\/schema\/person\/418274a86bdf87caff7a3ef476bd0bbf\",\"name\":\"Fatou\",\"image\":{\"@type\":\"ImageObject\",\"@id\":\"https:\/\/www.nettali.com\/#personlogo\",\"inLanguage\":\"fr-FR\",\"url\":\"https:\/\/secure.gravatar.com\/avatar\/5a9442a2bee7b4dcf167cab035858e9a?s=96&d=mm&r=g\",\"contentUrl\":\"https:\/\/secure.gravatar.com\/avatar\/5a9442a2bee7b4dcf167cab035858e9a?s=96&d=mm&r=g\",\"caption\":\"Fatou\"},\"sameAs\":[\"https:\/\/www.nettali.com\"]}]}<\/script>\n<!-- \/ Yoast SEO Premium plugin. -->","yoast_head_json":{"title":"AN II DE LA DISPARITION DU SG DU PS- Ousmane Tanor Dieng comm\u00e9mor\u00e9 ce 15 juillet | Nettali.com","robots":{"index":"index","follow":"follow","max-snippet":"max-snippet:-1","max-image-preview":"max-image-preview:large","max-video-preview":"max-video-preview:-1"},"canonical":"https:\/\/www.nettali.com\/2021\/07\/15\/an-ii-de-la-disparition-du-sg-du-ps-ousmane-tanor-dieng-commemore-ce-15-juillet\/","og_locale":"fr_FR","og_type":"article","og_title":"AN II DE LA DISPARITION DU SG DU PS- Ousmane Tanor Dieng comm\u00e9mor\u00e9 ce 15 juillet","og_description":"NETTALI. COM- Ce 15 juillet 2020 marque la seconde comm\u00e9moration de la disparition de Ousmane Tanor Dieng. Le secr\u00e9taire g\u00e9n\u00e9ral du Parti social et pr\u00e9sident du Haut conseil des collectivit\u00e9s territoriales ( Hcct) est d\u00e9c\u00e9d\u00e9 le 15 juillet 2019 \u00e0 Bordeaux en France o\u00f9 il \u00e9tait hospitalis\u00e9. Compte tenu de la pand\u00e9mie de la Covid-19, [&hellip;]","og_url":"https:\/\/www.nettali.com\/2021\/07\/15\/an-ii-de-la-disparition-du-sg-du-ps-ousmane-tanor-dieng-commemore-ce-15-juillet\/","og_site_name":"Nettali.com","article_publisher":"https:\/\/www.facebook.com\/nettalicom","article_published_time":"2021-07-15T09:29:25+00:00","og_image":[{"width":650,"height":355,"url":"https:\/\/www.nettali.com\/wp-content\/uploads\/2019\/03\/TANOR-DIENG6.jpg","type":"image\/jpeg"}],"twitter_card":"summary_large_image","twitter_misc":{"\u00c9crit par":"Fatou","Dur\u00e9e de lecture estim\u00e9e":"1 minute"},"schema":{"@context":"https:\/\/schema.org","@graph":[{"@type":"WebSite","@id":"https:\/\/www.nettali.com\/#website","url":"https:\/\/www.nettali.com\/","name":"Nettali.com","description":"Le rendez-vous critique du Net","potentialAction":[{"@type":"SearchAction","target":{"@type":"EntryPoint","urlTemplate":"https:\/\/www.nettali.com\/?s={search_term_string}"},"query-input":"required name=search_term_string"}],"inLanguage":"fr-FR"},{"@type":"ImageObject","@id":"https:\/\/www.nettali.com\/2021\/07\/15\/an-ii-de-la-disparition-du-sg-du-ps-ousmane-tanor-dieng-commemore-ce-15-juillet\/#primaryimage","inLanguage":"fr-FR","url":"https:\/\/www.nettali.com\/wp-content\/uploads\/2019\/03\/TANOR-DIENG6.jpg","contentUrl":"https:\/\/www.nettali.com\/wp-content\/uploads\/2019\/03\/TANOR-DIENG6.jpg","width":650,"height":355},{"@type":"WebPage","@id":"https:\/\/www.nettali.com\/2021\/07\/15\/an-ii-de-la-disparition-du-sg-du-ps-ousmane-tanor-dieng-commemore-ce-15-juillet\/#webpage","url":"https:\/\/www.nettali.com\/2021\/07\/15\/an-ii-de-la-disparition-du-sg-du-ps-ousmane-tanor-dieng-commemore-ce-15-juillet\/","name":"AN II DE LA DISPARITION DU SG DU PS- Ousmane Tanor Dieng comm\u00e9mor\u00e9 ce 15 juillet | Nettali.com","isPartOf":{"@id":"https:\/\/www.nettali.com\/#website"},"primaryImageOfPage":{"@id":"https:\/\/www.nettali.com\/2021\/07\/15\/an-ii-de-la-disparition-du-sg-du-ps-ousmane-tanor-dieng-commemore-ce-15-juillet\/#primaryimage"},"datePublished":"2021-07-15T09:29:25+00:00","dateModified":"2021-07-15T09:29:25+00:00","author":{"@id":"https:\/\/www.nettali.com\/#\/schema\/person\/418274a86bdf87caff7a3ef476bd0bbf"},"breadcrumb":{"@id":"https:\/\/www.nettali.com\/2021\/07\/15\/an-ii-de-la-disparition-du-sg-du-ps-ousmane-tanor-dieng-commemore-ce-15-juillet\/#breadcrumb"},"inLanguage":"fr-FR","potentialAction":[{"@type":"ReadAction","target":["https:\/\/www.nettali.com\/2021\/07\/15\/an-ii-de-la-disparition-du-sg-du-ps-ousmane-tanor-dieng-commemore-ce-15-juillet\/"]}]},{"@type":"BreadcrumbList","@id":"https:\/\/www.nettali.com\/2021\/07\/15\/an-ii-de-la-disparition-du-sg-du-ps-ousmane-tanor-dieng-commemore-ce-15-juillet\/#breadcrumb","itemListElement":[{"@type":"ListItem","position":1,"name":"Accueil","item":"https:\/\/www.nettali.com\/"},{"@type":"ListItem","position":2,"name":"AN II DE LA DISPARITION DU SG DU PS- Ousmane Tanor Dieng comm\u00e9mor\u00e9 ce 15 juillet"}]},{"@type":"Person","@id":"https:\/\/www.nettali.com\/#\/schema\/person\/418274a86bdf87caff7a3ef476bd0bbf","name":"Fatou","image":{"@type":"ImageObject","@id":"https:\/\/www.nettali.com\/#personlogo","inLanguage":"fr-FR","url":"https:\/\/secure.gravatar.com\/avatar\/5a9442a2bee7b4dcf167cab035858e9a?s=96&d=mm&r=g","contentUrl":"https:\/\/secure.gravatar.com\/avatar\/5a9442a2bee7b4dcf167cab035858e9a?s=96&d=mm&r=g","caption":"Fatou"},"sameAs":["https:\/\/www.nettali.com"]}]}},"_links":{"self":[{"href":"https:\/\/www.nettali.com\/rest\/wp\/v2\/posts\/68002"}],"collection":[{"href":"https:\/\/www.nettali.com\/rest\/wp\/v2\/posts"}],"about":[{"href":"https:\/\/www.nettali.com\/rest\/wp\/v2\/types\/post"}],"author":[{"embeddable":true,"href":"https:\/\/www.nettali.com\/rest\/wp\/v2\/users\/6"}],"replies":[{"embeddable":true,"href":"https:\/\/www.nettali.com\/rest\/wp\/v2\/comments?post=68002"}],"version-history":[{"count":3,"href":"https:\/\/www.nettali.com\/rest\/wp\/v2\/posts\/68002\/revisions"}],"predecessor-version":[{"id":68007,"href":"https:\/\/www.nettali.com\/rest\/wp\/v2\/posts\/68002\/revisions\/68007"}],"wp:featuredmedia":[{"embeddable":true,"href":"https:\/\/www.nettali.com\/rest\/wp\/v2\/media\/3937"}],"wp:attachment":[{"href":"https:\/\/www.nettali.com\/rest\/wp\/v2\/media?parent=68002"}],"wp:term":[{"taxonomy":"category","embeddable":true,"href":"https:\/\/www.nettali.com\/rest\/wp\/v2\/categories?post=68002"},{"taxonomy":"post_tag","embeddable":true,"href":"https:\/\/www.nettali.com\/rest\/wp\/v2\/tags?post=68002"}],"curies":[{"name":"wp","href":"https:\/\/api.w.org\/{rel}","templated":true}]}}