{"id":67940,"date":"2021-07-14T11:43:23","date_gmt":"2021-07-14T11:43:23","guid":{"rendered":"https:\/\/www.nettali.com\/?p=67940"},"modified":"2021-07-14T13:25:36","modified_gmt":"2021-07-14T13:25:36","slug":"le-rappeur-doff-ndeye-arrete-pour-menace-de-mort","status":"publish","type":"post","link":"https:\/\/www.nettali.com\/2021\/07\/14\/le-rappeur-doff-ndeye-arrete-pour-menace-de-mort\/","title":{"rendered":"JUSTICE - Le rappeur Doff Nd\u00e8ye arr\u00eat\u00e9 pour \"menace de mort\""},"content":{"rendered":"<p><strong>NETTALI.COM - Le rappeur \"Doff Nd\u00e8ye\" a \u00e9t\u00e9 envoy\u00e9 en prison. Il a \u00e9t\u00e9 inculp\u00e9 pour \"menace de mort\" et devra \u00eatre jug\u00e9 devant le tribunal des flagrants d\u00e9lits de Dakar.<\/strong><\/p>\n<p>Le rappeur Doff Nd\u00e8ye, Alassane Diallo \u00e0 l\u2019\u00e9tat civil, a pass\u00e9, ce mardi, sa premi\u00e8re nuit \u00e0 la prison du Cap Manuel. Il a \u00e9t\u00e9 inculp\u00e9 pour menace de mort avec arme \u00e0 feu. Il est arr\u00eat\u00e9 suite \u00e0 une plainte que son oncle, le petit fr\u00e8re de son p\u00e8re, aurait d\u00e9pos\u00e9e contre lui.<\/p>\n<p>\u00abA chaque fois qu\u2019il rentre ivre \u00e0 la maison, le rappeur s\u2019en prend toujours \u00e0 son oncle en le mena\u00e7ant avec un pistolet \u00bb, informe une source polici\u00e8re. Arr\u00eat\u00e9 par la police de Grand Yoff, Doff Nd\u00e8ye a \u00e9t\u00e9 d\u00e9f\u00e9r\u00e9 au parquet le lundi 12 juillet et plac\u00e9 sous mandat de d\u00e9p\u00f4t, le m\u00eame jour. Ce, en attendant son proc\u00e8s pr\u00e9vu ce mercredi 14 juillet.<\/p>\n<div class='share-to-whatsapp-wrapper'><div class='share-on-whsp'>PARTAGER SUR : <\/div><a data-text='JUSTICE - Le rappeur Doff Nd\u00e8ye arr\u00eat\u00e9 pour \"menace de mort\"' data-link='https:\/\/www.nettali.com\/2021\/07\/14\/le-rappeur-doff-ndeye-arrete-pour-menace-de-mort\/' class='whatsapp-button whatsapp-share'>WhatsApp<\/a><div class='clear '><\/div><\/div>","protected":false},"excerpt":{"rendered":"<p>NETTALI.COM - Le rappeur \"Doff Nd\u00e8ye\" a \u00e9t\u00e9 envoy\u00e9 en prison. Il a \u00e9t\u00e9 inculp\u00e9 pour \"menace de mort\" et devra \u00eatre jug\u00e9 devant le tribunal des flagrants d\u00e9lits de Dakar. Le rappeur Doff Nd\u00e8ye, Alassane Diallo \u00e0 l\u2019\u00e9tat civil, a pass\u00e9, ce mardi, sa premi\u00e8re nuit \u00e0 la prison du Cap Manuel. Il a [&hellip;]<\/p>\n","protected":false},"author":4,"featured_media":67941,"comment_status":"open","ping_status":"open","sticky":false,"template":"","format":"standard","meta":{"_et_pb_use_builder":"","_et_pb_old_content":""},"categories":[3],"tags":[],"yoast_head":"<!-- This site is optimized with the Yoast SEO Premium plugin v17.8 (Yoast SEO v17.8) - https:\/\/yoast.com\/wordpress\/plugins\/seo\/ -->\n<title>JUSTICE - Le rappeur Doff Nd\u00e8ye arr\u00eat\u00e9 pour &quot;menace de mort&quot; | Nettali.com<\/title>\n<meta name=\"robots\" content=\"index, follow, max-snippet:-1, max-image-preview:large, max-video-preview:-1\" \/>\n<link rel=\"canonical\" href=\"https:\/\/www.nettali.com\/2021\/07\/14\/le-rappeur-doff-ndeye-arrete-pour-menace-de-mort\/\" \/>\n<meta property=\"og:locale\" content=\"fr_FR\" \/>\n<meta property=\"og:type\" content=\"article\" \/>\n<meta property=\"og:title\" content=\"JUSTICE - Le rappeur Doff Nd\u00e8ye arr\u00eat\u00e9 pour &quot;menace de mort&quot;\" \/>\n<meta property=\"og:description\" content=\"NETTALI.COM - Le rappeur &quot;Doff Nd\u00e8ye&quot; a \u00e9t\u00e9 envoy\u00e9 en prison. Il a \u00e9t\u00e9 inculp\u00e9 pour &quot;menace de mort&quot; et devra \u00eatre jug\u00e9 devant le tribunal des flagrants d\u00e9lits de Dakar. Le rappeur Doff Nd\u00e8ye, Alassane Diallo \u00e0 l\u2019\u00e9tat civil, a pass\u00e9, ce mardi, sa premi\u00e8re nuit \u00e0 la prison du Cap Manuel. Il a [&hellip;]\" \/>\n<meta property=\"og:url\" content=\"https:\/\/www.nettali.com\/2021\/07\/14\/le-rappeur-doff-ndeye-arrete-pour-menace-de-mort\/\" \/>\n<meta property=\"og:site_name\" content=\"Nettali.com\" \/>\n<meta property=\"article:publisher\" content=\"https:\/\/www.facebook.com\/nettalicom\" \/>\n<meta property=\"article:published_time\" content=\"2021-07-14T11:43:23+00:00\" \/>\n<meta property=\"article:modified_time\" content=\"2021-07-14T13:25:36+00:00\" \/>\n<meta property=\"og:image\" content=\"https:\/\/www.nettali.com\/wp-content\/uploads\/2021\/07\/doff-ndyey.png\" \/>\n\t<meta property=\"og:image:width\" content=\"700\" \/>\n\t<meta property=\"og:image:height\" content=\"466\" \/>\n<meta name=\"twitter:card\" content=\"summary_large_image\" \/>\n<meta name=\"twitter:label1\" content=\"\u00c9crit par\" \/>\n\t<meta name=\"twitter:data1\" content=\"Daouda\" \/>\n\t<meta name=\"twitter:label2\" content=\"Dur\u00e9e de lecture estim\u00e9e\" \/>\n\t<meta name=\"twitter:data2\" content=\"1 minute\" \/>\n<script type=\"application\/ld+json\" class=\"yoast-schema-graph\">{\"@context\":\"https:\/\/schema.org\",\"@graph\":[{\"@type\":\"WebSite\",\"@id\":\"https:\/\/www.nettali.com\/#website\",\"url\":\"https:\/\/www.nettali.com\/\",\"name\":\"Nettali.com\",\"description\":\"Le rendez-vous critique du Net\",\"potentialAction\":[{\"@type\":\"SearchAction\",\"target\":{\"@type\":\"EntryPoint\",\"urlTemplate\":\"https:\/\/www.nettali.com\/?s={search_term_string}\"},\"query-input\":\"required name=search_term_string\"}],\"inLanguage\":\"fr-FR\"},{\"@type\":\"ImageObject\",\"@id\":\"https:\/\/www.nettali.com\/2021\/07\/14\/le-rappeur-doff-ndeye-arrete-pour-menace-de-mort\/#primaryimage\",\"inLanguage\":\"fr-FR\",\"url\":\"https:\/\/www.nettali.com\/wp-content\/uploads\/2021\/07\/doff-ndyey.png\",\"contentUrl\":\"https:\/\/www.nettali.com\/wp-content\/uploads\/2021\/07\/doff-ndyey.png\",\"width\":700,\"height\":466},{\"@type\":\"WebPage\",\"@id\":\"https:\/\/www.nettali.com\/2021\/07\/14\/le-rappeur-doff-ndeye-arrete-pour-menace-de-mort\/#webpage\",\"url\":\"https:\/\/www.nettali.com\/2021\/07\/14\/le-rappeur-doff-ndeye-arrete-pour-menace-de-mort\/\",\"name\":\"JUSTICE - Le rappeur Doff Nd\\u00e8ye arr\\u00eat\\u00e9 pour \\\"menace de mort\\\" | Nettali.com\",\"isPartOf\":{\"@id\":\"https:\/\/www.nettali.com\/#website\"},\"primaryImageOfPage\":{\"@id\":\"https:\/\/www.nettali.com\/2021\/07\/14\/le-rappeur-doff-ndeye-arrete-pour-menace-de-mort\/#primaryimage\"},\"datePublished\":\"2021-07-14T11:43:23+00:00\",\"dateModified\":\"2021-07-14T13:25:36+00:00\",\"author\":{\"@id\":\"https:\/\/www.nettali.com\/#\/schema\/person\/3317e0bb3aa1da309fbf7b2780901bf4\"},\"breadcrumb\":{\"@id\":\"https:\/\/www.nettali.com\/2021\/07\/14\/le-rappeur-doff-ndeye-arrete-pour-menace-de-mort\/#breadcrumb\"},\"inLanguage\":\"fr-FR\",\"potentialAction\":[{\"@type\":\"ReadAction\",\"target\":[\"https:\/\/www.nettali.com\/2021\/07\/14\/le-rappeur-doff-ndeye-arrete-pour-menace-de-mort\/\"]}]},{\"@type\":\"BreadcrumbList\",\"@id\":\"https:\/\/www.nettali.com\/2021\/07\/14\/le-rappeur-doff-ndeye-arrete-pour-menace-de-mort\/#breadcrumb\",\"itemListElement\":[{\"@type\":\"ListItem\",\"position\":1,\"name\":\"Accueil\",\"item\":\"https:\/\/www.nettali.com\/\"},{\"@type\":\"ListItem\",\"position\":2,\"name\":\"JUSTICE &#8211; Le rappeur Doff Nd\\u00e8ye arr\\u00eat\\u00e9 pour \\u00ab\\u00a0menace de mort\\u00a0\\u00bb\"}]},{\"@type\":\"Person\",\"@id\":\"https:\/\/www.nettali.com\/#\/schema\/person\/3317e0bb3aa1da309fbf7b2780901bf4\",\"name\":\"Daouda\",\"image\":{\"@type\":\"ImageObject\",\"@id\":\"https:\/\/www.nettali.com\/#personlogo\",\"inLanguage\":\"fr-FR\",\"url\":\"https:\/\/secure.gravatar.com\/avatar\/8d143b5a49345098ddcfee1c49c2f47c?s=96&d=mm&r=g\",\"contentUrl\":\"https:\/\/secure.gravatar.com\/avatar\/8d143b5a49345098ddcfee1c49c2f47c?s=96&d=mm&r=g\",\"caption\":\"Daouda\"},\"sameAs\":[\"https:\/\/www.nettali.com\"]}]}<\/script>\n<!-- \/ Yoast SEO Premium plugin. -->","yoast_head_json":{"title":"JUSTICE - Le rappeur Doff Nd\u00e8ye arr\u00eat\u00e9 pour \"menace de mort\" | Nettali.com","robots":{"index":"index","follow":"follow","max-snippet":"max-snippet:-1","max-image-preview":"max-image-preview:large","max-video-preview":"max-video-preview:-1"},"canonical":"https:\/\/www.nettali.com\/2021\/07\/14\/le-rappeur-doff-ndeye-arrete-pour-menace-de-mort\/","og_locale":"fr_FR","og_type":"article","og_title":"JUSTICE - Le rappeur Doff Nd\u00e8ye arr\u00eat\u00e9 pour \"menace de mort\"","og_description":"NETTALI.COM - Le rappeur \"Doff Nd\u00e8ye\" a \u00e9t\u00e9 envoy\u00e9 en prison. Il a \u00e9t\u00e9 inculp\u00e9 pour \"menace de mort\" et devra \u00eatre jug\u00e9 devant le tribunal des flagrants d\u00e9lits de Dakar. Le rappeur Doff Nd\u00e8ye, Alassane Diallo \u00e0 l\u2019\u00e9tat civil, a pass\u00e9, ce mardi, sa premi\u00e8re nuit \u00e0 la prison du Cap Manuel. Il a [&hellip;]","og_url":"https:\/\/www.nettali.com\/2021\/07\/14\/le-rappeur-doff-ndeye-arrete-pour-menace-de-mort\/","og_site_name":"Nettali.com","article_publisher":"https:\/\/www.facebook.com\/nettalicom","article_published_time":"2021-07-14T11:43:23+00:00","article_modified_time":"2021-07-14T13:25:36+00:00","og_image":[{"width":700,"height":466,"url":"https:\/\/www.nettali.com\/wp-content\/uploads\/2021\/07\/doff-ndyey.png","type":"image\/png"}],"twitter_card":"summary_large_image","twitter_misc":{"\u00c9crit par":"Daouda","Dur\u00e9e de lecture estim\u00e9e":"1 minute"},"schema":{"@context":"https:\/\/schema.org","@graph":[{"@type":"WebSite","@id":"https:\/\/www.nettali.com\/#website","url":"https:\/\/www.nettali.com\/","name":"Nettali.com","description":"Le rendez-vous critique du Net","potentialAction":[{"@type":"SearchAction","target":{"@type":"EntryPoint","urlTemplate":"https:\/\/www.nettali.com\/?s={search_term_string}"},"query-input":"required name=search_term_string"}],"inLanguage":"fr-FR"},{"@type":"ImageObject","@id":"https:\/\/www.nettali.com\/2021\/07\/14\/le-rappeur-doff-ndeye-arrete-pour-menace-de-mort\/#primaryimage","inLanguage":"fr-FR","url":"https:\/\/www.nettali.com\/wp-content\/uploads\/2021\/07\/doff-ndyey.png","contentUrl":"https:\/\/www.nettali.com\/wp-content\/uploads\/2021\/07\/doff-ndyey.png","width":700,"height":466},{"@type":"WebPage","@id":"https:\/\/www.nettali.com\/2021\/07\/14\/le-rappeur-doff-ndeye-arrete-pour-menace-de-mort\/#webpage","url":"https:\/\/www.nettali.com\/2021\/07\/14\/le-rappeur-doff-ndeye-arrete-pour-menace-de-mort\/","name":"JUSTICE - Le rappeur Doff Nd\u00e8ye arr\u00eat\u00e9 pour \"menace de mort\" | Nettali.com","isPartOf":{"@id":"https:\/\/www.nettali.com\/#website"},"primaryImageOfPage":{"@id":"https:\/\/www.nettali.com\/2021\/07\/14\/le-rappeur-doff-ndeye-arrete-pour-menace-de-mort\/#primaryimage"},"datePublished":"2021-07-14T11:43:23+00:00","dateModified":"2021-07-14T13:25:36+00:00","author":{"@id":"https:\/\/www.nettali.com\/#\/schema\/person\/3317e0bb3aa1da309fbf7b2780901bf4"},"breadcrumb":{"@id":"https:\/\/www.nettali.com\/2021\/07\/14\/le-rappeur-doff-ndeye-arrete-pour-menace-de-mort\/#breadcrumb"},"inLanguage":"fr-FR","potentialAction":[{"@type":"ReadAction","target":["https:\/\/www.nettali.com\/2021\/07\/14\/le-rappeur-doff-ndeye-arrete-pour-menace-de-mort\/"]}]},{"@type":"BreadcrumbList","@id":"https:\/\/www.nettali.com\/2021\/07\/14\/le-rappeur-doff-ndeye-arrete-pour-menace-de-mort\/#breadcrumb","itemListElement":[{"@type":"ListItem","position":1,"name":"Accueil","item":"https:\/\/www.nettali.com\/"},{"@type":"ListItem","position":2,"name":"JUSTICE &#8211; Le rappeur Doff Nd\u00e8ye arr\u00eat\u00e9 pour \u00ab\u00a0menace de mort\u00a0\u00bb"}]},{"@type":"Person","@id":"https:\/\/www.nettali.com\/#\/schema\/person\/3317e0bb3aa1da309fbf7b2780901bf4","name":"Daouda","image":{"@type":"ImageObject","@id":"https:\/\/www.nettali.com\/#personlogo","inLanguage":"fr-FR","url":"https:\/\/secure.gravatar.com\/avatar\/8d143b5a49345098ddcfee1c49c2f47c?s=96&d=mm&r=g","contentUrl":"https:\/\/secure.gravatar.com\/avatar\/8d143b5a49345098ddcfee1c49c2f47c?s=96&d=mm&r=g","caption":"Daouda"},"sameAs":["https:\/\/www.nettali.com"]}]}},"_links":{"self":[{"href":"https:\/\/www.nettali.com\/rest\/wp\/v2\/posts\/67940"}],"collection":[{"href":"https:\/\/www.nettali.com\/rest\/wp\/v2\/posts"}],"about":[{"href":"https:\/\/www.nettali.com\/rest\/wp\/v2\/types\/post"}],"author":[{"embeddable":true,"href":"https:\/\/www.nettali.com\/rest\/wp\/v2\/users\/4"}],"replies":[{"embeddable":true,"href":"https:\/\/www.nettali.com\/rest\/wp\/v2\/comments?post=67940"}],"version-history":[{"count":5,"href":"https:\/\/www.nettali.com\/rest\/wp\/v2\/posts\/67940\/revisions"}],"predecessor-version":[{"id":67960,"href":"https:\/\/www.nettali.com\/rest\/wp\/v2\/posts\/67940\/revisions\/67960"}],"wp:featuredmedia":[{"embeddable":true,"href":"https:\/\/www.nettali.com\/rest\/wp\/v2\/media\/67941"}],"wp:attachment":[{"href":"https:\/\/www.nettali.com\/rest\/wp\/v2\/media?parent=67940"}],"wp:term":[{"taxonomy":"category","embeddable":true,"href":"https:\/\/www.nettali.com\/rest\/wp\/v2\/categories?post=67940"},{"taxonomy":"post_tag","embeddable":true,"href":"https:\/\/www.nettali.com\/rest\/wp\/v2\/tags?post=67940"}],"curies":[{"name":"wp","href":"https:\/\/api.w.org\/{rel}","templated":true}]}}