{"id":67920,"date":"2021-07-14T08:36:22","date_gmt":"2021-07-14T08:36:22","guid":{"rendered":"https:\/\/www.nettali.com\/?p=67920"},"modified":"2021-07-14T13:18:15","modified_gmt":"2021-07-14T13:18:15","slug":"hausse-generalisee-des-prix-les-mesures-du-gouvernement-pour-proteger-le-consommateur","status":"publish","type":"post","link":"https:\/\/www.nettali.com\/2021\/07\/14\/hausse-generalisee-des-prix-les-mesures-du-gouvernement-pour-proteger-le-consommateur\/","title":{"rendered":"HAUSSE GENERALISEE DES PRIX - Les mesures du gouvernement pour prot\u00e9ger le consommateur"},"content":{"rendered":"<p><strong>NETTALI.COM- Pour contenir les prix dont l\u2019un des plus grands pics a \u00e9t\u00e9 not\u00e9 en janvier 2021, le gouvernement, sur instruction du pr\u00e9sident de la R\u00e9publique, a r\u00e9agi \u00e0 travers trois mesures fortes. <\/strong><\/p>\n<p>Face \u00e0 la hausse g\u00e9n\u00e9ralis\u00e9e des prix sur le march\u00e9 s\u00e9n\u00e9galais, l'Etat a pris trois mesures. La premi\u00e8re est, selon le ministre du Commerce, Aminata Assome Diatta \u00ab <em>la taxe sur la valeur ajout\u00e9e appliqu\u00e9e \u00e0 la farine (tva) qui est pass\u00e9e de 18% \u00e0 6 %. Cette mesure a non seulement permis d\u2019\u00e9viter la hausse du prix de la farine et du pain mais aussi entrain\u00e9 une baisse de 2.000 FCFA la tonne au profit des boulangers<\/em> \u00bb.<\/p>\n<p>La deuxi\u00e8me concerne l\u2019application de la taxe d\u2019ajustement \u00e0 l\u2019importation (tai) de 5% sur les huiles brutes de palme, de soja ainsi que de tournesol.<\/p>\n<p>La troisi\u00e8me, est une taxe d\u2019ajustement \u00e0 l\u2019importation (tai) de 35% sur les huiles de palme, de soja et de tournesol raffin\u00e9es et enrichies en vitamine. \u00ab <em>Les tendances des cours mondiaux des denr\u00e9es de premi\u00e8re n\u00e9cessit\u00e9 n\u2019augurent pas une baisse dans un horizon tr\u00e8s proche. Les pr\u00e9visions les plus optimistes tendent plut\u00f4t vers mars 2022<\/em> \u00bb, explique le ministre du Commerce. Avant d\u2019ajouter : \u00ab <em>d\u2019ici l\u00e0, nous esp\u00e9rons que l\u2019Etat, par ces mesures fortes, une bonne r\u00e9gulation du march\u00e9 conjugu\u00e9e \u00e0 une production endog\u00e8ne, arrivera \u00e0 juguler les prix des denr\u00e9es de premi\u00e8re n\u00e9cessit\u00e9<\/em> \u00bb.<\/p>\n<p>Le ministre a rappel\u00e9 que S\u00e9n\u00e9gal a connu huit ann\u00e9es (2012 \u00e0 2019) marqu\u00e9es par une stabilit\u00e9 des prix des denr\u00e9es et produits de consommation courante. Mais aujourd\u2019hui, les consommateurs s\u00e9n\u00e9galais subissent les assauts de la pand\u00e9mie \u00e0 coronavirus.<\/p>\n<p>A l\u2019en croire, cette pand\u00e9mie a frapp\u00e9 de plein fouet toute l\u2019\u00e9conomie mondiale et les pays pauvres n\u2019ont pas \u00e9t\u00e9 \u00e9pargn\u00e9s. \u00ab <em>Notre pays, le S\u00e9n\u00e9gal n\u2019y a pas \u00e9chapp\u00e9. Cette situation s\u2019est traduite entre autres par une hausse g\u00e9n\u00e9ralis\u00e9e de 15 \u00e0 20%, des prix des denr\u00e9es de premi\u00e8re n\u00e9cessit\u00e9 comme le riz, l\u2019huile et l\u2019aliment de b\u00e9tail dont la mati\u00e8re premi\u00e8re (bl\u00e9) est import\u00e9e<\/em> \u00bb, soutient-elle.<\/p>\n<div class='share-to-whatsapp-wrapper'><div class='share-on-whsp'>PARTAGER SUR : <\/div><a data-text='HAUSSE GENERALISEE DES PRIX - Les mesures du gouvernement pour prot\u00e9ger le consommateur' data-link='https:\/\/www.nettali.com\/2021\/07\/14\/hausse-generalisee-des-prix-les-mesures-du-gouvernement-pour-proteger-le-consommateur\/' class='whatsapp-button whatsapp-share'>WhatsApp<\/a><div class='clear '><\/div><\/div>","protected":false},"excerpt":{"rendered":"<p>NETTALI.COM- Pour contenir les prix dont l\u2019un des plus grands pics a \u00e9t\u00e9 not\u00e9 en janvier 2021, le gouvernement, sur instruction du pr\u00e9sident de la R\u00e9publique, a r\u00e9agi \u00e0 travers trois mesures fortes. Face \u00e0 la hausse g\u00e9n\u00e9ralis\u00e9e des prix sur le march\u00e9 s\u00e9n\u00e9galais, l'Etat a pris trois mesures. La premi\u00e8re est, selon le ministre [&hellip;]<\/p>\n","protected":false},"author":6,"featured_media":31531,"comment_status":"open","ping_status":"open","sticky":false,"template":"","format":"standard","meta":{"_et_pb_use_builder":"","_et_pb_old_content":""},"categories":[3],"tags":[],"yoast_head":"<!-- This site is optimized with the Yoast SEO Premium plugin v17.8 (Yoast SEO v17.8) - https:\/\/yoast.com\/wordpress\/plugins\/seo\/ -->\n<title>HAUSSE GENERALISEE DES PRIX - Les mesures du gouvernement pour prot\u00e9ger le consommateur | Nettali.com<\/title>\n<meta name=\"robots\" content=\"index, follow, max-snippet:-1, max-image-preview:large, max-video-preview:-1\" \/>\n<link rel=\"canonical\" href=\"https:\/\/www.nettali.com\/2021\/07\/14\/hausse-generalisee-des-prix-les-mesures-du-gouvernement-pour-proteger-le-consommateur\/\" \/>\n<meta property=\"og:locale\" content=\"fr_FR\" \/>\n<meta property=\"og:type\" content=\"article\" \/>\n<meta property=\"og:title\" content=\"HAUSSE GENERALISEE DES PRIX - Les mesures du gouvernement pour prot\u00e9ger le consommateur\" \/>\n<meta property=\"og:description\" content=\"NETTALI.COM- Pour contenir les prix dont l\u2019un des plus grands pics a \u00e9t\u00e9 not\u00e9 en janvier 2021, le gouvernement, sur instruction du pr\u00e9sident de la R\u00e9publique, a r\u00e9agi \u00e0 travers trois mesures fortes. Face \u00e0 la hausse g\u00e9n\u00e9ralis\u00e9e des prix sur le march\u00e9 s\u00e9n\u00e9galais, l&#039;Etat a pris trois mesures. La premi\u00e8re est, selon le ministre [&hellip;]\" \/>\n<meta property=\"og:url\" content=\"https:\/\/www.nettali.com\/2021\/07\/14\/hausse-generalisee-des-prix-les-mesures-du-gouvernement-pour-proteger-le-consommateur\/\" \/>\n<meta property=\"og:site_name\" content=\"Nettali.com\" \/>\n<meta property=\"article:publisher\" content=\"https:\/\/www.facebook.com\/nettalicom\" \/>\n<meta property=\"article:published_time\" content=\"2021-07-14T08:36:22+00:00\" \/>\n<meta property=\"article:modified_time\" content=\"2021-07-14T13:18:15+00:00\" \/>\n<meta property=\"og:image\" content=\"https:\/\/www.nettali.com\/wp-content\/uploads\/2020\/03\/Aminata-Assome-Diatta.jpg\" \/>\n\t<meta property=\"og:image:width\" content=\"650\" \/>\n\t<meta property=\"og:image:height\" content=\"377\" \/>\n<meta name=\"twitter:card\" content=\"summary_large_image\" \/>\n<meta name=\"twitter:label1\" content=\"\u00c9crit par\" \/>\n\t<meta name=\"twitter:data1\" content=\"Fatou\" \/>\n\t<meta name=\"twitter:label2\" content=\"Dur\u00e9e de lecture estim\u00e9e\" \/>\n\t<meta name=\"twitter:data2\" content=\"2 minutes\" \/>\n<script type=\"application\/ld+json\" class=\"yoast-schema-graph\">{\"@context\":\"https:\/\/schema.org\",\"@graph\":[{\"@type\":\"WebSite\",\"@id\":\"https:\/\/www.nettali.com\/#website\",\"url\":\"https:\/\/www.nettali.com\/\",\"name\":\"Nettali.com\",\"description\":\"Le rendez-vous critique du Net\",\"potentialAction\":[{\"@type\":\"SearchAction\",\"target\":{\"@type\":\"EntryPoint\",\"urlTemplate\":\"https:\/\/www.nettali.com\/?s={search_term_string}\"},\"query-input\":\"required name=search_term_string\"}],\"inLanguage\":\"fr-FR\"},{\"@type\":\"ImageObject\",\"@id\":\"https:\/\/www.nettali.com\/2021\/07\/14\/hausse-generalisee-des-prix-les-mesures-du-gouvernement-pour-proteger-le-consommateur\/#primaryimage\",\"inLanguage\":\"fr-FR\",\"url\":\"https:\/\/www.nettali.com\/wp-content\/uploads\/2020\/03\/Aminata-Assome-Diatta.jpg\",\"contentUrl\":\"https:\/\/www.nettali.com\/wp-content\/uploads\/2020\/03\/Aminata-Assome-Diatta.jpg\",\"width\":650,\"height\":377},{\"@type\":\"WebPage\",\"@id\":\"https:\/\/www.nettali.com\/2021\/07\/14\/hausse-generalisee-des-prix-les-mesures-du-gouvernement-pour-proteger-le-consommateur\/#webpage\",\"url\":\"https:\/\/www.nettali.com\/2021\/07\/14\/hausse-generalisee-des-prix-les-mesures-du-gouvernement-pour-proteger-le-consommateur\/\",\"name\":\"HAUSSE GENERALISEE DES PRIX - Les mesures du gouvernement pour prot\\u00e9ger le consommateur | Nettali.com\",\"isPartOf\":{\"@id\":\"https:\/\/www.nettali.com\/#website\"},\"primaryImageOfPage\":{\"@id\":\"https:\/\/www.nettali.com\/2021\/07\/14\/hausse-generalisee-des-prix-les-mesures-du-gouvernement-pour-proteger-le-consommateur\/#primaryimage\"},\"datePublished\":\"2021-07-14T08:36:22+00:00\",\"dateModified\":\"2021-07-14T13:18:15+00:00\",\"author\":{\"@id\":\"https:\/\/www.nettali.com\/#\/schema\/person\/418274a86bdf87caff7a3ef476bd0bbf\"},\"breadcrumb\":{\"@id\":\"https:\/\/www.nettali.com\/2021\/07\/14\/hausse-generalisee-des-prix-les-mesures-du-gouvernement-pour-proteger-le-consommateur\/#breadcrumb\"},\"inLanguage\":\"fr-FR\",\"potentialAction\":[{\"@type\":\"ReadAction\",\"target\":[\"https:\/\/www.nettali.com\/2021\/07\/14\/hausse-generalisee-des-prix-les-mesures-du-gouvernement-pour-proteger-le-consommateur\/\"]}]},{\"@type\":\"BreadcrumbList\",\"@id\":\"https:\/\/www.nettali.com\/2021\/07\/14\/hausse-generalisee-des-prix-les-mesures-du-gouvernement-pour-proteger-le-consommateur\/#breadcrumb\",\"itemListElement\":[{\"@type\":\"ListItem\",\"position\":1,\"name\":\"Accueil\",\"item\":\"https:\/\/www.nettali.com\/\"},{\"@type\":\"ListItem\",\"position\":2,\"name\":\"HAUSSE GENERALISEE DES PRIX &#8211; Les mesures du gouvernement pour prot\\u00e9ger le consommateur\"}]},{\"@type\":\"Person\",\"@id\":\"https:\/\/www.nettali.com\/#\/schema\/person\/418274a86bdf87caff7a3ef476bd0bbf\",\"name\":\"Fatou\",\"image\":{\"@type\":\"ImageObject\",\"@id\":\"https:\/\/www.nettali.com\/#personlogo\",\"inLanguage\":\"fr-FR\",\"url\":\"https:\/\/secure.gravatar.com\/avatar\/5a9442a2bee7b4dcf167cab035858e9a?s=96&d=mm&r=g\",\"contentUrl\":\"https:\/\/secure.gravatar.com\/avatar\/5a9442a2bee7b4dcf167cab035858e9a?s=96&d=mm&r=g\",\"caption\":\"Fatou\"},\"sameAs\":[\"https:\/\/www.nettali.com\"]}]}<\/script>\n<!-- \/ Yoast SEO Premium plugin. -->","yoast_head_json":{"title":"HAUSSE GENERALISEE DES PRIX - Les mesures du gouvernement pour prot\u00e9ger le consommateur | Nettali.com","robots":{"index":"index","follow":"follow","max-snippet":"max-snippet:-1","max-image-preview":"max-image-preview:large","max-video-preview":"max-video-preview:-1"},"canonical":"https:\/\/www.nettali.com\/2021\/07\/14\/hausse-generalisee-des-prix-les-mesures-du-gouvernement-pour-proteger-le-consommateur\/","og_locale":"fr_FR","og_type":"article","og_title":"HAUSSE GENERALISEE DES PRIX - Les mesures du gouvernement pour prot\u00e9ger le consommateur","og_description":"NETTALI.COM- Pour contenir les prix dont l\u2019un des plus grands pics a \u00e9t\u00e9 not\u00e9 en janvier 2021, le gouvernement, sur instruction du pr\u00e9sident de la R\u00e9publique, a r\u00e9agi \u00e0 travers trois mesures fortes. Face \u00e0 la hausse g\u00e9n\u00e9ralis\u00e9e des prix sur le march\u00e9 s\u00e9n\u00e9galais, l'Etat a pris trois mesures. La premi\u00e8re est, selon le ministre [&hellip;]","og_url":"https:\/\/www.nettali.com\/2021\/07\/14\/hausse-generalisee-des-prix-les-mesures-du-gouvernement-pour-proteger-le-consommateur\/","og_site_name":"Nettali.com","article_publisher":"https:\/\/www.facebook.com\/nettalicom","article_published_time":"2021-07-14T08:36:22+00:00","article_modified_time":"2021-07-14T13:18:15+00:00","og_image":[{"width":650,"height":377,"url":"https:\/\/www.nettali.com\/wp-content\/uploads\/2020\/03\/Aminata-Assome-Diatta.jpg","type":"image\/jpeg"}],"twitter_card":"summary_large_image","twitter_misc":{"\u00c9crit par":"Fatou","Dur\u00e9e de lecture estim\u00e9e":"2 minutes"},"schema":{"@context":"https:\/\/schema.org","@graph":[{"@type":"WebSite","@id":"https:\/\/www.nettali.com\/#website","url":"https:\/\/www.nettali.com\/","name":"Nettali.com","description":"Le rendez-vous critique du Net","potentialAction":[{"@type":"SearchAction","target":{"@type":"EntryPoint","urlTemplate":"https:\/\/www.nettali.com\/?s={search_term_string}"},"query-input":"required name=search_term_string"}],"inLanguage":"fr-FR"},{"@type":"ImageObject","@id":"https:\/\/www.nettali.com\/2021\/07\/14\/hausse-generalisee-des-prix-les-mesures-du-gouvernement-pour-proteger-le-consommateur\/#primaryimage","inLanguage":"fr-FR","url":"https:\/\/www.nettali.com\/wp-content\/uploads\/2020\/03\/Aminata-Assome-Diatta.jpg","contentUrl":"https:\/\/www.nettali.com\/wp-content\/uploads\/2020\/03\/Aminata-Assome-Diatta.jpg","width":650,"height":377},{"@type":"WebPage","@id":"https:\/\/www.nettali.com\/2021\/07\/14\/hausse-generalisee-des-prix-les-mesures-du-gouvernement-pour-proteger-le-consommateur\/#webpage","url":"https:\/\/www.nettali.com\/2021\/07\/14\/hausse-generalisee-des-prix-les-mesures-du-gouvernement-pour-proteger-le-consommateur\/","name":"HAUSSE GENERALISEE DES PRIX - Les mesures du gouvernement pour prot\u00e9ger le consommateur | Nettali.com","isPartOf":{"@id":"https:\/\/www.nettali.com\/#website"},"primaryImageOfPage":{"@id":"https:\/\/www.nettali.com\/2021\/07\/14\/hausse-generalisee-des-prix-les-mesures-du-gouvernement-pour-proteger-le-consommateur\/#primaryimage"},"datePublished":"2021-07-14T08:36:22+00:00","dateModified":"2021-07-14T13:18:15+00:00","author":{"@id":"https:\/\/www.nettali.com\/#\/schema\/person\/418274a86bdf87caff7a3ef476bd0bbf"},"breadcrumb":{"@id":"https:\/\/www.nettali.com\/2021\/07\/14\/hausse-generalisee-des-prix-les-mesures-du-gouvernement-pour-proteger-le-consommateur\/#breadcrumb"},"inLanguage":"fr-FR","potentialAction":[{"@type":"ReadAction","target":["https:\/\/www.nettali.com\/2021\/07\/14\/hausse-generalisee-des-prix-les-mesures-du-gouvernement-pour-proteger-le-consommateur\/"]}]},{"@type":"BreadcrumbList","@id":"https:\/\/www.nettali.com\/2021\/07\/14\/hausse-generalisee-des-prix-les-mesures-du-gouvernement-pour-proteger-le-consommateur\/#breadcrumb","itemListElement":[{"@type":"ListItem","position":1,"name":"Accueil","item":"https:\/\/www.nettali.com\/"},{"@type":"ListItem","position":2,"name":"HAUSSE GENERALISEE DES PRIX &#8211; Les mesures du gouvernement pour prot\u00e9ger le consommateur"}]},{"@type":"Person","@id":"https:\/\/www.nettali.com\/#\/schema\/person\/418274a86bdf87caff7a3ef476bd0bbf","name":"Fatou","image":{"@type":"ImageObject","@id":"https:\/\/www.nettali.com\/#personlogo","inLanguage":"fr-FR","url":"https:\/\/secure.gravatar.com\/avatar\/5a9442a2bee7b4dcf167cab035858e9a?s=96&d=mm&r=g","contentUrl":"https:\/\/secure.gravatar.com\/avatar\/5a9442a2bee7b4dcf167cab035858e9a?s=96&d=mm&r=g","caption":"Fatou"},"sameAs":["https:\/\/www.nettali.com"]}]}},"_links":{"self":[{"href":"https:\/\/www.nettali.com\/rest\/wp\/v2\/posts\/67920"}],"collection":[{"href":"https:\/\/www.nettali.com\/rest\/wp\/v2\/posts"}],"about":[{"href":"https:\/\/www.nettali.com\/rest\/wp\/v2\/types\/post"}],"author":[{"embeddable":true,"href":"https:\/\/www.nettali.com\/rest\/wp\/v2\/users\/6"}],"replies":[{"embeddable":true,"href":"https:\/\/www.nettali.com\/rest\/wp\/v2\/comments?post=67920"}],"version-history":[{"count":3,"href":"https:\/\/www.nettali.com\/rest\/wp\/v2\/posts\/67920\/revisions"}],"predecessor-version":[{"id":67952,"href":"https:\/\/www.nettali.com\/rest\/wp\/v2\/posts\/67920\/revisions\/67952"}],"wp:featuredmedia":[{"embeddable":true,"href":"https:\/\/www.nettali.com\/rest\/wp\/v2\/media\/31531"}],"wp:attachment":[{"href":"https:\/\/www.nettali.com\/rest\/wp\/v2\/media?parent=67920"}],"wp:term":[{"taxonomy":"category","embeddable":true,"href":"https:\/\/www.nettali.com\/rest\/wp\/v2\/categories?post=67920"},{"taxonomy":"post_tag","embeddable":true,"href":"https:\/\/www.nettali.com\/rest\/wp\/v2\/tags?post=67920"}],"curies":[{"name":"wp","href":"https:\/\/api.w.org\/{rel}","templated":true}]}}