{"id":67815,"date":"2021-07-12T17:24:36","date_gmt":"2021-07-12T17:24:36","guid":{"rendered":"https:\/\/www.nettali.com\/?p=67815"},"modified":"2021-07-12T17:24:36","modified_gmt":"2021-07-12T17:24:36","slug":"boughazelli-sur-sa-liberte-provisoire-est-ce-que-ousmane-sonko-est-plus-meritant-que-moi","status":"publish","type":"post","link":"https:\/\/www.nettali.com\/2021\/07\/12\/boughazelli-sur-sa-liberte-provisoire-est-ce-que-ousmane-sonko-est-plus-meritant-que-moi\/","title":{"rendered":"Boughazelli sur sa libert\u00e9 provisoire : \"Est-ce que Ousmane Sonko est plus m\u00e9ritant que moi...\""},"content":{"rendered":"<p><strong>NETTALI.COM- Seydina Fall dit Boughazelli ass\u00e8ne ses v\u00e9rit\u00e9. A ceux qui s'offusquent de la libert\u00e9 provisoire qu'il a obtenu dans l'affaire des faux billets, l\u2019ex-d\u00e9put\u00e9 se compare au leader de Pastef\/Les Patriotes, Ousmane Sonko, accus\u00e9 de viols r\u00e9p\u00e9t\u00e9s et menaces de mort par Adji Sarr, une jeune masseuse, et plac\u00e9 sous contr\u00f4le judiciaire.<\/strong><\/p>\n<p><em>\"Depuis deux ans, je suis en libert\u00e9 provisoire, mais pourquoi cela doit d\u00e9ranger ?\"<\/em> peste-t-il. <em>\"Ousmane Sonko est plac\u00e9 sous contr\u00f4le judiciaire. Est-ce qu\u2019il est plus m\u00e9ritant que moi. Mes avocats ont suivi toute la proc\u00e9dure normale et la libert\u00e9 provisoire m\u2019a \u00e9t\u00e9 accord\u00e9e. Rien d\u2019anormal dans tout cela. Mais retenez une chose, j\u2019attends avec impatience la tenue de mon proc\u00e8s pour que les S\u00e9n\u00e9galais puissent savoir que je suis blanc comme neige dans cette affaire. Je n\u2019ai rien \u00e0 me reprocher dans ce dossier. Et le Doyen des juges avait boucl\u00e9 l\u2019enqu\u00eate depuis longtemps avant m\u00eame que je ne b\u00e9n\u00e9ficie d\u2019une libert\u00e9 provisoire\",<\/em> fait-il remarquer.<\/p>\n<p>Pour convaincre l'opinion, il ajoute que toutes les personnes qui \u00e9taient arr\u00eat\u00e9es dans le cadre de ce dossier sont libres.<em> \"Je suis pr\u00eat \u00e0 me mettre \u00e0 la disposition de la justice dans cette affaire de faux billets\",<\/em> dit-il \u00e0 nos confr\u00e8res d'ITV.<\/p>\n<div class='share-to-whatsapp-wrapper'><div class='share-on-whsp'>PARTAGER SUR : <\/div><a data-text='Boughazelli sur sa libert\u00e9 provisoire : \"Est-ce que Ousmane Sonko est plus m\u00e9ritant que moi...\"' data-link='https:\/\/www.nettali.com\/2021\/07\/12\/boughazelli-sur-sa-liberte-provisoire-est-ce-que-ousmane-sonko-est-plus-meritant-que-moi\/' class='whatsapp-button whatsapp-share'>WhatsApp<\/a><div class='clear '><\/div><\/div>","protected":false},"excerpt":{"rendered":"<p>NETTALI.COM- Seydina Fall dit Boughazelli ass\u00e8ne ses v\u00e9rit\u00e9. A ceux qui s'offusquent de la libert\u00e9 provisoire qu'il a obtenu dans l'affaire des faux billets, l\u2019ex-d\u00e9put\u00e9 se compare au leader de Pastef\/Les Patriotes, Ousmane Sonko, accus\u00e9 de viols r\u00e9p\u00e9t\u00e9s et menaces de mort par Adji Sarr, une jeune masseuse, et plac\u00e9 sous contr\u00f4le judiciaire. \"Depuis deux [&hellip;]<\/p>\n","protected":false},"author":4,"featured_media":22197,"comment_status":"open","ping_status":"open","sticky":false,"template":"","format":"standard","meta":{"_et_pb_use_builder":"","_et_pb_old_content":""},"categories":[3],"tags":[],"yoast_head":"<!-- This site is optimized with the Yoast SEO Premium plugin v17.8 (Yoast SEO v17.8) - https:\/\/yoast.com\/wordpress\/plugins\/seo\/ -->\n<title>Boughazelli sur sa libert\u00e9 provisoire : &quot;Est-ce que Ousmane Sonko est plus m\u00e9ritant que moi...&quot; | Nettali.com<\/title>\n<meta name=\"robots\" content=\"index, follow, max-snippet:-1, max-image-preview:large, max-video-preview:-1\" \/>\n<link rel=\"canonical\" href=\"https:\/\/www.nettali.com\/2021\/07\/12\/boughazelli-sur-sa-liberte-provisoire-est-ce-que-ousmane-sonko-est-plus-meritant-que-moi\/\" \/>\n<meta property=\"og:locale\" content=\"fr_FR\" \/>\n<meta property=\"og:type\" content=\"article\" \/>\n<meta property=\"og:title\" content=\"Boughazelli sur sa libert\u00e9 provisoire : &quot;Est-ce que Ousmane Sonko est plus m\u00e9ritant que moi...&quot;\" \/>\n<meta property=\"og:description\" content=\"NETTALI.COM- Seydina Fall dit Boughazelli ass\u00e8ne ses v\u00e9rit\u00e9. A ceux qui s&#039;offusquent de la libert\u00e9 provisoire qu&#039;il a obtenu dans l&#039;affaire des faux billets, l\u2019ex-d\u00e9put\u00e9 se compare au leader de Pastef\/Les Patriotes, Ousmane Sonko, accus\u00e9 de viols r\u00e9p\u00e9t\u00e9s et menaces de mort par Adji Sarr, une jeune masseuse, et plac\u00e9 sous contr\u00f4le judiciaire. &quot;Depuis deux [&hellip;]\" \/>\n<meta property=\"og:url\" content=\"https:\/\/www.nettali.com\/2021\/07\/12\/boughazelli-sur-sa-liberte-provisoire-est-ce-que-ousmane-sonko-est-plus-meritant-que-moi\/\" \/>\n<meta property=\"og:site_name\" content=\"Nettali.com\" \/>\n<meta property=\"article:publisher\" content=\"https:\/\/www.facebook.com\/nettalicom\" \/>\n<meta property=\"article:published_time\" content=\"2021-07-12T17:24:36+00:00\" \/>\n<meta property=\"og:image\" content=\"https:\/\/www.nettali.com\/wp-content\/uploads\/2019\/11\/Bougazelli-e1573831907444.jpg\" \/>\n\t<meta property=\"og:image:width\" content=\"638\" \/>\n\t<meta property=\"og:image:height\" content=\"389\" \/>\n<meta name=\"twitter:card\" content=\"summary_large_image\" \/>\n<meta name=\"twitter:label1\" content=\"\u00c9crit par\" \/>\n\t<meta name=\"twitter:data1\" content=\"Daouda\" \/>\n\t<meta name=\"twitter:label2\" content=\"Dur\u00e9e de lecture estim\u00e9e\" \/>\n\t<meta name=\"twitter:data2\" content=\"1 minute\" \/>\n<script type=\"application\/ld+json\" class=\"yoast-schema-graph\">{\"@context\":\"https:\/\/schema.org\",\"@graph\":[{\"@type\":\"WebSite\",\"@id\":\"https:\/\/www.nettali.com\/#website\",\"url\":\"https:\/\/www.nettali.com\/\",\"name\":\"Nettali.com\",\"description\":\"Le rendez-vous critique du Net\",\"potentialAction\":[{\"@type\":\"SearchAction\",\"target\":{\"@type\":\"EntryPoint\",\"urlTemplate\":\"https:\/\/www.nettali.com\/?s={search_term_string}\"},\"query-input\":\"required name=search_term_string\"}],\"inLanguage\":\"fr-FR\"},{\"@type\":\"ImageObject\",\"@id\":\"https:\/\/www.nettali.com\/2021\/07\/12\/boughazelli-sur-sa-liberte-provisoire-est-ce-que-ousmane-sonko-est-plus-meritant-que-moi\/#primaryimage\",\"inLanguage\":\"fr-FR\",\"url\":\"https:\/\/www.nettali.com\/wp-content\/uploads\/2019\/11\/Bougazelli-e1573831907444.jpg\",\"contentUrl\":\"https:\/\/www.nettali.com\/wp-content\/uploads\/2019\/11\/Bougazelli-e1573831907444.jpg\",\"width\":638,\"height\":389},{\"@type\":\"WebPage\",\"@id\":\"https:\/\/www.nettali.com\/2021\/07\/12\/boughazelli-sur-sa-liberte-provisoire-est-ce-que-ousmane-sonko-est-plus-meritant-que-moi\/#webpage\",\"url\":\"https:\/\/www.nettali.com\/2021\/07\/12\/boughazelli-sur-sa-liberte-provisoire-est-ce-que-ousmane-sonko-est-plus-meritant-que-moi\/\",\"name\":\"Boughazelli sur sa libert\\u00e9 provisoire : \\\"Est-ce que Ousmane Sonko est plus m\\u00e9ritant que moi...\\\" | Nettali.com\",\"isPartOf\":{\"@id\":\"https:\/\/www.nettali.com\/#website\"},\"primaryImageOfPage\":{\"@id\":\"https:\/\/www.nettali.com\/2021\/07\/12\/boughazelli-sur-sa-liberte-provisoire-est-ce-que-ousmane-sonko-est-plus-meritant-que-moi\/#primaryimage\"},\"datePublished\":\"2021-07-12T17:24:36+00:00\",\"dateModified\":\"2021-07-12T17:24:36+00:00\",\"author\":{\"@id\":\"https:\/\/www.nettali.com\/#\/schema\/person\/3317e0bb3aa1da309fbf7b2780901bf4\"},\"breadcrumb\":{\"@id\":\"https:\/\/www.nettali.com\/2021\/07\/12\/boughazelli-sur-sa-liberte-provisoire-est-ce-que-ousmane-sonko-est-plus-meritant-que-moi\/#breadcrumb\"},\"inLanguage\":\"fr-FR\",\"potentialAction\":[{\"@type\":\"ReadAction\",\"target\":[\"https:\/\/www.nettali.com\/2021\/07\/12\/boughazelli-sur-sa-liberte-provisoire-est-ce-que-ousmane-sonko-est-plus-meritant-que-moi\/\"]}]},{\"@type\":\"BreadcrumbList\",\"@id\":\"https:\/\/www.nettali.com\/2021\/07\/12\/boughazelli-sur-sa-liberte-provisoire-est-ce-que-ousmane-sonko-est-plus-meritant-que-moi\/#breadcrumb\",\"itemListElement\":[{\"@type\":\"ListItem\",\"position\":1,\"name\":\"Accueil\",\"item\":\"https:\/\/www.nettali.com\/\"},{\"@type\":\"ListItem\",\"position\":2,\"name\":\"Boughazelli sur sa libert\\u00e9 provisoire : \\u00ab\\u00a0Est-ce que Ousmane Sonko est plus m\\u00e9ritant que moi&#8230;\\u00a0\\u00bb\"}]},{\"@type\":\"Person\",\"@id\":\"https:\/\/www.nettali.com\/#\/schema\/person\/3317e0bb3aa1da309fbf7b2780901bf4\",\"name\":\"Daouda\",\"image\":{\"@type\":\"ImageObject\",\"@id\":\"https:\/\/www.nettali.com\/#personlogo\",\"inLanguage\":\"fr-FR\",\"url\":\"https:\/\/secure.gravatar.com\/avatar\/8d143b5a49345098ddcfee1c49c2f47c?s=96&d=mm&r=g\",\"contentUrl\":\"https:\/\/secure.gravatar.com\/avatar\/8d143b5a49345098ddcfee1c49c2f47c?s=96&d=mm&r=g\",\"caption\":\"Daouda\"},\"sameAs\":[\"https:\/\/www.nettali.com\"]}]}<\/script>\n<!-- \/ Yoast SEO Premium plugin. -->","yoast_head_json":{"title":"Boughazelli sur sa libert\u00e9 provisoire : \"Est-ce que Ousmane Sonko est plus m\u00e9ritant que moi...\" | Nettali.com","robots":{"index":"index","follow":"follow","max-snippet":"max-snippet:-1","max-image-preview":"max-image-preview:large","max-video-preview":"max-video-preview:-1"},"canonical":"https:\/\/www.nettali.com\/2021\/07\/12\/boughazelli-sur-sa-liberte-provisoire-est-ce-que-ousmane-sonko-est-plus-meritant-que-moi\/","og_locale":"fr_FR","og_type":"article","og_title":"Boughazelli sur sa libert\u00e9 provisoire : \"Est-ce que Ousmane Sonko est plus m\u00e9ritant que moi...\"","og_description":"NETTALI.COM- Seydina Fall dit Boughazelli ass\u00e8ne ses v\u00e9rit\u00e9. A ceux qui s'offusquent de la libert\u00e9 provisoire qu'il a obtenu dans l'affaire des faux billets, l\u2019ex-d\u00e9put\u00e9 se compare au leader de Pastef\/Les Patriotes, Ousmane Sonko, accus\u00e9 de viols r\u00e9p\u00e9t\u00e9s et menaces de mort par Adji Sarr, une jeune masseuse, et plac\u00e9 sous contr\u00f4le judiciaire. \"Depuis deux [&hellip;]","og_url":"https:\/\/www.nettali.com\/2021\/07\/12\/boughazelli-sur-sa-liberte-provisoire-est-ce-que-ousmane-sonko-est-plus-meritant-que-moi\/","og_site_name":"Nettali.com","article_publisher":"https:\/\/www.facebook.com\/nettalicom","article_published_time":"2021-07-12T17:24:36+00:00","og_image":[{"width":638,"height":389,"url":"https:\/\/www.nettali.com\/wp-content\/uploads\/2019\/11\/Bougazelli-e1573831907444.jpg","type":"image\/jpeg"}],"twitter_card":"summary_large_image","twitter_misc":{"\u00c9crit par":"Daouda","Dur\u00e9e de lecture estim\u00e9e":"1 minute"},"schema":{"@context":"https:\/\/schema.org","@graph":[{"@type":"WebSite","@id":"https:\/\/www.nettali.com\/#website","url":"https:\/\/www.nettali.com\/","name":"Nettali.com","description":"Le rendez-vous critique du Net","potentialAction":[{"@type":"SearchAction","target":{"@type":"EntryPoint","urlTemplate":"https:\/\/www.nettali.com\/?s={search_term_string}"},"query-input":"required name=search_term_string"}],"inLanguage":"fr-FR"},{"@type":"ImageObject","@id":"https:\/\/www.nettali.com\/2021\/07\/12\/boughazelli-sur-sa-liberte-provisoire-est-ce-que-ousmane-sonko-est-plus-meritant-que-moi\/#primaryimage","inLanguage":"fr-FR","url":"https:\/\/www.nettali.com\/wp-content\/uploads\/2019\/11\/Bougazelli-e1573831907444.jpg","contentUrl":"https:\/\/www.nettali.com\/wp-content\/uploads\/2019\/11\/Bougazelli-e1573831907444.jpg","width":638,"height":389},{"@type":"WebPage","@id":"https:\/\/www.nettali.com\/2021\/07\/12\/boughazelli-sur-sa-liberte-provisoire-est-ce-que-ousmane-sonko-est-plus-meritant-que-moi\/#webpage","url":"https:\/\/www.nettali.com\/2021\/07\/12\/boughazelli-sur-sa-liberte-provisoire-est-ce-que-ousmane-sonko-est-plus-meritant-que-moi\/","name":"Boughazelli sur sa libert\u00e9 provisoire : \"Est-ce que Ousmane Sonko est plus m\u00e9ritant que moi...\" | Nettali.com","isPartOf":{"@id":"https:\/\/www.nettali.com\/#website"},"primaryImageOfPage":{"@id":"https:\/\/www.nettali.com\/2021\/07\/12\/boughazelli-sur-sa-liberte-provisoire-est-ce-que-ousmane-sonko-est-plus-meritant-que-moi\/#primaryimage"},"datePublished":"2021-07-12T17:24:36+00:00","dateModified":"2021-07-12T17:24:36+00:00","author":{"@id":"https:\/\/www.nettali.com\/#\/schema\/person\/3317e0bb3aa1da309fbf7b2780901bf4"},"breadcrumb":{"@id":"https:\/\/www.nettali.com\/2021\/07\/12\/boughazelli-sur-sa-liberte-provisoire-est-ce-que-ousmane-sonko-est-plus-meritant-que-moi\/#breadcrumb"},"inLanguage":"fr-FR","potentialAction":[{"@type":"ReadAction","target":["https:\/\/www.nettali.com\/2021\/07\/12\/boughazelli-sur-sa-liberte-provisoire-est-ce-que-ousmane-sonko-est-plus-meritant-que-moi\/"]}]},{"@type":"BreadcrumbList","@id":"https:\/\/www.nettali.com\/2021\/07\/12\/boughazelli-sur-sa-liberte-provisoire-est-ce-que-ousmane-sonko-est-plus-meritant-que-moi\/#breadcrumb","itemListElement":[{"@type":"ListItem","position":1,"name":"Accueil","item":"https:\/\/www.nettali.com\/"},{"@type":"ListItem","position":2,"name":"Boughazelli sur sa libert\u00e9 provisoire : \u00ab\u00a0Est-ce que Ousmane Sonko est plus m\u00e9ritant que moi&#8230;\u00a0\u00bb"}]},{"@type":"Person","@id":"https:\/\/www.nettali.com\/#\/schema\/person\/3317e0bb3aa1da309fbf7b2780901bf4","name":"Daouda","image":{"@type":"ImageObject","@id":"https:\/\/www.nettali.com\/#personlogo","inLanguage":"fr-FR","url":"https:\/\/secure.gravatar.com\/avatar\/8d143b5a49345098ddcfee1c49c2f47c?s=96&d=mm&r=g","contentUrl":"https:\/\/secure.gravatar.com\/avatar\/8d143b5a49345098ddcfee1c49c2f47c?s=96&d=mm&r=g","caption":"Daouda"},"sameAs":["https:\/\/www.nettali.com"]}]}},"_links":{"self":[{"href":"https:\/\/www.nettali.com\/rest\/wp\/v2\/posts\/67815"}],"collection":[{"href":"https:\/\/www.nettali.com\/rest\/wp\/v2\/posts"}],"about":[{"href":"https:\/\/www.nettali.com\/rest\/wp\/v2\/types\/post"}],"author":[{"embeddable":true,"href":"https:\/\/www.nettali.com\/rest\/wp\/v2\/users\/4"}],"replies":[{"embeddable":true,"href":"https:\/\/www.nettali.com\/rest\/wp\/v2\/comments?post=67815"}],"version-history":[{"count":1,"href":"https:\/\/www.nettali.com\/rest\/wp\/v2\/posts\/67815\/revisions"}],"predecessor-version":[{"id":67816,"href":"https:\/\/www.nettali.com\/rest\/wp\/v2\/posts\/67815\/revisions\/67816"}],"wp:featuredmedia":[{"embeddable":true,"href":"https:\/\/www.nettali.com\/rest\/wp\/v2\/media\/22197"}],"wp:attachment":[{"href":"https:\/\/www.nettali.com\/rest\/wp\/v2\/media?parent=67815"}],"wp:term":[{"taxonomy":"category","embeddable":true,"href":"https:\/\/www.nettali.com\/rest\/wp\/v2\/categories?post=67815"},{"taxonomy":"post_tag","embeddable":true,"href":"https:\/\/www.nettali.com\/rest\/wp\/v2\/tags?post=67815"}],"curies":[{"name":"wp","href":"https:\/\/api.w.org\/{rel}","templated":true}]}}