{"id":67599,"date":"2021-07-09T08:30:01","date_gmt":"2021-07-09T08:30:01","guid":{"rendered":"https:\/\/www.nettali.com\/?p=67599"},"modified":"2021-07-09T18:03:32","modified_gmt":"2021-07-09T18:03:32","slug":"accuse-de-faire-la-promotion-des-lgbt-waly-seck-traine-ses-detracteurs-en-justice","status":"publish","type":"post","link":"https:\/\/www.nettali.com\/2021\/07\/09\/accuse-de-faire-la-promotion-des-lgbt-waly-seck-traine-ses-detracteurs-en-justice\/","title":{"rendered":"ACCUS\u00c9 DE FAIRE LA PROMOTION DES LGBT- Waly Seck traine ses d\u00e9tracteurs en justice"},"content":{"rendered":"<p><strong>NETTALI.COM- Des personnes qui indexent l\u2019artiste Waly Seck comme \u00e9tant celui qui fait la promotion des homos? sont convoqu\u00e9es au tribunal? suite \u00e0 la plainte de l\u2019artiste.<\/strong><\/p>\n<p>Le chanteur Waly Seck ne badine pas. Il a mis ses menaces \u00e0 ex\u00e9cution en d\u00e9posant des plaintes contre ceux qui l\u2019accusent de faire la promotion des homosexuels. Certains parmi ces derniers ont d\u00e9j\u00e0 re\u00e7u leur convocation. Il s\u2019agit du jeune Khaly Sall de Niandane, l\u2019animateur religieux Oustaz Mactar Sarr et Jupiter Diagne de la DTV et patron du groupe Excaf T\u00e9l\u00e9com. C\u2019est \u00e0 travers les avocats du chanteur qu\u2019une citation directe leur a \u00e9t\u00e9 envoy\u00e9e.<\/p>\n<p>Contact\u00e9, Oustaz Mactar Sarr a soutenu que son discours incrimin\u00e9 est tenu au cours d\u2019une \u00e9mission \u201cNdenkaan\u00e9\u201d sur la t\u00e9l\u00e9vision cit\u00e9e supra. \u201c<em>Apr\u00e8s la revue de la presse, j\u2019ai comment\u00e9 la d\u00e9cision de justice rendue sur l\u2019affaire des danseurs Eumeudy Badiane et Ameth Tiou condamn\u00e9s \u00e0 un mois de prison. J\u2019ai d\u00e9plor\u00e9 le fait que le responsable n\u2019a pas \u00e9t\u00e9 inqui\u00e9t\u00e9<\/em>\u2019\u2019, se d\u00e9fend-il.<\/p>\n<p>Faisant allusion \u00e0 Wally Seck, le pr\u00e9sentateur de l\u2019\u00e9mission d\u00e9clare : \u201c<em>Il fait la promotion des contre-valeurs en soutenant les associations d\u2019homosexuels et autres. Il avait d\u00e9j\u00e0 port\u00e9 un tee-shirt avec les couleurs du lobby gay. Il y a eu l\u2019affaire du sac et puis le concert \u00e0 la M\u00e9dina avec ces couleurs projet\u00e9es sur un immeuble<\/em>.\u2019\u2019<\/p>\n<p>Cependant, le vice coordonnateur d\u2019And Samm Jikko Yi a pr\u00e9cis\u00e9 : \u201c<em>Je n\u2019ai jamais accus\u00e9 Wally Seck d\u2019\u00eatre un homosexuel, mais qu\u2019il fait la promotion des LGBT lors de ses sorties<\/em>.\u2019\u2019<\/p>\n<p>Le week-end dernier, l\u2019artiste avait d\u00e9clar\u00e9 qu\u2019il allait envoyer des citations directes aux personnes qui ternissent son image \u00e0 travers des \u201c<em>d\u00e9clarations mensong\u00e8res<\/em>\u2019\u2019.<\/p>\n<p>Par ailleurs, le mouvement And Samm Jikko Yi compte commettre un avocat pour assurer la d\u00e9fense de son vice-coordonnateur. Il n\u2019exclut pas \u00e9galement d\u2019informer les autorit\u00e9s religieuses de cette affaire pendante devant la justice.<\/p>\n<div class='share-to-whatsapp-wrapper'><div class='share-on-whsp'>PARTAGER SUR : <\/div><a data-text='ACCUS\u00c9 DE FAIRE LA PROMOTION DES LGBT- Waly Seck traine ses d\u00e9tracteurs en justice' data-link='https:\/\/www.nettali.com\/2021\/07\/09\/accuse-de-faire-la-promotion-des-lgbt-waly-seck-traine-ses-detracteurs-en-justice\/' class='whatsapp-button whatsapp-share'>WhatsApp<\/a><div class='clear '><\/div><\/div>","protected":false},"excerpt":{"rendered":"<p>NETTALI.COM- Des personnes qui indexent l\u2019artiste Waly Seck comme \u00e9tant celui qui fait la promotion des homos? sont convoqu\u00e9es au tribunal? suite \u00e0 la plainte de l\u2019artiste. Le chanteur Waly Seck ne badine pas. Il a mis ses menaces \u00e0 ex\u00e9cution en d\u00e9posant des plaintes contre ceux qui l\u2019accusent de faire la promotion des homosexuels. [&hellip;]<\/p>\n","protected":false},"author":6,"featured_media":13177,"comment_status":"open","ping_status":"open","sticky":false,"template":"","format":"standard","meta":{"_et_pb_use_builder":"","_et_pb_old_content":""},"categories":[3],"tags":[],"yoast_head":"<!-- This site is optimized with the Yoast SEO Premium plugin v17.8 (Yoast SEO v17.8) - https:\/\/yoast.com\/wordpress\/plugins\/seo\/ -->\n<title>ACCUS\u00c9 DE FAIRE LA PROMOTION DES LGBT- Waly Seck traine ses d\u00e9tracteurs en justice | Nettali.com<\/title>\n<meta name=\"robots\" content=\"index, follow, max-snippet:-1, max-image-preview:large, max-video-preview:-1\" \/>\n<link rel=\"canonical\" href=\"https:\/\/www.nettali.com\/2021\/07\/09\/accuse-de-faire-la-promotion-des-lgbt-waly-seck-traine-ses-detracteurs-en-justice\/\" \/>\n<meta property=\"og:locale\" content=\"fr_FR\" \/>\n<meta property=\"og:type\" content=\"article\" \/>\n<meta property=\"og:title\" content=\"ACCUS\u00c9 DE FAIRE LA PROMOTION DES LGBT- Waly Seck traine ses d\u00e9tracteurs en justice\" \/>\n<meta property=\"og:description\" content=\"NETTALI.COM- Des personnes qui indexent l\u2019artiste Waly Seck comme \u00e9tant celui qui fait la promotion des homos? sont convoqu\u00e9es au tribunal? suite \u00e0 la plainte de l\u2019artiste. Le chanteur Waly Seck ne badine pas. Il a mis ses menaces \u00e0 ex\u00e9cution en d\u00e9posant des plaintes contre ceux qui l\u2019accusent de faire la promotion des homosexuels. [&hellip;]\" \/>\n<meta property=\"og:url\" content=\"https:\/\/www.nettali.com\/2021\/07\/09\/accuse-de-faire-la-promotion-des-lgbt-waly-seck-traine-ses-detracteurs-en-justice\/\" \/>\n<meta property=\"og:site_name\" content=\"Nettali.com\" \/>\n<meta property=\"article:publisher\" content=\"https:\/\/www.facebook.com\/nettalicom\" \/>\n<meta property=\"article:published_time\" content=\"2021-07-09T08:30:01+00:00\" \/>\n<meta property=\"article:modified_time\" content=\"2021-07-09T18:03:32+00:00\" \/>\n<meta property=\"og:image\" content=\"https:\/\/www.nettali.com\/wp-content\/uploads\/2019\/07\/Wally_seck-rainbow_flag_lgbt-pride_00-1.jpg\" \/>\n\t<meta property=\"og:image:width\" content=\"717\" \/>\n\t<meta property=\"og:image:height\" content=\"1200\" \/>\n<meta name=\"twitter:card\" content=\"summary_large_image\" \/>\n<meta name=\"twitter:label1\" content=\"\u00c9crit par\" \/>\n\t<meta name=\"twitter:data1\" content=\"Fatou\" \/>\n\t<meta name=\"twitter:label2\" content=\"Dur\u00e9e de lecture estim\u00e9e\" \/>\n\t<meta name=\"twitter:data2\" content=\"2 minutes\" \/>\n<script type=\"application\/ld+json\" class=\"yoast-schema-graph\">{\"@context\":\"https:\/\/schema.org\",\"@graph\":[{\"@type\":\"WebSite\",\"@id\":\"https:\/\/www.nettali.com\/#website\",\"url\":\"https:\/\/www.nettali.com\/\",\"name\":\"Nettali.com\",\"description\":\"Le rendez-vous critique du Net\",\"potentialAction\":[{\"@type\":\"SearchAction\",\"target\":{\"@type\":\"EntryPoint\",\"urlTemplate\":\"https:\/\/www.nettali.com\/?s={search_term_string}\"},\"query-input\":\"required name=search_term_string\"}],\"inLanguage\":\"fr-FR\"},{\"@type\":\"ImageObject\",\"@id\":\"https:\/\/www.nettali.com\/2021\/07\/09\/accuse-de-faire-la-promotion-des-lgbt-waly-seck-traine-ses-detracteurs-en-justice\/#primaryimage\",\"inLanguage\":\"fr-FR\",\"url\":\"https:\/\/www.nettali.com\/wp-content\/uploads\/2019\/07\/Wally_seck-rainbow_flag_lgbt-pride_00-1.jpg\",\"contentUrl\":\"https:\/\/www.nettali.com\/wp-content\/uploads\/2019\/07\/Wally_seck-rainbow_flag_lgbt-pride_00-1.jpg\",\"width\":717,\"height\":1200},{\"@type\":\"WebPage\",\"@id\":\"https:\/\/www.nettali.com\/2021\/07\/09\/accuse-de-faire-la-promotion-des-lgbt-waly-seck-traine-ses-detracteurs-en-justice\/#webpage\",\"url\":\"https:\/\/www.nettali.com\/2021\/07\/09\/accuse-de-faire-la-promotion-des-lgbt-waly-seck-traine-ses-detracteurs-en-justice\/\",\"name\":\"ACCUS\\u00c9 DE FAIRE LA PROMOTION DES LGBT- Waly Seck traine ses d\\u00e9tracteurs en justice | Nettali.com\",\"isPartOf\":{\"@id\":\"https:\/\/www.nettali.com\/#website\"},\"primaryImageOfPage\":{\"@id\":\"https:\/\/www.nettali.com\/2021\/07\/09\/accuse-de-faire-la-promotion-des-lgbt-waly-seck-traine-ses-detracteurs-en-justice\/#primaryimage\"},\"datePublished\":\"2021-07-09T08:30:01+00:00\",\"dateModified\":\"2021-07-09T18:03:32+00:00\",\"author\":{\"@id\":\"https:\/\/www.nettali.com\/#\/schema\/person\/418274a86bdf87caff7a3ef476bd0bbf\"},\"breadcrumb\":{\"@id\":\"https:\/\/www.nettali.com\/2021\/07\/09\/accuse-de-faire-la-promotion-des-lgbt-waly-seck-traine-ses-detracteurs-en-justice\/#breadcrumb\"},\"inLanguage\":\"fr-FR\",\"potentialAction\":[{\"@type\":\"ReadAction\",\"target\":[\"https:\/\/www.nettali.com\/2021\/07\/09\/accuse-de-faire-la-promotion-des-lgbt-waly-seck-traine-ses-detracteurs-en-justice\/\"]}]},{\"@type\":\"BreadcrumbList\",\"@id\":\"https:\/\/www.nettali.com\/2021\/07\/09\/accuse-de-faire-la-promotion-des-lgbt-waly-seck-traine-ses-detracteurs-en-justice\/#breadcrumb\",\"itemListElement\":[{\"@type\":\"ListItem\",\"position\":1,\"name\":\"Accueil\",\"item\":\"https:\/\/www.nettali.com\/\"},{\"@type\":\"ListItem\",\"position\":2,\"name\":\"ACCUS\\u00c9 DE FAIRE LA PROMOTION DES LGBT- Waly Seck traine ses d\\u00e9tracteurs en justice\"}]},{\"@type\":\"Person\",\"@id\":\"https:\/\/www.nettali.com\/#\/schema\/person\/418274a86bdf87caff7a3ef476bd0bbf\",\"name\":\"Fatou\",\"image\":{\"@type\":\"ImageObject\",\"@id\":\"https:\/\/www.nettali.com\/#personlogo\",\"inLanguage\":\"fr-FR\",\"url\":\"https:\/\/secure.gravatar.com\/avatar\/5a9442a2bee7b4dcf167cab035858e9a?s=96&d=mm&r=g\",\"contentUrl\":\"https:\/\/secure.gravatar.com\/avatar\/5a9442a2bee7b4dcf167cab035858e9a?s=96&d=mm&r=g\",\"caption\":\"Fatou\"},\"sameAs\":[\"https:\/\/www.nettali.com\"]}]}<\/script>\n<!-- \/ Yoast SEO Premium plugin. -->","yoast_head_json":{"title":"ACCUS\u00c9 DE FAIRE LA PROMOTION DES LGBT- Waly Seck traine ses d\u00e9tracteurs en justice | Nettali.com","robots":{"index":"index","follow":"follow","max-snippet":"max-snippet:-1","max-image-preview":"max-image-preview:large","max-video-preview":"max-video-preview:-1"},"canonical":"https:\/\/www.nettali.com\/2021\/07\/09\/accuse-de-faire-la-promotion-des-lgbt-waly-seck-traine-ses-detracteurs-en-justice\/","og_locale":"fr_FR","og_type":"article","og_title":"ACCUS\u00c9 DE FAIRE LA PROMOTION DES LGBT- Waly Seck traine ses d\u00e9tracteurs en justice","og_description":"NETTALI.COM- Des personnes qui indexent l\u2019artiste Waly Seck comme \u00e9tant celui qui fait la promotion des homos? sont convoqu\u00e9es au tribunal? suite \u00e0 la plainte de l\u2019artiste. Le chanteur Waly Seck ne badine pas. Il a mis ses menaces \u00e0 ex\u00e9cution en d\u00e9posant des plaintes contre ceux qui l\u2019accusent de faire la promotion des homosexuels. [&hellip;]","og_url":"https:\/\/www.nettali.com\/2021\/07\/09\/accuse-de-faire-la-promotion-des-lgbt-waly-seck-traine-ses-detracteurs-en-justice\/","og_site_name":"Nettali.com","article_publisher":"https:\/\/www.facebook.com\/nettalicom","article_published_time":"2021-07-09T08:30:01+00:00","article_modified_time":"2021-07-09T18:03:32+00:00","og_image":[{"width":717,"height":1200,"url":"https:\/\/www.nettali.com\/wp-content\/uploads\/2019\/07\/Wally_seck-rainbow_flag_lgbt-pride_00-1.jpg","type":"image\/jpeg"}],"twitter_card":"summary_large_image","twitter_misc":{"\u00c9crit par":"Fatou","Dur\u00e9e de lecture estim\u00e9e":"2 minutes"},"schema":{"@context":"https:\/\/schema.org","@graph":[{"@type":"WebSite","@id":"https:\/\/www.nettali.com\/#website","url":"https:\/\/www.nettali.com\/","name":"Nettali.com","description":"Le rendez-vous critique du Net","potentialAction":[{"@type":"SearchAction","target":{"@type":"EntryPoint","urlTemplate":"https:\/\/www.nettali.com\/?s={search_term_string}"},"query-input":"required name=search_term_string"}],"inLanguage":"fr-FR"},{"@type":"ImageObject","@id":"https:\/\/www.nettali.com\/2021\/07\/09\/accuse-de-faire-la-promotion-des-lgbt-waly-seck-traine-ses-detracteurs-en-justice\/#primaryimage","inLanguage":"fr-FR","url":"https:\/\/www.nettali.com\/wp-content\/uploads\/2019\/07\/Wally_seck-rainbow_flag_lgbt-pride_00-1.jpg","contentUrl":"https:\/\/www.nettali.com\/wp-content\/uploads\/2019\/07\/Wally_seck-rainbow_flag_lgbt-pride_00-1.jpg","width":717,"height":1200},{"@type":"WebPage","@id":"https:\/\/www.nettali.com\/2021\/07\/09\/accuse-de-faire-la-promotion-des-lgbt-waly-seck-traine-ses-detracteurs-en-justice\/#webpage","url":"https:\/\/www.nettali.com\/2021\/07\/09\/accuse-de-faire-la-promotion-des-lgbt-waly-seck-traine-ses-detracteurs-en-justice\/","name":"ACCUS\u00c9 DE FAIRE LA PROMOTION DES LGBT- Waly Seck traine ses d\u00e9tracteurs en justice | Nettali.com","isPartOf":{"@id":"https:\/\/www.nettali.com\/#website"},"primaryImageOfPage":{"@id":"https:\/\/www.nettali.com\/2021\/07\/09\/accuse-de-faire-la-promotion-des-lgbt-waly-seck-traine-ses-detracteurs-en-justice\/#primaryimage"},"datePublished":"2021-07-09T08:30:01+00:00","dateModified":"2021-07-09T18:03:32+00:00","author":{"@id":"https:\/\/www.nettali.com\/#\/schema\/person\/418274a86bdf87caff7a3ef476bd0bbf"},"breadcrumb":{"@id":"https:\/\/www.nettali.com\/2021\/07\/09\/accuse-de-faire-la-promotion-des-lgbt-waly-seck-traine-ses-detracteurs-en-justice\/#breadcrumb"},"inLanguage":"fr-FR","potentialAction":[{"@type":"ReadAction","target":["https:\/\/www.nettali.com\/2021\/07\/09\/accuse-de-faire-la-promotion-des-lgbt-waly-seck-traine-ses-detracteurs-en-justice\/"]}]},{"@type":"BreadcrumbList","@id":"https:\/\/www.nettali.com\/2021\/07\/09\/accuse-de-faire-la-promotion-des-lgbt-waly-seck-traine-ses-detracteurs-en-justice\/#breadcrumb","itemListElement":[{"@type":"ListItem","position":1,"name":"Accueil","item":"https:\/\/www.nettali.com\/"},{"@type":"ListItem","position":2,"name":"ACCUS\u00c9 DE FAIRE LA PROMOTION DES LGBT- Waly Seck traine ses d\u00e9tracteurs en justice"}]},{"@type":"Person","@id":"https:\/\/www.nettali.com\/#\/schema\/person\/418274a86bdf87caff7a3ef476bd0bbf","name":"Fatou","image":{"@type":"ImageObject","@id":"https:\/\/www.nettali.com\/#personlogo","inLanguage":"fr-FR","url":"https:\/\/secure.gravatar.com\/avatar\/5a9442a2bee7b4dcf167cab035858e9a?s=96&d=mm&r=g","contentUrl":"https:\/\/secure.gravatar.com\/avatar\/5a9442a2bee7b4dcf167cab035858e9a?s=96&d=mm&r=g","caption":"Fatou"},"sameAs":["https:\/\/www.nettali.com"]}]}},"_links":{"self":[{"href":"https:\/\/www.nettali.com\/rest\/wp\/v2\/posts\/67599"}],"collection":[{"href":"https:\/\/www.nettali.com\/rest\/wp\/v2\/posts"}],"about":[{"href":"https:\/\/www.nettali.com\/rest\/wp\/v2\/types\/post"}],"author":[{"embeddable":true,"href":"https:\/\/www.nettali.com\/rest\/wp\/v2\/users\/6"}],"replies":[{"embeddable":true,"href":"https:\/\/www.nettali.com\/rest\/wp\/v2\/comments?post=67599"}],"version-history":[{"count":5,"href":"https:\/\/www.nettali.com\/rest\/wp\/v2\/posts\/67599\/revisions"}],"predecessor-version":[{"id":67649,"href":"https:\/\/www.nettali.com\/rest\/wp\/v2\/posts\/67599\/revisions\/67649"}],"wp:featuredmedia":[{"embeddable":true,"href":"https:\/\/www.nettali.com\/rest\/wp\/v2\/media\/13177"}],"wp:attachment":[{"href":"https:\/\/www.nettali.com\/rest\/wp\/v2\/media?parent=67599"}],"wp:term":[{"taxonomy":"category","embeddable":true,"href":"https:\/\/www.nettali.com\/rest\/wp\/v2\/categories?post=67599"},{"taxonomy":"post_tag","embeddable":true,"href":"https:\/\/www.nettali.com\/rest\/wp\/v2\/tags?post=67599"}],"curies":[{"name":"wp","href":"https:\/\/api.w.org\/{rel}","templated":true}]}}