{"id":67465,"date":"2021-07-07T06:52:28","date_gmt":"2021-07-07T06:52:28","guid":{"rendered":"https:\/\/www.nettali.com\/?p=67465"},"modified":"2021-07-07T06:52:28","modified_gmt":"2021-07-07T06:52:28","slug":"euro-2020-litalie-en-finale-9-ans-apres","status":"publish","type":"post","link":"https:\/\/www.nettali.com\/2021\/07\/07\/euro-2020-litalie-en-finale-9-ans-apres\/","title":{"rendered":"EURO 2020 - L'Italie en finale, 9 ans apr\u00e8s!"},"content":{"rendered":"<p><strong>NETTALI.COM - Neuf ans apr\u00e8s sa derni\u00e8re finale, l'Italie est de retour ! La Squadra s'est qualifi\u00e9e apr\u00e8s son succ\u00e8s sur l'Espagne dans un match tendu qui s'est d\u00e9cid\u00e9 aux tirs au but (1-1, 4-2 t.a.b.) et r\u00eave d'un sacre qui lui \u00e9chappe depuis 53 ans (1968).<\/strong><\/p>\n<p>La Nazionale reviendra \u00e0 Wembley dimanche. Oppos\u00e9e \u00e0 l'Espagne dans la premi\u00e8re demi-finale de l'Euro, l'Italie a souffert dans le jeu mais s'en est sortie aux tirs au but (1-1, 4-2 t.a.b.). Elle avait toutefois su ouvrir le score en contre gr\u00e2ce \u00e0 Chiesa (60e) puis Morata a \u00e9galis\u00e9 (80e).<\/p>\n<p>Par ailleurs, le buteur espagnol a \u00e9chou\u00e9 dans la s\u00e9ance fatidique et Jorginho a pu envoyer les siens en finale pour tenter de remporter un titre qui leur \u00e9chappe depuis 1968. Ce sera contre l'Angleterre ou le Danemark qui s'affrontent ce mercredi \u00e0 19h, \u00e0 Wembley.<\/p>\n<div class='share-to-whatsapp-wrapper'><div class='share-on-whsp'>PARTAGER SUR : <\/div><a data-text='EURO 2020 - L'Italie en finale, 9 ans apr\u00e8s!' data-link='https:\/\/www.nettali.com\/2021\/07\/07\/euro-2020-litalie-en-finale-9-ans-apres\/' class='whatsapp-button whatsapp-share'>WhatsApp<\/a><div class='clear '><\/div><\/div>","protected":false},"excerpt":{"rendered":"<p>NETTALI.COM - Neuf ans apr\u00e8s sa derni\u00e8re finale, l'Italie est de retour ! La Squadra s'est qualifi\u00e9e apr\u00e8s son succ\u00e8s sur l'Espagne dans un match tendu qui s'est d\u00e9cid\u00e9 aux tirs au but (1-1, 4-2 t.a.b.) et r\u00eave d'un sacre qui lui \u00e9chappe depuis 53 ans (1968). La Nazionale reviendra \u00e0 Wembley dimanche. Oppos\u00e9e \u00e0 [&hellip;]<\/p>\n","protected":false},"author":5,"featured_media":67466,"comment_status":"open","ping_status":"open","sticky":false,"template":"","format":"standard","meta":{"_et_pb_use_builder":"","_et_pb_old_content":""},"categories":[6],"tags":[],"yoast_head":"<!-- This site is optimized with the Yoast SEO Premium plugin v17.8 (Yoast SEO v17.8) - https:\/\/yoast.com\/wordpress\/plugins\/seo\/ -->\n<title>EURO 2020 - L&#039;Italie en finale, 9 ans apr\u00e8s! | Nettali.com<\/title>\n<meta name=\"robots\" content=\"index, follow, max-snippet:-1, max-image-preview:large, max-video-preview:-1\" \/>\n<link rel=\"canonical\" href=\"https:\/\/www.nettali.com\/2021\/07\/07\/euro-2020-litalie-en-finale-9-ans-apres\/\" \/>\n<meta property=\"og:locale\" content=\"fr_FR\" \/>\n<meta property=\"og:type\" content=\"article\" \/>\n<meta property=\"og:title\" content=\"EURO 2020 - L&#039;Italie en finale, 9 ans apr\u00e8s!\" \/>\n<meta property=\"og:description\" content=\"NETTALI.COM - Neuf ans apr\u00e8s sa derni\u00e8re finale, l&#039;Italie est de retour ! La Squadra s&#039;est qualifi\u00e9e apr\u00e8s son succ\u00e8s sur l&#039;Espagne dans un match tendu qui s&#039;est d\u00e9cid\u00e9 aux tirs au but (1-1, 4-2 t.a.b.) et r\u00eave d&#039;un sacre qui lui \u00e9chappe depuis 53 ans (1968). La Nazionale reviendra \u00e0 Wembley dimanche. Oppos\u00e9e \u00e0 [&hellip;]\" \/>\n<meta property=\"og:url\" content=\"https:\/\/www.nettali.com\/2021\/07\/07\/euro-2020-litalie-en-finale-9-ans-apres\/\" \/>\n<meta property=\"og:site_name\" content=\"Nettali.com\" \/>\n<meta property=\"article:publisher\" content=\"https:\/\/www.facebook.com\/nettalicom\" \/>\n<meta property=\"article:published_time\" content=\"2021-07-07T06:52:28+00:00\" \/>\n<meta property=\"og:image\" content=\"https:\/\/www.nettali.com\/wp-content\/uploads\/2021\/07\/Euro-l-Italie-se-qualifie-pour-la-finale-au-bout-de-la-nuit.jpg\" \/>\n\t<meta property=\"og:image:width\" content=\"622\" \/>\n\t<meta property=\"og:image:height\" content=\"311\" \/>\n<meta name=\"twitter:card\" content=\"summary_large_image\" \/>\n<meta name=\"twitter:label1\" content=\"\u00c9crit par\" \/>\n\t<meta name=\"twitter:data1\" content=\"Ibrahima\" \/>\n\t<meta name=\"twitter:label2\" content=\"Dur\u00e9e de lecture estim\u00e9e\" \/>\n\t<meta name=\"twitter:data2\" content=\"1 minute\" \/>\n<script type=\"application\/ld+json\" class=\"yoast-schema-graph\">{\"@context\":\"https:\/\/schema.org\",\"@graph\":[{\"@type\":\"WebSite\",\"@id\":\"https:\/\/www.nettali.com\/#website\",\"url\":\"https:\/\/www.nettali.com\/\",\"name\":\"Nettali.com\",\"description\":\"Le rendez-vous critique du Net\",\"potentialAction\":[{\"@type\":\"SearchAction\",\"target\":{\"@type\":\"EntryPoint\",\"urlTemplate\":\"https:\/\/www.nettali.com\/?s={search_term_string}\"},\"query-input\":\"required name=search_term_string\"}],\"inLanguage\":\"fr-FR\"},{\"@type\":\"ImageObject\",\"@id\":\"https:\/\/www.nettali.com\/2021\/07\/07\/euro-2020-litalie-en-finale-9-ans-apres\/#primaryimage\",\"inLanguage\":\"fr-FR\",\"url\":\"https:\/\/www.nettali.com\/wp-content\/uploads\/2021\/07\/Euro-l-Italie-se-qualifie-pour-la-finale-au-bout-de-la-nuit.jpg\",\"contentUrl\":\"https:\/\/www.nettali.com\/wp-content\/uploads\/2021\/07\/Euro-l-Italie-se-qualifie-pour-la-finale-au-bout-de-la-nuit.jpg\",\"width\":622,\"height\":311},{\"@type\":\"WebPage\",\"@id\":\"https:\/\/www.nettali.com\/2021\/07\/07\/euro-2020-litalie-en-finale-9-ans-apres\/#webpage\",\"url\":\"https:\/\/www.nettali.com\/2021\/07\/07\/euro-2020-litalie-en-finale-9-ans-apres\/\",\"name\":\"EURO 2020 - L'Italie en finale, 9 ans apr\\u00e8s! | Nettali.com\",\"isPartOf\":{\"@id\":\"https:\/\/www.nettali.com\/#website\"},\"primaryImageOfPage\":{\"@id\":\"https:\/\/www.nettali.com\/2021\/07\/07\/euro-2020-litalie-en-finale-9-ans-apres\/#primaryimage\"},\"datePublished\":\"2021-07-07T06:52:28+00:00\",\"dateModified\":\"2021-07-07T06:52:28+00:00\",\"author\":{\"@id\":\"https:\/\/www.nettali.com\/#\/schema\/person\/bb147657c2986240405a608162b9bb23\"},\"breadcrumb\":{\"@id\":\"https:\/\/www.nettali.com\/2021\/07\/07\/euro-2020-litalie-en-finale-9-ans-apres\/#breadcrumb\"},\"inLanguage\":\"fr-FR\",\"potentialAction\":[{\"@type\":\"ReadAction\",\"target\":[\"https:\/\/www.nettali.com\/2021\/07\/07\/euro-2020-litalie-en-finale-9-ans-apres\/\"]}]},{\"@type\":\"BreadcrumbList\",\"@id\":\"https:\/\/www.nettali.com\/2021\/07\/07\/euro-2020-litalie-en-finale-9-ans-apres\/#breadcrumb\",\"itemListElement\":[{\"@type\":\"ListItem\",\"position\":1,\"name\":\"Accueil\",\"item\":\"https:\/\/www.nettali.com\/\"},{\"@type\":\"ListItem\",\"position\":2,\"name\":\"EURO 2020 &#8211; L&rsquo;Italie en finale, 9 ans apr\\u00e8s!\"}]},{\"@type\":\"Person\",\"@id\":\"https:\/\/www.nettali.com\/#\/schema\/person\/bb147657c2986240405a608162b9bb23\",\"name\":\"Ibrahima\",\"image\":{\"@type\":\"ImageObject\",\"@id\":\"https:\/\/www.nettali.com\/#personlogo\",\"inLanguage\":\"fr-FR\",\"url\":\"https:\/\/secure.gravatar.com\/avatar\/26a8a81f09f0dd7624c9d5c36c9ba3a2?s=96&d=mm&r=g\",\"contentUrl\":\"https:\/\/secure.gravatar.com\/avatar\/26a8a81f09f0dd7624c9d5c36c9ba3a2?s=96&d=mm&r=g\",\"caption\":\"Ibrahima\"},\"sameAs\":[\"https:\/\/www.nettali.com\"]}]}<\/script>\n<!-- \/ Yoast SEO Premium plugin. -->","yoast_head_json":{"title":"EURO 2020 - L'Italie en finale, 9 ans apr\u00e8s! | Nettali.com","robots":{"index":"index","follow":"follow","max-snippet":"max-snippet:-1","max-image-preview":"max-image-preview:large","max-video-preview":"max-video-preview:-1"},"canonical":"https:\/\/www.nettali.com\/2021\/07\/07\/euro-2020-litalie-en-finale-9-ans-apres\/","og_locale":"fr_FR","og_type":"article","og_title":"EURO 2020 - L'Italie en finale, 9 ans apr\u00e8s!","og_description":"NETTALI.COM - Neuf ans apr\u00e8s sa derni\u00e8re finale, l'Italie est de retour ! La Squadra s'est qualifi\u00e9e apr\u00e8s son succ\u00e8s sur l'Espagne dans un match tendu qui s'est d\u00e9cid\u00e9 aux tirs au but (1-1, 4-2 t.a.b.) et r\u00eave d'un sacre qui lui \u00e9chappe depuis 53 ans (1968). La Nazionale reviendra \u00e0 Wembley dimanche. Oppos\u00e9e \u00e0 [&hellip;]","og_url":"https:\/\/www.nettali.com\/2021\/07\/07\/euro-2020-litalie-en-finale-9-ans-apres\/","og_site_name":"Nettali.com","article_publisher":"https:\/\/www.facebook.com\/nettalicom","article_published_time":"2021-07-07T06:52:28+00:00","og_image":[{"width":622,"height":311,"url":"https:\/\/www.nettali.com\/wp-content\/uploads\/2021\/07\/Euro-l-Italie-se-qualifie-pour-la-finale-au-bout-de-la-nuit.jpg","type":"image\/jpeg"}],"twitter_card":"summary_large_image","twitter_misc":{"\u00c9crit par":"Ibrahima","Dur\u00e9e de lecture estim\u00e9e":"1 minute"},"schema":{"@context":"https:\/\/schema.org","@graph":[{"@type":"WebSite","@id":"https:\/\/www.nettali.com\/#website","url":"https:\/\/www.nettali.com\/","name":"Nettali.com","description":"Le rendez-vous critique du Net","potentialAction":[{"@type":"SearchAction","target":{"@type":"EntryPoint","urlTemplate":"https:\/\/www.nettali.com\/?s={search_term_string}"},"query-input":"required name=search_term_string"}],"inLanguage":"fr-FR"},{"@type":"ImageObject","@id":"https:\/\/www.nettali.com\/2021\/07\/07\/euro-2020-litalie-en-finale-9-ans-apres\/#primaryimage","inLanguage":"fr-FR","url":"https:\/\/www.nettali.com\/wp-content\/uploads\/2021\/07\/Euro-l-Italie-se-qualifie-pour-la-finale-au-bout-de-la-nuit.jpg","contentUrl":"https:\/\/www.nettali.com\/wp-content\/uploads\/2021\/07\/Euro-l-Italie-se-qualifie-pour-la-finale-au-bout-de-la-nuit.jpg","width":622,"height":311},{"@type":"WebPage","@id":"https:\/\/www.nettali.com\/2021\/07\/07\/euro-2020-litalie-en-finale-9-ans-apres\/#webpage","url":"https:\/\/www.nettali.com\/2021\/07\/07\/euro-2020-litalie-en-finale-9-ans-apres\/","name":"EURO 2020 - L'Italie en finale, 9 ans apr\u00e8s! | Nettali.com","isPartOf":{"@id":"https:\/\/www.nettali.com\/#website"},"primaryImageOfPage":{"@id":"https:\/\/www.nettali.com\/2021\/07\/07\/euro-2020-litalie-en-finale-9-ans-apres\/#primaryimage"},"datePublished":"2021-07-07T06:52:28+00:00","dateModified":"2021-07-07T06:52:28+00:00","author":{"@id":"https:\/\/www.nettali.com\/#\/schema\/person\/bb147657c2986240405a608162b9bb23"},"breadcrumb":{"@id":"https:\/\/www.nettali.com\/2021\/07\/07\/euro-2020-litalie-en-finale-9-ans-apres\/#breadcrumb"},"inLanguage":"fr-FR","potentialAction":[{"@type":"ReadAction","target":["https:\/\/www.nettali.com\/2021\/07\/07\/euro-2020-litalie-en-finale-9-ans-apres\/"]}]},{"@type":"BreadcrumbList","@id":"https:\/\/www.nettali.com\/2021\/07\/07\/euro-2020-litalie-en-finale-9-ans-apres\/#breadcrumb","itemListElement":[{"@type":"ListItem","position":1,"name":"Accueil","item":"https:\/\/www.nettali.com\/"},{"@type":"ListItem","position":2,"name":"EURO 2020 &#8211; L&rsquo;Italie en finale, 9 ans apr\u00e8s!"}]},{"@type":"Person","@id":"https:\/\/www.nettali.com\/#\/schema\/person\/bb147657c2986240405a608162b9bb23","name":"Ibrahima","image":{"@type":"ImageObject","@id":"https:\/\/www.nettali.com\/#personlogo","inLanguage":"fr-FR","url":"https:\/\/secure.gravatar.com\/avatar\/26a8a81f09f0dd7624c9d5c36c9ba3a2?s=96&d=mm&r=g","contentUrl":"https:\/\/secure.gravatar.com\/avatar\/26a8a81f09f0dd7624c9d5c36c9ba3a2?s=96&d=mm&r=g","caption":"Ibrahima"},"sameAs":["https:\/\/www.nettali.com"]}]}},"_links":{"self":[{"href":"https:\/\/www.nettali.com\/rest\/wp\/v2\/posts\/67465"}],"collection":[{"href":"https:\/\/www.nettali.com\/rest\/wp\/v2\/posts"}],"about":[{"href":"https:\/\/www.nettali.com\/rest\/wp\/v2\/types\/post"}],"author":[{"embeddable":true,"href":"https:\/\/www.nettali.com\/rest\/wp\/v2\/users\/5"}],"replies":[{"embeddable":true,"href":"https:\/\/www.nettali.com\/rest\/wp\/v2\/comments?post=67465"}],"version-history":[{"count":1,"href":"https:\/\/www.nettali.com\/rest\/wp\/v2\/posts\/67465\/revisions"}],"predecessor-version":[{"id":67467,"href":"https:\/\/www.nettali.com\/rest\/wp\/v2\/posts\/67465\/revisions\/67467"}],"wp:featuredmedia":[{"embeddable":true,"href":"https:\/\/www.nettali.com\/rest\/wp\/v2\/media\/67466"}],"wp:attachment":[{"href":"https:\/\/www.nettali.com\/rest\/wp\/v2\/media?parent=67465"}],"wp:term":[{"taxonomy":"category","embeddable":true,"href":"https:\/\/www.nettali.com\/rest\/wp\/v2\/categories?post=67465"},{"taxonomy":"post_tag","embeddable":true,"href":"https:\/\/www.nettali.com\/rest\/wp\/v2\/tags?post=67465"}],"curies":[{"name":"wp","href":"https:\/\/api.w.org\/{rel}","templated":true}]}}