{"id":67447,"date":"2021-07-06T13:56:18","date_gmt":"2021-07-06T13:56:18","guid":{"rendered":"https:\/\/www.nettali.com\/?p=67447"},"modified":"2021-07-07T09:28:40","modified_gmt":"2021-07-07T09:28:40","slug":"condamnation-des-danseurs-de-waly-seck-leur-avocat-interjette-appel","status":"publish","type":"post","link":"https:\/\/www.nettali.com\/2021\/07\/06\/condamnation-des-danseurs-de-waly-seck-leur-avocat-interjette-appel\/","title":{"rendered":"CONDAMNATION DES DANSEURS DE WALY SECK - La d\u00e9fense interjette appel"},"content":{"rendered":"<p><strong>NETTALI.COM - M\u00eame s'il juge acceptable la d\u00e9cision du tribunal des flagrants d\u00e9lits de Dakar contre les danseurs de Waly Seck, Me Abdou Dialy Kane, leur avocat, a d\u00e9cid\u00e9 d'interjeter appel. Pour le bien du droit, fait-il savoir.<\/strong><\/p>\n<p><em>\u00ab Je consid\u00e8re que c\u2019est une d\u00e9cision acceptable dans la mesure o\u00f9, dans le cas d\u2019esp\u00e8ce, comme nous l\u2019avons dit lors de l\u2019audience, c'\u00e9tait \u00e0 la fois r\u00e9pr\u00e9hensible et compr\u00e9hensible.\u00a0 N\u00e9anmoins, je pense que je vais relever appel pour le bien du droit. Je consid\u00e8re qu\u2019il faut une autre lecture par une juridiction sup\u00e9rieure sur les faits. Globalement et \u00e0 titre personnel, de fa\u00e7on libre, je consid\u00e8re que c\u2019est une d\u00e9cision acceptable \u00bb<\/em>, dit-il au micro de Rfm.<\/p>\n<p>Ameth Thiou et Eumady Badiane avaient \u00e9t\u00e9 plac\u00e9s sous mandat de d\u00e9p\u00f4t le 25 juin dernier apr\u00e8s un concert de Wally Seck lors duquel ils avaient commis l\u2019acte pour lequel ils ont \u00e9t\u00e9 jug\u00e9s devant le tribunal des flagrants d\u00e9lits de Dakar.<\/p>\n<div class='share-to-whatsapp-wrapper'><div class='share-on-whsp'>PARTAGER SUR : <\/div><a data-text='CONDAMNATION DES DANSEURS DE WALY SECK - La d\u00e9fense interjette appel' data-link='https:\/\/www.nettali.com\/2021\/07\/06\/condamnation-des-danseurs-de-waly-seck-leur-avocat-interjette-appel\/' class='whatsapp-button whatsapp-share'>WhatsApp<\/a><div class='clear '><\/div><\/div>","protected":false},"excerpt":{"rendered":"<p>NETTALI.COM - M\u00eame s'il juge acceptable la d\u00e9cision du tribunal des flagrants d\u00e9lits de Dakar contre les danseurs de Waly Seck, Me Abdou Dialy Kane, leur avocat, a d\u00e9cid\u00e9 d'interjeter appel. Pour le bien du droit, fait-il savoir. \u00ab Je consid\u00e8re que c\u2019est une d\u00e9cision acceptable dans la mesure o\u00f9, dans le cas d\u2019esp\u00e8ce, comme [&hellip;]<\/p>\n","protected":false},"author":4,"featured_media":67448,"comment_status":"open","ping_status":"open","sticky":false,"template":"","format":"standard","meta":{"_et_pb_use_builder":"","_et_pb_old_content":""},"categories":[3],"tags":[],"yoast_head":"<!-- This site is optimized with the Yoast SEO Premium plugin v17.8 (Yoast SEO v17.8) - https:\/\/yoast.com\/wordpress\/plugins\/seo\/ -->\n<title>CONDAMNATION DES DANSEURS DE WALY SECK - La d\u00e9fense interjette appel | Nettali.com<\/title>\n<meta name=\"robots\" content=\"index, follow, max-snippet:-1, max-image-preview:large, max-video-preview:-1\" \/>\n<link rel=\"canonical\" href=\"https:\/\/www.nettali.com\/2021\/07\/06\/condamnation-des-danseurs-de-waly-seck-leur-avocat-interjette-appel\/\" \/>\n<meta property=\"og:locale\" content=\"fr_FR\" \/>\n<meta property=\"og:type\" content=\"article\" \/>\n<meta property=\"og:title\" content=\"CONDAMNATION DES DANSEURS DE WALY SECK - La d\u00e9fense interjette appel\" \/>\n<meta property=\"og:description\" content=\"NETTALI.COM - M\u00eame s&#039;il juge acceptable la d\u00e9cision du tribunal des flagrants d\u00e9lits de Dakar contre les danseurs de Waly Seck, Me Abdou Dialy Kane, leur avocat, a d\u00e9cid\u00e9 d&#039;interjeter appel. Pour le bien du droit, fait-il savoir. \u00ab Je consid\u00e8re que c\u2019est une d\u00e9cision acceptable dans la mesure o\u00f9, dans le cas d\u2019esp\u00e8ce, comme [&hellip;]\" \/>\n<meta property=\"og:url\" content=\"https:\/\/www.nettali.com\/2021\/07\/06\/condamnation-des-danseurs-de-waly-seck-leur-avocat-interjette-appel\/\" \/>\n<meta property=\"og:site_name\" content=\"Nettali.com\" \/>\n<meta property=\"article:publisher\" content=\"https:\/\/www.facebook.com\/nettalicom\" \/>\n<meta property=\"article:published_time\" content=\"2021-07-06T13:56:18+00:00\" \/>\n<meta property=\"article:modified_time\" content=\"2021-07-07T09:28:40+00:00\" \/>\n<meta property=\"og:image\" content=\"https:\/\/www.nettali.com\/wp-content\/uploads\/2021\/07\/Abdou-Dialy.png\" \/>\n\t<meta property=\"og:image:width\" content=\"512\" \/>\n\t<meta property=\"og:image:height\" content=\"290\" \/>\n<meta name=\"twitter:card\" content=\"summary_large_image\" \/>\n<meta name=\"twitter:label1\" content=\"\u00c9crit par\" \/>\n\t<meta name=\"twitter:data1\" content=\"Daouda\" \/>\n\t<meta name=\"twitter:label2\" content=\"Dur\u00e9e de lecture estim\u00e9e\" \/>\n\t<meta name=\"twitter:data2\" content=\"1 minute\" \/>\n<script type=\"application\/ld+json\" class=\"yoast-schema-graph\">{\"@context\":\"https:\/\/schema.org\",\"@graph\":[{\"@type\":\"WebSite\",\"@id\":\"https:\/\/www.nettali.com\/#website\",\"url\":\"https:\/\/www.nettali.com\/\",\"name\":\"Nettali.com\",\"description\":\"Le rendez-vous critique du Net\",\"potentialAction\":[{\"@type\":\"SearchAction\",\"target\":{\"@type\":\"EntryPoint\",\"urlTemplate\":\"https:\/\/www.nettali.com\/?s={search_term_string}\"},\"query-input\":\"required name=search_term_string\"}],\"inLanguage\":\"fr-FR\"},{\"@type\":\"ImageObject\",\"@id\":\"https:\/\/www.nettali.com\/2021\/07\/06\/condamnation-des-danseurs-de-waly-seck-leur-avocat-interjette-appel\/#primaryimage\",\"inLanguage\":\"fr-FR\",\"url\":\"https:\/\/www.nettali.com\/wp-content\/uploads\/2021\/07\/Abdou-Dialy.png\",\"contentUrl\":\"https:\/\/www.nettali.com\/wp-content\/uploads\/2021\/07\/Abdou-Dialy.png\",\"width\":512,\"height\":290},{\"@type\":\"WebPage\",\"@id\":\"https:\/\/www.nettali.com\/2021\/07\/06\/condamnation-des-danseurs-de-waly-seck-leur-avocat-interjette-appel\/#webpage\",\"url\":\"https:\/\/www.nettali.com\/2021\/07\/06\/condamnation-des-danseurs-de-waly-seck-leur-avocat-interjette-appel\/\",\"name\":\"CONDAMNATION DES DANSEURS DE WALY SECK - La d\\u00e9fense interjette appel | Nettali.com\",\"isPartOf\":{\"@id\":\"https:\/\/www.nettali.com\/#website\"},\"primaryImageOfPage\":{\"@id\":\"https:\/\/www.nettali.com\/2021\/07\/06\/condamnation-des-danseurs-de-waly-seck-leur-avocat-interjette-appel\/#primaryimage\"},\"datePublished\":\"2021-07-06T13:56:18+00:00\",\"dateModified\":\"2021-07-07T09:28:40+00:00\",\"author\":{\"@id\":\"https:\/\/www.nettali.com\/#\/schema\/person\/3317e0bb3aa1da309fbf7b2780901bf4\"},\"breadcrumb\":{\"@id\":\"https:\/\/www.nettali.com\/2021\/07\/06\/condamnation-des-danseurs-de-waly-seck-leur-avocat-interjette-appel\/#breadcrumb\"},\"inLanguage\":\"fr-FR\",\"potentialAction\":[{\"@type\":\"ReadAction\",\"target\":[\"https:\/\/www.nettali.com\/2021\/07\/06\/condamnation-des-danseurs-de-waly-seck-leur-avocat-interjette-appel\/\"]}]},{\"@type\":\"BreadcrumbList\",\"@id\":\"https:\/\/www.nettali.com\/2021\/07\/06\/condamnation-des-danseurs-de-waly-seck-leur-avocat-interjette-appel\/#breadcrumb\",\"itemListElement\":[{\"@type\":\"ListItem\",\"position\":1,\"name\":\"Accueil\",\"item\":\"https:\/\/www.nettali.com\/\"},{\"@type\":\"ListItem\",\"position\":2,\"name\":\"CONDAMNATION DES DANSEURS DE WALY SECK &#8211; La d\\u00e9fense interjette appel\"}]},{\"@type\":\"Person\",\"@id\":\"https:\/\/www.nettali.com\/#\/schema\/person\/3317e0bb3aa1da309fbf7b2780901bf4\",\"name\":\"Daouda\",\"image\":{\"@type\":\"ImageObject\",\"@id\":\"https:\/\/www.nettali.com\/#personlogo\",\"inLanguage\":\"fr-FR\",\"url\":\"https:\/\/secure.gravatar.com\/avatar\/8d143b5a49345098ddcfee1c49c2f47c?s=96&d=mm&r=g\",\"contentUrl\":\"https:\/\/secure.gravatar.com\/avatar\/8d143b5a49345098ddcfee1c49c2f47c?s=96&d=mm&r=g\",\"caption\":\"Daouda\"},\"sameAs\":[\"https:\/\/www.nettali.com\"]}]}<\/script>\n<!-- \/ Yoast SEO Premium plugin. -->","yoast_head_json":{"title":"CONDAMNATION DES DANSEURS DE WALY SECK - La d\u00e9fense interjette appel | Nettali.com","robots":{"index":"index","follow":"follow","max-snippet":"max-snippet:-1","max-image-preview":"max-image-preview:large","max-video-preview":"max-video-preview:-1"},"canonical":"https:\/\/www.nettali.com\/2021\/07\/06\/condamnation-des-danseurs-de-waly-seck-leur-avocat-interjette-appel\/","og_locale":"fr_FR","og_type":"article","og_title":"CONDAMNATION DES DANSEURS DE WALY SECK - La d\u00e9fense interjette appel","og_description":"NETTALI.COM - M\u00eame s'il juge acceptable la d\u00e9cision du tribunal des flagrants d\u00e9lits de Dakar contre les danseurs de Waly Seck, Me Abdou Dialy Kane, leur avocat, a d\u00e9cid\u00e9 d'interjeter appel. Pour le bien du droit, fait-il savoir. \u00ab Je consid\u00e8re que c\u2019est une d\u00e9cision acceptable dans la mesure o\u00f9, dans le cas d\u2019esp\u00e8ce, comme [&hellip;]","og_url":"https:\/\/www.nettali.com\/2021\/07\/06\/condamnation-des-danseurs-de-waly-seck-leur-avocat-interjette-appel\/","og_site_name":"Nettali.com","article_publisher":"https:\/\/www.facebook.com\/nettalicom","article_published_time":"2021-07-06T13:56:18+00:00","article_modified_time":"2021-07-07T09:28:40+00:00","og_image":[{"width":512,"height":290,"url":"https:\/\/www.nettali.com\/wp-content\/uploads\/2021\/07\/Abdou-Dialy.png","type":"image\/png"}],"twitter_card":"summary_large_image","twitter_misc":{"\u00c9crit par":"Daouda","Dur\u00e9e de lecture estim\u00e9e":"1 minute"},"schema":{"@context":"https:\/\/schema.org","@graph":[{"@type":"WebSite","@id":"https:\/\/www.nettali.com\/#website","url":"https:\/\/www.nettali.com\/","name":"Nettali.com","description":"Le rendez-vous critique du Net","potentialAction":[{"@type":"SearchAction","target":{"@type":"EntryPoint","urlTemplate":"https:\/\/www.nettali.com\/?s={search_term_string}"},"query-input":"required name=search_term_string"}],"inLanguage":"fr-FR"},{"@type":"ImageObject","@id":"https:\/\/www.nettali.com\/2021\/07\/06\/condamnation-des-danseurs-de-waly-seck-leur-avocat-interjette-appel\/#primaryimage","inLanguage":"fr-FR","url":"https:\/\/www.nettali.com\/wp-content\/uploads\/2021\/07\/Abdou-Dialy.png","contentUrl":"https:\/\/www.nettali.com\/wp-content\/uploads\/2021\/07\/Abdou-Dialy.png","width":512,"height":290},{"@type":"WebPage","@id":"https:\/\/www.nettali.com\/2021\/07\/06\/condamnation-des-danseurs-de-waly-seck-leur-avocat-interjette-appel\/#webpage","url":"https:\/\/www.nettali.com\/2021\/07\/06\/condamnation-des-danseurs-de-waly-seck-leur-avocat-interjette-appel\/","name":"CONDAMNATION DES DANSEURS DE WALY SECK - La d\u00e9fense interjette appel | Nettali.com","isPartOf":{"@id":"https:\/\/www.nettali.com\/#website"},"primaryImageOfPage":{"@id":"https:\/\/www.nettali.com\/2021\/07\/06\/condamnation-des-danseurs-de-waly-seck-leur-avocat-interjette-appel\/#primaryimage"},"datePublished":"2021-07-06T13:56:18+00:00","dateModified":"2021-07-07T09:28:40+00:00","author":{"@id":"https:\/\/www.nettali.com\/#\/schema\/person\/3317e0bb3aa1da309fbf7b2780901bf4"},"breadcrumb":{"@id":"https:\/\/www.nettali.com\/2021\/07\/06\/condamnation-des-danseurs-de-waly-seck-leur-avocat-interjette-appel\/#breadcrumb"},"inLanguage":"fr-FR","potentialAction":[{"@type":"ReadAction","target":["https:\/\/www.nettali.com\/2021\/07\/06\/condamnation-des-danseurs-de-waly-seck-leur-avocat-interjette-appel\/"]}]},{"@type":"BreadcrumbList","@id":"https:\/\/www.nettali.com\/2021\/07\/06\/condamnation-des-danseurs-de-waly-seck-leur-avocat-interjette-appel\/#breadcrumb","itemListElement":[{"@type":"ListItem","position":1,"name":"Accueil","item":"https:\/\/www.nettali.com\/"},{"@type":"ListItem","position":2,"name":"CONDAMNATION DES DANSEURS DE WALY SECK &#8211; La d\u00e9fense interjette appel"}]},{"@type":"Person","@id":"https:\/\/www.nettali.com\/#\/schema\/person\/3317e0bb3aa1da309fbf7b2780901bf4","name":"Daouda","image":{"@type":"ImageObject","@id":"https:\/\/www.nettali.com\/#personlogo","inLanguage":"fr-FR","url":"https:\/\/secure.gravatar.com\/avatar\/8d143b5a49345098ddcfee1c49c2f47c?s=96&d=mm&r=g","contentUrl":"https:\/\/secure.gravatar.com\/avatar\/8d143b5a49345098ddcfee1c49c2f47c?s=96&d=mm&r=g","caption":"Daouda"},"sameAs":["https:\/\/www.nettali.com"]}]}},"_links":{"self":[{"href":"https:\/\/www.nettali.com\/rest\/wp\/v2\/posts\/67447"}],"collection":[{"href":"https:\/\/www.nettali.com\/rest\/wp\/v2\/posts"}],"about":[{"href":"https:\/\/www.nettali.com\/rest\/wp\/v2\/types\/post"}],"author":[{"embeddable":true,"href":"https:\/\/www.nettali.com\/rest\/wp\/v2\/users\/4"}],"replies":[{"embeddable":true,"href":"https:\/\/www.nettali.com\/rest\/wp\/v2\/comments?post=67447"}],"version-history":[{"count":3,"href":"https:\/\/www.nettali.com\/rest\/wp\/v2\/posts\/67447\/revisions"}],"predecessor-version":[{"id":67451,"href":"https:\/\/www.nettali.com\/rest\/wp\/v2\/posts\/67447\/revisions\/67451"}],"wp:featuredmedia":[{"embeddable":true,"href":"https:\/\/www.nettali.com\/rest\/wp\/v2\/media\/67448"}],"wp:attachment":[{"href":"https:\/\/www.nettali.com\/rest\/wp\/v2\/media?parent=67447"}],"wp:term":[{"taxonomy":"category","embeddable":true,"href":"https:\/\/www.nettali.com\/rest\/wp\/v2\/categories?post=67447"},{"taxonomy":"post_tag","embeddable":true,"href":"https:\/\/www.nettali.com\/rest\/wp\/v2\/tags?post=67447"}],"curies":[{"name":"wp","href":"https:\/\/api.w.org\/{rel}","templated":true}]}}