{"id":67288,"date":"2021-07-04T14:40:08","date_gmt":"2021-07-04T14:40:08","guid":{"rendered":"https:\/\/www.nettali.com\/?p=67288"},"modified":"2021-07-04T14:40:08","modified_gmt":"2021-07-04T14:40:08","slug":"afrique-du-sud-jacob-zuma-demande-lannulation-de-sa-condamnation-pour-outrage","status":"publish","type":"post","link":"https:\/\/www.nettali.com\/2021\/07\/04\/afrique-du-sud-jacob-zuma-demande-lannulation-de-sa-condamnation-pour-outrage\/","title":{"rendered":"AFRIQUE DU SUD - Jacob Zuma demande l\u2019annulation de sa condamnation pour outrage"},"content":{"rendered":"<p><strong>NETTALI.COM - L\u2019ancien chef d\u2019Etat, \u00e2g\u00e9 de 79\u00a0ans, a \u00e9t\u00e9 condamn\u00e9 mardi \u00e0 quinze mois de prison pour avoir \u00e0 plusieurs reprises refus\u00e9 de t\u00e9moigner dans le cadre d\u2019enqu\u00eates pour corruption d\u2019Etat.<\/strong><\/p>\n<p>L\u2019ancien pr\u00e9sident sud-africain Jacob Zuma a demand\u00e9, vendredi 2\u00a0juillet, \u00e0 la Cour constitutionnelle,\u00a0<a href=\"https:\/\/www.lemonde.fr\/afrique\/article\/2021\/06\/29\/l-ancien-president-sud-africain-jacob-zuma-condamne-a-quinze-mois-de-prison-pour-outrage-a-la-justice_6086200_3212.html\">qui l\u2019a condamn\u00e9, mardi, \u00e0 de la prison ferme pour outrage<\/a>, de revenir sur sa d\u00e9cision.<\/p>\n<p>L\u2019ancien chef d\u2019Etat, \u00e2g\u00e9 de 79\u00a0ans, a en effet \u00e9t\u00e9 condamn\u00e9 \u00e0 quinze mois de prison par la plus haute juridiction du pays, pour avoir \u00e0 plusieurs reprises refus\u00e9 de t\u00e9moigner dans le cadre d\u2019enqu\u00eates pour corruption d\u2019Etat. Cette d\u00e9cision, historique, ne peut pas faire l\u2019objet d\u2019un appel. Dans un document adress\u00e9 \u00e0 la Cour, Jacob Zuma demande donc que la d\u00e9cision soit\u00a0<em>\u00ab\u00a0reconsid\u00e9r\u00e9e et annul\u00e9e\u00a0\u00bb.<\/em><\/p>\n<p>Le jugement pr\u00e9voit que si M.\u00a0Zuma ne se rend pas lui-m\u00eame dans un commissariat dimanche au plus tard, la police pourra venir l\u2019arr\u00eater pour le conduire en prison, o\u00f9 il purgera sa peine. L\u2019ancien chef d\u2019Etat a \u00e9galement demand\u00e9 \u00e0 un tribunal du KwaZulu-Natal, o\u00f9 il r\u00e9side, une suspension de ce d\u00e9lai.<\/p>\n<h2>Une \u00ab\u00a0punition cruelle et d\u00e9gradante\u00a0\u00bb selon Jacob Zuma<\/h2>\n<p>Vendredi, une centaine de personnes \u00e9taient rassembl\u00e9es devant sa r\u00e9sidence.\u00a0<em>\u00ab\u00a0Nous ne permettrons pas que le pr\u00e9sident Zuma aille en prison\u00a0\u00bb<\/em>, a martel\u00e9 Carl Niehaus, un proche et ancien porte-parole du parti historique au pouvoir, le Congr\u00e8s national africain (ANC). Des v\u00e9t\u00e9rans du bras arm\u00e9 de l\u2019ANC, Umkhonto we Sizwe, fid\u00e8les soutiens de Zuma, \u00e9taient \u00e9galement post\u00e9s dans des tentes autour de son domicile.<\/p>\n<p>Invoquant son\u00a0<em>\u00ab\u00a0\u00e9tat de sant\u00e9 instable\u00a0\u00bb<\/em>\u00a0et\u00a0<em>\u00ab\u00a0une d\u00e9cision de l\u2019incarc\u00e9rer qui menace sa vie physique\u00a0\u00bb<\/em>, M.\u00a0Zuma remet en question, dans son recours, la\u00a0<em>\u00ab\u00a0punition cruelle et d\u00e9gradante\u00a0\u00bb<\/em>\u00a0du jugement comme \u00e9tant inappropri\u00e9e pour des faits d\u2019outrage \u00e0 la justice. L\u2019ancien chef d\u2019Etat\u00a0<em>\u00ab\u00a0invite la Cour \u00e0 revoir sa d\u00e9cision et \u00e0 simplement r\u00e9\u00e9valuer si elle a agi dans le cadre de la Constitution ou si elle a outrepass\u00e9 les pouvoirs qui lui sont conf\u00e9r\u00e9s\u00a0\u00bb<\/em>.<\/p>\n<p>Jacob Zuma est accus\u00e9 d\u2019avoir pill\u00e9 l\u2019argent public pendant ses neuf ann\u00e9es au pouvoir. Englu\u00e9 dans les scandales, il avait \u00e9t\u00e9 pouss\u00e9 \u00e0 la d\u00e9mission. Depuis la cr\u00e9ation en\u00a02018 d\u2019une commission d\u2019enqu\u00eate sur la corruption d\u2019Etat, l\u2019ex-pr\u00e9sident, d\u00e9j\u00e0 mis en cause par une quarantaine de t\u00e9moignages, multiplie les man\u0153uvres pour \u00e9viter d\u2019avoir \u00e0 s\u2019expliquer.<\/p>\n<h2><strong>Cyril Ramaphosa contre la corruption<\/strong><\/h2>\n<p>Certains craignent aussi que la condamnation de l\u2019ancien pr\u00e9sident n\u2019engendre une grave crise politique au sein de l\u2019ANC, d\u00e9j\u00e0 min\u00e9 par une guerre de factions. L\u2019ancien chef d\u2019Etat y compte encore de fid\u00e8les soutiens oppos\u00e9s \u00e0 l\u2019actuel pr\u00e9sident. Successeur de M.\u00a0Zuma, Cyril Ramaphosa a fait de la lutte contre la corruption un cheval de bataille, mais il a lui-m\u00eame \u00e9t\u00e9 appel\u00e9 \u00e0 t\u00e9moigner devant la commission.<\/p>\n<p>Jacob Zuma est \u00e9galement jug\u00e9 pour une affaire de pots-de-vin de plus de vingt ans. Il est accus\u00e9 d\u2019avoir empoch\u00e9 plus de 4\u00a0millions de rands (soit 235\u00a0000\u00a0euros) du fran\u00e7ais Thales, qui \u00e9tait l\u2019une des entreprises attributaires d\u2019un juteux contrat d\u2019armement d\u2019une valeur globale d\u2019environ 2,8\u00a0milliards d\u2019euros.<\/p>\n<p>Avec AFP<\/p>\n<p>&nbsp;<\/p>\n<div class='share-to-whatsapp-wrapper'><div class='share-on-whsp'>PARTAGER SUR : <\/div><a data-text='AFRIQUE DU SUD - Jacob Zuma demande l\u2019annulation de sa condamnation pour outrage' data-link='https:\/\/www.nettali.com\/2021\/07\/04\/afrique-du-sud-jacob-zuma-demande-lannulation-de-sa-condamnation-pour-outrage\/' class='whatsapp-button whatsapp-share'>WhatsApp<\/a><div class='clear '><\/div><\/div>","protected":false},"excerpt":{"rendered":"<p>NETTALI.COM - L\u2019ancien chef d\u2019Etat, \u00e2g\u00e9 de 79\u00a0ans, a \u00e9t\u00e9 condamn\u00e9 mardi \u00e0 quinze mois de prison pour avoir \u00e0 plusieurs reprises refus\u00e9 de t\u00e9moigner dans le cadre d\u2019enqu\u00eates pour corruption d\u2019Etat. L\u2019ancien pr\u00e9sident sud-africain Jacob Zuma a demand\u00e9, vendredi 2\u00a0juillet, \u00e0 la Cour constitutionnelle,\u00a0qui l\u2019a condamn\u00e9, mardi, \u00e0 de la prison ferme pour outrage, [&hellip;]<\/p>\n","protected":false},"author":11,"featured_media":67289,"comment_status":"open","ping_status":"open","sticky":false,"template":"","format":"standard","meta":{"_et_pb_use_builder":"","_et_pb_old_content":""},"categories":[8],"tags":[],"yoast_head":"<!-- This site is optimized with the Yoast SEO Premium plugin v17.8 (Yoast SEO v17.8) - https:\/\/yoast.com\/wordpress\/plugins\/seo\/ -->\n<title>AFRIQUE DU SUD - Jacob Zuma demande l\u2019annulation de sa condamnation pour outrage | Nettali.com<\/title>\n<meta name=\"robots\" content=\"index, follow, max-snippet:-1, max-image-preview:large, max-video-preview:-1\" \/>\n<link rel=\"canonical\" href=\"https:\/\/www.nettali.com\/2021\/07\/04\/afrique-du-sud-jacob-zuma-demande-lannulation-de-sa-condamnation-pour-outrage\/\" \/>\n<meta property=\"og:locale\" content=\"fr_FR\" \/>\n<meta property=\"og:type\" content=\"article\" \/>\n<meta property=\"og:title\" content=\"AFRIQUE DU SUD - Jacob Zuma demande l\u2019annulation de sa condamnation pour outrage\" \/>\n<meta property=\"og:description\" content=\"NETTALI.COM - L\u2019ancien chef d\u2019Etat, \u00e2g\u00e9 de 79\u00a0ans, a \u00e9t\u00e9 condamn\u00e9 mardi \u00e0 quinze mois de prison pour avoir \u00e0 plusieurs reprises refus\u00e9 de t\u00e9moigner dans le cadre d\u2019enqu\u00eates pour corruption d\u2019Etat. L\u2019ancien pr\u00e9sident sud-africain Jacob Zuma a demand\u00e9, vendredi 2\u00a0juillet, \u00e0 la Cour constitutionnelle,\u00a0qui l\u2019a condamn\u00e9, mardi, \u00e0 de la prison ferme pour outrage, [&hellip;]\" \/>\n<meta property=\"og:url\" content=\"https:\/\/www.nettali.com\/2021\/07\/04\/afrique-du-sud-jacob-zuma-demande-lannulation-de-sa-condamnation-pour-outrage\/\" \/>\n<meta property=\"og:site_name\" content=\"Nettali.com\" \/>\n<meta property=\"article:publisher\" content=\"https:\/\/www.facebook.com\/nettalicom\" \/>\n<meta property=\"article:published_time\" content=\"2021-07-04T14:40:08+00:00\" \/>\n<meta property=\"og:image\" content=\"https:\/\/www.nettali.com\/wp-content\/uploads\/2021\/07\/zuma.jpg\" \/>\n\t<meta property=\"og:image:width\" content=\"750\" \/>\n\t<meta property=\"og:image:height\" content=\"498\" \/>\n<meta name=\"twitter:card\" content=\"summary_large_image\" \/>\n<meta name=\"twitter:label1\" content=\"\u00c9crit par\" \/>\n\t<meta name=\"twitter:data1\" content=\"Thierno Diop\" \/>\n\t<meta name=\"twitter:label2\" content=\"Dur\u00e9e de lecture estim\u00e9e\" \/>\n\t<meta name=\"twitter:data2\" content=\"3 minutes\" \/>\n<script type=\"application\/ld+json\" class=\"yoast-schema-graph\">{\"@context\":\"https:\/\/schema.org\",\"@graph\":[{\"@type\":\"WebSite\",\"@id\":\"https:\/\/www.nettali.com\/#website\",\"url\":\"https:\/\/www.nettali.com\/\",\"name\":\"Nettali.com\",\"description\":\"Le rendez-vous critique du Net\",\"potentialAction\":[{\"@type\":\"SearchAction\",\"target\":{\"@type\":\"EntryPoint\",\"urlTemplate\":\"https:\/\/www.nettali.com\/?s={search_term_string}\"},\"query-input\":\"required name=search_term_string\"}],\"inLanguage\":\"fr-FR\"},{\"@type\":\"ImageObject\",\"@id\":\"https:\/\/www.nettali.com\/2021\/07\/04\/afrique-du-sud-jacob-zuma-demande-lannulation-de-sa-condamnation-pour-outrage\/#primaryimage\",\"inLanguage\":\"fr-FR\",\"url\":\"https:\/\/www.nettali.com\/wp-content\/uploads\/2021\/07\/zuma.jpg\",\"contentUrl\":\"https:\/\/www.nettali.com\/wp-content\/uploads\/2021\/07\/zuma.jpg\",\"width\":750,\"height\":498},{\"@type\":\"WebPage\",\"@id\":\"https:\/\/www.nettali.com\/2021\/07\/04\/afrique-du-sud-jacob-zuma-demande-lannulation-de-sa-condamnation-pour-outrage\/#webpage\",\"url\":\"https:\/\/www.nettali.com\/2021\/07\/04\/afrique-du-sud-jacob-zuma-demande-lannulation-de-sa-condamnation-pour-outrage\/\",\"name\":\"AFRIQUE DU SUD - Jacob Zuma demande l\\u2019annulation de sa condamnation pour outrage | Nettali.com\",\"isPartOf\":{\"@id\":\"https:\/\/www.nettali.com\/#website\"},\"primaryImageOfPage\":{\"@id\":\"https:\/\/www.nettali.com\/2021\/07\/04\/afrique-du-sud-jacob-zuma-demande-lannulation-de-sa-condamnation-pour-outrage\/#primaryimage\"},\"datePublished\":\"2021-07-04T14:40:08+00:00\",\"dateModified\":\"2021-07-04T14:40:08+00:00\",\"author\":{\"@id\":\"https:\/\/www.nettali.com\/#\/schema\/person\/8a06c6bd7b19304cf4bf985862900b5b\"},\"breadcrumb\":{\"@id\":\"https:\/\/www.nettali.com\/2021\/07\/04\/afrique-du-sud-jacob-zuma-demande-lannulation-de-sa-condamnation-pour-outrage\/#breadcrumb\"},\"inLanguage\":\"fr-FR\",\"potentialAction\":[{\"@type\":\"ReadAction\",\"target\":[\"https:\/\/www.nettali.com\/2021\/07\/04\/afrique-du-sud-jacob-zuma-demande-lannulation-de-sa-condamnation-pour-outrage\/\"]}]},{\"@type\":\"BreadcrumbList\",\"@id\":\"https:\/\/www.nettali.com\/2021\/07\/04\/afrique-du-sud-jacob-zuma-demande-lannulation-de-sa-condamnation-pour-outrage\/#breadcrumb\",\"itemListElement\":[{\"@type\":\"ListItem\",\"position\":1,\"name\":\"Accueil\",\"item\":\"https:\/\/www.nettali.com\/\"},{\"@type\":\"ListItem\",\"position\":2,\"name\":\"AFRIQUE DU SUD &#8211; Jacob Zuma demande l\\u2019annulation de sa condamnation pour outrage\"}]},{\"@type\":\"Person\",\"@id\":\"https:\/\/www.nettali.com\/#\/schema\/person\/8a06c6bd7b19304cf4bf985862900b5b\",\"name\":\"Thierno Diop\",\"image\":{\"@type\":\"ImageObject\",\"@id\":\"https:\/\/www.nettali.com\/#personlogo\",\"inLanguage\":\"fr-FR\",\"url\":\"https:\/\/secure.gravatar.com\/avatar\/c8ca58550c94fd2ac856d27391a6c866?s=96&d=mm&r=g\",\"contentUrl\":\"https:\/\/secure.gravatar.com\/avatar\/c8ca58550c94fd2ac856d27391a6c866?s=96&d=mm&r=g\",\"caption\":\"Thierno Diop\"},\"sameAs\":[\"https:\/\/nettali.com\"]}]}<\/script>\n<!-- \/ Yoast SEO Premium plugin. -->","yoast_head_json":{"title":"AFRIQUE DU SUD - Jacob Zuma demande l\u2019annulation de sa condamnation pour outrage | Nettali.com","robots":{"index":"index","follow":"follow","max-snippet":"max-snippet:-1","max-image-preview":"max-image-preview:large","max-video-preview":"max-video-preview:-1"},"canonical":"https:\/\/www.nettali.com\/2021\/07\/04\/afrique-du-sud-jacob-zuma-demande-lannulation-de-sa-condamnation-pour-outrage\/","og_locale":"fr_FR","og_type":"article","og_title":"AFRIQUE DU SUD - Jacob Zuma demande l\u2019annulation de sa condamnation pour outrage","og_description":"NETTALI.COM - L\u2019ancien chef d\u2019Etat, \u00e2g\u00e9 de 79\u00a0ans, a \u00e9t\u00e9 condamn\u00e9 mardi \u00e0 quinze mois de prison pour avoir \u00e0 plusieurs reprises refus\u00e9 de t\u00e9moigner dans le cadre d\u2019enqu\u00eates pour corruption d\u2019Etat. L\u2019ancien pr\u00e9sident sud-africain Jacob Zuma a demand\u00e9, vendredi 2\u00a0juillet, \u00e0 la Cour constitutionnelle,\u00a0qui l\u2019a condamn\u00e9, mardi, \u00e0 de la prison ferme pour outrage, [&hellip;]","og_url":"https:\/\/www.nettali.com\/2021\/07\/04\/afrique-du-sud-jacob-zuma-demande-lannulation-de-sa-condamnation-pour-outrage\/","og_site_name":"Nettali.com","article_publisher":"https:\/\/www.facebook.com\/nettalicom","article_published_time":"2021-07-04T14:40:08+00:00","og_image":[{"width":750,"height":498,"url":"https:\/\/www.nettali.com\/wp-content\/uploads\/2021\/07\/zuma.jpg","type":"image\/jpeg"}],"twitter_card":"summary_large_image","twitter_misc":{"\u00c9crit par":"Thierno Diop","Dur\u00e9e de lecture estim\u00e9e":"3 minutes"},"schema":{"@context":"https:\/\/schema.org","@graph":[{"@type":"WebSite","@id":"https:\/\/www.nettali.com\/#website","url":"https:\/\/www.nettali.com\/","name":"Nettali.com","description":"Le rendez-vous critique du Net","potentialAction":[{"@type":"SearchAction","target":{"@type":"EntryPoint","urlTemplate":"https:\/\/www.nettali.com\/?s={search_term_string}"},"query-input":"required name=search_term_string"}],"inLanguage":"fr-FR"},{"@type":"ImageObject","@id":"https:\/\/www.nettali.com\/2021\/07\/04\/afrique-du-sud-jacob-zuma-demande-lannulation-de-sa-condamnation-pour-outrage\/#primaryimage","inLanguage":"fr-FR","url":"https:\/\/www.nettali.com\/wp-content\/uploads\/2021\/07\/zuma.jpg","contentUrl":"https:\/\/www.nettali.com\/wp-content\/uploads\/2021\/07\/zuma.jpg","width":750,"height":498},{"@type":"WebPage","@id":"https:\/\/www.nettali.com\/2021\/07\/04\/afrique-du-sud-jacob-zuma-demande-lannulation-de-sa-condamnation-pour-outrage\/#webpage","url":"https:\/\/www.nettali.com\/2021\/07\/04\/afrique-du-sud-jacob-zuma-demande-lannulation-de-sa-condamnation-pour-outrage\/","name":"AFRIQUE DU SUD - Jacob Zuma demande l\u2019annulation de sa condamnation pour outrage | Nettali.com","isPartOf":{"@id":"https:\/\/www.nettali.com\/#website"},"primaryImageOfPage":{"@id":"https:\/\/www.nettali.com\/2021\/07\/04\/afrique-du-sud-jacob-zuma-demande-lannulation-de-sa-condamnation-pour-outrage\/#primaryimage"},"datePublished":"2021-07-04T14:40:08+00:00","dateModified":"2021-07-04T14:40:08+00:00","author":{"@id":"https:\/\/www.nettali.com\/#\/schema\/person\/8a06c6bd7b19304cf4bf985862900b5b"},"breadcrumb":{"@id":"https:\/\/www.nettali.com\/2021\/07\/04\/afrique-du-sud-jacob-zuma-demande-lannulation-de-sa-condamnation-pour-outrage\/#breadcrumb"},"inLanguage":"fr-FR","potentialAction":[{"@type":"ReadAction","target":["https:\/\/www.nettali.com\/2021\/07\/04\/afrique-du-sud-jacob-zuma-demande-lannulation-de-sa-condamnation-pour-outrage\/"]}]},{"@type":"BreadcrumbList","@id":"https:\/\/www.nettali.com\/2021\/07\/04\/afrique-du-sud-jacob-zuma-demande-lannulation-de-sa-condamnation-pour-outrage\/#breadcrumb","itemListElement":[{"@type":"ListItem","position":1,"name":"Accueil","item":"https:\/\/www.nettali.com\/"},{"@type":"ListItem","position":2,"name":"AFRIQUE DU SUD &#8211; Jacob Zuma demande l\u2019annulation de sa condamnation pour outrage"}]},{"@type":"Person","@id":"https:\/\/www.nettali.com\/#\/schema\/person\/8a06c6bd7b19304cf4bf985862900b5b","name":"Thierno Diop","image":{"@type":"ImageObject","@id":"https:\/\/www.nettali.com\/#personlogo","inLanguage":"fr-FR","url":"https:\/\/secure.gravatar.com\/avatar\/c8ca58550c94fd2ac856d27391a6c866?s=96&d=mm&r=g","contentUrl":"https:\/\/secure.gravatar.com\/avatar\/c8ca58550c94fd2ac856d27391a6c866?s=96&d=mm&r=g","caption":"Thierno Diop"},"sameAs":["https:\/\/nettali.com"]}]}},"_links":{"self":[{"href":"https:\/\/www.nettali.com\/rest\/wp\/v2\/posts\/67288"}],"collection":[{"href":"https:\/\/www.nettali.com\/rest\/wp\/v2\/posts"}],"about":[{"href":"https:\/\/www.nettali.com\/rest\/wp\/v2\/types\/post"}],"author":[{"embeddable":true,"href":"https:\/\/www.nettali.com\/rest\/wp\/v2\/users\/11"}],"replies":[{"embeddable":true,"href":"https:\/\/www.nettali.com\/rest\/wp\/v2\/comments?post=67288"}],"version-history":[{"count":1,"href":"https:\/\/www.nettali.com\/rest\/wp\/v2\/posts\/67288\/revisions"}],"predecessor-version":[{"id":67290,"href":"https:\/\/www.nettali.com\/rest\/wp\/v2\/posts\/67288\/revisions\/67290"}],"wp:featuredmedia":[{"embeddable":true,"href":"https:\/\/www.nettali.com\/rest\/wp\/v2\/media\/67289"}],"wp:attachment":[{"href":"https:\/\/www.nettali.com\/rest\/wp\/v2\/media?parent=67288"}],"wp:term":[{"taxonomy":"category","embeddable":true,"href":"https:\/\/www.nettali.com\/rest\/wp\/v2\/categories?post=67288"},{"taxonomy":"post_tag","embeddable":true,"href":"https:\/\/www.nettali.com\/rest\/wp\/v2\/tags?post=67288"}],"curies":[{"name":"wp","href":"https:\/\/api.w.org\/{rel}","templated":true}]}}