{"id":67284,"date":"2021-07-04T14:34:15","date_gmt":"2021-07-04T14:34:15","guid":{"rendered":"https:\/\/www.nettali.com\/?p=67284"},"modified":"2021-07-04T14:42:06","modified_gmt":"2021-07-04T14:42:06","slug":"scandale-de-corruption-au-vatican-un-cardinal-au-coeur-dun-proces-financier","status":"publish","type":"post","link":"https:\/\/www.nettali.com\/2021\/07\/04\/scandale-de-corruption-au-vatican-un-cardinal-au-coeur-dun-proces-financier\/","title":{"rendered":"SCANDALE DE CORRUPTION AU VATICAN - Un cardinal au c\u0153ur d\u2019un proc\u00e8s financier"},"content":{"rendered":"<p><strong>NETTALI.COM - Le Saint-Si\u00e8ge a annonc\u00e9 samedi le renvoi devant son tribunal p\u00e9nal de dix personnes, dont l\u2019influent Angelo Becciu, dans l\u2019affaire du financement opaque d\u2019un immeuble de luxe \u00e0 Londres.<\/strong><\/p>\n<p>Un cardinal au c\u0153ur d\u2019un proc\u00e8s financier, du jamais vu au Vatican\u00a0: le Saint-Si\u00e8ge a annonc\u00e9, samedi 3\u00a0juillet, le renvoi devant son tribunal p\u00e9nal de dix personnes \u2013 dont l\u2019influent Angelo Becciu \u2013, impliqu\u00e9es dans l\u2019affaire du financement opaque, par l\u2019interm\u00e9diaire d\u2019hommes d\u2019affaires italiens, d\u2019un immeuble de luxe \u00e0 Londres.<\/p>\n<p>Le cardinal Becciu, 73\u00a0ans, qui fut un proche collaborateur du pape, compara\u00eetra avec ses copr\u00e9venus devant le tribunal du Saint-Si\u00e8ge \u00e0 partir du 27\u00a0juillet. Il est poursuivi pour d\u00e9tournement de fonds, abus de pouvoir et subornation de t\u00e9moin dans ce dossier, dont les premiers \u00e9l\u00e9ments ont commenc\u00e9 \u00e0 para\u00eetre dans la presse italienne en septembre\u00a02020, quand le pape Fran\u00e7ois l\u2019avait d\u00e9mis de ses fonctions.<\/p>\n<p>Dans un communiqu\u00e9 publi\u00e9 samedi par son entourage, le cardinal s\u2019est dit\u00a0<em>\u00ab\u00a0victime d\u2019un complot\u00a0\u00bb<\/em>\u00a0et a protest\u00e9 de son\u00a0<em>\u00ab\u00a0innocence absolue\u00a0\u00bb<\/em>. Affirmant avoir \u00e9t\u00e9 clou\u00e9 au\u00a0<em>\u00ab\u00a0pilori m\u00e9diatique\u00a0\u00bb<\/em>, il s\u2019est dit press\u00e9 de s\u2019expliquer. Angelo Becciu \u00e9tait num\u00e9ro deux de la secr\u00e9tairerie d\u2019Etat, l\u2019administration centrale du Saint-Si\u00e8ge, lorsque la proc\u00e9dure d\u2019achat de l\u2019immeuble londonien avait commenc\u00e9, en\u00a02014.<\/p>\n<p>Parmi les autres pr\u00e9venus, le Suisse Ren\u00e9 Br\u00fclhart, ancien pr\u00e9sident de l\u2019Autorit\u00e9 d\u2019information financi\u00e8re (AIF), le gendarme financier du Saint-Si\u00e8ge, doit r\u00e9pondre d\u2019abus de pouvoir. Seront \u00e9galement jug\u00e9s deux eccl\u00e9siastiques\u00a0: monseigneur Mauro Carlino, longtemps secr\u00e9taire particulier d\u2019Angelo Becciu, et M<sup>gr<\/sup>\u00a0Enrico Crasso, ancien gestionnaire du patrimoine r\u00e9serv\u00e9 de la secr\u00e9tairerie d\u2019Etat, un tr\u00e9sor de plusieurs centaines de millions d\u2019euros provenant en grande partie du denier de Saint-Pierre (autrement dit les dons des fid\u00e8les collect\u00e9s chaque ann\u00e9e dans les 2\u00a0700 dioc\u00e8ses du monde \u00e0 l\u2019occasion de la f\u00eate de saint Pierre, le 29\u00a0juin).<\/p>\n<h2><strong>Appartements de standing \u00e0 Chelsea<\/strong><\/h2>\n<p>Les autres individus mis en cause sont Tommaso Di Ruzza, ancien directeur de l\u2019AIF, Cecilia Marogna, dite \u00ab\u00a0la Dame du cardinal\u00a0\u00bb, une jeune consultante italienne qui s\u2019\u00e9tait vu confier un demi-million d\u2019euros par la secr\u00e9tairerie d\u2019Etat sur un compte en Slov\u00e9nie, l\u2019investisseur Raffaele Mincione, l\u2019avocat Nicola Squillace, Fabrizio Tirabassi, un ancien haut fonctionnaire la\u00efc du Vatican, et Gianluigi Torzi, un courtier arr\u00eat\u00e9 en mai \u00e0 Londres. Par la voix de leurs avocats, Ren\u00e9 Br\u00fclhart et Mauro Carlino ont fait valoir samedi qu\u2019ils avaient toujours \u00e9t\u00e9\u00a0<em>\u00ab\u00a0loyaux\u00a0\u00bb<\/em>\u00a0et avaient \u0153uvr\u00e9\u00a0<em>\u00ab\u00a0dans l\u2019int\u00e9r\u00eat du Saint-Si\u00e8ge\u00a0\u00bb<\/em>.<\/p>\n<p>L\u2019investissement au c\u0153ur du scandale est un immeuble dans le quartier londonien chic de Chelsea, sur Sloane Avenue, 17\u00a0000\u00a0m<sup>2<\/sup>\u00a0transform\u00e9s en une cinquantaine d\u2019appartements de luxe. Une premi\u00e8re participation avait \u00e9t\u00e9 prise dans le projet en\u00a02014 via un fonds luxembourgeois g\u00e9r\u00e9 par la holding de Raffaele Mincione.<\/p>\n<p>La gestion financi\u00e8re opaque, qui transitait par la Suisse et le Luxembourg, avait incit\u00e9 le Vatican \u00e0 y mettre fin, quatre ans plus tard, en rachetant l\u2019ensemble de l\u2019immeuble. Son prix \u00e9tait tr\u00e8s sur\u00e9valu\u00e9, les interm\u00e9diaires \u00e9taient gourmands. Des sommes consid\u00e9rables sont parties en fum\u00e9e. Avec d\u2019autres placements hasardeux, le pr\u00e9judice pour le Vatican se monterait \u00e0 plusieurs centaines de millions d\u2019euros, selon la presse italienne.<\/p>\n<p>En novembre\u00a02019, le pape Fran\u00e7ois avait reconnu devant la presse l\u2019existence d\u2019un\u00a0<em>\u00ab\u00a0scandale\u00a0\u00bb<\/em>\u00a0de corruption au sein du Vatican.\u00a0<em>\u00ab\u00a0On a fait des choses qui n\u2019\u00e9taient pas propres\u00a0\u00bb<\/em>, avait regrett\u00e9 le souverain pontife.<\/p>\n<h2><strong>\u00ab\u00a0Nettoyer le sphinx d\u2019Egypte avec une brosse \u00e0 dents\u00a0\u00bb<\/strong><\/h2>\n<p>Le pape argentin avait \u00e9t\u00e9 \u00e9lu en\u00a02013 pour, notamment, mettre de l\u2019ordre dans les finances vaticanes, une r\u00e9forme ardue qui a rencontr\u00e9 des r\u00e9sistances au sein de certains \u00ab\u00a0dicast\u00e8res\u00a0\u00bb (minist\u00e8res) g\u00e9rant des fonds de mani\u00e8re tr\u00e8s autonome et peu transparente. En\u00a02017, Fran\u00e7ois constatait que\u00a0<em>\u00ab\u00a0r\u00e9former\u00a0\u00bb<\/em>\u00a0la curie romaine (le gouvernement du Vatican) revenait \u00e0\u00a0<em>\u00ab\u00a0nettoyer le sphinx d\u2019Egypte avec une brosse \u00e0 dents\u00a0\u00bb<\/em>.<\/p>\n<p>A cet effet, le souverain pontife a cr\u00e9\u00e9 le tout-puissant secr\u00e9tariat \u00e0 l\u2019\u00e9conomie en\u00a02014, assaini la jadis sulfureuse Banque du Vatican \u2013 o\u00f9 5\u00a0000 comptes suspects ont \u00e9t\u00e9 ferm\u00e9s en\u00a02015 \u2013, encadr\u00e9 les appels d\u2019offres pour ses d\u00e9penses internes, et confi\u00e9 \u00e0 l\u2019administration du patrimoine du si\u00e8ge apostolique la gestion des budgets des nombreuses administrations du Saint-Si\u00e8ge.<\/p>\n<p style=\"font-weight: inherit;\"><strong>Le Monde avec AFP<\/strong><\/p>\n<p><em>\u00a0<\/em><\/p>\n<div class='share-to-whatsapp-wrapper'><div class='share-on-whsp'>PARTAGER SUR : <\/div><a data-text='SCANDALE DE CORRUPTION AU VATICAN - Un cardinal au c\u0153ur d\u2019un proc\u00e8s financier' data-link='https:\/\/www.nettali.com\/2021\/07\/04\/scandale-de-corruption-au-vatican-un-cardinal-au-coeur-dun-proces-financier\/' class='whatsapp-button whatsapp-share'>WhatsApp<\/a><div class='clear '><\/div><\/div>","protected":false},"excerpt":{"rendered":"<p>NETTALI.COM - Le Saint-Si\u00e8ge a annonc\u00e9 samedi le renvoi devant son tribunal p\u00e9nal de dix personnes, dont l\u2019influent Angelo Becciu, dans l\u2019affaire du financement opaque d\u2019un immeuble de luxe \u00e0 Londres. Un cardinal au c\u0153ur d\u2019un proc\u00e8s financier, du jamais vu au Vatican\u00a0: le Saint-Si\u00e8ge a annonc\u00e9, samedi 3\u00a0juillet, le renvoi devant son tribunal p\u00e9nal [&hellip;]<\/p>\n","protected":false},"author":11,"featured_media":67286,"comment_status":"open","ping_status":"open","sticky":false,"template":"","format":"standard","meta":{"_et_pb_use_builder":"","_et_pb_old_content":""},"categories":[8],"tags":[],"yoast_head":"<!-- This site is optimized with the Yoast SEO Premium plugin v17.8 (Yoast SEO v17.8) - https:\/\/yoast.com\/wordpress\/plugins\/seo\/ -->\n<title>SCANDALE DE CORRUPTION AU VATICAN - Un cardinal au c\u0153ur d\u2019un proc\u00e8s financier | Nettali.com<\/title>\n<meta name=\"robots\" content=\"index, follow, max-snippet:-1, max-image-preview:large, max-video-preview:-1\" \/>\n<link rel=\"canonical\" href=\"https:\/\/www.nettali.com\/2021\/07\/04\/scandale-de-corruption-au-vatican-un-cardinal-au-coeur-dun-proces-financier\/\" \/>\n<meta property=\"og:locale\" content=\"fr_FR\" \/>\n<meta property=\"og:type\" content=\"article\" \/>\n<meta property=\"og:title\" content=\"SCANDALE DE CORRUPTION AU VATICAN - Un cardinal au c\u0153ur d\u2019un proc\u00e8s financier\" \/>\n<meta property=\"og:description\" content=\"NETTALI.COM - Le Saint-Si\u00e8ge a annonc\u00e9 samedi le renvoi devant son tribunal p\u00e9nal de dix personnes, dont l\u2019influent Angelo Becciu, dans l\u2019affaire du financement opaque d\u2019un immeuble de luxe \u00e0 Londres. Un cardinal au c\u0153ur d\u2019un proc\u00e8s financier, du jamais vu au Vatican\u00a0: le Saint-Si\u00e8ge a annonc\u00e9, samedi 3\u00a0juillet, le renvoi devant son tribunal p\u00e9nal [&hellip;]\" \/>\n<meta property=\"og:url\" content=\"https:\/\/www.nettali.com\/2021\/07\/04\/scandale-de-corruption-au-vatican-un-cardinal-au-coeur-dun-proces-financier\/\" \/>\n<meta property=\"og:site_name\" content=\"Nettali.com\" \/>\n<meta property=\"article:publisher\" content=\"https:\/\/www.facebook.com\/nettalicom\" \/>\n<meta property=\"article:published_time\" content=\"2021-07-04T14:34:15+00:00\" \/>\n<meta property=\"article:modified_time\" content=\"2021-07-04T14:42:06+00:00\" \/>\n<meta property=\"og:image\" content=\"https:\/\/www.nettali.com\/wp-content\/uploads\/2021\/07\/vatican.jpg\" \/>\n\t<meta property=\"og:image:width\" content=\"1328\" \/>\n\t<meta property=\"og:image:height\" content=\"886\" \/>\n<meta name=\"twitter:card\" content=\"summary_large_image\" \/>\n<meta name=\"twitter:label1\" content=\"\u00c9crit par\" \/>\n\t<meta name=\"twitter:data1\" content=\"Thierno Diop\" \/>\n\t<meta name=\"twitter:label2\" content=\"Dur\u00e9e de lecture estim\u00e9e\" \/>\n\t<meta name=\"twitter:data2\" content=\"4 minutes\" \/>\n<script type=\"application\/ld+json\" class=\"yoast-schema-graph\">{\"@context\":\"https:\/\/schema.org\",\"@graph\":[{\"@type\":\"WebSite\",\"@id\":\"https:\/\/www.nettali.com\/#website\",\"url\":\"https:\/\/www.nettali.com\/\",\"name\":\"Nettali.com\",\"description\":\"Le rendez-vous critique du Net\",\"potentialAction\":[{\"@type\":\"SearchAction\",\"target\":{\"@type\":\"EntryPoint\",\"urlTemplate\":\"https:\/\/www.nettali.com\/?s={search_term_string}\"},\"query-input\":\"required name=search_term_string\"}],\"inLanguage\":\"fr-FR\"},{\"@type\":\"ImageObject\",\"@id\":\"https:\/\/www.nettali.com\/2021\/07\/04\/scandale-de-corruption-au-vatican-un-cardinal-au-coeur-dun-proces-financier\/#primaryimage\",\"inLanguage\":\"fr-FR\",\"url\":\"https:\/\/www.nettali.com\/wp-content\/uploads\/2021\/07\/vatican.jpg\",\"contentUrl\":\"https:\/\/www.nettali.com\/wp-content\/uploads\/2021\/07\/vatican.jpg\",\"width\":1328,\"height\":886,\"caption\":\"FILE - In this Friday, Sept. 25, 2020 file photo, Cardinal Angelo Becciu looks down as he meets the media during a press conference in Rome. The Vatican's criminal tribunal on Saturday, July 3, 2021 indicted 10 people, including a cardinal, and four companies on charges including extortion, abuse of office and fraud in connection with the Secretariat of State's 350 million-euro investment in a London real estate venture. Also indicted was another once-powerful Holy See official, Cardinal Angelo Becciu, who helped engineer the initial London investment when he was the chief of staff in the Secretariat of State. (AP Photo\/Gregorio Borgia, File)\"},{\"@type\":\"WebPage\",\"@id\":\"https:\/\/www.nettali.com\/2021\/07\/04\/scandale-de-corruption-au-vatican-un-cardinal-au-coeur-dun-proces-financier\/#webpage\",\"url\":\"https:\/\/www.nettali.com\/2021\/07\/04\/scandale-de-corruption-au-vatican-un-cardinal-au-coeur-dun-proces-financier\/\",\"name\":\"SCANDALE DE CORRUPTION AU VATICAN - Un cardinal au c\\u0153ur d\\u2019un proc\\u00e8s financier | Nettali.com\",\"isPartOf\":{\"@id\":\"https:\/\/www.nettali.com\/#website\"},\"primaryImageOfPage\":{\"@id\":\"https:\/\/www.nettali.com\/2021\/07\/04\/scandale-de-corruption-au-vatican-un-cardinal-au-coeur-dun-proces-financier\/#primaryimage\"},\"datePublished\":\"2021-07-04T14:34:15+00:00\",\"dateModified\":\"2021-07-04T14:42:06+00:00\",\"author\":{\"@id\":\"https:\/\/www.nettali.com\/#\/schema\/person\/8a06c6bd7b19304cf4bf985862900b5b\"},\"breadcrumb\":{\"@id\":\"https:\/\/www.nettali.com\/2021\/07\/04\/scandale-de-corruption-au-vatican-un-cardinal-au-coeur-dun-proces-financier\/#breadcrumb\"},\"inLanguage\":\"fr-FR\",\"potentialAction\":[{\"@type\":\"ReadAction\",\"target\":[\"https:\/\/www.nettali.com\/2021\/07\/04\/scandale-de-corruption-au-vatican-un-cardinal-au-coeur-dun-proces-financier\/\"]}]},{\"@type\":\"BreadcrumbList\",\"@id\":\"https:\/\/www.nettali.com\/2021\/07\/04\/scandale-de-corruption-au-vatican-un-cardinal-au-coeur-dun-proces-financier\/#breadcrumb\",\"itemListElement\":[{\"@type\":\"ListItem\",\"position\":1,\"name\":\"Accueil\",\"item\":\"https:\/\/www.nettali.com\/\"},{\"@type\":\"ListItem\",\"position\":2,\"name\":\"SCANDALE DE CORRUPTION AU VATICAN &#8211; Un cardinal au c\\u0153ur d\\u2019un proc\\u00e8s financier\"}]},{\"@type\":\"Person\",\"@id\":\"https:\/\/www.nettali.com\/#\/schema\/person\/8a06c6bd7b19304cf4bf985862900b5b\",\"name\":\"Thierno Diop\",\"image\":{\"@type\":\"ImageObject\",\"@id\":\"https:\/\/www.nettali.com\/#personlogo\",\"inLanguage\":\"fr-FR\",\"url\":\"https:\/\/secure.gravatar.com\/avatar\/c8ca58550c94fd2ac856d27391a6c866?s=96&d=mm&r=g\",\"contentUrl\":\"https:\/\/secure.gravatar.com\/avatar\/c8ca58550c94fd2ac856d27391a6c866?s=96&d=mm&r=g\",\"caption\":\"Thierno Diop\"},\"sameAs\":[\"https:\/\/nettali.com\"]}]}<\/script>\n<!-- \/ Yoast SEO Premium plugin. -->","yoast_head_json":{"title":"SCANDALE DE CORRUPTION AU VATICAN - Un cardinal au c\u0153ur d\u2019un proc\u00e8s financier | Nettali.com","robots":{"index":"index","follow":"follow","max-snippet":"max-snippet:-1","max-image-preview":"max-image-preview:large","max-video-preview":"max-video-preview:-1"},"canonical":"https:\/\/www.nettali.com\/2021\/07\/04\/scandale-de-corruption-au-vatican-un-cardinal-au-coeur-dun-proces-financier\/","og_locale":"fr_FR","og_type":"article","og_title":"SCANDALE DE CORRUPTION AU VATICAN - Un cardinal au c\u0153ur d\u2019un proc\u00e8s financier","og_description":"NETTALI.COM - Le Saint-Si\u00e8ge a annonc\u00e9 samedi le renvoi devant son tribunal p\u00e9nal de dix personnes, dont l\u2019influent Angelo Becciu, dans l\u2019affaire du financement opaque d\u2019un immeuble de luxe \u00e0 Londres. Un cardinal au c\u0153ur d\u2019un proc\u00e8s financier, du jamais vu au Vatican\u00a0: le Saint-Si\u00e8ge a annonc\u00e9, samedi 3\u00a0juillet, le renvoi devant son tribunal p\u00e9nal [&hellip;]","og_url":"https:\/\/www.nettali.com\/2021\/07\/04\/scandale-de-corruption-au-vatican-un-cardinal-au-coeur-dun-proces-financier\/","og_site_name":"Nettali.com","article_publisher":"https:\/\/www.facebook.com\/nettalicom","article_published_time":"2021-07-04T14:34:15+00:00","article_modified_time":"2021-07-04T14:42:06+00:00","og_image":[{"width":1328,"height":886,"url":"https:\/\/www.nettali.com\/wp-content\/uploads\/2021\/07\/vatican.jpg","type":"image\/jpeg"}],"twitter_card":"summary_large_image","twitter_misc":{"\u00c9crit par":"Thierno Diop","Dur\u00e9e de lecture estim\u00e9e":"4 minutes"},"schema":{"@context":"https:\/\/schema.org","@graph":[{"@type":"WebSite","@id":"https:\/\/www.nettali.com\/#website","url":"https:\/\/www.nettali.com\/","name":"Nettali.com","description":"Le rendez-vous critique du Net","potentialAction":[{"@type":"SearchAction","target":{"@type":"EntryPoint","urlTemplate":"https:\/\/www.nettali.com\/?s={search_term_string}"},"query-input":"required name=search_term_string"}],"inLanguage":"fr-FR"},{"@type":"ImageObject","@id":"https:\/\/www.nettali.com\/2021\/07\/04\/scandale-de-corruption-au-vatican-un-cardinal-au-coeur-dun-proces-financier\/#primaryimage","inLanguage":"fr-FR","url":"https:\/\/www.nettali.com\/wp-content\/uploads\/2021\/07\/vatican.jpg","contentUrl":"https:\/\/www.nettali.com\/wp-content\/uploads\/2021\/07\/vatican.jpg","width":1328,"height":886,"caption":"FILE - In this Friday, Sept. 25, 2020 file photo, Cardinal Angelo Becciu looks down as he meets the media during a press conference in Rome. The Vatican's criminal tribunal on Saturday, July 3, 2021 indicted 10 people, including a cardinal, and four companies on charges including extortion, abuse of office and fraud in connection with the Secretariat of State's 350 million-euro investment in a London real estate venture. Also indicted was another once-powerful Holy See official, Cardinal Angelo Becciu, who helped engineer the initial London investment when he was the chief of staff in the Secretariat of State. (AP Photo\/Gregorio Borgia, File)"},{"@type":"WebPage","@id":"https:\/\/www.nettali.com\/2021\/07\/04\/scandale-de-corruption-au-vatican-un-cardinal-au-coeur-dun-proces-financier\/#webpage","url":"https:\/\/www.nettali.com\/2021\/07\/04\/scandale-de-corruption-au-vatican-un-cardinal-au-coeur-dun-proces-financier\/","name":"SCANDALE DE CORRUPTION AU VATICAN - Un cardinal au c\u0153ur d\u2019un proc\u00e8s financier | Nettali.com","isPartOf":{"@id":"https:\/\/www.nettali.com\/#website"},"primaryImageOfPage":{"@id":"https:\/\/www.nettali.com\/2021\/07\/04\/scandale-de-corruption-au-vatican-un-cardinal-au-coeur-dun-proces-financier\/#primaryimage"},"datePublished":"2021-07-04T14:34:15+00:00","dateModified":"2021-07-04T14:42:06+00:00","author":{"@id":"https:\/\/www.nettali.com\/#\/schema\/person\/8a06c6bd7b19304cf4bf985862900b5b"},"breadcrumb":{"@id":"https:\/\/www.nettali.com\/2021\/07\/04\/scandale-de-corruption-au-vatican-un-cardinal-au-coeur-dun-proces-financier\/#breadcrumb"},"inLanguage":"fr-FR","potentialAction":[{"@type":"ReadAction","target":["https:\/\/www.nettali.com\/2021\/07\/04\/scandale-de-corruption-au-vatican-un-cardinal-au-coeur-dun-proces-financier\/"]}]},{"@type":"BreadcrumbList","@id":"https:\/\/www.nettali.com\/2021\/07\/04\/scandale-de-corruption-au-vatican-un-cardinal-au-coeur-dun-proces-financier\/#breadcrumb","itemListElement":[{"@type":"ListItem","position":1,"name":"Accueil","item":"https:\/\/www.nettali.com\/"},{"@type":"ListItem","position":2,"name":"SCANDALE DE CORRUPTION AU VATICAN &#8211; Un cardinal au c\u0153ur d\u2019un proc\u00e8s financier"}]},{"@type":"Person","@id":"https:\/\/www.nettali.com\/#\/schema\/person\/8a06c6bd7b19304cf4bf985862900b5b","name":"Thierno Diop","image":{"@type":"ImageObject","@id":"https:\/\/www.nettali.com\/#personlogo","inLanguage":"fr-FR","url":"https:\/\/secure.gravatar.com\/avatar\/c8ca58550c94fd2ac856d27391a6c866?s=96&d=mm&r=g","contentUrl":"https:\/\/secure.gravatar.com\/avatar\/c8ca58550c94fd2ac856d27391a6c866?s=96&d=mm&r=g","caption":"Thierno Diop"},"sameAs":["https:\/\/nettali.com"]}]}},"_links":{"self":[{"href":"https:\/\/www.nettali.com\/rest\/wp\/v2\/posts\/67284"}],"collection":[{"href":"https:\/\/www.nettali.com\/rest\/wp\/v2\/posts"}],"about":[{"href":"https:\/\/www.nettali.com\/rest\/wp\/v2\/types\/post"}],"author":[{"embeddable":true,"href":"https:\/\/www.nettali.com\/rest\/wp\/v2\/users\/11"}],"replies":[{"embeddable":true,"href":"https:\/\/www.nettali.com\/rest\/wp\/v2\/comments?post=67284"}],"version-history":[{"count":1,"href":"https:\/\/www.nettali.com\/rest\/wp\/v2\/posts\/67284\/revisions"}],"predecessor-version":[{"id":67287,"href":"https:\/\/www.nettali.com\/rest\/wp\/v2\/posts\/67284\/revisions\/67287"}],"wp:featuredmedia":[{"embeddable":true,"href":"https:\/\/www.nettali.com\/rest\/wp\/v2\/media\/67286"}],"wp:attachment":[{"href":"https:\/\/www.nettali.com\/rest\/wp\/v2\/media?parent=67284"}],"wp:term":[{"taxonomy":"category","embeddable":true,"href":"https:\/\/www.nettali.com\/rest\/wp\/v2\/categories?post=67284"},{"taxonomy":"post_tag","embeddable":true,"href":"https:\/\/www.nettali.com\/rest\/wp\/v2\/tags?post=67284"}],"curies":[{"name":"wp","href":"https:\/\/api.w.org\/{rel}","templated":true}]}}