{"id":67275,"date":"2021-07-04T12:48:49","date_gmt":"2021-07-04T12:48:49","guid":{"rendered":"https:\/\/www.nettali.com\/?p=67275"},"modified":"2021-07-04T20:49:48","modified_gmt":"2021-07-04T20:49:48","slug":"accusation-de-viol-madiambal-promet-lenfer-a-teliko","status":"publish","type":"post","link":"https:\/\/www.nettali.com\/2021\/07\/04\/accusation-de-viol-madiambal-promet-lenfer-a-teliko\/","title":{"rendered":"ACCUSATION DE VIOL \u2013 Madiambal promet l\u2019enfer \u00e0 T\u00e9liko"},"content":{"rendered":"<p style=\"font-weight: 400;\"><strong>NETTALI.COM-Madiambal Diagne ne compte pas reculer. Il entend poursuivre jusqu\u2019au bout le magistrat Souleymane T\u00e9liko, m\u00eame si ce dernier conteste les accusations de viol port\u00e9es contre lui lors de leur proc\u00e8s.<\/strong><\/p>\n<p style=\"font-weight: 400;\">Invit\u00e9 du Jury du dimanche, Madiambal Diagne a \u00e9t\u00e9 interpell\u00e9 sur les poursuites qu\u2019il compte enclencher contre le juge Souleymane T\u00e9liko. Le patron du groupe Avenir Communication confirme avoir eu l\u2019autorisation du ministre de la Justice et ses avocats sont en train de travailler sur cela.<\/p>\n<p style=\"font-weight: 400;\">D\u2019apr\u00e8s lui, s\u2019il a d\u00e9pos\u00e9 une plainte contre le magistrat, c\u2019est parce que le pr\u00e9sident de l'Union des magistrats s\u00e9n\u00e9galais (UMS) l\u2019a accus\u00e9 \u00e0 la barre\u00a0 d\u2019\u00eatre tremp\u00e9 dans une histoire de viol et d\u2019\u00eatre un escroc. \u00ab <em>Pendant le proc\u00e8s, quand il a sorti ces \u00e2neries, honn\u00eatement, j\u2019ai dit au tribunal que je demande solennellement que cette d\u00e9claration soit consign\u00e9e sur le plumitif d\u2019audience parce que je veux lui donner une suite judiciaire. J\u2019ai demand\u00e9 l\u2019extrait du plumitif, je l\u2019ai re\u00e7u vendredi dernier, et cette d\u00e9claration n\u2019y figure pas. Donc, cela montre une collision manifeste et que le tribunal a voulu prot\u00e9ger et sauver Souleymane T\u00e9liko<\/em> \u00bb, alerte le journaliste qui, nonobstant pr\u00e9vient : \u00ab\u00a0 <em>ils n\u2019y arriveront pas parce que cette d\u00e9claration de Souleymane T\u00e9liko est grave et\u00a0 je ne saurais la laisser passer. Elle m\u00e9rite d\u2019\u00eatre \u00e9clair\u00e9e devant l\u2019opinion publique . Madiambal Diagne exige donc un proc\u00e8s pour que Souleymane T\u00e9liko lui\u00a0 dise si les accusations de viol et d\u2019escroquerie sont av\u00e9r\u00e9es ou pas<\/em> \u00bb.<\/p>\n<p style=\"font-weight: 400;\">A son avis, les S\u00e9n\u00e9galais doivent savoir. \u00ab\u00a0 <em>D\u00e8s lundi, il aura une sommation interpr\u00e9tative pour qu\u2019il r\u00e9p\u00e8te ses propos. Si maintenant il dit qu\u2019il ne les a jamais tenus, \u00e7a n\u2019emp\u00eachera pas que je vais saisir le tribunal. Parce que les coupures de presse sont l\u00e0. Il y aura un proc\u00e8s public pour que Souleymane T\u00e9liko dise s\u2019il raconte des contrev\u00e9rit\u00e9s<\/em> \u00bb, dit-il avec d\u00e9termination. Comme quoi le feuilleton judiciaire entre les deux hommes est loin de conna\u00eetre son \u00e9pilogue.<\/p>\n<p><strong>\u00ab\u00a0J\u2019ai \u00e9t\u00e9 condamn\u00e9 de fa\u00e7on corporatiste\u00a0\u00bb<\/strong><\/p>\n<p style=\"font-weight: 400;\">Par ailleurs, Madiambal Diagne, journaliste et administrateur du Groupe Avenir Communication est revenu de long en large sur son diff\u00e9rend avec le juge Souleymane T\u00e9liko, par ailleurs, pr\u00e9sident de l\u2019Union des magistrats du S\u00e9n\u00e9gal, surtout sur la peine qui lui a \u00e9t\u00e9 inflig\u00e9e en premi\u00e8re instance. \u00a0\u00ab\u00a0<em>J\u2019ai rapport\u00e9 la preuve irr\u00e9futable, de documents comptables qui attestent que Souleymane T\u00e9liko a \u00e9t\u00e9 en mission \u00e0 plusieurs reprises au Tchad, a re\u00e7u des frais de mission alors qu\u2019il avait \u00e9t\u00e9 pris en charge par l'Etat tchadien qui, en quelque sorte, \u00e9tait int\u00e9ress\u00e9 au proc\u00e8s. Voil\u00e0 un juge qui accepte d\u2019aller en mission pour une enqu\u00eate judiciaire et qui accepte de se faire prendre en charge par l\u2019autre partie. Du point de vue \u00e9thique et moral, \u00e7a pose probl\u00e8me. Voil\u00e0 des gens qui \u00e9taient pris en charge et qui n\u2019ont pas estim\u00e9 devoir rembourser les ressources qu\u2019ils ont ind\u00fbment per\u00e7ues, mais ils l\u2019ont fait, parce contraint et forc\u00e9s. Il a fallu que ces sommes soient r\u00e9clam\u00e9es pour qu\u2019ils daignent rembourser par moratoire<\/em> \u00bb, a expliqu\u00e9 d\u2019embl\u00e9e le journaliste. Selon lui, il a \u00e9t\u00e9 condamn\u00e9 parce que c'est cette sanction qui a \u00e9t\u00e9 demand\u00e9e. Et, le tribunal a tout mis en \u0153uvre pour y arriver. \u00ab <em>J\u2019ai \u00e9t\u00e9 condamn\u00e9 de fa\u00e7on corporatiste\u00a0<\/em>\u00bb, d\u00e9nonce-t-il.<\/p>\n<p style=\"font-weight: 400;\">Il poursuit\u00a0:\u00a0\u00ab<em>\u00a0ce n\u2019est pas la justice qui a \u00e9t\u00e9 rendue. Ce qui est \u00e9tonnant, pour une premi\u00e8re fois, c\u2019est le fait simplement qu\u2019il y ait une peine aussi lourde. Pour la premi\u00e8re fois, un juge rend une d\u00e9cision et se rend dans une radio pour expliquer pourquoi il a rendu la d\u00e9cision. \u00c7a ne s\u2019est jamais pass\u00e9. En plus, tout le monde a pu voir dans le compte des m\u00e9dias, le d\u00e9s\u00e9quilibre qu\u2019il y a eu dans le proc\u00e8s. Il a \u00e9t\u00e9 tout sauf \u00e9quitable. Il a \u00e9t\u00e9 tout sauf un proc\u00e8s juste<\/em>\u00a0\u00bb.<\/p>\n<div class='share-to-whatsapp-wrapper'><div class='share-on-whsp'>PARTAGER SUR : <\/div><a data-text='ACCUSATION DE VIOL \u2013 Madiambal promet l\u2019enfer \u00e0 T\u00e9liko' data-link='https:\/\/www.nettali.com\/2021\/07\/04\/accusation-de-viol-madiambal-promet-lenfer-a-teliko\/' class='whatsapp-button whatsapp-share'>WhatsApp<\/a><div class='clear '><\/div><\/div>","protected":false},"excerpt":{"rendered":"<p>NETTALI.COM-Madiambal Diagne ne compte pas reculer. Il entend poursuivre jusqu\u2019au bout le magistrat Souleymane T\u00e9liko, m\u00eame si ce dernier conteste les accusations de viol port\u00e9es contre lui lors de leur proc\u00e8s. Invit\u00e9 du Jury du dimanche, Madiambal Diagne a \u00e9t\u00e9 interpell\u00e9 sur les poursuites qu\u2019il compte enclencher contre le juge Souleymane T\u00e9liko. Le patron du [&hellip;]<\/p>\n","protected":false},"author":6,"featured_media":61422,"comment_status":"open","ping_status":"open","sticky":false,"template":"","format":"standard","meta":{"_et_pb_use_builder":"","_et_pb_old_content":""},"categories":[3],"tags":[],"yoast_head":"<!-- This site is optimized with the Yoast SEO Premium plugin v17.8 (Yoast SEO v17.8) - https:\/\/yoast.com\/wordpress\/plugins\/seo\/ -->\n<title>ACCUSATION DE VIOL \u2013 Madiambal promet l\u2019enfer \u00e0 T\u00e9liko | Nettali.com<\/title>\n<meta name=\"robots\" content=\"index, follow, max-snippet:-1, max-image-preview:large, max-video-preview:-1\" \/>\n<link rel=\"canonical\" href=\"https:\/\/www.nettali.com\/2021\/07\/04\/accusation-de-viol-madiambal-promet-lenfer-a-teliko\/\" \/>\n<meta property=\"og:locale\" content=\"fr_FR\" \/>\n<meta property=\"og:type\" content=\"article\" \/>\n<meta property=\"og:title\" content=\"ACCUSATION DE VIOL \u2013 Madiambal promet l\u2019enfer \u00e0 T\u00e9liko\" \/>\n<meta property=\"og:description\" content=\"NETTALI.COM-Madiambal Diagne ne compte pas reculer. Il entend poursuivre jusqu\u2019au bout le magistrat Souleymane T\u00e9liko, m\u00eame si ce dernier conteste les accusations de viol port\u00e9es contre lui lors de leur proc\u00e8s. Invit\u00e9 du Jury du dimanche, Madiambal Diagne a \u00e9t\u00e9 interpell\u00e9 sur les poursuites qu\u2019il compte enclencher contre le juge Souleymane T\u00e9liko. Le patron du [&hellip;]\" \/>\n<meta property=\"og:url\" content=\"https:\/\/www.nettali.com\/2021\/07\/04\/accusation-de-viol-madiambal-promet-lenfer-a-teliko\/\" \/>\n<meta property=\"og:site_name\" content=\"Nettali.com\" \/>\n<meta property=\"article:publisher\" content=\"https:\/\/www.facebook.com\/nettalicom\" \/>\n<meta property=\"article:published_time\" content=\"2021-07-04T12:48:49+00:00\" \/>\n<meta property=\"article:modified_time\" content=\"2021-07-04T20:49:48+00:00\" \/>\n<meta property=\"og:image\" content=\"https:\/\/www.nettali.com\/wp-content\/uploads\/2021\/04\/teliko-madiambal.jpg\" \/>\n\t<meta property=\"og:image:width\" content=\"1280\" \/>\n\t<meta property=\"og:image:height\" content=\"600\" \/>\n<meta name=\"twitter:card\" content=\"summary_large_image\" \/>\n<meta name=\"twitter:label1\" content=\"\u00c9crit par\" \/>\n\t<meta name=\"twitter:data1\" content=\"Fatou\" \/>\n\t<meta name=\"twitter:label2\" content=\"Dur\u00e9e de lecture estim\u00e9e\" \/>\n\t<meta name=\"twitter:data2\" content=\"3 minutes\" \/>\n<script type=\"application\/ld+json\" class=\"yoast-schema-graph\">{\"@context\":\"https:\/\/schema.org\",\"@graph\":[{\"@type\":\"WebSite\",\"@id\":\"https:\/\/www.nettali.com\/#website\",\"url\":\"https:\/\/www.nettali.com\/\",\"name\":\"Nettali.com\",\"description\":\"Le rendez-vous critique du Net\",\"potentialAction\":[{\"@type\":\"SearchAction\",\"target\":{\"@type\":\"EntryPoint\",\"urlTemplate\":\"https:\/\/www.nettali.com\/?s={search_term_string}\"},\"query-input\":\"required name=search_term_string\"}],\"inLanguage\":\"fr-FR\"},{\"@type\":\"ImageObject\",\"@id\":\"https:\/\/www.nettali.com\/2021\/07\/04\/accusation-de-viol-madiambal-promet-lenfer-a-teliko\/#primaryimage\",\"inLanguage\":\"fr-FR\",\"url\":\"https:\/\/www.nettali.com\/wp-content\/uploads\/2021\/04\/teliko-madiambal.jpg\",\"contentUrl\":\"https:\/\/www.nettali.com\/wp-content\/uploads\/2021\/04\/teliko-madiambal.jpg\",\"width\":1280,\"height\":600},{\"@type\":\"WebPage\",\"@id\":\"https:\/\/www.nettali.com\/2021\/07\/04\/accusation-de-viol-madiambal-promet-lenfer-a-teliko\/#webpage\",\"url\":\"https:\/\/www.nettali.com\/2021\/07\/04\/accusation-de-viol-madiambal-promet-lenfer-a-teliko\/\",\"name\":\"ACCUSATION DE VIOL \\u2013 Madiambal promet l\\u2019enfer \\u00e0 T\\u00e9liko | Nettali.com\",\"isPartOf\":{\"@id\":\"https:\/\/www.nettali.com\/#website\"},\"primaryImageOfPage\":{\"@id\":\"https:\/\/www.nettali.com\/2021\/07\/04\/accusation-de-viol-madiambal-promet-lenfer-a-teliko\/#primaryimage\"},\"datePublished\":\"2021-07-04T12:48:49+00:00\",\"dateModified\":\"2021-07-04T20:49:48+00:00\",\"author\":{\"@id\":\"https:\/\/www.nettali.com\/#\/schema\/person\/418274a86bdf87caff7a3ef476bd0bbf\"},\"breadcrumb\":{\"@id\":\"https:\/\/www.nettali.com\/2021\/07\/04\/accusation-de-viol-madiambal-promet-lenfer-a-teliko\/#breadcrumb\"},\"inLanguage\":\"fr-FR\",\"potentialAction\":[{\"@type\":\"ReadAction\",\"target\":[\"https:\/\/www.nettali.com\/2021\/07\/04\/accusation-de-viol-madiambal-promet-lenfer-a-teliko\/\"]}]},{\"@type\":\"BreadcrumbList\",\"@id\":\"https:\/\/www.nettali.com\/2021\/07\/04\/accusation-de-viol-madiambal-promet-lenfer-a-teliko\/#breadcrumb\",\"itemListElement\":[{\"@type\":\"ListItem\",\"position\":1,\"name\":\"Accueil\",\"item\":\"https:\/\/www.nettali.com\/\"},{\"@type\":\"ListItem\",\"position\":2,\"name\":\"ACCUSATION DE VIOL \\u2013 Madiambal promet l\\u2019enfer \\u00e0 T\\u00e9liko\"}]},{\"@type\":\"Person\",\"@id\":\"https:\/\/www.nettali.com\/#\/schema\/person\/418274a86bdf87caff7a3ef476bd0bbf\",\"name\":\"Fatou\",\"image\":{\"@type\":\"ImageObject\",\"@id\":\"https:\/\/www.nettali.com\/#personlogo\",\"inLanguage\":\"fr-FR\",\"url\":\"https:\/\/secure.gravatar.com\/avatar\/5a9442a2bee7b4dcf167cab035858e9a?s=96&d=mm&r=g\",\"contentUrl\":\"https:\/\/secure.gravatar.com\/avatar\/5a9442a2bee7b4dcf167cab035858e9a?s=96&d=mm&r=g\",\"caption\":\"Fatou\"},\"sameAs\":[\"https:\/\/www.nettali.com\"]}]}<\/script>\n<!-- \/ Yoast SEO Premium plugin. -->","yoast_head_json":{"title":"ACCUSATION DE VIOL \u2013 Madiambal promet l\u2019enfer \u00e0 T\u00e9liko | Nettali.com","robots":{"index":"index","follow":"follow","max-snippet":"max-snippet:-1","max-image-preview":"max-image-preview:large","max-video-preview":"max-video-preview:-1"},"canonical":"https:\/\/www.nettali.com\/2021\/07\/04\/accusation-de-viol-madiambal-promet-lenfer-a-teliko\/","og_locale":"fr_FR","og_type":"article","og_title":"ACCUSATION DE VIOL \u2013 Madiambal promet l\u2019enfer \u00e0 T\u00e9liko","og_description":"NETTALI.COM-Madiambal Diagne ne compte pas reculer. Il entend poursuivre jusqu\u2019au bout le magistrat Souleymane T\u00e9liko, m\u00eame si ce dernier conteste les accusations de viol port\u00e9es contre lui lors de leur proc\u00e8s. Invit\u00e9 du Jury du dimanche, Madiambal Diagne a \u00e9t\u00e9 interpell\u00e9 sur les poursuites qu\u2019il compte enclencher contre le juge Souleymane T\u00e9liko. Le patron du [&hellip;]","og_url":"https:\/\/www.nettali.com\/2021\/07\/04\/accusation-de-viol-madiambal-promet-lenfer-a-teliko\/","og_site_name":"Nettali.com","article_publisher":"https:\/\/www.facebook.com\/nettalicom","article_published_time":"2021-07-04T12:48:49+00:00","article_modified_time":"2021-07-04T20:49:48+00:00","og_image":[{"width":1280,"height":600,"url":"https:\/\/www.nettali.com\/wp-content\/uploads\/2021\/04\/teliko-madiambal.jpg","type":"image\/jpeg"}],"twitter_card":"summary_large_image","twitter_misc":{"\u00c9crit par":"Fatou","Dur\u00e9e de lecture estim\u00e9e":"3 minutes"},"schema":{"@context":"https:\/\/schema.org","@graph":[{"@type":"WebSite","@id":"https:\/\/www.nettali.com\/#website","url":"https:\/\/www.nettali.com\/","name":"Nettali.com","description":"Le rendez-vous critique du Net","potentialAction":[{"@type":"SearchAction","target":{"@type":"EntryPoint","urlTemplate":"https:\/\/www.nettali.com\/?s={search_term_string}"},"query-input":"required name=search_term_string"}],"inLanguage":"fr-FR"},{"@type":"ImageObject","@id":"https:\/\/www.nettali.com\/2021\/07\/04\/accusation-de-viol-madiambal-promet-lenfer-a-teliko\/#primaryimage","inLanguage":"fr-FR","url":"https:\/\/www.nettali.com\/wp-content\/uploads\/2021\/04\/teliko-madiambal.jpg","contentUrl":"https:\/\/www.nettali.com\/wp-content\/uploads\/2021\/04\/teliko-madiambal.jpg","width":1280,"height":600},{"@type":"WebPage","@id":"https:\/\/www.nettali.com\/2021\/07\/04\/accusation-de-viol-madiambal-promet-lenfer-a-teliko\/#webpage","url":"https:\/\/www.nettali.com\/2021\/07\/04\/accusation-de-viol-madiambal-promet-lenfer-a-teliko\/","name":"ACCUSATION DE VIOL \u2013 Madiambal promet l\u2019enfer \u00e0 T\u00e9liko | Nettali.com","isPartOf":{"@id":"https:\/\/www.nettali.com\/#website"},"primaryImageOfPage":{"@id":"https:\/\/www.nettali.com\/2021\/07\/04\/accusation-de-viol-madiambal-promet-lenfer-a-teliko\/#primaryimage"},"datePublished":"2021-07-04T12:48:49+00:00","dateModified":"2021-07-04T20:49:48+00:00","author":{"@id":"https:\/\/www.nettali.com\/#\/schema\/person\/418274a86bdf87caff7a3ef476bd0bbf"},"breadcrumb":{"@id":"https:\/\/www.nettali.com\/2021\/07\/04\/accusation-de-viol-madiambal-promet-lenfer-a-teliko\/#breadcrumb"},"inLanguage":"fr-FR","potentialAction":[{"@type":"ReadAction","target":["https:\/\/www.nettali.com\/2021\/07\/04\/accusation-de-viol-madiambal-promet-lenfer-a-teliko\/"]}]},{"@type":"BreadcrumbList","@id":"https:\/\/www.nettali.com\/2021\/07\/04\/accusation-de-viol-madiambal-promet-lenfer-a-teliko\/#breadcrumb","itemListElement":[{"@type":"ListItem","position":1,"name":"Accueil","item":"https:\/\/www.nettali.com\/"},{"@type":"ListItem","position":2,"name":"ACCUSATION DE VIOL \u2013 Madiambal promet l\u2019enfer \u00e0 T\u00e9liko"}]},{"@type":"Person","@id":"https:\/\/www.nettali.com\/#\/schema\/person\/418274a86bdf87caff7a3ef476bd0bbf","name":"Fatou","image":{"@type":"ImageObject","@id":"https:\/\/www.nettali.com\/#personlogo","inLanguage":"fr-FR","url":"https:\/\/secure.gravatar.com\/avatar\/5a9442a2bee7b4dcf167cab035858e9a?s=96&d=mm&r=g","contentUrl":"https:\/\/secure.gravatar.com\/avatar\/5a9442a2bee7b4dcf167cab035858e9a?s=96&d=mm&r=g","caption":"Fatou"},"sameAs":["https:\/\/www.nettali.com"]}]}},"_links":{"self":[{"href":"https:\/\/www.nettali.com\/rest\/wp\/v2\/posts\/67275"}],"collection":[{"href":"https:\/\/www.nettali.com\/rest\/wp\/v2\/posts"}],"about":[{"href":"https:\/\/www.nettali.com\/rest\/wp\/v2\/types\/post"}],"author":[{"embeddable":true,"href":"https:\/\/www.nettali.com\/rest\/wp\/v2\/users\/6"}],"replies":[{"embeddable":true,"href":"https:\/\/www.nettali.com\/rest\/wp\/v2\/comments?post=67275"}],"version-history":[{"count":2,"href":"https:\/\/www.nettali.com\/rest\/wp\/v2\/posts\/67275\/revisions"}],"predecessor-version":[{"id":67277,"href":"https:\/\/www.nettali.com\/rest\/wp\/v2\/posts\/67275\/revisions\/67277"}],"wp:featuredmedia":[{"embeddable":true,"href":"https:\/\/www.nettali.com\/rest\/wp\/v2\/media\/61422"}],"wp:attachment":[{"href":"https:\/\/www.nettali.com\/rest\/wp\/v2\/media?parent=67275"}],"wp:term":[{"taxonomy":"category","embeddable":true,"href":"https:\/\/www.nettali.com\/rest\/wp\/v2\/categories?post=67275"},{"taxonomy":"post_tag","embeddable":true,"href":"https:\/\/www.nettali.com\/rest\/wp\/v2\/tags?post=67275"}],"curies":[{"name":"wp","href":"https:\/\/api.w.org\/{rel}","templated":true}]}}