{"id":67233,"date":"2021-07-03T00:18:11","date_gmt":"2021-07-03T00:18:11","guid":{"rendered":"https:\/\/www.nettali.com\/?p=67233"},"modified":"2021-07-03T00:18:11","modified_gmt":"2021-07-03T00:18:11","slug":"la-forces-francaises-ont-repris-les-operations-conjointes-avec-les-troupes-maliennes","status":"publish","type":"post","link":"https:\/\/www.nettali.com\/2021\/07\/03\/la-forces-francaises-ont-repris-les-operations-conjointes-avec-les-troupes-maliennes\/","title":{"rendered":"La forces fran\u00e7aises ont repris les op\u00e9rations conjointes avec les troupes maliennes"},"content":{"rendered":"<p>NETTALI.COM - Les forces militaires fran\u00e7aises ont repris les op\u00e9rations conjointes avec les troupes maliennes dans le pays d'Afrique de l'Ouest, a d\u00e9clar\u00e9 le minist\u00e8re fran\u00e7ais des forces arm\u00e9es, alors que la France s'engage \u00e0 maintenir une pr\u00e9sence dans la r\u00e9gion africaine du Sahel afin de lutter contre les militants islamistes dans la r\u00e9gion.<\/p>\n<p>Le mois dernier, le pr\u00e9sident Emmanuel Macron a d\u00e9clar\u00e9 que l'op\u00e9ration de la France contre les militants islamistes dans la r\u00e9gion du Sahel en Afrique de l'Ouest prendrait fin, les troupes op\u00e9rant d\u00e9sormais dans le cadre d'efforts internationaux plus larges dans la r\u00e9gion.<\/p>\n<p>Emmanuel Macron avait alors expliqu\u00e9 que des consultations concernant la poursuite de l'engagement fran\u00e7ais au Sahel devaient \u00eatre men\u00e9es avec les Etats-Unis et les partenaires europ\u00e9ens de la France, ainsi qu'avec les pays du G5 Sahel (Mali, Niger, Tchad, Burkina Faso et Mauritanie).<\/p>\n<p>Les militants li\u00e9s \u00e0 Al-Qa\u00efda et au groupe Etat islamique ont renforc\u00e9 leur emprise sur la r\u00e9gion du Sahel, rendant de larges pans de territoire ingouvernables et attisant les violences ethniques, notamment au Mali et au Burkina Faso.<\/p>\n<p>(avec Reuters)<\/p>\n<div class='share-to-whatsapp-wrapper'><div class='share-on-whsp'>PARTAGER SUR : <\/div><a data-text='La forces fran\u00e7aises ont repris les op\u00e9rations conjointes avec les troupes maliennes' data-link='https:\/\/www.nettali.com\/2021\/07\/03\/la-forces-francaises-ont-repris-les-operations-conjointes-avec-les-troupes-maliennes\/' class='whatsapp-button whatsapp-share'>WhatsApp<\/a><div class='clear '><\/div><\/div>","protected":false},"excerpt":{"rendered":"<p>NETTALI.COM - Les forces militaires fran\u00e7aises ont repris les op\u00e9rations conjointes avec les troupes maliennes dans le pays d'Afrique de l'Ouest, a d\u00e9clar\u00e9 le minist\u00e8re fran\u00e7ais des forces arm\u00e9es, alors que la France s'engage \u00e0 maintenir une pr\u00e9sence dans la r\u00e9gion africaine du Sahel afin de lutter contre les militants islamistes dans la r\u00e9gion. Le [&hellip;]<\/p>\n","protected":false},"author":11,"featured_media":67234,"comment_status":"open","ping_status":"open","sticky":false,"template":"","format":"standard","meta":{"_et_pb_use_builder":"","_et_pb_old_content":""},"categories":[8],"tags":[],"yoast_head":"<!-- This site is optimized with the Yoast SEO Premium plugin v17.8 (Yoast SEO v17.8) - https:\/\/yoast.com\/wordpress\/plugins\/seo\/ -->\n<title>La forces fran\u00e7aises ont repris les op\u00e9rations conjointes avec les troupes maliennes | Nettali.com<\/title>\n<meta name=\"robots\" content=\"index, follow, max-snippet:-1, max-image-preview:large, max-video-preview:-1\" \/>\n<link rel=\"canonical\" href=\"https:\/\/www.nettali.com\/2021\/07\/03\/la-forces-francaises-ont-repris-les-operations-conjointes-avec-les-troupes-maliennes\/\" \/>\n<meta property=\"og:locale\" content=\"fr_FR\" \/>\n<meta property=\"og:type\" content=\"article\" \/>\n<meta property=\"og:title\" content=\"La forces fran\u00e7aises ont repris les op\u00e9rations conjointes avec les troupes maliennes\" \/>\n<meta property=\"og:description\" content=\"NETTALI.COM - Les forces militaires fran\u00e7aises ont repris les op\u00e9rations conjointes avec les troupes maliennes dans le pays d&#039;Afrique de l&#039;Ouest, a d\u00e9clar\u00e9 le minist\u00e8re fran\u00e7ais des forces arm\u00e9es, alors que la France s&#039;engage \u00e0 maintenir une pr\u00e9sence dans la r\u00e9gion africaine du Sahel afin de lutter contre les militants islamistes dans la r\u00e9gion. Le [&hellip;]\" \/>\n<meta property=\"og:url\" content=\"https:\/\/www.nettali.com\/2021\/07\/03\/la-forces-francaises-ont-repris-les-operations-conjointes-avec-les-troupes-maliennes\/\" \/>\n<meta property=\"og:site_name\" content=\"Nettali.com\" \/>\n<meta property=\"article:publisher\" content=\"https:\/\/www.facebook.com\/nettalicom\" \/>\n<meta property=\"article:published_time\" content=\"2021-07-03T00:18:11+00:00\" \/>\n<meta property=\"og:image\" content=\"https:\/\/www.nettali.com\/wp-content\/uploads\/2021\/07\/fr.jpg\" \/>\n\t<meta property=\"og:image:width\" content=\"1000\" \/>\n\t<meta property=\"og:image:height\" content=\"750\" \/>\n<meta name=\"twitter:card\" content=\"summary_large_image\" \/>\n<meta name=\"twitter:label1\" content=\"\u00c9crit par\" \/>\n\t<meta name=\"twitter:data1\" content=\"Thierno Diop\" \/>\n\t<meta name=\"twitter:label2\" content=\"Dur\u00e9e de lecture estim\u00e9e\" \/>\n\t<meta name=\"twitter:data2\" content=\"1 minute\" \/>\n<script type=\"application\/ld+json\" class=\"yoast-schema-graph\">{\"@context\":\"https:\/\/schema.org\",\"@graph\":[{\"@type\":\"WebSite\",\"@id\":\"https:\/\/www.nettali.com\/#website\",\"url\":\"https:\/\/www.nettali.com\/\",\"name\":\"Nettali.com\",\"description\":\"Le rendez-vous critique du Net\",\"potentialAction\":[{\"@type\":\"SearchAction\",\"target\":{\"@type\":\"EntryPoint\",\"urlTemplate\":\"https:\/\/www.nettali.com\/?s={search_term_string}\"},\"query-input\":\"required name=search_term_string\"}],\"inLanguage\":\"fr-FR\"},{\"@type\":\"ImageObject\",\"@id\":\"https:\/\/www.nettali.com\/2021\/07\/03\/la-forces-francaises-ont-repris-les-operations-conjointes-avec-les-troupes-maliennes\/#primaryimage\",\"inLanguage\":\"fr-FR\",\"url\":\"https:\/\/www.nettali.com\/wp-content\/uploads\/2021\/07\/fr.jpg\",\"contentUrl\":\"https:\/\/www.nettali.com\/wp-content\/uploads\/2021\/07\/fr.jpg\",\"width\":1000,\"height\":750},{\"@type\":\"WebPage\",\"@id\":\"https:\/\/www.nettali.com\/2021\/07\/03\/la-forces-francaises-ont-repris-les-operations-conjointes-avec-les-troupes-maliennes\/#webpage\",\"url\":\"https:\/\/www.nettali.com\/2021\/07\/03\/la-forces-francaises-ont-repris-les-operations-conjointes-avec-les-troupes-maliennes\/\",\"name\":\"La forces fran\\u00e7aises ont repris les op\\u00e9rations conjointes avec les troupes maliennes | Nettali.com\",\"isPartOf\":{\"@id\":\"https:\/\/www.nettali.com\/#website\"},\"primaryImageOfPage\":{\"@id\":\"https:\/\/www.nettali.com\/2021\/07\/03\/la-forces-francaises-ont-repris-les-operations-conjointes-avec-les-troupes-maliennes\/#primaryimage\"},\"datePublished\":\"2021-07-03T00:18:11+00:00\",\"dateModified\":\"2021-07-03T00:18:11+00:00\",\"author\":{\"@id\":\"https:\/\/www.nettali.com\/#\/schema\/person\/8a06c6bd7b19304cf4bf985862900b5b\"},\"breadcrumb\":{\"@id\":\"https:\/\/www.nettali.com\/2021\/07\/03\/la-forces-francaises-ont-repris-les-operations-conjointes-avec-les-troupes-maliennes\/#breadcrumb\"},\"inLanguage\":\"fr-FR\",\"potentialAction\":[{\"@type\":\"ReadAction\",\"target\":[\"https:\/\/www.nettali.com\/2021\/07\/03\/la-forces-francaises-ont-repris-les-operations-conjointes-avec-les-troupes-maliennes\/\"]}]},{\"@type\":\"BreadcrumbList\",\"@id\":\"https:\/\/www.nettali.com\/2021\/07\/03\/la-forces-francaises-ont-repris-les-operations-conjointes-avec-les-troupes-maliennes\/#breadcrumb\",\"itemListElement\":[{\"@type\":\"ListItem\",\"position\":1,\"name\":\"Accueil\",\"item\":\"https:\/\/www.nettali.com\/\"},{\"@type\":\"ListItem\",\"position\":2,\"name\":\"La forces fran\\u00e7aises ont repris les op\\u00e9rations conjointes avec les troupes maliennes\"}]},{\"@type\":\"Person\",\"@id\":\"https:\/\/www.nettali.com\/#\/schema\/person\/8a06c6bd7b19304cf4bf985862900b5b\",\"name\":\"Thierno Diop\",\"image\":{\"@type\":\"ImageObject\",\"@id\":\"https:\/\/www.nettali.com\/#personlogo\",\"inLanguage\":\"fr-FR\",\"url\":\"https:\/\/secure.gravatar.com\/avatar\/c8ca58550c94fd2ac856d27391a6c866?s=96&d=mm&r=g\",\"contentUrl\":\"https:\/\/secure.gravatar.com\/avatar\/c8ca58550c94fd2ac856d27391a6c866?s=96&d=mm&r=g\",\"caption\":\"Thierno Diop\"},\"sameAs\":[\"https:\/\/nettali.com\"]}]}<\/script>\n<!-- \/ Yoast SEO Premium plugin. -->","yoast_head_json":{"title":"La forces fran\u00e7aises ont repris les op\u00e9rations conjointes avec les troupes maliennes | Nettali.com","robots":{"index":"index","follow":"follow","max-snippet":"max-snippet:-1","max-image-preview":"max-image-preview:large","max-video-preview":"max-video-preview:-1"},"canonical":"https:\/\/www.nettali.com\/2021\/07\/03\/la-forces-francaises-ont-repris-les-operations-conjointes-avec-les-troupes-maliennes\/","og_locale":"fr_FR","og_type":"article","og_title":"La forces fran\u00e7aises ont repris les op\u00e9rations conjointes avec les troupes maliennes","og_description":"NETTALI.COM - Les forces militaires fran\u00e7aises ont repris les op\u00e9rations conjointes avec les troupes maliennes dans le pays d'Afrique de l'Ouest, a d\u00e9clar\u00e9 le minist\u00e8re fran\u00e7ais des forces arm\u00e9es, alors que la France s'engage \u00e0 maintenir une pr\u00e9sence dans la r\u00e9gion africaine du Sahel afin de lutter contre les militants islamistes dans la r\u00e9gion. Le [&hellip;]","og_url":"https:\/\/www.nettali.com\/2021\/07\/03\/la-forces-francaises-ont-repris-les-operations-conjointes-avec-les-troupes-maliennes\/","og_site_name":"Nettali.com","article_publisher":"https:\/\/www.facebook.com\/nettalicom","article_published_time":"2021-07-03T00:18:11+00:00","og_image":[{"width":1000,"height":750,"url":"https:\/\/www.nettali.com\/wp-content\/uploads\/2021\/07\/fr.jpg","type":"image\/jpeg"}],"twitter_card":"summary_large_image","twitter_misc":{"\u00c9crit par":"Thierno Diop","Dur\u00e9e de lecture estim\u00e9e":"1 minute"},"schema":{"@context":"https:\/\/schema.org","@graph":[{"@type":"WebSite","@id":"https:\/\/www.nettali.com\/#website","url":"https:\/\/www.nettali.com\/","name":"Nettali.com","description":"Le rendez-vous critique du Net","potentialAction":[{"@type":"SearchAction","target":{"@type":"EntryPoint","urlTemplate":"https:\/\/www.nettali.com\/?s={search_term_string}"},"query-input":"required name=search_term_string"}],"inLanguage":"fr-FR"},{"@type":"ImageObject","@id":"https:\/\/www.nettali.com\/2021\/07\/03\/la-forces-francaises-ont-repris-les-operations-conjointes-avec-les-troupes-maliennes\/#primaryimage","inLanguage":"fr-FR","url":"https:\/\/www.nettali.com\/wp-content\/uploads\/2021\/07\/fr.jpg","contentUrl":"https:\/\/www.nettali.com\/wp-content\/uploads\/2021\/07\/fr.jpg","width":1000,"height":750},{"@type":"WebPage","@id":"https:\/\/www.nettali.com\/2021\/07\/03\/la-forces-francaises-ont-repris-les-operations-conjointes-avec-les-troupes-maliennes\/#webpage","url":"https:\/\/www.nettali.com\/2021\/07\/03\/la-forces-francaises-ont-repris-les-operations-conjointes-avec-les-troupes-maliennes\/","name":"La forces fran\u00e7aises ont repris les op\u00e9rations conjointes avec les troupes maliennes | Nettali.com","isPartOf":{"@id":"https:\/\/www.nettali.com\/#website"},"primaryImageOfPage":{"@id":"https:\/\/www.nettali.com\/2021\/07\/03\/la-forces-francaises-ont-repris-les-operations-conjointes-avec-les-troupes-maliennes\/#primaryimage"},"datePublished":"2021-07-03T00:18:11+00:00","dateModified":"2021-07-03T00:18:11+00:00","author":{"@id":"https:\/\/www.nettali.com\/#\/schema\/person\/8a06c6bd7b19304cf4bf985862900b5b"},"breadcrumb":{"@id":"https:\/\/www.nettali.com\/2021\/07\/03\/la-forces-francaises-ont-repris-les-operations-conjointes-avec-les-troupes-maliennes\/#breadcrumb"},"inLanguage":"fr-FR","potentialAction":[{"@type":"ReadAction","target":["https:\/\/www.nettali.com\/2021\/07\/03\/la-forces-francaises-ont-repris-les-operations-conjointes-avec-les-troupes-maliennes\/"]}]},{"@type":"BreadcrumbList","@id":"https:\/\/www.nettali.com\/2021\/07\/03\/la-forces-francaises-ont-repris-les-operations-conjointes-avec-les-troupes-maliennes\/#breadcrumb","itemListElement":[{"@type":"ListItem","position":1,"name":"Accueil","item":"https:\/\/www.nettali.com\/"},{"@type":"ListItem","position":2,"name":"La forces fran\u00e7aises ont repris les op\u00e9rations conjointes avec les troupes maliennes"}]},{"@type":"Person","@id":"https:\/\/www.nettali.com\/#\/schema\/person\/8a06c6bd7b19304cf4bf985862900b5b","name":"Thierno Diop","image":{"@type":"ImageObject","@id":"https:\/\/www.nettali.com\/#personlogo","inLanguage":"fr-FR","url":"https:\/\/secure.gravatar.com\/avatar\/c8ca58550c94fd2ac856d27391a6c866?s=96&d=mm&r=g","contentUrl":"https:\/\/secure.gravatar.com\/avatar\/c8ca58550c94fd2ac856d27391a6c866?s=96&d=mm&r=g","caption":"Thierno Diop"},"sameAs":["https:\/\/nettali.com"]}]}},"_links":{"self":[{"href":"https:\/\/www.nettali.com\/rest\/wp\/v2\/posts\/67233"}],"collection":[{"href":"https:\/\/www.nettali.com\/rest\/wp\/v2\/posts"}],"about":[{"href":"https:\/\/www.nettali.com\/rest\/wp\/v2\/types\/post"}],"author":[{"embeddable":true,"href":"https:\/\/www.nettali.com\/rest\/wp\/v2\/users\/11"}],"replies":[{"embeddable":true,"href":"https:\/\/www.nettali.com\/rest\/wp\/v2\/comments?post=67233"}],"version-history":[{"count":1,"href":"https:\/\/www.nettali.com\/rest\/wp\/v2\/posts\/67233\/revisions"}],"predecessor-version":[{"id":67235,"href":"https:\/\/www.nettali.com\/rest\/wp\/v2\/posts\/67233\/revisions\/67235"}],"wp:featuredmedia":[{"embeddable":true,"href":"https:\/\/www.nettali.com\/rest\/wp\/v2\/media\/67234"}],"wp:attachment":[{"href":"https:\/\/www.nettali.com\/rest\/wp\/v2\/media?parent=67233"}],"wp:term":[{"taxonomy":"category","embeddable":true,"href":"https:\/\/www.nettali.com\/rest\/wp\/v2\/categories?post=67233"},{"taxonomy":"post_tag","embeddable":true,"href":"https:\/\/www.nettali.com\/rest\/wp\/v2\/tags?post=67233"}],"curies":[{"name":"wp","href":"https:\/\/api.w.org\/{rel}","templated":true}]}}