{"id":67180,"date":"2021-07-02T11:08:57","date_gmt":"2021-07-02T11:08:57","guid":{"rendered":"https:\/\/www.nettali.com\/?p=67180"},"modified":"2021-07-02T11:08:57","modified_gmt":"2021-07-02T11:08:57","slug":"assemblee-nationale-la-tete-de-malick-sall-reclamee","status":"publish","type":"post","link":"https:\/\/www.nettali.com\/2021\/07\/02\/assemblee-nationale-la-tete-de-malick-sall-reclamee\/","title":{"rendered":"ASSEMBLEE NATIONALE - La t\u00eate de Malick Sall r\u00e9clam\u00e9e"},"content":{"rendered":"<p><strong>NETTALI.COM \u2013 Ses propos contre des repr\u00e9sentants du peuple jug\u00e9s irrespectueux, des d\u00e9put\u00e9s, \u00e0 travers une p\u00e9tition, r\u00e9clament la d\u00e9mission du ministre de la Justice, Malick Sall. <\/strong><\/p>\n<p>C\u2019est une p\u00e9tition que des d\u00e9put\u00e9s ont lanc\u00e9e pour demander la d\u00e9mission du ministre de la Justice, Me Malick Sall. Cela, en r\u00e9action aux propos pol\u00e9miques du garde des Sceaux, face \u00e0 la repr\u00e9sentation nationale, en marge du vote de la loi portant modification du Code p\u00e9nal, vendredi dernier.<br \/>\n\u00ab Je ne r\u00e9pondrai pas au coup de pied de l\u2019\u00e2ne \u00bb, avait, pour rappel, d\u00e9clar\u00e9 le ministre de la Justice aux d\u00e9put\u00e9s de l\u2019opposition qui l\u2019ont trait\u00e9 d\u2019incomp\u00e9tent durant leurs prises de parole \u00e0 l\u2019Assembl\u00e9e nationale.<\/p>\n<p>La p\u00e9tition, qui a d\u00e9j\u00e0 recueilli 15 signatures, est port\u00e9e par d\u00e9put\u00e9 Cheikh Barra Dolly.<\/p>\n<div class='share-to-whatsapp-wrapper'><div class='share-on-whsp'>PARTAGER SUR : <\/div><a data-text='ASSEMBLEE NATIONALE - La t\u00eate de Malick Sall r\u00e9clam\u00e9e' data-link='https:\/\/www.nettali.com\/2021\/07\/02\/assemblee-nationale-la-tete-de-malick-sall-reclamee\/' class='whatsapp-button whatsapp-share'>WhatsApp<\/a><div class='clear '><\/div><\/div>","protected":false},"excerpt":{"rendered":"<p>NETTALI.COM \u2013 Ses propos contre des repr\u00e9sentants du peuple jug\u00e9s irrespectueux, des d\u00e9put\u00e9s, \u00e0 travers une p\u00e9tition, r\u00e9clament la d\u00e9mission du ministre de la Justice, Malick Sall. C\u2019est une p\u00e9tition que des d\u00e9put\u00e9s ont lanc\u00e9e pour demander la d\u00e9mission du ministre de la Justice, Me Malick Sall. Cela, en r\u00e9action aux propos pol\u00e9miques du garde [&hellip;]<\/p>\n","protected":false},"author":11,"featured_media":20696,"comment_status":"open","ping_status":"open","sticky":false,"template":"","format":"standard","meta":{"_et_pb_use_builder":"","_et_pb_old_content":""},"categories":[3],"tags":[],"yoast_head":"<!-- This site is optimized with the Yoast SEO Premium plugin v17.8 (Yoast SEO v17.8) - https:\/\/yoast.com\/wordpress\/plugins\/seo\/ -->\n<title>ASSEMBLEE NATIONALE - La t\u00eate de Malick Sall r\u00e9clam\u00e9e | Nettali.com<\/title>\n<meta name=\"robots\" content=\"index, follow, max-snippet:-1, max-image-preview:large, max-video-preview:-1\" \/>\n<link rel=\"canonical\" href=\"https:\/\/www.nettali.com\/2021\/07\/02\/assemblee-nationale-la-tete-de-malick-sall-reclamee\/\" \/>\n<meta property=\"og:locale\" content=\"fr_FR\" \/>\n<meta property=\"og:type\" content=\"article\" \/>\n<meta property=\"og:title\" content=\"ASSEMBLEE NATIONALE - La t\u00eate de Malick Sall r\u00e9clam\u00e9e\" \/>\n<meta property=\"og:description\" content=\"NETTALI.COM \u2013 Ses propos contre des repr\u00e9sentants du peuple jug\u00e9s irrespectueux, des d\u00e9put\u00e9s, \u00e0 travers une p\u00e9tition, r\u00e9clament la d\u00e9mission du ministre de la Justice, Malick Sall. C\u2019est une p\u00e9tition que des d\u00e9put\u00e9s ont lanc\u00e9e pour demander la d\u00e9mission du ministre de la Justice, Me Malick Sall. Cela, en r\u00e9action aux propos pol\u00e9miques du garde [&hellip;]\" \/>\n<meta property=\"og:url\" content=\"https:\/\/www.nettali.com\/2021\/07\/02\/assemblee-nationale-la-tete-de-malick-sall-reclamee\/\" \/>\n<meta property=\"og:site_name\" content=\"Nettali.com\" \/>\n<meta property=\"article:publisher\" content=\"https:\/\/www.facebook.com\/nettalicom\" \/>\n<meta property=\"article:published_time\" content=\"2021-07-02T11:08:57+00:00\" \/>\n<meta property=\"og:image\" content=\"https:\/\/www.nettali.com\/wp-content\/uploads\/2019\/10\/Me-Malick-Sall.jpg\" \/>\n\t<meta property=\"og:image:width\" content=\"903\" \/>\n\t<meta property=\"og:image:height\" content=\"658\" \/>\n<meta name=\"twitter:card\" content=\"summary_large_image\" \/>\n<meta name=\"twitter:label1\" content=\"\u00c9crit par\" \/>\n\t<meta name=\"twitter:data1\" content=\"Thierno Diop\" \/>\n\t<meta name=\"twitter:label2\" content=\"Dur\u00e9e de lecture estim\u00e9e\" \/>\n\t<meta name=\"twitter:data2\" content=\"1 minute\" \/>\n<script type=\"application\/ld+json\" class=\"yoast-schema-graph\">{\"@context\":\"https:\/\/schema.org\",\"@graph\":[{\"@type\":\"WebSite\",\"@id\":\"https:\/\/www.nettali.com\/#website\",\"url\":\"https:\/\/www.nettali.com\/\",\"name\":\"Nettali.com\",\"description\":\"Le rendez-vous critique du Net\",\"potentialAction\":[{\"@type\":\"SearchAction\",\"target\":{\"@type\":\"EntryPoint\",\"urlTemplate\":\"https:\/\/www.nettali.com\/?s={search_term_string}\"},\"query-input\":\"required name=search_term_string\"}],\"inLanguage\":\"fr-FR\"},{\"@type\":\"ImageObject\",\"@id\":\"https:\/\/www.nettali.com\/2021\/07\/02\/assemblee-nationale-la-tete-de-malick-sall-reclamee\/#primaryimage\",\"inLanguage\":\"fr-FR\",\"url\":\"https:\/\/www.nettali.com\/wp-content\/uploads\/2019\/10\/Me-Malick-Sall.jpg\",\"contentUrl\":\"https:\/\/www.nettali.com\/wp-content\/uploads\/2019\/10\/Me-Malick-Sall.jpg\",\"width\":903,\"height\":658},{\"@type\":\"WebPage\",\"@id\":\"https:\/\/www.nettali.com\/2021\/07\/02\/assemblee-nationale-la-tete-de-malick-sall-reclamee\/#webpage\",\"url\":\"https:\/\/www.nettali.com\/2021\/07\/02\/assemblee-nationale-la-tete-de-malick-sall-reclamee\/\",\"name\":\"ASSEMBLEE NATIONALE - La t\\u00eate de Malick Sall r\\u00e9clam\\u00e9e | Nettali.com\",\"isPartOf\":{\"@id\":\"https:\/\/www.nettali.com\/#website\"},\"primaryImageOfPage\":{\"@id\":\"https:\/\/www.nettali.com\/2021\/07\/02\/assemblee-nationale-la-tete-de-malick-sall-reclamee\/#primaryimage\"},\"datePublished\":\"2021-07-02T11:08:57+00:00\",\"dateModified\":\"2021-07-02T11:08:57+00:00\",\"author\":{\"@id\":\"https:\/\/www.nettali.com\/#\/schema\/person\/8a06c6bd7b19304cf4bf985862900b5b\"},\"breadcrumb\":{\"@id\":\"https:\/\/www.nettali.com\/2021\/07\/02\/assemblee-nationale-la-tete-de-malick-sall-reclamee\/#breadcrumb\"},\"inLanguage\":\"fr-FR\",\"potentialAction\":[{\"@type\":\"ReadAction\",\"target\":[\"https:\/\/www.nettali.com\/2021\/07\/02\/assemblee-nationale-la-tete-de-malick-sall-reclamee\/\"]}]},{\"@type\":\"BreadcrumbList\",\"@id\":\"https:\/\/www.nettali.com\/2021\/07\/02\/assemblee-nationale-la-tete-de-malick-sall-reclamee\/#breadcrumb\",\"itemListElement\":[{\"@type\":\"ListItem\",\"position\":1,\"name\":\"Accueil\",\"item\":\"https:\/\/www.nettali.com\/\"},{\"@type\":\"ListItem\",\"position\":2,\"name\":\"ASSEMBLEE NATIONALE &#8211; La t\\u00eate de Malick Sall r\\u00e9clam\\u00e9e\"}]},{\"@type\":\"Person\",\"@id\":\"https:\/\/www.nettali.com\/#\/schema\/person\/8a06c6bd7b19304cf4bf985862900b5b\",\"name\":\"Thierno Diop\",\"image\":{\"@type\":\"ImageObject\",\"@id\":\"https:\/\/www.nettali.com\/#personlogo\",\"inLanguage\":\"fr-FR\",\"url\":\"https:\/\/secure.gravatar.com\/avatar\/c8ca58550c94fd2ac856d27391a6c866?s=96&d=mm&r=g\",\"contentUrl\":\"https:\/\/secure.gravatar.com\/avatar\/c8ca58550c94fd2ac856d27391a6c866?s=96&d=mm&r=g\",\"caption\":\"Thierno Diop\"},\"sameAs\":[\"https:\/\/nettali.com\"]}]}<\/script>\n<!-- \/ Yoast SEO Premium plugin. -->","yoast_head_json":{"title":"ASSEMBLEE NATIONALE - La t\u00eate de Malick Sall r\u00e9clam\u00e9e | Nettali.com","robots":{"index":"index","follow":"follow","max-snippet":"max-snippet:-1","max-image-preview":"max-image-preview:large","max-video-preview":"max-video-preview:-1"},"canonical":"https:\/\/www.nettali.com\/2021\/07\/02\/assemblee-nationale-la-tete-de-malick-sall-reclamee\/","og_locale":"fr_FR","og_type":"article","og_title":"ASSEMBLEE NATIONALE - La t\u00eate de Malick Sall r\u00e9clam\u00e9e","og_description":"NETTALI.COM \u2013 Ses propos contre des repr\u00e9sentants du peuple jug\u00e9s irrespectueux, des d\u00e9put\u00e9s, \u00e0 travers une p\u00e9tition, r\u00e9clament la d\u00e9mission du ministre de la Justice, Malick Sall. C\u2019est une p\u00e9tition que des d\u00e9put\u00e9s ont lanc\u00e9e pour demander la d\u00e9mission du ministre de la Justice, Me Malick Sall. Cela, en r\u00e9action aux propos pol\u00e9miques du garde [&hellip;]","og_url":"https:\/\/www.nettali.com\/2021\/07\/02\/assemblee-nationale-la-tete-de-malick-sall-reclamee\/","og_site_name":"Nettali.com","article_publisher":"https:\/\/www.facebook.com\/nettalicom","article_published_time":"2021-07-02T11:08:57+00:00","og_image":[{"width":903,"height":658,"url":"https:\/\/www.nettali.com\/wp-content\/uploads\/2019\/10\/Me-Malick-Sall.jpg","type":"image\/jpeg"}],"twitter_card":"summary_large_image","twitter_misc":{"\u00c9crit par":"Thierno Diop","Dur\u00e9e de lecture estim\u00e9e":"1 minute"},"schema":{"@context":"https:\/\/schema.org","@graph":[{"@type":"WebSite","@id":"https:\/\/www.nettali.com\/#website","url":"https:\/\/www.nettali.com\/","name":"Nettali.com","description":"Le rendez-vous critique du Net","potentialAction":[{"@type":"SearchAction","target":{"@type":"EntryPoint","urlTemplate":"https:\/\/www.nettali.com\/?s={search_term_string}"},"query-input":"required name=search_term_string"}],"inLanguage":"fr-FR"},{"@type":"ImageObject","@id":"https:\/\/www.nettali.com\/2021\/07\/02\/assemblee-nationale-la-tete-de-malick-sall-reclamee\/#primaryimage","inLanguage":"fr-FR","url":"https:\/\/www.nettali.com\/wp-content\/uploads\/2019\/10\/Me-Malick-Sall.jpg","contentUrl":"https:\/\/www.nettali.com\/wp-content\/uploads\/2019\/10\/Me-Malick-Sall.jpg","width":903,"height":658},{"@type":"WebPage","@id":"https:\/\/www.nettali.com\/2021\/07\/02\/assemblee-nationale-la-tete-de-malick-sall-reclamee\/#webpage","url":"https:\/\/www.nettali.com\/2021\/07\/02\/assemblee-nationale-la-tete-de-malick-sall-reclamee\/","name":"ASSEMBLEE NATIONALE - La t\u00eate de Malick Sall r\u00e9clam\u00e9e | Nettali.com","isPartOf":{"@id":"https:\/\/www.nettali.com\/#website"},"primaryImageOfPage":{"@id":"https:\/\/www.nettali.com\/2021\/07\/02\/assemblee-nationale-la-tete-de-malick-sall-reclamee\/#primaryimage"},"datePublished":"2021-07-02T11:08:57+00:00","dateModified":"2021-07-02T11:08:57+00:00","author":{"@id":"https:\/\/www.nettali.com\/#\/schema\/person\/8a06c6bd7b19304cf4bf985862900b5b"},"breadcrumb":{"@id":"https:\/\/www.nettali.com\/2021\/07\/02\/assemblee-nationale-la-tete-de-malick-sall-reclamee\/#breadcrumb"},"inLanguage":"fr-FR","potentialAction":[{"@type":"ReadAction","target":["https:\/\/www.nettali.com\/2021\/07\/02\/assemblee-nationale-la-tete-de-malick-sall-reclamee\/"]}]},{"@type":"BreadcrumbList","@id":"https:\/\/www.nettali.com\/2021\/07\/02\/assemblee-nationale-la-tete-de-malick-sall-reclamee\/#breadcrumb","itemListElement":[{"@type":"ListItem","position":1,"name":"Accueil","item":"https:\/\/www.nettali.com\/"},{"@type":"ListItem","position":2,"name":"ASSEMBLEE NATIONALE &#8211; La t\u00eate de Malick Sall r\u00e9clam\u00e9e"}]},{"@type":"Person","@id":"https:\/\/www.nettali.com\/#\/schema\/person\/8a06c6bd7b19304cf4bf985862900b5b","name":"Thierno Diop","image":{"@type":"ImageObject","@id":"https:\/\/www.nettali.com\/#personlogo","inLanguage":"fr-FR","url":"https:\/\/secure.gravatar.com\/avatar\/c8ca58550c94fd2ac856d27391a6c866?s=96&d=mm&r=g","contentUrl":"https:\/\/secure.gravatar.com\/avatar\/c8ca58550c94fd2ac856d27391a6c866?s=96&d=mm&r=g","caption":"Thierno Diop"},"sameAs":["https:\/\/nettali.com"]}]}},"_links":{"self":[{"href":"https:\/\/www.nettali.com\/rest\/wp\/v2\/posts\/67180"}],"collection":[{"href":"https:\/\/www.nettali.com\/rest\/wp\/v2\/posts"}],"about":[{"href":"https:\/\/www.nettali.com\/rest\/wp\/v2\/types\/post"}],"author":[{"embeddable":true,"href":"https:\/\/www.nettali.com\/rest\/wp\/v2\/users\/11"}],"replies":[{"embeddable":true,"href":"https:\/\/www.nettali.com\/rest\/wp\/v2\/comments?post=67180"}],"version-history":[{"count":1,"href":"https:\/\/www.nettali.com\/rest\/wp\/v2\/posts\/67180\/revisions"}],"predecessor-version":[{"id":67194,"href":"https:\/\/www.nettali.com\/rest\/wp\/v2\/posts\/67180\/revisions\/67194"}],"wp:featuredmedia":[{"embeddable":true,"href":"https:\/\/www.nettali.com\/rest\/wp\/v2\/media\/20696"}],"wp:attachment":[{"href":"https:\/\/www.nettali.com\/rest\/wp\/v2\/media?parent=67180"}],"wp:term":[{"taxonomy":"category","embeddable":true,"href":"https:\/\/www.nettali.com\/rest\/wp\/v2\/categories?post=67180"},{"taxonomy":"post_tag","embeddable":true,"href":"https:\/\/www.nettali.com\/rest\/wp\/v2\/tags?post=67180"}],"curies":[{"name":"wp","href":"https:\/\/api.w.org\/{rel}","templated":true}]}}