{"id":67144,"date":"2021-07-02T07:41:55","date_gmt":"2021-07-02T07:41:55","guid":{"rendered":"https:\/\/www.nettali.com\/?p=67144"},"modified":"2021-07-02T13:40:48","modified_gmt":"2021-07-02T13:40:48","slug":"gendarmerie-nationale-le-general-moussa-fall-decline-sa-feuille-de-route","status":"publish","type":"post","link":"https:\/\/www.nettali.com\/2021\/07\/02\/gendarmerie-nationale-le-general-moussa-fall-decline-sa-feuille-de-route\/","title":{"rendered":"GENDARMERIE NATIONALE - Le G\u00e9n\u00e9ral Moussa Fall d\u00e9cline sa feuille de route"},"content":{"rendered":"<p><strong>NETTALI.COM - Nomm\u00e9 par d\u00e9cret num\u00e9ro 2021-829 du 17 juin 2021 de monsieur le pr\u00e9sident de la R\u00e9publique, le g\u00e9n\u00e9ral de Division Moussa Fall a \u00e9t\u00e9 officiellement install\u00e9, ce jeudi, dans ses fonctions de Haut commandant de la Gendarmerie nationale et directeur de la Justice militaire par le ministre des Forces arm\u00e9es, Sidiki Kaba. A l'occasion, il a d\u00e9voil\u00e9 ses ambitions pour la Gendarmerie.<\/strong><\/p>\n<p>&nbsp;<\/p>\n<p>\" <em>Face \u00e0 un contexte strat\u00e9gique caract\u00e9ris\u00e9 par l\u2019impr\u00e9visibilit\u00e9 et le recours syst\u00e9matique \u00e0 une violence aveugle qui nourrissent l\u2019inqui\u00e9tude et la peur chez nos concitoyens, mon ambition est de b\u00e2tir une Gendarmerie professionnelle, ancr\u00e9e dans les valeurs au c\u0153ur des institutions r\u00e9publicaines avec un personnel fier et motiv\u00e9, dont les capacit\u00e9s morales sont \u00e0 la hauteur des d\u00e9fis qui les attendent<\/em>\", a laiss\u00e9 entendre le nouveau Haut commandant de la gendarmerie nationale.<\/p>\n<p>A l'en croire, cette ambition \"doit se b\u00e2tir autour d\u2019une vision claire et inclusive dont la mat\u00e9rialisation exige des actions men\u00e9es avec c\u00e9l\u00e9rit\u00e9, organisation, m\u00e9thode et comp\u00e9tence\".<\/p>\n<p>\" <em>Ma conviction profonde est que seule la conjugaison de nos efforts peut nous permettra d\u2019obtenir la synergie n\u00e9cessaire pour atteindre l\u2019efficacit\u00e9. Il m\u2019incombe la responsabilit\u00e9 de tracer un nouveau cap et de dessiner une feuille de route claire, coh\u00e9rente et pragmatique prenant en compte les priorit\u00e9s pour les ann\u00e9es \u00e0 venir<\/em>\", dit-il.<\/p>\n<p>Le g\u00e9n\u00e9ral Moussa Fall a d'ailleurs annonc\u00e9 la \"<em>d\u00e9concentration<\/em>\" du commandement op\u00e9rationnel au profit des deux principales subdivisions d\u2019armes et des l\u00e9gions de gendarmerie territoriale, avec comme effet final recherch\u00e9 le \"<em>renforcement de la confiance et le recul des violences ainsi que des incivilit\u00e9s, dans notre zone de responsabilit\u00e9<\/em>\".<\/p>\n<p>\" <em>Aussi, tous les \u00e9chelons op\u00e9rationnels devront-ils s\u2019attaquer r\u00e9solument aux violences urbaines et rurales, au vol de b\u00e9tail, \u00e0 la coupe illicite de bois, \u00e0 l\u2019extr\u00e9misme violent, \u00e0 la criminalit\u00e9 transfrontali\u00e8re organis\u00e9e, \u00e0 la cybercriminalit\u00e9, au trafic de drogue et d\u2019armes, \u00e0 l\u2019ins\u00e9curit\u00e9 routi\u00e8re, mais aussi et surtout, concourir \u00e0 faire de notre pays un sanctuaire \u00e0 l\u2019abri de la menace terroriste<\/em>\", a-t-il fait savoir.<\/p>\n<p>Ainsi pour mieux r\u00e9ussir la lourde t\u00e2che qui lui est assign\u00e9e, l'ancien patron de la Section de recherches a annonc\u00e9 sa d\u00e9cision de renforcer les cha\u00eenes de commandement en leur donnant les moyens humains et mat\u00e9riels, pour leur permettre d\u2019exercer pleinement leurs fonctions.<\/p>\n<p>\" <em>Ces am\u00e9nagements s\u2019accompagneront de la mont\u00e9e en puissance du Centre de renseignement et des Op\u00e9rations de la Gendarmerie nationale (CROGEND) et du Centre d\u2019anticipation et de pr\u00e9vention (CAP), par le rel\u00e8vement qualitatif et quantitatif de leurs ressources humaines, de leurs infrastructures et de leurs moyens techniques et mat\u00e9riels. La pr\u00e9paration op\u00e9rationnelle sera pour moi un point d\u2019attention majeur afin de privil\u00e9gier la sp\u00e9cialisation<\/em>\", poursuit-il.<\/p>\n<p>En outre, l'ancien gouverneur militaire du Palais de la R\u00e9publique a invit\u00e9 les commandants de subdivisons d\u2019arme \u00e0 faire de la formation, de l\u2019entra\u00eenement et de la gestion des ressources humaines, plac\u00e9es sous leurs ordres, leur priorit\u00e9.<\/p>\n<p><strong>Plus de femmes dans la Gendarmerie<\/strong><\/p>\n<p>Le g\u00e9n\u00e9ral de division, Moussa Fall et nouveau Haut commandant de la Mar\u00e9chauss\u00e9e a promis de faciliter l\u2019acc\u00e8s aux corps des officiers et sous-officiers aux femmes.<\/p>\n<p>\"\u00a0<em>Dans la continuit\u00e9 de la strat\u00e9gie sectorielle genre au sein des forces arm\u00e9es, je m\u2019inscris r\u00e9solument dans une dynamique d\u2019int\u00e9grer plus de femmes au sein de la Gendarmerie. Il s\u2019agit non seulement de promouvoir le recrutement f\u00e9minin pour atteindre le taux fix\u00e9 par les standards internationaux \u00e0 court terme, mais \u00e9galement de veiller \u00e0 leur int\u00e9gration, notamment dans les missions de maintien de la paix<\/em>\u00a0\", a d\u00e9clar\u00e9 le g\u00e9n\u00e9ral.<\/p>\n<p>\" <strong>Pr\u00e9parer la gendarmerie aux d\u00e9fis du futur <\/strong>\"<\/p>\n<p>Venu pr\u00e9sider cette c\u00e9r\u00e9monie d'installation, le ministre de la Justice, Sidiki Kaba n'a pas manqu\u00e9 de rassurer le nouveau haut commandant de la gendarmerie nationale.<\/p>\n<p>\" <em>J'ai la conviction profonde que vous saurez d\u00e9tenir la gendarmerie nationale dans la tradition d'excellence qui est la tienne et la partager et la pr\u00e9parer aux d\u00e9fis du futur<\/em>\", a d\u00e9clar\u00e9 le garde ses Sceaux.<\/p>\n<p>\" <em>Je vous r\u00e9it\u00e8re la confiance du pr\u00e9sident Macky Sall, chef supr\u00eame des arm\u00e9es. Je vous assure que vous pouvez toujours compter sur mon appui et ma coop\u00e9ration pleine et enti\u00e8re. Je vous souhaite pleins succ\u00e8s dans votre commandement<\/em>\", conclut-il.<\/p>\n<p>Du haut de ses 33 ans de carri\u00e8re au sein de la Gendarmerie, le g\u00e9n\u00e9ral Moussa Fall a dirig\u00e9 plusieurs compagnies dont celles de Ziguinchor, Thi\u00e8s, Dakar et la L\u00e9gion Ouest. Il a aussi \u00e9t\u00e9 \u00e0 la t\u00eate de la Section de recherches de la Gendarmerie nationale. Monsieur Fall a \u00e9galement dirig\u00e9 la Gendarmerie territoriale, avant de devenir le commandant en second de cette institution.<\/p>\n<div class='share-to-whatsapp-wrapper'><div class='share-on-whsp'>PARTAGER SUR : <\/div><a data-text='GENDARMERIE NATIONALE - Le G\u00e9n\u00e9ral Moussa Fall d\u00e9cline sa feuille de route' data-link='https:\/\/www.nettali.com\/2021\/07\/02\/gendarmerie-nationale-le-general-moussa-fall-decline-sa-feuille-de-route\/' class='whatsapp-button whatsapp-share'>WhatsApp<\/a><div class='clear '><\/div><\/div>","protected":false},"excerpt":{"rendered":"<p>NETTALI.COM - Nomm\u00e9 par d\u00e9cret num\u00e9ro 2021-829 du 17 juin 2021 de monsieur le pr\u00e9sident de la R\u00e9publique, le g\u00e9n\u00e9ral de Division Moussa Fall a \u00e9t\u00e9 officiellement install\u00e9, ce jeudi, dans ses fonctions de Haut commandant de la Gendarmerie nationale et directeur de la Justice militaire par le ministre des Forces arm\u00e9es, Sidiki Kaba. A [&hellip;]<\/p>\n","protected":false},"author":5,"featured_media":67145,"comment_status":"open","ping_status":"open","sticky":false,"template":"","format":"standard","meta":{"_et_pb_use_builder":"","_et_pb_old_content":""},"categories":[3],"tags":[],"yoast_head":"<!-- This site is optimized with the Yoast SEO Premium plugin v17.8 (Yoast SEO v17.8) - https:\/\/yoast.com\/wordpress\/plugins\/seo\/ -->\n<title>GENDARMERIE NATIONALE - Le G\u00e9n\u00e9ral Moussa Fall d\u00e9cline sa feuille de route | Nettali.com<\/title>\n<meta name=\"robots\" content=\"index, follow, max-snippet:-1, max-image-preview:large, max-video-preview:-1\" \/>\n<link rel=\"canonical\" href=\"https:\/\/www.nettali.com\/2021\/07\/02\/gendarmerie-nationale-le-general-moussa-fall-decline-sa-feuille-de-route\/\" \/>\n<meta property=\"og:locale\" content=\"fr_FR\" \/>\n<meta property=\"og:type\" content=\"article\" \/>\n<meta property=\"og:title\" content=\"GENDARMERIE NATIONALE - Le G\u00e9n\u00e9ral Moussa Fall d\u00e9cline sa feuille de route\" \/>\n<meta property=\"og:description\" content=\"NETTALI.COM - Nomm\u00e9 par d\u00e9cret num\u00e9ro 2021-829 du 17 juin 2021 de monsieur le pr\u00e9sident de la R\u00e9publique, le g\u00e9n\u00e9ral de Division Moussa Fall a \u00e9t\u00e9 officiellement install\u00e9, ce jeudi, dans ses fonctions de Haut commandant de la Gendarmerie nationale et directeur de la Justice militaire par le ministre des Forces arm\u00e9es, Sidiki Kaba. A [&hellip;]\" \/>\n<meta property=\"og:url\" content=\"https:\/\/www.nettali.com\/2021\/07\/02\/gendarmerie-nationale-le-general-moussa-fall-decline-sa-feuille-de-route\/\" \/>\n<meta property=\"og:site_name\" content=\"Nettali.com\" \/>\n<meta property=\"article:publisher\" content=\"https:\/\/www.facebook.com\/nettalicom\" \/>\n<meta property=\"article:published_time\" content=\"2021-07-02T07:41:55+00:00\" \/>\n<meta property=\"article:modified_time\" content=\"2021-07-02T13:40:48+00:00\" \/>\n<meta property=\"og:image\" content=\"https:\/\/www.nettali.com\/wp-content\/uploads\/2021\/07\/GENERALMOUSSAFALL-e1625180954381.jpg\" \/>\n\t<meta property=\"og:image:width\" content=\"368\" \/>\n\t<meta property=\"og:image:height\" content=\"184\" \/>\n<meta name=\"twitter:card\" content=\"summary_large_image\" \/>\n<meta name=\"twitter:label1\" content=\"\u00c9crit par\" \/>\n\t<meta name=\"twitter:data1\" content=\"Ibrahima\" \/>\n\t<meta name=\"twitter:label2\" content=\"Dur\u00e9e de lecture estim\u00e9e\" \/>\n\t<meta name=\"twitter:data2\" content=\"4 minutes\" \/>\n<script type=\"application\/ld+json\" class=\"yoast-schema-graph\">{\"@context\":\"https:\/\/schema.org\",\"@graph\":[{\"@type\":\"WebSite\",\"@id\":\"https:\/\/www.nettali.com\/#website\",\"url\":\"https:\/\/www.nettali.com\/\",\"name\":\"Nettali.com\",\"description\":\"Le rendez-vous critique du Net\",\"potentialAction\":[{\"@type\":\"SearchAction\",\"target\":{\"@type\":\"EntryPoint\",\"urlTemplate\":\"https:\/\/www.nettali.com\/?s={search_term_string}\"},\"query-input\":\"required name=search_term_string\"}],\"inLanguage\":\"fr-FR\"},{\"@type\":\"ImageObject\",\"@id\":\"https:\/\/www.nettali.com\/2021\/07\/02\/gendarmerie-nationale-le-general-moussa-fall-decline-sa-feuille-de-route\/#primaryimage\",\"inLanguage\":\"fr-FR\",\"url\":\"https:\/\/www.nettali.com\/wp-content\/uploads\/2021\/07\/GENERALMOUSSAFALL-e1625180954381.jpg\",\"contentUrl\":\"https:\/\/www.nettali.com\/wp-content\/uploads\/2021\/07\/GENERALMOUSSAFALL-e1625180954381.jpg\",\"width\":368,\"height\":184},{\"@type\":\"WebPage\",\"@id\":\"https:\/\/www.nettali.com\/2021\/07\/02\/gendarmerie-nationale-le-general-moussa-fall-decline-sa-feuille-de-route\/#webpage\",\"url\":\"https:\/\/www.nettali.com\/2021\/07\/02\/gendarmerie-nationale-le-general-moussa-fall-decline-sa-feuille-de-route\/\",\"name\":\"GENDARMERIE NATIONALE - Le G\\u00e9n\\u00e9ral Moussa Fall d\\u00e9cline sa feuille de route | Nettali.com\",\"isPartOf\":{\"@id\":\"https:\/\/www.nettali.com\/#website\"},\"primaryImageOfPage\":{\"@id\":\"https:\/\/www.nettali.com\/2021\/07\/02\/gendarmerie-nationale-le-general-moussa-fall-decline-sa-feuille-de-route\/#primaryimage\"},\"datePublished\":\"2021-07-02T07:41:55+00:00\",\"dateModified\":\"2021-07-02T13:40:48+00:00\",\"author\":{\"@id\":\"https:\/\/www.nettali.com\/#\/schema\/person\/bb147657c2986240405a608162b9bb23\"},\"breadcrumb\":{\"@id\":\"https:\/\/www.nettali.com\/2021\/07\/02\/gendarmerie-nationale-le-general-moussa-fall-decline-sa-feuille-de-route\/#breadcrumb\"},\"inLanguage\":\"fr-FR\",\"potentialAction\":[{\"@type\":\"ReadAction\",\"target\":[\"https:\/\/www.nettali.com\/2021\/07\/02\/gendarmerie-nationale-le-general-moussa-fall-decline-sa-feuille-de-route\/\"]}]},{\"@type\":\"BreadcrumbList\",\"@id\":\"https:\/\/www.nettali.com\/2021\/07\/02\/gendarmerie-nationale-le-general-moussa-fall-decline-sa-feuille-de-route\/#breadcrumb\",\"itemListElement\":[{\"@type\":\"ListItem\",\"position\":1,\"name\":\"Accueil\",\"item\":\"https:\/\/www.nettali.com\/\"},{\"@type\":\"ListItem\",\"position\":2,\"name\":\"GENDARMERIE NATIONALE &#8211; Le G\\u00e9n\\u00e9ral Moussa Fall d\\u00e9cline sa feuille de route\"}]},{\"@type\":\"Person\",\"@id\":\"https:\/\/www.nettali.com\/#\/schema\/person\/bb147657c2986240405a608162b9bb23\",\"name\":\"Ibrahima\",\"image\":{\"@type\":\"ImageObject\",\"@id\":\"https:\/\/www.nettali.com\/#personlogo\",\"inLanguage\":\"fr-FR\",\"url\":\"https:\/\/secure.gravatar.com\/avatar\/26a8a81f09f0dd7624c9d5c36c9ba3a2?s=96&d=mm&r=g\",\"contentUrl\":\"https:\/\/secure.gravatar.com\/avatar\/26a8a81f09f0dd7624c9d5c36c9ba3a2?s=96&d=mm&r=g\",\"caption\":\"Ibrahima\"},\"sameAs\":[\"https:\/\/www.nettali.com\"]}]}<\/script>\n<!-- \/ Yoast SEO Premium plugin. -->","yoast_head_json":{"title":"GENDARMERIE NATIONALE - Le G\u00e9n\u00e9ral Moussa Fall d\u00e9cline sa feuille de route | Nettali.com","robots":{"index":"index","follow":"follow","max-snippet":"max-snippet:-1","max-image-preview":"max-image-preview:large","max-video-preview":"max-video-preview:-1"},"canonical":"https:\/\/www.nettali.com\/2021\/07\/02\/gendarmerie-nationale-le-general-moussa-fall-decline-sa-feuille-de-route\/","og_locale":"fr_FR","og_type":"article","og_title":"GENDARMERIE NATIONALE - Le G\u00e9n\u00e9ral Moussa Fall d\u00e9cline sa feuille de route","og_description":"NETTALI.COM - Nomm\u00e9 par d\u00e9cret num\u00e9ro 2021-829 du 17 juin 2021 de monsieur le pr\u00e9sident de la R\u00e9publique, le g\u00e9n\u00e9ral de Division Moussa Fall a \u00e9t\u00e9 officiellement install\u00e9, ce jeudi, dans ses fonctions de Haut commandant de la Gendarmerie nationale et directeur de la Justice militaire par le ministre des Forces arm\u00e9es, Sidiki Kaba. A [&hellip;]","og_url":"https:\/\/www.nettali.com\/2021\/07\/02\/gendarmerie-nationale-le-general-moussa-fall-decline-sa-feuille-de-route\/","og_site_name":"Nettali.com","article_publisher":"https:\/\/www.facebook.com\/nettalicom","article_published_time":"2021-07-02T07:41:55+00:00","article_modified_time":"2021-07-02T13:40:48+00:00","og_image":[{"width":368,"height":184,"url":"https:\/\/www.nettali.com\/wp-content\/uploads\/2021\/07\/GENERALMOUSSAFALL-e1625180954381.jpg","type":"image\/jpeg"}],"twitter_card":"summary_large_image","twitter_misc":{"\u00c9crit par":"Ibrahima","Dur\u00e9e de lecture estim\u00e9e":"4 minutes"},"schema":{"@context":"https:\/\/schema.org","@graph":[{"@type":"WebSite","@id":"https:\/\/www.nettali.com\/#website","url":"https:\/\/www.nettali.com\/","name":"Nettali.com","description":"Le rendez-vous critique du Net","potentialAction":[{"@type":"SearchAction","target":{"@type":"EntryPoint","urlTemplate":"https:\/\/www.nettali.com\/?s={search_term_string}"},"query-input":"required name=search_term_string"}],"inLanguage":"fr-FR"},{"@type":"ImageObject","@id":"https:\/\/www.nettali.com\/2021\/07\/02\/gendarmerie-nationale-le-general-moussa-fall-decline-sa-feuille-de-route\/#primaryimage","inLanguage":"fr-FR","url":"https:\/\/www.nettali.com\/wp-content\/uploads\/2021\/07\/GENERALMOUSSAFALL-e1625180954381.jpg","contentUrl":"https:\/\/www.nettali.com\/wp-content\/uploads\/2021\/07\/GENERALMOUSSAFALL-e1625180954381.jpg","width":368,"height":184},{"@type":"WebPage","@id":"https:\/\/www.nettali.com\/2021\/07\/02\/gendarmerie-nationale-le-general-moussa-fall-decline-sa-feuille-de-route\/#webpage","url":"https:\/\/www.nettali.com\/2021\/07\/02\/gendarmerie-nationale-le-general-moussa-fall-decline-sa-feuille-de-route\/","name":"GENDARMERIE NATIONALE - Le G\u00e9n\u00e9ral Moussa Fall d\u00e9cline sa feuille de route | Nettali.com","isPartOf":{"@id":"https:\/\/www.nettali.com\/#website"},"primaryImageOfPage":{"@id":"https:\/\/www.nettali.com\/2021\/07\/02\/gendarmerie-nationale-le-general-moussa-fall-decline-sa-feuille-de-route\/#primaryimage"},"datePublished":"2021-07-02T07:41:55+00:00","dateModified":"2021-07-02T13:40:48+00:00","author":{"@id":"https:\/\/www.nettali.com\/#\/schema\/person\/bb147657c2986240405a608162b9bb23"},"breadcrumb":{"@id":"https:\/\/www.nettali.com\/2021\/07\/02\/gendarmerie-nationale-le-general-moussa-fall-decline-sa-feuille-de-route\/#breadcrumb"},"inLanguage":"fr-FR","potentialAction":[{"@type":"ReadAction","target":["https:\/\/www.nettali.com\/2021\/07\/02\/gendarmerie-nationale-le-general-moussa-fall-decline-sa-feuille-de-route\/"]}]},{"@type":"BreadcrumbList","@id":"https:\/\/www.nettali.com\/2021\/07\/02\/gendarmerie-nationale-le-general-moussa-fall-decline-sa-feuille-de-route\/#breadcrumb","itemListElement":[{"@type":"ListItem","position":1,"name":"Accueil","item":"https:\/\/www.nettali.com\/"},{"@type":"ListItem","position":2,"name":"GENDARMERIE NATIONALE &#8211; Le G\u00e9n\u00e9ral Moussa Fall d\u00e9cline sa feuille de route"}]},{"@type":"Person","@id":"https:\/\/www.nettali.com\/#\/schema\/person\/bb147657c2986240405a608162b9bb23","name":"Ibrahima","image":{"@type":"ImageObject","@id":"https:\/\/www.nettali.com\/#personlogo","inLanguage":"fr-FR","url":"https:\/\/secure.gravatar.com\/avatar\/26a8a81f09f0dd7624c9d5c36c9ba3a2?s=96&d=mm&r=g","contentUrl":"https:\/\/secure.gravatar.com\/avatar\/26a8a81f09f0dd7624c9d5c36c9ba3a2?s=96&d=mm&r=g","caption":"Ibrahima"},"sameAs":["https:\/\/www.nettali.com"]}]}},"_links":{"self":[{"href":"https:\/\/www.nettali.com\/rest\/wp\/v2\/posts\/67144"}],"collection":[{"href":"https:\/\/www.nettali.com\/rest\/wp\/v2\/posts"}],"about":[{"href":"https:\/\/www.nettali.com\/rest\/wp\/v2\/types\/post"}],"author":[{"embeddable":true,"href":"https:\/\/www.nettali.com\/rest\/wp\/v2\/users\/5"}],"replies":[{"embeddable":true,"href":"https:\/\/www.nettali.com\/rest\/wp\/v2\/comments?post=67144"}],"version-history":[{"count":3,"href":"https:\/\/www.nettali.com\/rest\/wp\/v2\/posts\/67144\/revisions"}],"predecessor-version":[{"id":67158,"href":"https:\/\/www.nettali.com\/rest\/wp\/v2\/posts\/67144\/revisions\/67158"}],"wp:featuredmedia":[{"embeddable":true,"href":"https:\/\/www.nettali.com\/rest\/wp\/v2\/media\/67145"}],"wp:attachment":[{"href":"https:\/\/www.nettali.com\/rest\/wp\/v2\/media?parent=67144"}],"wp:term":[{"taxonomy":"category","embeddable":true,"href":"https:\/\/www.nettali.com\/rest\/wp\/v2\/categories?post=67144"},{"taxonomy":"post_tag","embeddable":true,"href":"https:\/\/www.nettali.com\/rest\/wp\/v2\/tags?post=67144"}],"curies":[{"name":"wp","href":"https:\/\/api.w.org\/{rel}","templated":true}]}}