{"id":67032,"date":"2021-06-30T11:21:29","date_gmt":"2021-06-30T11:21:29","guid":{"rendered":"https:\/\/www.nettali.com\/?p=67032"},"modified":"2021-06-30T12:50:15","modified_gmt":"2021-06-30T12:50:15","slug":"autorisation-de-poursuite-la-reaction-de-teliko","status":"publish","type":"post","link":"https:\/\/www.nettali.com\/2021\/06\/30\/autorisation-de-poursuite-la-reaction-de-teliko\/","title":{"rendered":"AUTORISATION DE POURSUITE \u2013 La r\u00e9action de T\u00e9liko"},"content":{"rendered":"<p><strong>NETTALI.COM \u2013 Alors qu\u2019il se dit que le ministre de la Justice a d\u00e9livr\u00e9 l\u2019autorisation permettant \u00e0 Madiambal Diagne d\u2019enclencher une proc\u00e9dure contre Souleymane T\u00e9liko, le magistrat d\u00e9clare qu\u2019on ne lui a pas encore notifi\u00e9 une telle mesure. <\/strong><\/p>\n<p>Le magistrat Souleymane T\u00e9liko a r\u00e9agi \u00e0 l\u2019autorisation de poursuite enclench\u00e9e contre lui par le ministre de la Justice.<\/p>\n<p>Pour m\u00e9moire, le ministre de la Justice, Garde des sceaux, Me Malick Sall, a adress\u00e9 ce mardi 29 juin 2021 une correspondance \u00e0 Mahamadou Mansour Mbaye, procureur g\u00e9n\u00e9ral pr\u00e8s la Cour supr\u00eame, pour lui signifier qu\u2019il donne son autorisation pour des poursuites judiciaires contre le Pr\u00e9sident de l\u2019Union des magistrats S\u00e9n\u00e9galais (Ums).<\/p>\n<p>Dans les colonnes du journal \"<em>Source A<\/em>\", le pr\u00e9sident de l\u2019UMS d\u00e9clare qu\u2019il n\u2019a, pour le moment, re\u00e7u aucune notification, ni du minist\u00e8re, ni d\u2019une quelconque autorit\u00e9.<\/p>\n<p>\"<em>J\u2019en ai eu \u00e9cho et je l\u2019ai vu sur tous les r\u00e9seaux sociaux. Je l\u2019ai appris comme tout le monde. Mais, je ne vais pas me fonder sur ce qui est v\u00e9hicul\u00e9 sur les r\u00e9seaux sociaux et autres. J\u2019attends d\u2019\u00eatre saisi officiellement. Ce qui n\u2019est pas encore le cas<\/em>\", a-t-il d\u00e9clar\u00e9.<\/p>\n<p>Pr\u00e9cisant sa pens\u00e9e, il d\u00e9taille : \"<em>Si le minist\u00e8re r\u00e9dige une lettre pour autoriser des poursuites contre moi, il doit aussi me le notifier. C\u2019est la moindre des choses. Mais l\u00e0, ce n\u2019est pas le cas.<\/em>\"<\/p>\n<div class='share-to-whatsapp-wrapper'><div class='share-on-whsp'>PARTAGER SUR : <\/div><a data-text='AUTORISATION DE POURSUITE \u2013 La r\u00e9action de T\u00e9liko' data-link='https:\/\/www.nettali.com\/2021\/06\/30\/autorisation-de-poursuite-la-reaction-de-teliko\/' class='whatsapp-button whatsapp-share'>WhatsApp<\/a><div class='clear '><\/div><\/div>","protected":false},"excerpt":{"rendered":"<p>NETTALI.COM \u2013 Alors qu\u2019il se dit que le ministre de la Justice a d\u00e9livr\u00e9 l\u2019autorisation permettant \u00e0 Madiambal Diagne d\u2019enclencher une proc\u00e9dure contre Souleymane T\u00e9liko, le magistrat d\u00e9clare qu\u2019on ne lui a pas encore notifi\u00e9 une telle mesure. Le magistrat Souleymane T\u00e9liko a r\u00e9agi \u00e0 l\u2019autorisation de poursuite enclench\u00e9e contre lui par le ministre de [&hellip;]<\/p>\n","protected":false},"author":11,"featured_media":66144,"comment_status":"open","ping_status":"open","sticky":false,"template":"","format":"standard","meta":{"_et_pb_use_builder":"","_et_pb_old_content":""},"categories":[3],"tags":[],"yoast_head":"<!-- This site is optimized with the Yoast SEO Premium plugin v17.8 (Yoast SEO v17.8) - https:\/\/yoast.com\/wordpress\/plugins\/seo\/ -->\n<title>AUTORISATION DE POURSUITE \u2013 La r\u00e9action de T\u00e9liko | Nettali.com<\/title>\n<meta name=\"robots\" content=\"index, follow, max-snippet:-1, max-image-preview:large, max-video-preview:-1\" \/>\n<link rel=\"canonical\" href=\"https:\/\/www.nettali.com\/2021\/06\/30\/autorisation-de-poursuite-la-reaction-de-teliko\/\" \/>\n<meta property=\"og:locale\" content=\"fr_FR\" \/>\n<meta property=\"og:type\" content=\"article\" \/>\n<meta property=\"og:title\" content=\"AUTORISATION DE POURSUITE \u2013 La r\u00e9action de T\u00e9liko\" \/>\n<meta property=\"og:description\" content=\"NETTALI.COM \u2013 Alors qu\u2019il se dit que le ministre de la Justice a d\u00e9livr\u00e9 l\u2019autorisation permettant \u00e0 Madiambal Diagne d\u2019enclencher une proc\u00e9dure contre Souleymane T\u00e9liko, le magistrat d\u00e9clare qu\u2019on ne lui a pas encore notifi\u00e9 une telle mesure. Le magistrat Souleymane T\u00e9liko a r\u00e9agi \u00e0 l\u2019autorisation de poursuite enclench\u00e9e contre lui par le ministre de [&hellip;]\" \/>\n<meta property=\"og:url\" content=\"https:\/\/www.nettali.com\/2021\/06\/30\/autorisation-de-poursuite-la-reaction-de-teliko\/\" \/>\n<meta property=\"og:site_name\" content=\"Nettali.com\" \/>\n<meta property=\"article:publisher\" content=\"https:\/\/www.facebook.com\/nettalicom\" \/>\n<meta property=\"article:published_time\" content=\"2021-06-30T11:21:29+00:00\" \/>\n<meta property=\"article:modified_time\" content=\"2021-06-30T12:50:15+00:00\" \/>\n<meta property=\"og:image\" content=\"https:\/\/www.nettali.com\/wp-content\/uploads\/2021\/06\/madiambal-teliko.jpg\" \/>\n\t<meta property=\"og:image:width\" content=\"705\" \/>\n\t<meta property=\"og:image:height\" content=\"385\" \/>\n<meta name=\"twitter:card\" content=\"summary_large_image\" \/>\n<meta name=\"twitter:label1\" content=\"\u00c9crit par\" \/>\n\t<meta name=\"twitter:data1\" content=\"Thierno Diop\" \/>\n\t<meta name=\"twitter:label2\" content=\"Dur\u00e9e de lecture estim\u00e9e\" \/>\n\t<meta name=\"twitter:data2\" content=\"1 minute\" \/>\n<script type=\"application\/ld+json\" class=\"yoast-schema-graph\">{\"@context\":\"https:\/\/schema.org\",\"@graph\":[{\"@type\":\"WebSite\",\"@id\":\"https:\/\/www.nettali.com\/#website\",\"url\":\"https:\/\/www.nettali.com\/\",\"name\":\"Nettali.com\",\"description\":\"Le rendez-vous critique du Net\",\"potentialAction\":[{\"@type\":\"SearchAction\",\"target\":{\"@type\":\"EntryPoint\",\"urlTemplate\":\"https:\/\/www.nettali.com\/?s={search_term_string}\"},\"query-input\":\"required name=search_term_string\"}],\"inLanguage\":\"fr-FR\"},{\"@type\":\"ImageObject\",\"@id\":\"https:\/\/www.nettali.com\/2021\/06\/30\/autorisation-de-poursuite-la-reaction-de-teliko\/#primaryimage\",\"inLanguage\":\"fr-FR\",\"url\":\"https:\/\/www.nettali.com\/wp-content\/uploads\/2021\/06\/madiambal-teliko.jpg\",\"contentUrl\":\"https:\/\/www.nettali.com\/wp-content\/uploads\/2021\/06\/madiambal-teliko.jpg\",\"width\":705,\"height\":385},{\"@type\":\"WebPage\",\"@id\":\"https:\/\/www.nettali.com\/2021\/06\/30\/autorisation-de-poursuite-la-reaction-de-teliko\/#webpage\",\"url\":\"https:\/\/www.nettali.com\/2021\/06\/30\/autorisation-de-poursuite-la-reaction-de-teliko\/\",\"name\":\"AUTORISATION DE POURSUITE \\u2013 La r\\u00e9action de T\\u00e9liko | Nettali.com\",\"isPartOf\":{\"@id\":\"https:\/\/www.nettali.com\/#website\"},\"primaryImageOfPage\":{\"@id\":\"https:\/\/www.nettali.com\/2021\/06\/30\/autorisation-de-poursuite-la-reaction-de-teliko\/#primaryimage\"},\"datePublished\":\"2021-06-30T11:21:29+00:00\",\"dateModified\":\"2021-06-30T12:50:15+00:00\",\"author\":{\"@id\":\"https:\/\/www.nettali.com\/#\/schema\/person\/8a06c6bd7b19304cf4bf985862900b5b\"},\"breadcrumb\":{\"@id\":\"https:\/\/www.nettali.com\/2021\/06\/30\/autorisation-de-poursuite-la-reaction-de-teliko\/#breadcrumb\"},\"inLanguage\":\"fr-FR\",\"potentialAction\":[{\"@type\":\"ReadAction\",\"target\":[\"https:\/\/www.nettali.com\/2021\/06\/30\/autorisation-de-poursuite-la-reaction-de-teliko\/\"]}]},{\"@type\":\"BreadcrumbList\",\"@id\":\"https:\/\/www.nettali.com\/2021\/06\/30\/autorisation-de-poursuite-la-reaction-de-teliko\/#breadcrumb\",\"itemListElement\":[{\"@type\":\"ListItem\",\"position\":1,\"name\":\"Accueil\",\"item\":\"https:\/\/www.nettali.com\/\"},{\"@type\":\"ListItem\",\"position\":2,\"name\":\"AUTORISATION DE POURSUITE \\u2013 La r\\u00e9action de T\\u00e9liko\"}]},{\"@type\":\"Person\",\"@id\":\"https:\/\/www.nettali.com\/#\/schema\/person\/8a06c6bd7b19304cf4bf985862900b5b\",\"name\":\"Thierno Diop\",\"image\":{\"@type\":\"ImageObject\",\"@id\":\"https:\/\/www.nettali.com\/#personlogo\",\"inLanguage\":\"fr-FR\",\"url\":\"https:\/\/secure.gravatar.com\/avatar\/c8ca58550c94fd2ac856d27391a6c866?s=96&d=mm&r=g\",\"contentUrl\":\"https:\/\/secure.gravatar.com\/avatar\/c8ca58550c94fd2ac856d27391a6c866?s=96&d=mm&r=g\",\"caption\":\"Thierno Diop\"},\"sameAs\":[\"https:\/\/nettali.com\"]}]}<\/script>\n<!-- \/ Yoast SEO Premium plugin. -->","yoast_head_json":{"title":"AUTORISATION DE POURSUITE \u2013 La r\u00e9action de T\u00e9liko | Nettali.com","robots":{"index":"index","follow":"follow","max-snippet":"max-snippet:-1","max-image-preview":"max-image-preview:large","max-video-preview":"max-video-preview:-1"},"canonical":"https:\/\/www.nettali.com\/2021\/06\/30\/autorisation-de-poursuite-la-reaction-de-teliko\/","og_locale":"fr_FR","og_type":"article","og_title":"AUTORISATION DE POURSUITE \u2013 La r\u00e9action de T\u00e9liko","og_description":"NETTALI.COM \u2013 Alors qu\u2019il se dit que le ministre de la Justice a d\u00e9livr\u00e9 l\u2019autorisation permettant \u00e0 Madiambal Diagne d\u2019enclencher une proc\u00e9dure contre Souleymane T\u00e9liko, le magistrat d\u00e9clare qu\u2019on ne lui a pas encore notifi\u00e9 une telle mesure. Le magistrat Souleymane T\u00e9liko a r\u00e9agi \u00e0 l\u2019autorisation de poursuite enclench\u00e9e contre lui par le ministre de [&hellip;]","og_url":"https:\/\/www.nettali.com\/2021\/06\/30\/autorisation-de-poursuite-la-reaction-de-teliko\/","og_site_name":"Nettali.com","article_publisher":"https:\/\/www.facebook.com\/nettalicom","article_published_time":"2021-06-30T11:21:29+00:00","article_modified_time":"2021-06-30T12:50:15+00:00","og_image":[{"width":705,"height":385,"url":"https:\/\/www.nettali.com\/wp-content\/uploads\/2021\/06\/madiambal-teliko.jpg","type":"image\/jpeg"}],"twitter_card":"summary_large_image","twitter_misc":{"\u00c9crit par":"Thierno Diop","Dur\u00e9e de lecture estim\u00e9e":"1 minute"},"schema":{"@context":"https:\/\/schema.org","@graph":[{"@type":"WebSite","@id":"https:\/\/www.nettali.com\/#website","url":"https:\/\/www.nettali.com\/","name":"Nettali.com","description":"Le rendez-vous critique du Net","potentialAction":[{"@type":"SearchAction","target":{"@type":"EntryPoint","urlTemplate":"https:\/\/www.nettali.com\/?s={search_term_string}"},"query-input":"required name=search_term_string"}],"inLanguage":"fr-FR"},{"@type":"ImageObject","@id":"https:\/\/www.nettali.com\/2021\/06\/30\/autorisation-de-poursuite-la-reaction-de-teliko\/#primaryimage","inLanguage":"fr-FR","url":"https:\/\/www.nettali.com\/wp-content\/uploads\/2021\/06\/madiambal-teliko.jpg","contentUrl":"https:\/\/www.nettali.com\/wp-content\/uploads\/2021\/06\/madiambal-teliko.jpg","width":705,"height":385},{"@type":"WebPage","@id":"https:\/\/www.nettali.com\/2021\/06\/30\/autorisation-de-poursuite-la-reaction-de-teliko\/#webpage","url":"https:\/\/www.nettali.com\/2021\/06\/30\/autorisation-de-poursuite-la-reaction-de-teliko\/","name":"AUTORISATION DE POURSUITE \u2013 La r\u00e9action de T\u00e9liko | Nettali.com","isPartOf":{"@id":"https:\/\/www.nettali.com\/#website"},"primaryImageOfPage":{"@id":"https:\/\/www.nettali.com\/2021\/06\/30\/autorisation-de-poursuite-la-reaction-de-teliko\/#primaryimage"},"datePublished":"2021-06-30T11:21:29+00:00","dateModified":"2021-06-30T12:50:15+00:00","author":{"@id":"https:\/\/www.nettali.com\/#\/schema\/person\/8a06c6bd7b19304cf4bf985862900b5b"},"breadcrumb":{"@id":"https:\/\/www.nettali.com\/2021\/06\/30\/autorisation-de-poursuite-la-reaction-de-teliko\/#breadcrumb"},"inLanguage":"fr-FR","potentialAction":[{"@type":"ReadAction","target":["https:\/\/www.nettali.com\/2021\/06\/30\/autorisation-de-poursuite-la-reaction-de-teliko\/"]}]},{"@type":"BreadcrumbList","@id":"https:\/\/www.nettali.com\/2021\/06\/30\/autorisation-de-poursuite-la-reaction-de-teliko\/#breadcrumb","itemListElement":[{"@type":"ListItem","position":1,"name":"Accueil","item":"https:\/\/www.nettali.com\/"},{"@type":"ListItem","position":2,"name":"AUTORISATION DE POURSUITE \u2013 La r\u00e9action de T\u00e9liko"}]},{"@type":"Person","@id":"https:\/\/www.nettali.com\/#\/schema\/person\/8a06c6bd7b19304cf4bf985862900b5b","name":"Thierno Diop","image":{"@type":"ImageObject","@id":"https:\/\/www.nettali.com\/#personlogo","inLanguage":"fr-FR","url":"https:\/\/secure.gravatar.com\/avatar\/c8ca58550c94fd2ac856d27391a6c866?s=96&d=mm&r=g","contentUrl":"https:\/\/secure.gravatar.com\/avatar\/c8ca58550c94fd2ac856d27391a6c866?s=96&d=mm&r=g","caption":"Thierno Diop"},"sameAs":["https:\/\/nettali.com"]}]}},"_links":{"self":[{"href":"https:\/\/www.nettali.com\/rest\/wp\/v2\/posts\/67032"}],"collection":[{"href":"https:\/\/www.nettali.com\/rest\/wp\/v2\/posts"}],"about":[{"href":"https:\/\/www.nettali.com\/rest\/wp\/v2\/types\/post"}],"author":[{"embeddable":true,"href":"https:\/\/www.nettali.com\/rest\/wp\/v2\/users\/11"}],"replies":[{"embeddable":true,"href":"https:\/\/www.nettali.com\/rest\/wp\/v2\/comments?post=67032"}],"version-history":[{"count":4,"href":"https:\/\/www.nettali.com\/rest\/wp\/v2\/posts\/67032\/revisions"}],"predecessor-version":[{"id":67036,"href":"https:\/\/www.nettali.com\/rest\/wp\/v2\/posts\/67032\/revisions\/67036"}],"wp:featuredmedia":[{"embeddable":true,"href":"https:\/\/www.nettali.com\/rest\/wp\/v2\/media\/66144"}],"wp:attachment":[{"href":"https:\/\/www.nettali.com\/rest\/wp\/v2\/media?parent=67032"}],"wp:term":[{"taxonomy":"category","embeddable":true,"href":"https:\/\/www.nettali.com\/rest\/wp\/v2\/categories?post=67032"},{"taxonomy":"post_tag","embeddable":true,"href":"https:\/\/www.nettali.com\/rest\/wp\/v2\/tags?post=67032"}],"curies":[{"name":"wp","href":"https:\/\/api.w.org\/{rel}","templated":true}]}}