{"id":66963,"date":"2021-06-29T17:56:05","date_gmt":"2021-06-29T17:56:05","guid":{"rendered":"https:\/\/www.nettali.com\/?p=66963"},"modified":"2021-06-30T07:32:22","modified_gmt":"2021-06-30T07:32:22","slug":"accuse-de-viol-le-fils-de-yerim-seck-place-sous-mandat-de-depot","status":"publish","type":"post","link":"https:\/\/www.nettali.com\/2021\/06\/29\/accuse-de-viol-le-fils-de-yerim-seck-place-sous-mandat-de-depot\/","title":{"rendered":"ACCUSE DE VIOL - Le fils de Yerim Seck plac\u00e9 sous mandat de d\u00e9p\u00f4t !"},"content":{"rendered":"<p><strong>NETTALI.COM - Du nouveau dans l'affaire de viol dans laquelle est impliqu\u00e9 le fils de Cheikh Y\u00e9rim Seck. En effet, le rejeton du journaliste chroniqueur vient d'\u00eatre plac\u00e9 sous mandat d\u00e9p\u00f4t pour viol sur mineure.<\/strong><\/p>\n<p>Il s'agit de Souleymane Sidy Seck. Il avait \u00e9t\u00e9 arr\u00eat\u00e9 hier avant de b\u00e9n\u00e9ficier d'un retour de parquet.<\/p>\n<p>Pour le disculper, ses avocats avaient vers\u00e9 dans le dossier un audio qui serait un \u00e9change entre lui et sa victime pr\u00e9sum\u00e9e.<\/p>\n<p>Rappelons que Souleymane Sidy Seck, fils de\u00a0Cheikh Y\u00e9rim Seck, aurait invit\u00e9 Louise \u00e0 son domicile pour des r\u00e9visions. C\u2019est l\u00e0-bas que les choses auraient d\u00e9g\u00e9n\u00e9r\u00e9. Si les parents et leur fille soutiennent que l\u2019acte sexuel a eu lieu sous la menace, le jeune lyc\u00e9en Seck affirme de son c\u00f4t\u00e9 que c\u2019\u00e9tait une relation consentie.<\/p>\n<div class='share-to-whatsapp-wrapper'><div class='share-on-whsp'>PARTAGER SUR : <\/div><a data-text='ACCUSE DE VIOL - Le fils de Yerim Seck plac\u00e9 sous mandat de d\u00e9p\u00f4t !' data-link='https:\/\/www.nettali.com\/2021\/06\/29\/accuse-de-viol-le-fils-de-yerim-seck-place-sous-mandat-de-depot\/' class='whatsapp-button whatsapp-share'>WhatsApp<\/a><div class='clear '><\/div><\/div>","protected":false},"excerpt":{"rendered":"<p>NETTALI.COM - Du nouveau dans l'affaire de viol dans laquelle est impliqu\u00e9 le fils de Cheikh Y\u00e9rim Seck. En effet, le rejeton du journaliste chroniqueur vient d'\u00eatre plac\u00e9 sous mandat d\u00e9p\u00f4t pour viol sur mineure. Il s'agit de Souleymane Sidy Seck. Il avait \u00e9t\u00e9 arr\u00eat\u00e9 hier avant de b\u00e9n\u00e9ficier d'un retour de parquet. Pour le [&hellip;]<\/p>\n","protected":false},"author":5,"featured_media":66965,"comment_status":"open","ping_status":"open","sticky":false,"template":"","format":"standard","meta":{"_et_pb_use_builder":"","_et_pb_old_content":""},"categories":[3],"tags":[],"yoast_head":"<!-- This site is optimized with the Yoast SEO Premium plugin v17.8 (Yoast SEO v17.8) - https:\/\/yoast.com\/wordpress\/plugins\/seo\/ -->\n<title>ACCUSE DE VIOL - Le fils de Yerim Seck plac\u00e9 sous mandat de d\u00e9p\u00f4t ! | Nettali.com<\/title>\n<meta name=\"robots\" content=\"index, follow, max-snippet:-1, max-image-preview:large, max-video-preview:-1\" \/>\n<link rel=\"canonical\" href=\"https:\/\/www.nettali.com\/2021\/06\/29\/accuse-de-viol-le-fils-de-yerim-seck-place-sous-mandat-de-depot\/\" \/>\n<meta property=\"og:locale\" content=\"fr_FR\" \/>\n<meta property=\"og:type\" content=\"article\" \/>\n<meta property=\"og:title\" content=\"ACCUSE DE VIOL - Le fils de Yerim Seck plac\u00e9 sous mandat de d\u00e9p\u00f4t !\" \/>\n<meta property=\"og:description\" content=\"NETTALI.COM - Du nouveau dans l&#039;affaire de viol dans laquelle est impliqu\u00e9 le fils de Cheikh Y\u00e9rim Seck. En effet, le rejeton du journaliste chroniqueur vient d&#039;\u00eatre plac\u00e9 sous mandat d\u00e9p\u00f4t pour viol sur mineure. Il s&#039;agit de Souleymane Sidy Seck. Il avait \u00e9t\u00e9 arr\u00eat\u00e9 hier avant de b\u00e9n\u00e9ficier d&#039;un retour de parquet. Pour le [&hellip;]\" \/>\n<meta property=\"og:url\" content=\"https:\/\/www.nettali.com\/2021\/06\/29\/accuse-de-viol-le-fils-de-yerim-seck-place-sous-mandat-de-depot\/\" \/>\n<meta property=\"og:site_name\" content=\"Nettali.com\" \/>\n<meta property=\"article:publisher\" content=\"https:\/\/www.facebook.com\/nettalicom\" \/>\n<meta property=\"article:published_time\" content=\"2021-06-29T17:56:05+00:00\" \/>\n<meta property=\"article:modified_time\" content=\"2021-06-30T07:32:22+00:00\" \/>\n<meta property=\"og:image\" content=\"https:\/\/www.nettali.com\/wp-content\/uploads\/2021\/06\/cheikh-yerim-seck.jpg\" \/>\n\t<meta property=\"og:image:width\" content=\"1080\" \/>\n\t<meta property=\"og:image:height\" content=\"720\" \/>\n<meta name=\"twitter:card\" content=\"summary_large_image\" \/>\n<meta name=\"twitter:label1\" content=\"\u00c9crit par\" \/>\n\t<meta name=\"twitter:data1\" content=\"Ibrahima\" \/>\n\t<meta name=\"twitter:label2\" content=\"Dur\u00e9e de lecture estim\u00e9e\" \/>\n\t<meta name=\"twitter:data2\" content=\"1 minute\" \/>\n<script type=\"application\/ld+json\" class=\"yoast-schema-graph\">{\"@context\":\"https:\/\/schema.org\",\"@graph\":[{\"@type\":\"WebSite\",\"@id\":\"https:\/\/www.nettali.com\/#website\",\"url\":\"https:\/\/www.nettali.com\/\",\"name\":\"Nettali.com\",\"description\":\"Le rendez-vous critique du Net\",\"potentialAction\":[{\"@type\":\"SearchAction\",\"target\":{\"@type\":\"EntryPoint\",\"urlTemplate\":\"https:\/\/www.nettali.com\/?s={search_term_string}\"},\"query-input\":\"required name=search_term_string\"}],\"inLanguage\":\"fr-FR\"},{\"@type\":\"ImageObject\",\"@id\":\"https:\/\/www.nettali.com\/2021\/06\/29\/accuse-de-viol-le-fils-de-yerim-seck-place-sous-mandat-de-depot\/#primaryimage\",\"inLanguage\":\"fr-FR\",\"url\":\"https:\/\/www.nettali.com\/wp-content\/uploads\/2021\/06\/cheikh-yerim-seck.jpg\",\"contentUrl\":\"https:\/\/www.nettali.com\/wp-content\/uploads\/2021\/06\/cheikh-yerim-seck.jpg\",\"width\":1080,\"height\":720},{\"@type\":\"WebPage\",\"@id\":\"https:\/\/www.nettali.com\/2021\/06\/29\/accuse-de-viol-le-fils-de-yerim-seck-place-sous-mandat-de-depot\/#webpage\",\"url\":\"https:\/\/www.nettali.com\/2021\/06\/29\/accuse-de-viol-le-fils-de-yerim-seck-place-sous-mandat-de-depot\/\",\"name\":\"ACCUSE DE VIOL - Le fils de Yerim Seck plac\\u00e9 sous mandat de d\\u00e9p\\u00f4t ! | Nettali.com\",\"isPartOf\":{\"@id\":\"https:\/\/www.nettali.com\/#website\"},\"primaryImageOfPage\":{\"@id\":\"https:\/\/www.nettali.com\/2021\/06\/29\/accuse-de-viol-le-fils-de-yerim-seck-place-sous-mandat-de-depot\/#primaryimage\"},\"datePublished\":\"2021-06-29T17:56:05+00:00\",\"dateModified\":\"2021-06-30T07:32:22+00:00\",\"author\":{\"@id\":\"https:\/\/www.nettali.com\/#\/schema\/person\/bb147657c2986240405a608162b9bb23\"},\"breadcrumb\":{\"@id\":\"https:\/\/www.nettali.com\/2021\/06\/29\/accuse-de-viol-le-fils-de-yerim-seck-place-sous-mandat-de-depot\/#breadcrumb\"},\"inLanguage\":\"fr-FR\",\"potentialAction\":[{\"@type\":\"ReadAction\",\"target\":[\"https:\/\/www.nettali.com\/2021\/06\/29\/accuse-de-viol-le-fils-de-yerim-seck-place-sous-mandat-de-depot\/\"]}]},{\"@type\":\"BreadcrumbList\",\"@id\":\"https:\/\/www.nettali.com\/2021\/06\/29\/accuse-de-viol-le-fils-de-yerim-seck-place-sous-mandat-de-depot\/#breadcrumb\",\"itemListElement\":[{\"@type\":\"ListItem\",\"position\":1,\"name\":\"Accueil\",\"item\":\"https:\/\/www.nettali.com\/\"},{\"@type\":\"ListItem\",\"position\":2,\"name\":\"ACCUSE DE VIOL &#8211; Le fils de Yerim Seck plac\\u00e9 sous mandat de d\\u00e9p\\u00f4t !\"}]},{\"@type\":\"Person\",\"@id\":\"https:\/\/www.nettali.com\/#\/schema\/person\/bb147657c2986240405a608162b9bb23\",\"name\":\"Ibrahima\",\"image\":{\"@type\":\"ImageObject\",\"@id\":\"https:\/\/www.nettali.com\/#personlogo\",\"inLanguage\":\"fr-FR\",\"url\":\"https:\/\/secure.gravatar.com\/avatar\/26a8a81f09f0dd7624c9d5c36c9ba3a2?s=96&d=mm&r=g\",\"contentUrl\":\"https:\/\/secure.gravatar.com\/avatar\/26a8a81f09f0dd7624c9d5c36c9ba3a2?s=96&d=mm&r=g\",\"caption\":\"Ibrahima\"},\"sameAs\":[\"https:\/\/www.nettali.com\"]}]}<\/script>\n<!-- \/ Yoast SEO Premium plugin. -->","yoast_head_json":{"title":"ACCUSE DE VIOL - Le fils de Yerim Seck plac\u00e9 sous mandat de d\u00e9p\u00f4t ! | Nettali.com","robots":{"index":"index","follow":"follow","max-snippet":"max-snippet:-1","max-image-preview":"max-image-preview:large","max-video-preview":"max-video-preview:-1"},"canonical":"https:\/\/www.nettali.com\/2021\/06\/29\/accuse-de-viol-le-fils-de-yerim-seck-place-sous-mandat-de-depot\/","og_locale":"fr_FR","og_type":"article","og_title":"ACCUSE DE VIOL - Le fils de Yerim Seck plac\u00e9 sous mandat de d\u00e9p\u00f4t !","og_description":"NETTALI.COM - Du nouveau dans l'affaire de viol dans laquelle est impliqu\u00e9 le fils de Cheikh Y\u00e9rim Seck. En effet, le rejeton du journaliste chroniqueur vient d'\u00eatre plac\u00e9 sous mandat d\u00e9p\u00f4t pour viol sur mineure. Il s'agit de Souleymane Sidy Seck. Il avait \u00e9t\u00e9 arr\u00eat\u00e9 hier avant de b\u00e9n\u00e9ficier d'un retour de parquet. Pour le [&hellip;]","og_url":"https:\/\/www.nettali.com\/2021\/06\/29\/accuse-de-viol-le-fils-de-yerim-seck-place-sous-mandat-de-depot\/","og_site_name":"Nettali.com","article_publisher":"https:\/\/www.facebook.com\/nettalicom","article_published_time":"2021-06-29T17:56:05+00:00","article_modified_time":"2021-06-30T07:32:22+00:00","og_image":[{"width":1080,"height":720,"url":"https:\/\/www.nettali.com\/wp-content\/uploads\/2021\/06\/cheikh-yerim-seck.jpg","type":"image\/jpeg"}],"twitter_card":"summary_large_image","twitter_misc":{"\u00c9crit par":"Ibrahima","Dur\u00e9e de lecture estim\u00e9e":"1 minute"},"schema":{"@context":"https:\/\/schema.org","@graph":[{"@type":"WebSite","@id":"https:\/\/www.nettali.com\/#website","url":"https:\/\/www.nettali.com\/","name":"Nettali.com","description":"Le rendez-vous critique du Net","potentialAction":[{"@type":"SearchAction","target":{"@type":"EntryPoint","urlTemplate":"https:\/\/www.nettali.com\/?s={search_term_string}"},"query-input":"required name=search_term_string"}],"inLanguage":"fr-FR"},{"@type":"ImageObject","@id":"https:\/\/www.nettali.com\/2021\/06\/29\/accuse-de-viol-le-fils-de-yerim-seck-place-sous-mandat-de-depot\/#primaryimage","inLanguage":"fr-FR","url":"https:\/\/www.nettali.com\/wp-content\/uploads\/2021\/06\/cheikh-yerim-seck.jpg","contentUrl":"https:\/\/www.nettali.com\/wp-content\/uploads\/2021\/06\/cheikh-yerim-seck.jpg","width":1080,"height":720},{"@type":"WebPage","@id":"https:\/\/www.nettali.com\/2021\/06\/29\/accuse-de-viol-le-fils-de-yerim-seck-place-sous-mandat-de-depot\/#webpage","url":"https:\/\/www.nettali.com\/2021\/06\/29\/accuse-de-viol-le-fils-de-yerim-seck-place-sous-mandat-de-depot\/","name":"ACCUSE DE VIOL - Le fils de Yerim Seck plac\u00e9 sous mandat de d\u00e9p\u00f4t ! | Nettali.com","isPartOf":{"@id":"https:\/\/www.nettali.com\/#website"},"primaryImageOfPage":{"@id":"https:\/\/www.nettali.com\/2021\/06\/29\/accuse-de-viol-le-fils-de-yerim-seck-place-sous-mandat-de-depot\/#primaryimage"},"datePublished":"2021-06-29T17:56:05+00:00","dateModified":"2021-06-30T07:32:22+00:00","author":{"@id":"https:\/\/www.nettali.com\/#\/schema\/person\/bb147657c2986240405a608162b9bb23"},"breadcrumb":{"@id":"https:\/\/www.nettali.com\/2021\/06\/29\/accuse-de-viol-le-fils-de-yerim-seck-place-sous-mandat-de-depot\/#breadcrumb"},"inLanguage":"fr-FR","potentialAction":[{"@type":"ReadAction","target":["https:\/\/www.nettali.com\/2021\/06\/29\/accuse-de-viol-le-fils-de-yerim-seck-place-sous-mandat-de-depot\/"]}]},{"@type":"BreadcrumbList","@id":"https:\/\/www.nettali.com\/2021\/06\/29\/accuse-de-viol-le-fils-de-yerim-seck-place-sous-mandat-de-depot\/#breadcrumb","itemListElement":[{"@type":"ListItem","position":1,"name":"Accueil","item":"https:\/\/www.nettali.com\/"},{"@type":"ListItem","position":2,"name":"ACCUSE DE VIOL &#8211; Le fils de Yerim Seck plac\u00e9 sous mandat de d\u00e9p\u00f4t !"}]},{"@type":"Person","@id":"https:\/\/www.nettali.com\/#\/schema\/person\/bb147657c2986240405a608162b9bb23","name":"Ibrahima","image":{"@type":"ImageObject","@id":"https:\/\/www.nettali.com\/#personlogo","inLanguage":"fr-FR","url":"https:\/\/secure.gravatar.com\/avatar\/26a8a81f09f0dd7624c9d5c36c9ba3a2?s=96&d=mm&r=g","contentUrl":"https:\/\/secure.gravatar.com\/avatar\/26a8a81f09f0dd7624c9d5c36c9ba3a2?s=96&d=mm&r=g","caption":"Ibrahima"},"sameAs":["https:\/\/www.nettali.com"]}]}},"_links":{"self":[{"href":"https:\/\/www.nettali.com\/rest\/wp\/v2\/posts\/66963"}],"collection":[{"href":"https:\/\/www.nettali.com\/rest\/wp\/v2\/posts"}],"about":[{"href":"https:\/\/www.nettali.com\/rest\/wp\/v2\/types\/post"}],"author":[{"embeddable":true,"href":"https:\/\/www.nettali.com\/rest\/wp\/v2\/users\/5"}],"replies":[{"embeddable":true,"href":"https:\/\/www.nettali.com\/rest\/wp\/v2\/comments?post=66963"}],"version-history":[{"count":4,"href":"https:\/\/www.nettali.com\/rest\/wp\/v2\/posts\/66963\/revisions"}],"predecessor-version":[{"id":67007,"href":"https:\/\/www.nettali.com\/rest\/wp\/v2\/posts\/66963\/revisions\/67007"}],"wp:featuredmedia":[{"embeddable":true,"href":"https:\/\/www.nettali.com\/rest\/wp\/v2\/media\/66965"}],"wp:attachment":[{"href":"https:\/\/www.nettali.com\/rest\/wp\/v2\/media?parent=66963"}],"wp:term":[{"taxonomy":"category","embeddable":true,"href":"https:\/\/www.nettali.com\/rest\/wp\/v2\/categories?post=66963"},{"taxonomy":"post_tag","embeddable":true,"href":"https:\/\/www.nettali.com\/rest\/wp\/v2\/tags?post=66963"}],"curies":[{"name":"wp","href":"https:\/\/api.w.org\/{rel}","templated":true}]}}