{"id":66915,"date":"2021-06-29T02:16:16","date_gmt":"2021-06-29T02:16:16","guid":{"rendered":"https:\/\/www.nettali.com\/?p=66915"},"modified":"2021-06-29T09:01:26","modified_gmt":"2021-06-29T09:01:26","slug":"macky-sall-a-thies-de-lelectricite-dans-lair","status":"publish","type":"post","link":"https:\/\/www.nettali.com\/2021\/06\/29\/macky-sall-a-thies-de-lelectricite-dans-lair\/","title":{"rendered":"MACKY SALL A THIES - De l'\u00e9lectricit\u00e9 dans l'air"},"content":{"rendered":"<p><strong>NETTALI.COM\u00a0 - Apr\u00e8s Kaffrine, K\u00e9dougou et le Fouta, Macky Sall est attendu ce mardi dans la capitale du rail. Une visite qui risque d'\u00eatre celle de tous les dangers.\u00a0<\/strong><\/p>\n<p>Le pr\u00e9sident de la R\u00e9publique sera ce mardi \u00e0 Thi\u00e8s. Dans la capitale du rail, Macky Sall inaugurera l'Institut sup\u00e9rieur d'enseignement professionnel (Isep) situ\u00e9 \u00e0 la sortie de la ville sur la route de Tivaouane. Pour accueillir le chef de l\u2019Etat, l'Alliance pour la r\u00e9publique (Apr) et ses alli\u00e9s de Benno Bokk Yakaar ont d\u00e9cid\u00e9 de sortir les gros moyens. Sauf que la mobilisation se fera en rangs dispers\u00e9s.<\/p>\n<p>Si les responsables locaux de Benno Bokk Yakaar ont tenu plusieurs rencontres pour pr\u00e9parer cette visite, le Rewmi d'Idrissa Seck qui contr\u00f4le la mairie et le Conseil d\u00e9partemental a d\u00e9cid\u00e9 d'y aller seul et avec ses propres moyens. Et c'est Yankhoba Diattara, ministre de l'Economie num\u00e9rique et homme de confiance du patron de Rewmi qui est \u00e0 la man\u0153uvre. C'est ainsi tous les maires rewmistes des diff\u00e9rentes communes de Thi\u00e8s ont \u00e9t\u00e9 mobilis\u00e9s pour sonner la mobilisation et pr\u00e9parer le terrain. Mieux, des sections de Rewmi d'autres d\u00e9partements comme Dakar sont mises \u00e0 contribution. Des bus partiront de Dakar pour aller grossir les rangs. Objectif : montrer \u00e0 Macky Sall que Thi\u00e8s reste un bastion imprenable d'Idrissa Seck.<\/p>\n<p>Mais cette fa\u00e7on de faire ne pla\u00eet pas aux autres alli\u00e9s de Benno Bokk Yakaar. D'o\u00f9 les risques de bousculades \u00e0 l'accueil. A cela, il faut ajouter l'appel lanc\u00e9 par le Parti d\u00e9mocratique s\u00e9n\u00e9galais (Pds) et par les autres partis de l'opposition. Principalement compos\u00e9s de jeunes, ils promettent de manifester avec des brassards rouges pour exprimer leur m\u00e9contentement. \"<em>Nous appelons tous les jeunes de Thi\u00e8s \u00e0 sortir pour montrer au Pr\u00e9sident Macky Sall que nous ne sommes pas contents de sa politique et lui dire notre opposition au troisi\u00e8me<\/em>\", a d\u00e9clar\u00e9 Ndiaga Diaw du Pds. Qui ajoute : \"<em>Nous l'attendrons \u00e0 l'entr\u00e9e de la ville. Et nous mettons en garde tout nervis qui s'aventurera \u00e0 toucher \u00e0 un seul Thi\u00e8s<\/em>.\"<\/p>\n<div class='share-to-whatsapp-wrapper'><div class='share-on-whsp'>PARTAGER SUR : <\/div><a data-text='MACKY SALL A THIES - De l'\u00e9lectricit\u00e9 dans l'air' data-link='https:\/\/www.nettali.com\/2021\/06\/29\/macky-sall-a-thies-de-lelectricite-dans-lair\/' class='whatsapp-button whatsapp-share'>WhatsApp<\/a><div class='clear '><\/div><\/div>","protected":false},"excerpt":{"rendered":"<p>NETTALI.COM\u00a0 - Apr\u00e8s Kaffrine, K\u00e9dougou et le Fouta, Macky Sall est attendu ce mardi dans la capitale du rail. Une visite qui risque d'\u00eatre celle de tous les dangers.\u00a0 Le pr\u00e9sident de la R\u00e9publique sera ce mardi \u00e0 Thi\u00e8s. Dans la capitale du rail, Macky Sall inaugurera l'Institut sup\u00e9rieur d'enseignement professionnel (Isep) situ\u00e9 \u00e0 la [&hellip;]<\/p>\n","protected":false},"author":3,"featured_media":66917,"comment_status":"open","ping_status":"open","sticky":false,"template":"","format":"standard","meta":{"_et_pb_use_builder":"","_et_pb_old_content":""},"categories":[2],"tags":[],"yoast_head":"<!-- This site is optimized with the Yoast SEO Premium plugin v17.8 (Yoast SEO v17.8) - https:\/\/yoast.com\/wordpress\/plugins\/seo\/ -->\n<title>MACKY SALL A THIES - De l&#039;\u00e9lectricit\u00e9 dans l&#039;air | Nettali.com<\/title>\n<meta name=\"robots\" content=\"index, follow, max-snippet:-1, max-image-preview:large, max-video-preview:-1\" \/>\n<link rel=\"canonical\" href=\"https:\/\/www.nettali.com\/2021\/06\/29\/macky-sall-a-thies-de-lelectricite-dans-lair\/\" \/>\n<meta property=\"og:locale\" content=\"fr_FR\" \/>\n<meta property=\"og:type\" content=\"article\" \/>\n<meta property=\"og:title\" content=\"MACKY SALL A THIES - De l&#039;\u00e9lectricit\u00e9 dans l&#039;air\" \/>\n<meta property=\"og:description\" content=\"NETTALI.COM\u00a0 - Apr\u00e8s Kaffrine, K\u00e9dougou et le Fouta, Macky Sall est attendu ce mardi dans la capitale du rail. Une visite qui risque d&#039;\u00eatre celle de tous les dangers.\u00a0 Le pr\u00e9sident de la R\u00e9publique sera ce mardi \u00e0 Thi\u00e8s. Dans la capitale du rail, Macky Sall inaugurera l&#039;Institut sup\u00e9rieur d&#039;enseignement professionnel (Isep) situ\u00e9 \u00e0 la [&hellip;]\" \/>\n<meta property=\"og:url\" content=\"https:\/\/www.nettali.com\/2021\/06\/29\/macky-sall-a-thies-de-lelectricite-dans-lair\/\" \/>\n<meta property=\"og:site_name\" content=\"Nettali.com\" \/>\n<meta property=\"article:publisher\" content=\"https:\/\/www.facebook.com\/nettalicom\" \/>\n<meta property=\"article:published_time\" content=\"2021-06-29T02:16:16+00:00\" \/>\n<meta property=\"article:modified_time\" content=\"2021-06-29T09:01:26+00:00\" \/>\n<meta property=\"og:image\" content=\"https:\/\/www.nettali.com\/wp-content\/uploads\/2021\/06\/macky-sall-idrissa-seck.jpg\" \/>\n\t<meta property=\"og:image:width\" content=\"670\" \/>\n\t<meta property=\"og:image:height\" content=\"443\" \/>\n<meta name=\"twitter:card\" content=\"summary_large_image\" \/>\n<meta name=\"twitter:label1\" content=\"\u00c9crit par\" \/>\n\t<meta name=\"twitter:data1\" content=\"Moustapha\" \/>\n\t<meta name=\"twitter:label2\" content=\"Dur\u00e9e de lecture estim\u00e9e\" \/>\n\t<meta name=\"twitter:data2\" content=\"2 minutes\" \/>\n<script type=\"application\/ld+json\" class=\"yoast-schema-graph\">{\"@context\":\"https:\/\/schema.org\",\"@graph\":[{\"@type\":\"WebSite\",\"@id\":\"https:\/\/www.nettali.com\/#website\",\"url\":\"https:\/\/www.nettali.com\/\",\"name\":\"Nettali.com\",\"description\":\"Le rendez-vous critique du Net\",\"potentialAction\":[{\"@type\":\"SearchAction\",\"target\":{\"@type\":\"EntryPoint\",\"urlTemplate\":\"https:\/\/www.nettali.com\/?s={search_term_string}\"},\"query-input\":\"required name=search_term_string\"}],\"inLanguage\":\"fr-FR\"},{\"@type\":\"ImageObject\",\"@id\":\"https:\/\/www.nettali.com\/2021\/06\/29\/macky-sall-a-thies-de-lelectricite-dans-lair\/#primaryimage\",\"inLanguage\":\"fr-FR\",\"url\":\"https:\/\/www.nettali.com\/wp-content\/uploads\/2021\/06\/macky-sall-idrissa-seck.jpg\",\"contentUrl\":\"https:\/\/www.nettali.com\/wp-content\/uploads\/2021\/06\/macky-sall-idrissa-seck.jpg\",\"width\":670,\"height\":443},{\"@type\":\"WebPage\",\"@id\":\"https:\/\/www.nettali.com\/2021\/06\/29\/macky-sall-a-thies-de-lelectricite-dans-lair\/#webpage\",\"url\":\"https:\/\/www.nettali.com\/2021\/06\/29\/macky-sall-a-thies-de-lelectricite-dans-lair\/\",\"name\":\"MACKY SALL A THIES - De l'\\u00e9lectricit\\u00e9 dans l'air | Nettali.com\",\"isPartOf\":{\"@id\":\"https:\/\/www.nettali.com\/#website\"},\"primaryImageOfPage\":{\"@id\":\"https:\/\/www.nettali.com\/2021\/06\/29\/macky-sall-a-thies-de-lelectricite-dans-lair\/#primaryimage\"},\"datePublished\":\"2021-06-29T02:16:16+00:00\",\"dateModified\":\"2021-06-29T09:01:26+00:00\",\"author\":{\"@id\":\"https:\/\/www.nettali.com\/#\/schema\/person\/7962a12a6e0267f88f0ffa544c36469a\"},\"breadcrumb\":{\"@id\":\"https:\/\/www.nettali.com\/2021\/06\/29\/macky-sall-a-thies-de-lelectricite-dans-lair\/#breadcrumb\"},\"inLanguage\":\"fr-FR\",\"potentialAction\":[{\"@type\":\"ReadAction\",\"target\":[\"https:\/\/www.nettali.com\/2021\/06\/29\/macky-sall-a-thies-de-lelectricite-dans-lair\/\"]}]},{\"@type\":\"BreadcrumbList\",\"@id\":\"https:\/\/www.nettali.com\/2021\/06\/29\/macky-sall-a-thies-de-lelectricite-dans-lair\/#breadcrumb\",\"itemListElement\":[{\"@type\":\"ListItem\",\"position\":1,\"name\":\"Accueil\",\"item\":\"https:\/\/www.nettali.com\/\"},{\"@type\":\"ListItem\",\"position\":2,\"name\":\"MACKY SALL A THIES &#8211; De l&rsquo;\\u00e9lectricit\\u00e9 dans l&rsquo;air\"}]},{\"@type\":\"Person\",\"@id\":\"https:\/\/www.nettali.com\/#\/schema\/person\/7962a12a6e0267f88f0ffa544c36469a\",\"name\":\"Moustapha\",\"image\":{\"@type\":\"ImageObject\",\"@id\":\"https:\/\/www.nettali.com\/#personlogo\",\"inLanguage\":\"fr-FR\",\"url\":\"https:\/\/secure.gravatar.com\/avatar\/10fdf6a071cccdcf374e3dbe45159590?s=96&d=mm&r=g\",\"contentUrl\":\"https:\/\/secure.gravatar.com\/avatar\/10fdf6a071cccdcf374e3dbe45159590?s=96&d=mm&r=g\",\"caption\":\"Moustapha\"},\"sameAs\":[\"https:\/\/www.nettali.com\"]}]}<\/script>\n<!-- \/ Yoast SEO Premium plugin. -->","yoast_head_json":{"title":"MACKY SALL A THIES - De l'\u00e9lectricit\u00e9 dans l'air | Nettali.com","robots":{"index":"index","follow":"follow","max-snippet":"max-snippet:-1","max-image-preview":"max-image-preview:large","max-video-preview":"max-video-preview:-1"},"canonical":"https:\/\/www.nettali.com\/2021\/06\/29\/macky-sall-a-thies-de-lelectricite-dans-lair\/","og_locale":"fr_FR","og_type":"article","og_title":"MACKY SALL A THIES - De l'\u00e9lectricit\u00e9 dans l'air","og_description":"NETTALI.COM\u00a0 - Apr\u00e8s Kaffrine, K\u00e9dougou et le Fouta, Macky Sall est attendu ce mardi dans la capitale du rail. Une visite qui risque d'\u00eatre celle de tous les dangers.\u00a0 Le pr\u00e9sident de la R\u00e9publique sera ce mardi \u00e0 Thi\u00e8s. Dans la capitale du rail, Macky Sall inaugurera l'Institut sup\u00e9rieur d'enseignement professionnel (Isep) situ\u00e9 \u00e0 la [&hellip;]","og_url":"https:\/\/www.nettali.com\/2021\/06\/29\/macky-sall-a-thies-de-lelectricite-dans-lair\/","og_site_name":"Nettali.com","article_publisher":"https:\/\/www.facebook.com\/nettalicom","article_published_time":"2021-06-29T02:16:16+00:00","article_modified_time":"2021-06-29T09:01:26+00:00","og_image":[{"width":670,"height":443,"url":"https:\/\/www.nettali.com\/wp-content\/uploads\/2021\/06\/macky-sall-idrissa-seck.jpg","type":"image\/jpeg"}],"twitter_card":"summary_large_image","twitter_misc":{"\u00c9crit par":"Moustapha","Dur\u00e9e de lecture estim\u00e9e":"2 minutes"},"schema":{"@context":"https:\/\/schema.org","@graph":[{"@type":"WebSite","@id":"https:\/\/www.nettali.com\/#website","url":"https:\/\/www.nettali.com\/","name":"Nettali.com","description":"Le rendez-vous critique du Net","potentialAction":[{"@type":"SearchAction","target":{"@type":"EntryPoint","urlTemplate":"https:\/\/www.nettali.com\/?s={search_term_string}"},"query-input":"required name=search_term_string"}],"inLanguage":"fr-FR"},{"@type":"ImageObject","@id":"https:\/\/www.nettali.com\/2021\/06\/29\/macky-sall-a-thies-de-lelectricite-dans-lair\/#primaryimage","inLanguage":"fr-FR","url":"https:\/\/www.nettali.com\/wp-content\/uploads\/2021\/06\/macky-sall-idrissa-seck.jpg","contentUrl":"https:\/\/www.nettali.com\/wp-content\/uploads\/2021\/06\/macky-sall-idrissa-seck.jpg","width":670,"height":443},{"@type":"WebPage","@id":"https:\/\/www.nettali.com\/2021\/06\/29\/macky-sall-a-thies-de-lelectricite-dans-lair\/#webpage","url":"https:\/\/www.nettali.com\/2021\/06\/29\/macky-sall-a-thies-de-lelectricite-dans-lair\/","name":"MACKY SALL A THIES - De l'\u00e9lectricit\u00e9 dans l'air | Nettali.com","isPartOf":{"@id":"https:\/\/www.nettali.com\/#website"},"primaryImageOfPage":{"@id":"https:\/\/www.nettali.com\/2021\/06\/29\/macky-sall-a-thies-de-lelectricite-dans-lair\/#primaryimage"},"datePublished":"2021-06-29T02:16:16+00:00","dateModified":"2021-06-29T09:01:26+00:00","author":{"@id":"https:\/\/www.nettali.com\/#\/schema\/person\/7962a12a6e0267f88f0ffa544c36469a"},"breadcrumb":{"@id":"https:\/\/www.nettali.com\/2021\/06\/29\/macky-sall-a-thies-de-lelectricite-dans-lair\/#breadcrumb"},"inLanguage":"fr-FR","potentialAction":[{"@type":"ReadAction","target":["https:\/\/www.nettali.com\/2021\/06\/29\/macky-sall-a-thies-de-lelectricite-dans-lair\/"]}]},{"@type":"BreadcrumbList","@id":"https:\/\/www.nettali.com\/2021\/06\/29\/macky-sall-a-thies-de-lelectricite-dans-lair\/#breadcrumb","itemListElement":[{"@type":"ListItem","position":1,"name":"Accueil","item":"https:\/\/www.nettali.com\/"},{"@type":"ListItem","position":2,"name":"MACKY SALL A THIES &#8211; De l&rsquo;\u00e9lectricit\u00e9 dans l&rsquo;air"}]},{"@type":"Person","@id":"https:\/\/www.nettali.com\/#\/schema\/person\/7962a12a6e0267f88f0ffa544c36469a","name":"Moustapha","image":{"@type":"ImageObject","@id":"https:\/\/www.nettali.com\/#personlogo","inLanguage":"fr-FR","url":"https:\/\/secure.gravatar.com\/avatar\/10fdf6a071cccdcf374e3dbe45159590?s=96&d=mm&r=g","contentUrl":"https:\/\/secure.gravatar.com\/avatar\/10fdf6a071cccdcf374e3dbe45159590?s=96&d=mm&r=g","caption":"Moustapha"},"sameAs":["https:\/\/www.nettali.com"]}]}},"_links":{"self":[{"href":"https:\/\/www.nettali.com\/rest\/wp\/v2\/posts\/66915"}],"collection":[{"href":"https:\/\/www.nettali.com\/rest\/wp\/v2\/posts"}],"about":[{"href":"https:\/\/www.nettali.com\/rest\/wp\/v2\/types\/post"}],"author":[{"embeddable":true,"href":"https:\/\/www.nettali.com\/rest\/wp\/v2\/users\/3"}],"replies":[{"embeddable":true,"href":"https:\/\/www.nettali.com\/rest\/wp\/v2\/comments?post=66915"}],"version-history":[{"count":1,"href":"https:\/\/www.nettali.com\/rest\/wp\/v2\/posts\/66915\/revisions"}],"predecessor-version":[{"id":66918,"href":"https:\/\/www.nettali.com\/rest\/wp\/v2\/posts\/66915\/revisions\/66918"}],"wp:featuredmedia":[{"embeddable":true,"href":"https:\/\/www.nettali.com\/rest\/wp\/v2\/media\/66917"}],"wp:attachment":[{"href":"https:\/\/www.nettali.com\/rest\/wp\/v2\/media?parent=66915"}],"wp:term":[{"taxonomy":"category","embeddable":true,"href":"https:\/\/www.nettali.com\/rest\/wp\/v2\/categories?post=66915"},{"taxonomy":"post_tag","embeddable":true,"href":"https:\/\/www.nettali.com\/rest\/wp\/v2\/tags?post=66915"}],"curies":[{"name":"wp","href":"https:\/\/api.w.org\/{rel}","templated":true}]}}