{"id":66891,"date":"2021-06-28T20:14:36","date_gmt":"2021-06-28T20:14:36","guid":{"rendered":"https:\/\/www.nettali.com\/?p=66891"},"modified":"2021-06-29T02:18:32","modified_gmt":"2021-06-29T02:18:32","slug":"programme-decennal-de-lutte-contre-les-inondations-ce-qui-a-ete-depense","status":"publish","type":"post","link":"https:\/\/www.nettali.com\/2021\/06\/28\/programme-decennal-de-lutte-contre-les-inondations-ce-qui-a-ete-depense\/","title":{"rendered":"PROGRAMME DE LUTTE CONTRE LES INONDATIONS - Ce qui a \u00e9t\u00e9 d\u00e9pens\u00e9"},"content":{"rendered":"<p><strong>NETTALI.COM - La Mission d\u2019information parlementaire sur le programme d\u00e9cennal de lutte contre les inondations a pr\u00e9sent\u00e9, ce lundi, son rapport \u00e0 l\u2019h\u00e9micycle. <\/strong><\/p>\n<p>Lu par le rapporteur, Th\u00e9odore Cherif Monteil, le document renseigne que le programme initial de 766,9 milliards a \u00e9t\u00e9 ex\u00e9cut\u00e9 pour 511,2 milliards de Cfa. Soit 66,65%. Le rapport informe que l\u2019ex\u00e9cution du programme a \u00e9t\u00e9 scind\u00e9e en 3 phases : une phase d\u2019urgence 2012-2013 avec une pr\u00e9vision de 66 milliards, une phase interm\u00e9diaire 2014-2016 pour 250,6 milliards et une phase moyen-long terme 2017-2022 de 450,9 milliards.<\/p>\n<p>Le sous-programme am\u00e9nagement et am\u00e9lioration des zones d\u2019inondation a mobilis\u00e9 11,2 milliards. Le Sous-programme 2, restructuration et Relogement des populations sinistr\u00e9es, comprend la construction de 1843 logements \u00e0 Dakar sur 2000 pr\u00e9vus \u00e0 la cit\u00e9 Tawfeex Yakaar et 505 logements sur les 891 qui restaient \u00e0 \u00a0achever \u00e0 la cit\u00e9 Jaxaay pour un montant de 20,1 milliards.<\/p>\n<p>Le projet de r\u00e9alisation de 700 logements a d\u00e9marr\u00e9 avec 200 \u00e0 Thi\u00e8s et devrait se poursuivre avec 100 \u00e0 Joal, 200 \u00e0 \u00a0Saint louis, 100 \u00e0 Fatick et 100 \u00e0 Kaolack \u00a0dans le cadre du projet d\u2019att\u00e9nuation des effets \u00a0li\u00e9s aux inondations au S\u00e9n\u00e9gal. Le montant total allou\u00e9 \u00e0 ce volet logement est de 32,9 milliards, renseigne le rapport qui souligne que \u00a0les \u00e9tudes pour la planification et la restructuration urbaine ont mobilis\u00e9 13,5 milliards.<\/p>\n<p><strong>291 milliards d\u00e9pens\u00e9s<\/strong><\/p>\n<p>Le Sous-programme 3, gestion des eaux pluviales, a consist\u00e9 \u00e0 la r\u00e9alisation de plus de 85 000 m\u00e8tres lin\u00e9aires de r\u00e9seaux de drainage plus d\u2019une quarantaine de stations de pompage et 20 bassins de r\u00e9tention. Les investissements s\u2019\u00e9l\u00e8vent \u00e0 438,6 milliards de francs Cfa, presque le double du budget pr\u00e9visionnel du programme d\u00e9cennal, renseigne le rapport.<\/p>\n<p>Par ailleurs, le rapporteur informe que le document remis \u00e0 la mission par le minist\u00e8re des Finance et du budget comptabilise une d\u00e9pense totale de 291 milliards. Soit un taux de r\u00e9alisation de 38% \u00e0 2 ans de la fin du programme.<\/p>\n<div class='share-to-whatsapp-wrapper'><div class='share-on-whsp'>PARTAGER SUR : <\/div><a data-text='PROGRAMME DE LUTTE CONTRE LES INONDATIONS - Ce qui a \u00e9t\u00e9 d\u00e9pens\u00e9' data-link='https:\/\/www.nettali.com\/2021\/06\/28\/programme-decennal-de-lutte-contre-les-inondations-ce-qui-a-ete-depense\/' class='whatsapp-button whatsapp-share'>WhatsApp<\/a><div class='clear '><\/div><\/div>","protected":false},"excerpt":{"rendered":"<p>NETTALI.COM - La Mission d\u2019information parlementaire sur le programme d\u00e9cennal de lutte contre les inondations a pr\u00e9sent\u00e9, ce lundi, son rapport \u00e0 l\u2019h\u00e9micycle. Lu par le rapporteur, Th\u00e9odore Cherif Monteil, le document renseigne que le programme initial de 766,9 milliards a \u00e9t\u00e9 ex\u00e9cut\u00e9 pour 511,2 milliards de Cfa. Soit 66,65%. Le rapport informe que l\u2019ex\u00e9cution [&hellip;]<\/p>\n","protected":false},"author":4,"featured_media":46020,"comment_status":"open","ping_status":"open","sticky":false,"template":"","format":"standard","meta":{"_et_pb_use_builder":"","_et_pb_old_content":""},"categories":[3],"tags":[],"yoast_head":"<!-- This site is optimized with the Yoast SEO Premium plugin v17.8 (Yoast SEO v17.8) - https:\/\/yoast.com\/wordpress\/plugins\/seo\/ -->\n<title>PROGRAMME DE LUTTE CONTRE LES INONDATIONS - Ce qui a \u00e9t\u00e9 d\u00e9pens\u00e9 | Nettali.com<\/title>\n<meta name=\"robots\" content=\"index, follow, max-snippet:-1, max-image-preview:large, max-video-preview:-1\" \/>\n<link rel=\"canonical\" href=\"https:\/\/www.nettali.com\/2021\/06\/28\/programme-decennal-de-lutte-contre-les-inondations-ce-qui-a-ete-depense\/\" \/>\n<meta property=\"og:locale\" content=\"fr_FR\" \/>\n<meta property=\"og:type\" content=\"article\" \/>\n<meta property=\"og:title\" content=\"PROGRAMME DE LUTTE CONTRE LES INONDATIONS - Ce qui a \u00e9t\u00e9 d\u00e9pens\u00e9\" \/>\n<meta property=\"og:description\" content=\"NETTALI.COM - La Mission d\u2019information parlementaire sur le programme d\u00e9cennal de lutte contre les inondations a pr\u00e9sent\u00e9, ce lundi, son rapport \u00e0 l\u2019h\u00e9micycle. Lu par le rapporteur, Th\u00e9odore Cherif Monteil, le document renseigne que le programme initial de 766,9 milliards a \u00e9t\u00e9 ex\u00e9cut\u00e9 pour 511,2 milliards de Cfa. Soit 66,65%. Le rapport informe que l\u2019ex\u00e9cution [&hellip;]\" \/>\n<meta property=\"og:url\" content=\"https:\/\/www.nettali.com\/2021\/06\/28\/programme-decennal-de-lutte-contre-les-inondations-ce-qui-a-ete-depense\/\" \/>\n<meta property=\"og:site_name\" content=\"Nettali.com\" \/>\n<meta property=\"article:publisher\" content=\"https:\/\/www.facebook.com\/nettalicom\" \/>\n<meta property=\"article:published_time\" content=\"2021-06-28T20:14:36+00:00\" \/>\n<meta property=\"article:modified_time\" content=\"2021-06-29T02:18:32+00:00\" \/>\n<meta property=\"og:image\" content=\"https:\/\/www.nettali.com\/wp-content\/uploads\/2020\/09\/Macky-inondation.jpg\" \/>\n\t<meta property=\"og:image:width\" content=\"512\" \/>\n\t<meta property=\"og:image:height\" content=\"364\" \/>\n<meta name=\"twitter:card\" content=\"summary_large_image\" \/>\n<meta name=\"twitter:label1\" content=\"\u00c9crit par\" \/>\n\t<meta name=\"twitter:data1\" content=\"Daouda\" \/>\n\t<meta name=\"twitter:label2\" content=\"Dur\u00e9e de lecture estim\u00e9e\" \/>\n\t<meta name=\"twitter:data2\" content=\"2 minutes\" \/>\n<script type=\"application\/ld+json\" class=\"yoast-schema-graph\">{\"@context\":\"https:\/\/schema.org\",\"@graph\":[{\"@type\":\"WebSite\",\"@id\":\"https:\/\/www.nettali.com\/#website\",\"url\":\"https:\/\/www.nettali.com\/\",\"name\":\"Nettali.com\",\"description\":\"Le rendez-vous critique du Net\",\"potentialAction\":[{\"@type\":\"SearchAction\",\"target\":{\"@type\":\"EntryPoint\",\"urlTemplate\":\"https:\/\/www.nettali.com\/?s={search_term_string}\"},\"query-input\":\"required name=search_term_string\"}],\"inLanguage\":\"fr-FR\"},{\"@type\":\"ImageObject\",\"@id\":\"https:\/\/www.nettali.com\/2021\/06\/28\/programme-decennal-de-lutte-contre-les-inondations-ce-qui-a-ete-depense\/#primaryimage\",\"inLanguage\":\"fr-FR\",\"url\":\"https:\/\/www.nettali.com\/wp-content\/uploads\/2020\/09\/Macky-inondation.jpg\",\"contentUrl\":\"https:\/\/www.nettali.com\/wp-content\/uploads\/2020\/09\/Macky-inondation.jpg\",\"width\":512,\"height\":364},{\"@type\":\"WebPage\",\"@id\":\"https:\/\/www.nettali.com\/2021\/06\/28\/programme-decennal-de-lutte-contre-les-inondations-ce-qui-a-ete-depense\/#webpage\",\"url\":\"https:\/\/www.nettali.com\/2021\/06\/28\/programme-decennal-de-lutte-contre-les-inondations-ce-qui-a-ete-depense\/\",\"name\":\"PROGRAMME DE LUTTE CONTRE LES INONDATIONS - Ce qui a \\u00e9t\\u00e9 d\\u00e9pens\\u00e9 | Nettali.com\",\"isPartOf\":{\"@id\":\"https:\/\/www.nettali.com\/#website\"},\"primaryImageOfPage\":{\"@id\":\"https:\/\/www.nettali.com\/2021\/06\/28\/programme-decennal-de-lutte-contre-les-inondations-ce-qui-a-ete-depense\/#primaryimage\"},\"datePublished\":\"2021-06-28T20:14:36+00:00\",\"dateModified\":\"2021-06-29T02:18:32+00:00\",\"author\":{\"@id\":\"https:\/\/www.nettali.com\/#\/schema\/person\/3317e0bb3aa1da309fbf7b2780901bf4\"},\"breadcrumb\":{\"@id\":\"https:\/\/www.nettali.com\/2021\/06\/28\/programme-decennal-de-lutte-contre-les-inondations-ce-qui-a-ete-depense\/#breadcrumb\"},\"inLanguage\":\"fr-FR\",\"potentialAction\":[{\"@type\":\"ReadAction\",\"target\":[\"https:\/\/www.nettali.com\/2021\/06\/28\/programme-decennal-de-lutte-contre-les-inondations-ce-qui-a-ete-depense\/\"]}]},{\"@type\":\"BreadcrumbList\",\"@id\":\"https:\/\/www.nettali.com\/2021\/06\/28\/programme-decennal-de-lutte-contre-les-inondations-ce-qui-a-ete-depense\/#breadcrumb\",\"itemListElement\":[{\"@type\":\"ListItem\",\"position\":1,\"name\":\"Accueil\",\"item\":\"https:\/\/www.nettali.com\/\"},{\"@type\":\"ListItem\",\"position\":2,\"name\":\"PROGRAMME DE LUTTE CONTRE LES INONDATIONS &#8211; Ce qui a \\u00e9t\\u00e9 d\\u00e9pens\\u00e9\"}]},{\"@type\":\"Person\",\"@id\":\"https:\/\/www.nettali.com\/#\/schema\/person\/3317e0bb3aa1da309fbf7b2780901bf4\",\"name\":\"Daouda\",\"image\":{\"@type\":\"ImageObject\",\"@id\":\"https:\/\/www.nettali.com\/#personlogo\",\"inLanguage\":\"fr-FR\",\"url\":\"https:\/\/secure.gravatar.com\/avatar\/8d143b5a49345098ddcfee1c49c2f47c?s=96&d=mm&r=g\",\"contentUrl\":\"https:\/\/secure.gravatar.com\/avatar\/8d143b5a49345098ddcfee1c49c2f47c?s=96&d=mm&r=g\",\"caption\":\"Daouda\"},\"sameAs\":[\"https:\/\/www.nettali.com\"]}]}<\/script>\n<!-- \/ Yoast SEO Premium plugin. -->","yoast_head_json":{"title":"PROGRAMME DE LUTTE CONTRE LES INONDATIONS - Ce qui a \u00e9t\u00e9 d\u00e9pens\u00e9 | Nettali.com","robots":{"index":"index","follow":"follow","max-snippet":"max-snippet:-1","max-image-preview":"max-image-preview:large","max-video-preview":"max-video-preview:-1"},"canonical":"https:\/\/www.nettali.com\/2021\/06\/28\/programme-decennal-de-lutte-contre-les-inondations-ce-qui-a-ete-depense\/","og_locale":"fr_FR","og_type":"article","og_title":"PROGRAMME DE LUTTE CONTRE LES INONDATIONS - Ce qui a \u00e9t\u00e9 d\u00e9pens\u00e9","og_description":"NETTALI.COM - La Mission d\u2019information parlementaire sur le programme d\u00e9cennal de lutte contre les inondations a pr\u00e9sent\u00e9, ce lundi, son rapport \u00e0 l\u2019h\u00e9micycle. Lu par le rapporteur, Th\u00e9odore Cherif Monteil, le document renseigne que le programme initial de 766,9 milliards a \u00e9t\u00e9 ex\u00e9cut\u00e9 pour 511,2 milliards de Cfa. Soit 66,65%. Le rapport informe que l\u2019ex\u00e9cution [&hellip;]","og_url":"https:\/\/www.nettali.com\/2021\/06\/28\/programme-decennal-de-lutte-contre-les-inondations-ce-qui-a-ete-depense\/","og_site_name":"Nettali.com","article_publisher":"https:\/\/www.facebook.com\/nettalicom","article_published_time":"2021-06-28T20:14:36+00:00","article_modified_time":"2021-06-29T02:18:32+00:00","og_image":[{"width":512,"height":364,"url":"https:\/\/www.nettali.com\/wp-content\/uploads\/2020\/09\/Macky-inondation.jpg","type":"image\/jpeg"}],"twitter_card":"summary_large_image","twitter_misc":{"\u00c9crit par":"Daouda","Dur\u00e9e de lecture estim\u00e9e":"2 minutes"},"schema":{"@context":"https:\/\/schema.org","@graph":[{"@type":"WebSite","@id":"https:\/\/www.nettali.com\/#website","url":"https:\/\/www.nettali.com\/","name":"Nettali.com","description":"Le rendez-vous critique du Net","potentialAction":[{"@type":"SearchAction","target":{"@type":"EntryPoint","urlTemplate":"https:\/\/www.nettali.com\/?s={search_term_string}"},"query-input":"required name=search_term_string"}],"inLanguage":"fr-FR"},{"@type":"ImageObject","@id":"https:\/\/www.nettali.com\/2021\/06\/28\/programme-decennal-de-lutte-contre-les-inondations-ce-qui-a-ete-depense\/#primaryimage","inLanguage":"fr-FR","url":"https:\/\/www.nettali.com\/wp-content\/uploads\/2020\/09\/Macky-inondation.jpg","contentUrl":"https:\/\/www.nettali.com\/wp-content\/uploads\/2020\/09\/Macky-inondation.jpg","width":512,"height":364},{"@type":"WebPage","@id":"https:\/\/www.nettali.com\/2021\/06\/28\/programme-decennal-de-lutte-contre-les-inondations-ce-qui-a-ete-depense\/#webpage","url":"https:\/\/www.nettali.com\/2021\/06\/28\/programme-decennal-de-lutte-contre-les-inondations-ce-qui-a-ete-depense\/","name":"PROGRAMME DE LUTTE CONTRE LES INONDATIONS - Ce qui a \u00e9t\u00e9 d\u00e9pens\u00e9 | Nettali.com","isPartOf":{"@id":"https:\/\/www.nettali.com\/#website"},"primaryImageOfPage":{"@id":"https:\/\/www.nettali.com\/2021\/06\/28\/programme-decennal-de-lutte-contre-les-inondations-ce-qui-a-ete-depense\/#primaryimage"},"datePublished":"2021-06-28T20:14:36+00:00","dateModified":"2021-06-29T02:18:32+00:00","author":{"@id":"https:\/\/www.nettali.com\/#\/schema\/person\/3317e0bb3aa1da309fbf7b2780901bf4"},"breadcrumb":{"@id":"https:\/\/www.nettali.com\/2021\/06\/28\/programme-decennal-de-lutte-contre-les-inondations-ce-qui-a-ete-depense\/#breadcrumb"},"inLanguage":"fr-FR","potentialAction":[{"@type":"ReadAction","target":["https:\/\/www.nettali.com\/2021\/06\/28\/programme-decennal-de-lutte-contre-les-inondations-ce-qui-a-ete-depense\/"]}]},{"@type":"BreadcrumbList","@id":"https:\/\/www.nettali.com\/2021\/06\/28\/programme-decennal-de-lutte-contre-les-inondations-ce-qui-a-ete-depense\/#breadcrumb","itemListElement":[{"@type":"ListItem","position":1,"name":"Accueil","item":"https:\/\/www.nettali.com\/"},{"@type":"ListItem","position":2,"name":"PROGRAMME DE LUTTE CONTRE LES INONDATIONS &#8211; Ce qui a \u00e9t\u00e9 d\u00e9pens\u00e9"}]},{"@type":"Person","@id":"https:\/\/www.nettali.com\/#\/schema\/person\/3317e0bb3aa1da309fbf7b2780901bf4","name":"Daouda","image":{"@type":"ImageObject","@id":"https:\/\/www.nettali.com\/#personlogo","inLanguage":"fr-FR","url":"https:\/\/secure.gravatar.com\/avatar\/8d143b5a49345098ddcfee1c49c2f47c?s=96&d=mm&r=g","contentUrl":"https:\/\/secure.gravatar.com\/avatar\/8d143b5a49345098ddcfee1c49c2f47c?s=96&d=mm&r=g","caption":"Daouda"},"sameAs":["https:\/\/www.nettali.com"]}]}},"_links":{"self":[{"href":"https:\/\/www.nettali.com\/rest\/wp\/v2\/posts\/66891"}],"collection":[{"href":"https:\/\/www.nettali.com\/rest\/wp\/v2\/posts"}],"about":[{"href":"https:\/\/www.nettali.com\/rest\/wp\/v2\/types\/post"}],"author":[{"embeddable":true,"href":"https:\/\/www.nettali.com\/rest\/wp\/v2\/users\/4"}],"replies":[{"embeddable":true,"href":"https:\/\/www.nettali.com\/rest\/wp\/v2\/comments?post=66891"}],"version-history":[{"count":3,"href":"https:\/\/www.nettali.com\/rest\/wp\/v2\/posts\/66891\/revisions"}],"predecessor-version":[{"id":66922,"href":"https:\/\/www.nettali.com\/rest\/wp\/v2\/posts\/66891\/revisions\/66922"}],"wp:featuredmedia":[{"embeddable":true,"href":"https:\/\/www.nettali.com\/rest\/wp\/v2\/media\/46020"}],"wp:attachment":[{"href":"https:\/\/www.nettali.com\/rest\/wp\/v2\/media?parent=66891"}],"wp:term":[{"taxonomy":"category","embeddable":true,"href":"https:\/\/www.nettali.com\/rest\/wp\/v2\/categories?post=66891"},{"taxonomy":"post_tag","embeddable":true,"href":"https:\/\/www.nettali.com\/rest\/wp\/v2\/tags?post=66891"}],"curies":[{"name":"wp","href":"https:\/\/api.w.org\/{rel}","templated":true}]}}