{"id":66883,"date":"2021-06-28T16:50:28","date_gmt":"2021-06-28T16:50:28","guid":{"rendered":"https:\/\/www.nettali.com\/?p=66883"},"modified":"2021-06-28T16:50:28","modified_gmt":"2021-06-28T16:50:28","slug":"par-momar-dieng-pour-macky-sall-lheure-de-la-vengeance-a-sonne","status":"publish","type":"post","link":"https:\/\/www.nettali.com\/2021\/06\/28\/par-momar-dieng-pour-macky-sall-lheure-de-la-vengeance-a-sonne\/","title":{"rendered":"PAR MOMAR DIENG - Pour Macky Sall, l'heure de la vengeance a sonn\u00e9"},"content":{"rendered":"<p>CONTRIBUTION - Le pr\u00e9sident de la r\u00e9publique avait promis de tirer les le\u00e7ons des \u00e9v\u00e9nements meurtriers de mars 2012 et leur cohorte de 13 \u00e0 14 morts en proclamant sur un air guerrier que cela ne se reproduira pas. Il n\u2019avait pas dit comment. Les images puissantes de villes insurg\u00e9es pendant plusieurs jours pour d\u00e9fendre les droits politiques et constitutionnels des citoyens trop longtemps bafou\u00e9s, les d\u00e9chainements incontr\u00f4lables de populations jeunes victimes des cons\u00e9quences monstrueuses de politiques \u00e9conomiques et sociales dont l\u2019essentiel des retomb\u00e9es ne profitent qu\u2019\u00e0 des oligarchies connect\u00e9es au r\u00e9gime, le ras-le-bol contre la pauvret\u00e9 et l\u2019indigence dont les stigmates sont de plus en plus visibles au c\u0153ur et \u00e0 la p\u00e9riph\u00e9rie de nos cit\u00e9s, avaient cr\u00e9\u00e9 un vrai traumatisme chez le pr\u00e9sident Macky Sall. La belle figure du chef, construite autour d\u2019une fiction sans rapport avec la r\u00e9alit\u00e9 intrins\u00e8que d\u2019un homme belliqueux et violent, s\u2019\u00e9tait effondr\u00e9e. A partir de l\u00e0, la plaie de mars a laiss\u00e9 place \u00e0 l\u2019id\u00e9e d\u2019une riposte contre toutes les forces qui avaient mis \u00e0 nu sa duplicit\u00e9 et son incomp\u00e9tence. L\u2019heure de la vengeance \u00a0a sonn\u00e9, sous la forme d\u2019une proc\u00e9dure d\u2019urgence impos\u00e9e \u00e0 une assembl\u00e9e nationale naturellement ringarde pour faire passer un package de lois du code p\u00e9nal et du code de proc\u00e9dure p\u00e9nal dont quelques-unes, sc\u00e9l\u00e9rates, restreignent et criminalisent substantiellement les libert\u00e9s relatives aux manifestations et rassemblements pacifiques.<\/p>\n<p>L\u2019article 279 alin\u00e9a 1 dispose\u00a0: \u00ab<em>Constituent des actes de terrorisme punis de la r\u00e9clusion criminelle \u00e0 perp\u00e9tuit\u00e9, lorsqu\u2019ils sont commis intentionnellement en relation avec une entreprise individuelle ou collective ayant pour but d\u2019intimider une population, de troubler gravement l\u2019ordre public ou le fonctionnement normal des institutions nationales et internationales, de contraindre un gouvernement ou une organisation internationale \u00e0 accomplir un acte quelconque par la terreur<\/em>.\u00bb<\/p>\n<p>Cette disposition est une cons\u00e9quence directe des \u00e9v\u00e9nements dramatiques de mars rappel\u00e9s plus haut. A elle seule, elle suffit d\u00e9sormais \u00e0 envoyer devant une chambre criminelle une flop\u00e9e d\u2019opposants politiques, de militants de la soci\u00e9t\u00e9 civile engag\u00e9s dans la d\u00e9fense des libert\u00e9s constitutionnelles, d\u2019activistes soucieux de contrecarrer ou de d\u00e9noncer les vell\u00e9it\u00e9s de capture des institutions cens\u00e9es favoriser le fonctionnement d\u00e9mocratique de notre pays. Sa qualit\u00e9 d\u2019\u00e9p\u00e9e de Damocl\u00e8s aux mains du bin\u00f4me Etat-mouvance pr\u00e9sidentielle va constituer une menace permanente pour cette cat\u00e9gorie d\u2019acteurs. A tout moment et au gr\u00e9 de circonstances qui se pr\u00e9senteraient, leurs rassemblements politiques seraient susceptibles d\u2019\u00eatre vers\u00e9s dans la cat\u00e9gorie \u00abterrorisme\u00bb pour peu que des incidents surviennent. La criminalisation se ferait sous la supervision d\u2019un procureur de la r\u00e9publique dot\u00e9 d\u2019un spectre d\u2019interpr\u00e9tation des faits d\u2019une grande \u00e9lasticit\u00e9.<\/p>\n<p>Le maquillage des intentions du pr\u00e9sident de la r\u00e9publique ne fait aucun doute\u00a0: il profite de la rengaine mondialis\u00e9e de lutte contre le terrorisme\/jihadisme pour chercher \u00e0 liquider les pans radicaux de l\u2019opposition s\u00e9n\u00e9galaise, ceux qui se d\u00e9clarent pr\u00eats \u00e0 l\u2019emp\u00eacher de concourir \u00e0 une troisi\u00e8me candidature cons\u00e9cutive \u00e0 laquelle il s\u2019est d\u00e9j\u00e0 auto-exclu. Au travers de l\u2019assembl\u00e9e nationale, il pi\u00e8ge donc et sans coup f\u00e9rir le principe fondamental du droit constitutionnel \u00e0 organiser des manifestations publiques en toute s\u00e9r\u00e9nit\u00e9. Qui peut s\u2019opposer \u00e0 ce qu\u2019un Etat et ses d\u00e9membrements r\u00e9pressifs aux ordres d\u2019une mouvance politique d\u00e9pourvue d\u2019\u00e9tats d\u2019\u00e2me cr\u00e9ent les conditions d\u2019une \u00e9meute de basse ou petite intensit\u00e9 dans un rassemblement d\u2019opposants\u00a0et en attribuent ensuite la responsabilit\u00e9 et la paternit\u00e9 \u00e0 ceux-ci, qu\u2019ils soient des personnes physiques ou morales ?<\/p>\n<p>C\u2019est pour cette raison que le d\u00e9bat autour de cette loi qui confond terrorisme \u00e0 manifestations et introduit le concept de \u00ab\u00a0association de malfaiteurs\u00a0\u00bb devrait \u00eatre plus politique que technique en raison des vis\u00e9es sous-jacentes non avouables. Le caract\u00e8re sc\u00e9l\u00e9rat de cette loi de vengeance vicieuse et disproportionn\u00e9e n\u2019a pas \u00e9t\u00e9 mieux rendu que par l\u2019intelligence de situation du d\u00e9put\u00e9 Mansour Sy Jamil. S\u2019adressant \u00e0 Moustapha Niasse lors des d\u00e9bats d\u2019h\u00e9micycle, il lui a dit\u00a0: \u00ab<em>Monsieur le pr\u00e9sident de l\u2019Assembl\u00e9e, on vous a vu avec une pierre (le 23-juin 2011,\u00a0<\/em><strong>ndlr<\/strong><em>) (\u2026) Si cette loi existait avant, on vous aurait accus\u00e9 de terrorisme et vous ne seriez pas l\u00e0 aujourd\u2019hui.<\/em>\u00bb<\/p>\n<div class='share-to-whatsapp-wrapper'><div class='share-on-whsp'>PARTAGER SUR : <\/div><a data-text='PAR MOMAR DIENG - Pour Macky Sall, l'heure de la vengeance a sonn\u00e9' data-link='https:\/\/www.nettali.com\/2021\/06\/28\/par-momar-dieng-pour-macky-sall-lheure-de-la-vengeance-a-sonne\/' class='whatsapp-button whatsapp-share'>WhatsApp<\/a><div class='clear '><\/div><\/div>","protected":false},"excerpt":{"rendered":"<p>CONTRIBUTION - Le pr\u00e9sident de la r\u00e9publique avait promis de tirer les le\u00e7ons des \u00e9v\u00e9nements meurtriers de mars 2012 et leur cohorte de 13 \u00e0 14 morts en proclamant sur un air guerrier que cela ne se reproduira pas. Il n\u2019avait pas dit comment. Les images puissantes de villes insurg\u00e9es pendant plusieurs jours pour d\u00e9fendre [&hellip;]<\/p>\n","protected":false},"author":11,"featured_media":6676,"comment_status":"open","ping_status":"open","sticky":false,"template":"","format":"standard","meta":{"_et_pb_use_builder":"","_et_pb_old_content":""},"categories":[23,34934],"tags":[],"yoast_head":"<!-- This site is optimized with the Yoast SEO Premium plugin v17.8 (Yoast SEO v17.8) - https:\/\/yoast.com\/wordpress\/plugins\/seo\/ -->\n<title>PAR MOMAR DIENG - Pour Macky Sall, l&#039;heure de la vengeance a sonn\u00e9 | Nettali.com<\/title>\n<meta name=\"robots\" content=\"index, follow, max-snippet:-1, max-image-preview:large, max-video-preview:-1\" \/>\n<link rel=\"canonical\" href=\"https:\/\/www.nettali.com\/2021\/06\/28\/par-momar-dieng-pour-macky-sall-lheure-de-la-vengeance-a-sonne\/\" \/>\n<meta property=\"og:locale\" content=\"fr_FR\" \/>\n<meta property=\"og:type\" content=\"article\" \/>\n<meta property=\"og:title\" content=\"PAR MOMAR DIENG - Pour Macky Sall, l&#039;heure de la vengeance a sonn\u00e9\" \/>\n<meta property=\"og:description\" content=\"CONTRIBUTION - Le pr\u00e9sident de la r\u00e9publique avait promis de tirer les le\u00e7ons des \u00e9v\u00e9nements meurtriers de mars 2012 et leur cohorte de 13 \u00e0 14 morts en proclamant sur un air guerrier que cela ne se reproduira pas. Il n\u2019avait pas dit comment. Les images puissantes de villes insurg\u00e9es pendant plusieurs jours pour d\u00e9fendre [&hellip;]\" \/>\n<meta property=\"og:url\" content=\"https:\/\/www.nettali.com\/2021\/06\/28\/par-momar-dieng-pour-macky-sall-lheure-de-la-vengeance-a-sonne\/\" \/>\n<meta property=\"og:site_name\" content=\"Nettali.com\" \/>\n<meta property=\"article:publisher\" content=\"https:\/\/www.facebook.com\/nettalicom\" \/>\n<meta property=\"article:published_time\" content=\"2021-06-28T16:50:28+00:00\" \/>\n<meta property=\"og:image\" content=\"https:\/\/www.nettali.com\/wp-content\/uploads\/2019\/04\/Macky-Sall.jpg\" \/>\n\t<meta property=\"og:image:width\" content=\"926\" \/>\n\t<meta property=\"og:image:height\" content=\"599\" \/>\n<meta name=\"twitter:card\" content=\"summary_large_image\" \/>\n<meta name=\"twitter:label1\" content=\"\u00c9crit par\" \/>\n\t<meta name=\"twitter:data1\" content=\"Thierno Diop\" \/>\n\t<meta name=\"twitter:label2\" content=\"Dur\u00e9e de lecture estim\u00e9e\" \/>\n\t<meta name=\"twitter:data2\" content=\"3 minutes\" \/>\n<script type=\"application\/ld+json\" class=\"yoast-schema-graph\">{\"@context\":\"https:\/\/schema.org\",\"@graph\":[{\"@type\":\"WebSite\",\"@id\":\"https:\/\/www.nettali.com\/#website\",\"url\":\"https:\/\/www.nettali.com\/\",\"name\":\"Nettali.com\",\"description\":\"Le rendez-vous critique du Net\",\"potentialAction\":[{\"@type\":\"SearchAction\",\"target\":{\"@type\":\"EntryPoint\",\"urlTemplate\":\"https:\/\/www.nettali.com\/?s={search_term_string}\"},\"query-input\":\"required name=search_term_string\"}],\"inLanguage\":\"fr-FR\"},{\"@type\":\"ImageObject\",\"@id\":\"https:\/\/www.nettali.com\/2021\/06\/28\/par-momar-dieng-pour-macky-sall-lheure-de-la-vengeance-a-sonne\/#primaryimage\",\"inLanguage\":\"fr-FR\",\"url\":\"https:\/\/www.nettali.com\/wp-content\/uploads\/2019\/04\/Macky-Sall.jpg\",\"contentUrl\":\"https:\/\/www.nettali.com\/wp-content\/uploads\/2019\/04\/Macky-Sall.jpg\",\"width\":926,\"height\":599},{\"@type\":\"WebPage\",\"@id\":\"https:\/\/www.nettali.com\/2021\/06\/28\/par-momar-dieng-pour-macky-sall-lheure-de-la-vengeance-a-sonne\/#webpage\",\"url\":\"https:\/\/www.nettali.com\/2021\/06\/28\/par-momar-dieng-pour-macky-sall-lheure-de-la-vengeance-a-sonne\/\",\"name\":\"PAR MOMAR DIENG - Pour Macky Sall, l'heure de la vengeance a sonn\\u00e9 | Nettali.com\",\"isPartOf\":{\"@id\":\"https:\/\/www.nettali.com\/#website\"},\"primaryImageOfPage\":{\"@id\":\"https:\/\/www.nettali.com\/2021\/06\/28\/par-momar-dieng-pour-macky-sall-lheure-de-la-vengeance-a-sonne\/#primaryimage\"},\"datePublished\":\"2021-06-28T16:50:28+00:00\",\"dateModified\":\"2021-06-28T16:50:28+00:00\",\"author\":{\"@id\":\"https:\/\/www.nettali.com\/#\/schema\/person\/8a06c6bd7b19304cf4bf985862900b5b\"},\"breadcrumb\":{\"@id\":\"https:\/\/www.nettali.com\/2021\/06\/28\/par-momar-dieng-pour-macky-sall-lheure-de-la-vengeance-a-sonne\/#breadcrumb\"},\"inLanguage\":\"fr-FR\",\"potentialAction\":[{\"@type\":\"ReadAction\",\"target\":[\"https:\/\/www.nettali.com\/2021\/06\/28\/par-momar-dieng-pour-macky-sall-lheure-de-la-vengeance-a-sonne\/\"]}]},{\"@type\":\"BreadcrumbList\",\"@id\":\"https:\/\/www.nettali.com\/2021\/06\/28\/par-momar-dieng-pour-macky-sall-lheure-de-la-vengeance-a-sonne\/#breadcrumb\",\"itemListElement\":[{\"@type\":\"ListItem\",\"position\":1,\"name\":\"Accueil\",\"item\":\"https:\/\/www.nettali.com\/\"},{\"@type\":\"ListItem\",\"position\":2,\"name\":\"PAR MOMAR DIENG &#8211; Pour Macky Sall, l&rsquo;heure de la vengeance a sonn\\u00e9\"}]},{\"@type\":\"Person\",\"@id\":\"https:\/\/www.nettali.com\/#\/schema\/person\/8a06c6bd7b19304cf4bf985862900b5b\",\"name\":\"Thierno Diop\",\"image\":{\"@type\":\"ImageObject\",\"@id\":\"https:\/\/www.nettali.com\/#personlogo\",\"inLanguage\":\"fr-FR\",\"url\":\"https:\/\/secure.gravatar.com\/avatar\/c8ca58550c94fd2ac856d27391a6c866?s=96&d=mm&r=g\",\"contentUrl\":\"https:\/\/secure.gravatar.com\/avatar\/c8ca58550c94fd2ac856d27391a6c866?s=96&d=mm&r=g\",\"caption\":\"Thierno Diop\"},\"sameAs\":[\"https:\/\/nettali.com\"]}]}<\/script>\n<!-- \/ Yoast SEO Premium plugin. -->","yoast_head_json":{"title":"PAR MOMAR DIENG - Pour Macky Sall, l'heure de la vengeance a sonn\u00e9 | Nettali.com","robots":{"index":"index","follow":"follow","max-snippet":"max-snippet:-1","max-image-preview":"max-image-preview:large","max-video-preview":"max-video-preview:-1"},"canonical":"https:\/\/www.nettali.com\/2021\/06\/28\/par-momar-dieng-pour-macky-sall-lheure-de-la-vengeance-a-sonne\/","og_locale":"fr_FR","og_type":"article","og_title":"PAR MOMAR DIENG - Pour Macky Sall, l'heure de la vengeance a sonn\u00e9","og_description":"CONTRIBUTION - Le pr\u00e9sident de la r\u00e9publique avait promis de tirer les le\u00e7ons des \u00e9v\u00e9nements meurtriers de mars 2012 et leur cohorte de 13 \u00e0 14 morts en proclamant sur un air guerrier que cela ne se reproduira pas. Il n\u2019avait pas dit comment. Les images puissantes de villes insurg\u00e9es pendant plusieurs jours pour d\u00e9fendre [&hellip;]","og_url":"https:\/\/www.nettali.com\/2021\/06\/28\/par-momar-dieng-pour-macky-sall-lheure-de-la-vengeance-a-sonne\/","og_site_name":"Nettali.com","article_publisher":"https:\/\/www.facebook.com\/nettalicom","article_published_time":"2021-06-28T16:50:28+00:00","og_image":[{"width":926,"height":599,"url":"https:\/\/www.nettali.com\/wp-content\/uploads\/2019\/04\/Macky-Sall.jpg","type":"image\/jpeg"}],"twitter_card":"summary_large_image","twitter_misc":{"\u00c9crit par":"Thierno Diop","Dur\u00e9e de lecture estim\u00e9e":"3 minutes"},"schema":{"@context":"https:\/\/schema.org","@graph":[{"@type":"WebSite","@id":"https:\/\/www.nettali.com\/#website","url":"https:\/\/www.nettali.com\/","name":"Nettali.com","description":"Le rendez-vous critique du Net","potentialAction":[{"@type":"SearchAction","target":{"@type":"EntryPoint","urlTemplate":"https:\/\/www.nettali.com\/?s={search_term_string}"},"query-input":"required name=search_term_string"}],"inLanguage":"fr-FR"},{"@type":"ImageObject","@id":"https:\/\/www.nettali.com\/2021\/06\/28\/par-momar-dieng-pour-macky-sall-lheure-de-la-vengeance-a-sonne\/#primaryimage","inLanguage":"fr-FR","url":"https:\/\/www.nettali.com\/wp-content\/uploads\/2019\/04\/Macky-Sall.jpg","contentUrl":"https:\/\/www.nettali.com\/wp-content\/uploads\/2019\/04\/Macky-Sall.jpg","width":926,"height":599},{"@type":"WebPage","@id":"https:\/\/www.nettali.com\/2021\/06\/28\/par-momar-dieng-pour-macky-sall-lheure-de-la-vengeance-a-sonne\/#webpage","url":"https:\/\/www.nettali.com\/2021\/06\/28\/par-momar-dieng-pour-macky-sall-lheure-de-la-vengeance-a-sonne\/","name":"PAR MOMAR DIENG - Pour Macky Sall, l'heure de la vengeance a sonn\u00e9 | Nettali.com","isPartOf":{"@id":"https:\/\/www.nettali.com\/#website"},"primaryImageOfPage":{"@id":"https:\/\/www.nettali.com\/2021\/06\/28\/par-momar-dieng-pour-macky-sall-lheure-de-la-vengeance-a-sonne\/#primaryimage"},"datePublished":"2021-06-28T16:50:28+00:00","dateModified":"2021-06-28T16:50:28+00:00","author":{"@id":"https:\/\/www.nettali.com\/#\/schema\/person\/8a06c6bd7b19304cf4bf985862900b5b"},"breadcrumb":{"@id":"https:\/\/www.nettali.com\/2021\/06\/28\/par-momar-dieng-pour-macky-sall-lheure-de-la-vengeance-a-sonne\/#breadcrumb"},"inLanguage":"fr-FR","potentialAction":[{"@type":"ReadAction","target":["https:\/\/www.nettali.com\/2021\/06\/28\/par-momar-dieng-pour-macky-sall-lheure-de-la-vengeance-a-sonne\/"]}]},{"@type":"BreadcrumbList","@id":"https:\/\/www.nettali.com\/2021\/06\/28\/par-momar-dieng-pour-macky-sall-lheure-de-la-vengeance-a-sonne\/#breadcrumb","itemListElement":[{"@type":"ListItem","position":1,"name":"Accueil","item":"https:\/\/www.nettali.com\/"},{"@type":"ListItem","position":2,"name":"PAR MOMAR DIENG &#8211; Pour Macky Sall, l&rsquo;heure de la vengeance a sonn\u00e9"}]},{"@type":"Person","@id":"https:\/\/www.nettali.com\/#\/schema\/person\/8a06c6bd7b19304cf4bf985862900b5b","name":"Thierno Diop","image":{"@type":"ImageObject","@id":"https:\/\/www.nettali.com\/#personlogo","inLanguage":"fr-FR","url":"https:\/\/secure.gravatar.com\/avatar\/c8ca58550c94fd2ac856d27391a6c866?s=96&d=mm&r=g","contentUrl":"https:\/\/secure.gravatar.com\/avatar\/c8ca58550c94fd2ac856d27391a6c866?s=96&d=mm&r=g","caption":"Thierno Diop"},"sameAs":["https:\/\/nettali.com"]}]}},"_links":{"self":[{"href":"https:\/\/www.nettali.com\/rest\/wp\/v2\/posts\/66883"}],"collection":[{"href":"https:\/\/www.nettali.com\/rest\/wp\/v2\/posts"}],"about":[{"href":"https:\/\/www.nettali.com\/rest\/wp\/v2\/types\/post"}],"author":[{"embeddable":true,"href":"https:\/\/www.nettali.com\/rest\/wp\/v2\/users\/11"}],"replies":[{"embeddable":true,"href":"https:\/\/www.nettali.com\/rest\/wp\/v2\/comments?post=66883"}],"version-history":[{"count":1,"href":"https:\/\/www.nettali.com\/rest\/wp\/v2\/posts\/66883\/revisions"}],"predecessor-version":[{"id":66884,"href":"https:\/\/www.nettali.com\/rest\/wp\/v2\/posts\/66883\/revisions\/66884"}],"wp:featuredmedia":[{"embeddable":true,"href":"https:\/\/www.nettali.com\/rest\/wp\/v2\/media\/6676"}],"wp:attachment":[{"href":"https:\/\/www.nettali.com\/rest\/wp\/v2\/media?parent=66883"}],"wp:term":[{"taxonomy":"category","embeddable":true,"href":"https:\/\/www.nettali.com\/rest\/wp\/v2\/categories?post=66883"},{"taxonomy":"post_tag","embeddable":true,"href":"https:\/\/www.nettali.com\/rest\/wp\/v2\/tags?post=66883"}],"curies":[{"name":"wp","href":"https:\/\/api.w.org\/{rel}","templated":true}]}}