{"id":66864,"date":"2021-06-28T10:56:11","date_gmt":"2021-06-28T10:56:11","guid":{"rendered":"https:\/\/www.nettali.com\/?p=66864"},"modified":"2021-06-28T10:56:11","modified_gmt":"2021-06-28T10:56:11","slug":"tamba-la-base-arezki-attaquee","status":"publish","type":"post","link":"https:\/\/www.nettali.com\/2021\/06\/28\/tamba-la-base-arezki-attaquee\/","title":{"rendered":"TAMBA - La base Arezki attaqu\u00e9e"},"content":{"rendered":"<p>NETTALI.COM - La base Arezki de Kothiari, l\u2019entreprise qui est charg\u00e9e de r\u00e9habiliter la route nationale Tamba-Kidira-Bakel, a \u00e9t\u00e9 attaqu\u00e9e, dans la nuit du samedi \u00e0 dimanche.<\/p>\n<p>A en croire notre source, la RFM en des propos repris par le site Igfm, des assaillants ont attaqu\u00e9 le logement du responsable r\u00e9gional d\u2019Arezki. Ils ont emport\u00e9 800 000 francs Cfa, des cartes Gap et autres.<\/p>\n<p>La m\u00eame source d\u2019informer qu\u2019une enqu\u00eate a \u00e9t\u00e9 ouverte par la gendarmerie pour retrouver ceux qui ont perp\u00e9tr\u00e9 le coup.<\/p>\n<p>&nbsp;<\/p>\n<div class='share-to-whatsapp-wrapper'><div class='share-on-whsp'>PARTAGER SUR : <\/div><a data-text='TAMBA - La base Arezki attaqu\u00e9e' data-link='https:\/\/www.nettali.com\/2021\/06\/28\/tamba-la-base-arezki-attaquee\/' class='whatsapp-button whatsapp-share'>WhatsApp<\/a><div class='clear '><\/div><\/div>","protected":false},"excerpt":{"rendered":"<p>NETTALI.COM - La base Arezki de Kothiari, l\u2019entreprise qui est charg\u00e9e de r\u00e9habiliter la route nationale Tamba-Kidira-Bakel, a \u00e9t\u00e9 attaqu\u00e9e, dans la nuit du samedi \u00e0 dimanche. A en croire notre source, la RFM en des propos repris par le site Igfm, des assaillants ont attaqu\u00e9 le logement du responsable r\u00e9gional d\u2019Arezki. Ils ont emport\u00e9 [&hellip;]<\/p>\n","protected":false},"author":11,"featured_media":11607,"comment_status":"open","ping_status":"open","sticky":false,"template":"","format":"standard","meta":{"_et_pb_use_builder":"","_et_pb_old_content":""},"categories":[3],"tags":[],"yoast_head":"<!-- This site is optimized with the Yoast SEO Premium plugin v17.8 (Yoast SEO v17.8) - https:\/\/yoast.com\/wordpress\/plugins\/seo\/ -->\n<title>TAMBA - La base Arezki attaqu\u00e9e | Nettali.com<\/title>\n<meta name=\"robots\" content=\"index, follow, max-snippet:-1, max-image-preview:large, max-video-preview:-1\" \/>\n<link rel=\"canonical\" href=\"https:\/\/www.nettali.com\/2021\/06\/28\/tamba-la-base-arezki-attaquee\/\" \/>\n<meta property=\"og:locale\" content=\"fr_FR\" \/>\n<meta property=\"og:type\" content=\"article\" \/>\n<meta property=\"og:title\" content=\"TAMBA - La base Arezki attaqu\u00e9e\" \/>\n<meta property=\"og:description\" content=\"NETTALI.COM - La base Arezki de Kothiari, l\u2019entreprise qui est charg\u00e9e de r\u00e9habiliter la route nationale Tamba-Kidira-Bakel, a \u00e9t\u00e9 attaqu\u00e9e, dans la nuit du samedi \u00e0 dimanche. A en croire notre source, la RFM en des propos repris par le site Igfm, des assaillants ont attaqu\u00e9 le logement du responsable r\u00e9gional d\u2019Arezki. Ils ont emport\u00e9 [&hellip;]\" \/>\n<meta property=\"og:url\" content=\"https:\/\/www.nettali.com\/2021\/06\/28\/tamba-la-base-arezki-attaquee\/\" \/>\n<meta property=\"og:site_name\" content=\"Nettali.com\" \/>\n<meta property=\"article:publisher\" content=\"https:\/\/www.facebook.com\/nettalicom\" \/>\n<meta property=\"article:published_time\" content=\"2021-06-28T10:56:11+00:00\" \/>\n<meta property=\"og:image\" content=\"https:\/\/www.nettali.com\/wp-content\/uploads\/2019\/06\/attaque_a_tamba.jpg\" \/>\n\t<meta property=\"og:image:width\" content=\"600\" \/>\n\t<meta property=\"og:image:height\" content=\"314\" \/>\n<meta name=\"twitter:card\" content=\"summary_large_image\" \/>\n<meta name=\"twitter:label1\" content=\"\u00c9crit par\" \/>\n\t<meta name=\"twitter:data1\" content=\"Thierno Diop\" \/>\n\t<meta name=\"twitter:label2\" content=\"Dur\u00e9e de lecture estim\u00e9e\" \/>\n\t<meta name=\"twitter:data2\" content=\"1 minute\" \/>\n<script type=\"application\/ld+json\" class=\"yoast-schema-graph\">{\"@context\":\"https:\/\/schema.org\",\"@graph\":[{\"@type\":\"WebSite\",\"@id\":\"https:\/\/www.nettali.com\/#website\",\"url\":\"https:\/\/www.nettali.com\/\",\"name\":\"Nettali.com\",\"description\":\"Le rendez-vous critique du Net\",\"potentialAction\":[{\"@type\":\"SearchAction\",\"target\":{\"@type\":\"EntryPoint\",\"urlTemplate\":\"https:\/\/www.nettali.com\/?s={search_term_string}\"},\"query-input\":\"required name=search_term_string\"}],\"inLanguage\":\"fr-FR\"},{\"@type\":\"ImageObject\",\"@id\":\"https:\/\/www.nettali.com\/2021\/06\/28\/tamba-la-base-arezki-attaquee\/#primaryimage\",\"inLanguage\":\"fr-FR\",\"url\":\"https:\/\/www.nettali.com\/wp-content\/uploads\/2019\/06\/attaque_a_tamba.jpg\",\"contentUrl\":\"https:\/\/www.nettali.com\/wp-content\/uploads\/2019\/06\/attaque_a_tamba.jpg\",\"width\":600,\"height\":314},{\"@type\":\"WebPage\",\"@id\":\"https:\/\/www.nettali.com\/2021\/06\/28\/tamba-la-base-arezki-attaquee\/#webpage\",\"url\":\"https:\/\/www.nettali.com\/2021\/06\/28\/tamba-la-base-arezki-attaquee\/\",\"name\":\"TAMBA - La base Arezki attaqu\\u00e9e | Nettali.com\",\"isPartOf\":{\"@id\":\"https:\/\/www.nettali.com\/#website\"},\"primaryImageOfPage\":{\"@id\":\"https:\/\/www.nettali.com\/2021\/06\/28\/tamba-la-base-arezki-attaquee\/#primaryimage\"},\"datePublished\":\"2021-06-28T10:56:11+00:00\",\"dateModified\":\"2021-06-28T10:56:11+00:00\",\"author\":{\"@id\":\"https:\/\/www.nettali.com\/#\/schema\/person\/8a06c6bd7b19304cf4bf985862900b5b\"},\"breadcrumb\":{\"@id\":\"https:\/\/www.nettali.com\/2021\/06\/28\/tamba-la-base-arezki-attaquee\/#breadcrumb\"},\"inLanguage\":\"fr-FR\",\"potentialAction\":[{\"@type\":\"ReadAction\",\"target\":[\"https:\/\/www.nettali.com\/2021\/06\/28\/tamba-la-base-arezki-attaquee\/\"]}]},{\"@type\":\"BreadcrumbList\",\"@id\":\"https:\/\/www.nettali.com\/2021\/06\/28\/tamba-la-base-arezki-attaquee\/#breadcrumb\",\"itemListElement\":[{\"@type\":\"ListItem\",\"position\":1,\"name\":\"Accueil\",\"item\":\"https:\/\/www.nettali.com\/\"},{\"@type\":\"ListItem\",\"position\":2,\"name\":\"TAMBA &#8211; La base Arezki attaqu\\u00e9e\"}]},{\"@type\":\"Person\",\"@id\":\"https:\/\/www.nettali.com\/#\/schema\/person\/8a06c6bd7b19304cf4bf985862900b5b\",\"name\":\"Thierno Diop\",\"image\":{\"@type\":\"ImageObject\",\"@id\":\"https:\/\/www.nettali.com\/#personlogo\",\"inLanguage\":\"fr-FR\",\"url\":\"https:\/\/secure.gravatar.com\/avatar\/c8ca58550c94fd2ac856d27391a6c866?s=96&d=mm&r=g\",\"contentUrl\":\"https:\/\/secure.gravatar.com\/avatar\/c8ca58550c94fd2ac856d27391a6c866?s=96&d=mm&r=g\",\"caption\":\"Thierno Diop\"},\"sameAs\":[\"https:\/\/nettali.com\"]}]}<\/script>\n<!-- \/ Yoast SEO Premium plugin. -->","yoast_head_json":{"title":"TAMBA - La base Arezki attaqu\u00e9e | Nettali.com","robots":{"index":"index","follow":"follow","max-snippet":"max-snippet:-1","max-image-preview":"max-image-preview:large","max-video-preview":"max-video-preview:-1"},"canonical":"https:\/\/www.nettali.com\/2021\/06\/28\/tamba-la-base-arezki-attaquee\/","og_locale":"fr_FR","og_type":"article","og_title":"TAMBA - La base Arezki attaqu\u00e9e","og_description":"NETTALI.COM - La base Arezki de Kothiari, l\u2019entreprise qui est charg\u00e9e de r\u00e9habiliter la route nationale Tamba-Kidira-Bakel, a \u00e9t\u00e9 attaqu\u00e9e, dans la nuit du samedi \u00e0 dimanche. A en croire notre source, la RFM en des propos repris par le site Igfm, des assaillants ont attaqu\u00e9 le logement du responsable r\u00e9gional d\u2019Arezki. Ils ont emport\u00e9 [&hellip;]","og_url":"https:\/\/www.nettali.com\/2021\/06\/28\/tamba-la-base-arezki-attaquee\/","og_site_name":"Nettali.com","article_publisher":"https:\/\/www.facebook.com\/nettalicom","article_published_time":"2021-06-28T10:56:11+00:00","og_image":[{"width":600,"height":314,"url":"https:\/\/www.nettali.com\/wp-content\/uploads\/2019\/06\/attaque_a_tamba.jpg","type":"image\/jpeg"}],"twitter_card":"summary_large_image","twitter_misc":{"\u00c9crit par":"Thierno Diop","Dur\u00e9e de lecture estim\u00e9e":"1 minute"},"schema":{"@context":"https:\/\/schema.org","@graph":[{"@type":"WebSite","@id":"https:\/\/www.nettali.com\/#website","url":"https:\/\/www.nettali.com\/","name":"Nettali.com","description":"Le rendez-vous critique du Net","potentialAction":[{"@type":"SearchAction","target":{"@type":"EntryPoint","urlTemplate":"https:\/\/www.nettali.com\/?s={search_term_string}"},"query-input":"required name=search_term_string"}],"inLanguage":"fr-FR"},{"@type":"ImageObject","@id":"https:\/\/www.nettali.com\/2021\/06\/28\/tamba-la-base-arezki-attaquee\/#primaryimage","inLanguage":"fr-FR","url":"https:\/\/www.nettali.com\/wp-content\/uploads\/2019\/06\/attaque_a_tamba.jpg","contentUrl":"https:\/\/www.nettali.com\/wp-content\/uploads\/2019\/06\/attaque_a_tamba.jpg","width":600,"height":314},{"@type":"WebPage","@id":"https:\/\/www.nettali.com\/2021\/06\/28\/tamba-la-base-arezki-attaquee\/#webpage","url":"https:\/\/www.nettali.com\/2021\/06\/28\/tamba-la-base-arezki-attaquee\/","name":"TAMBA - La base Arezki attaqu\u00e9e | Nettali.com","isPartOf":{"@id":"https:\/\/www.nettali.com\/#website"},"primaryImageOfPage":{"@id":"https:\/\/www.nettali.com\/2021\/06\/28\/tamba-la-base-arezki-attaquee\/#primaryimage"},"datePublished":"2021-06-28T10:56:11+00:00","dateModified":"2021-06-28T10:56:11+00:00","author":{"@id":"https:\/\/www.nettali.com\/#\/schema\/person\/8a06c6bd7b19304cf4bf985862900b5b"},"breadcrumb":{"@id":"https:\/\/www.nettali.com\/2021\/06\/28\/tamba-la-base-arezki-attaquee\/#breadcrumb"},"inLanguage":"fr-FR","potentialAction":[{"@type":"ReadAction","target":["https:\/\/www.nettali.com\/2021\/06\/28\/tamba-la-base-arezki-attaquee\/"]}]},{"@type":"BreadcrumbList","@id":"https:\/\/www.nettali.com\/2021\/06\/28\/tamba-la-base-arezki-attaquee\/#breadcrumb","itemListElement":[{"@type":"ListItem","position":1,"name":"Accueil","item":"https:\/\/www.nettali.com\/"},{"@type":"ListItem","position":2,"name":"TAMBA &#8211; La base Arezki attaqu\u00e9e"}]},{"@type":"Person","@id":"https:\/\/www.nettali.com\/#\/schema\/person\/8a06c6bd7b19304cf4bf985862900b5b","name":"Thierno Diop","image":{"@type":"ImageObject","@id":"https:\/\/www.nettali.com\/#personlogo","inLanguage":"fr-FR","url":"https:\/\/secure.gravatar.com\/avatar\/c8ca58550c94fd2ac856d27391a6c866?s=96&d=mm&r=g","contentUrl":"https:\/\/secure.gravatar.com\/avatar\/c8ca58550c94fd2ac856d27391a6c866?s=96&d=mm&r=g","caption":"Thierno Diop"},"sameAs":["https:\/\/nettali.com"]}]}},"_links":{"self":[{"href":"https:\/\/www.nettali.com\/rest\/wp\/v2\/posts\/66864"}],"collection":[{"href":"https:\/\/www.nettali.com\/rest\/wp\/v2\/posts"}],"about":[{"href":"https:\/\/www.nettali.com\/rest\/wp\/v2\/types\/post"}],"author":[{"embeddable":true,"href":"https:\/\/www.nettali.com\/rest\/wp\/v2\/users\/11"}],"replies":[{"embeddable":true,"href":"https:\/\/www.nettali.com\/rest\/wp\/v2\/comments?post=66864"}],"version-history":[{"count":1,"href":"https:\/\/www.nettali.com\/rest\/wp\/v2\/posts\/66864\/revisions"}],"predecessor-version":[{"id":66865,"href":"https:\/\/www.nettali.com\/rest\/wp\/v2\/posts\/66864\/revisions\/66865"}],"wp:featuredmedia":[{"embeddable":true,"href":"https:\/\/www.nettali.com\/rest\/wp\/v2\/media\/11607"}],"wp:attachment":[{"href":"https:\/\/www.nettali.com\/rest\/wp\/v2\/media?parent=66864"}],"wp:term":[{"taxonomy":"category","embeddable":true,"href":"https:\/\/www.nettali.com\/rest\/wp\/v2\/categories?post=66864"},{"taxonomy":"post_tag","embeddable":true,"href":"https:\/\/www.nettali.com\/rest\/wp\/v2\/tags?post=66864"}],"curies":[{"name":"wp","href":"https:\/\/api.w.org\/{rel}","templated":true}]}}