{"id":66838,"date":"2021-06-27T21:28:51","date_gmt":"2021-06-27T21:28:51","guid":{"rendered":"https:\/\/www.nettali.com\/?p=66838"},"modified":"2021-06-28T16:55:31","modified_gmt":"2021-06-28T16:55:31","slug":"condoleances-macky-sall-chez-khalifa-sall","status":"publish","type":"post","link":"https:\/\/www.nettali.com\/2021\/06\/27\/condoleances-macky-sall-chez-khalifa-sall\/","title":{"rendered":"CONDOLEANCES - Macky Sall chez Khalifa Sall"},"content":{"rendered":"<p><strong>NETTALI.COM\u00a0 - L'ancien maire de Dakar a re\u00e7u une visite de marque ce dimanche. Le chef de l\u2019Etat s'est d\u00e9plac\u00e9 jusque chez Khalifa Ababacar Sall pour lui pr\u00e9senter ses condol\u00e9ances suite au d\u00e9c\u00e8s de sa m\u00e8re.<\/strong><\/p>\n<p>En d'autres circonstances, cela n'aurait surpris personne. Mais avec le pass\u00e9 r\u00e9cent entre les deux hommes, un d\u00e9placement de Macky Sall chez Khalifa Ababacar Sall suscite forc\u00e9ment de nombreux commentaires. Pourtant, c'est bien ce qui s'est pass\u00e9 ce dimanche. Le chef de l\u2019Etat s'est d\u00e9plac\u00e9 jusque chez l'ancien maire de Dakar. Accompagn\u00e9 d'une d\u00e9l\u00e9gation restreinte, Macky Sall est all\u00e9 pr\u00e9senter ses condol\u00e9ances au leader de \"Taxawu Senegaal\" suite au d\u00e9c\u00e8s de la m\u00e8re de ce dernier.<\/p>\n<p>Avant le Pr\u00e9sident Macky Sall, de nombreuses autres personnalit\u00e9s ont fait le d\u00e9placement. Parmi elles, la premi\u00e8re dame Mari\u00e8me Faye Sall.<\/p>\n<p>Entre Macky Sall et Khalifa Sall, c'est la deuxi\u00e8me rencontre depuis la sortie de prison de l'ancien maire de Dakar, le 29 septembre 2019. Sortie obtenue suite \u00e0 une gr\u00e2ce accord\u00e9e par le chef de l\u2019Etat. Mais Khalifa Ababacar Sall condamn\u00e9 dans le cadre de l'affaire dite de la caisse d'avance de la mairie de Dakar a purg\u00e9 la moiti\u00e9 de sa peine de 5 ans de prison ferme. Les deux hommes s\u2019\u00e9taient rencontr\u00e9s en mars 2020 dans le cadre des concertations initi\u00e9es par le chef de l\u2019Etat apr\u00e8s l'apparition au S\u00e9n\u00e9gal des premiers cas de Covid-19.<\/p>\n<div class='share-to-whatsapp-wrapper'><div class='share-on-whsp'>PARTAGER SUR : <\/div><a data-text='CONDOLEANCES - Macky Sall chez Khalifa Sall' data-link='https:\/\/www.nettali.com\/2021\/06\/27\/condoleances-macky-sall-chez-khalifa-sall\/' class='whatsapp-button whatsapp-share'>WhatsApp<\/a><div class='clear '><\/div><\/div>","protected":false},"excerpt":{"rendered":"<p>NETTALI.COM\u00a0 - L'ancien maire de Dakar a re\u00e7u une visite de marque ce dimanche. Le chef de l\u2019Etat s'est d\u00e9plac\u00e9 jusque chez Khalifa Ababacar Sall pour lui pr\u00e9senter ses condol\u00e9ances suite au d\u00e9c\u00e8s de sa m\u00e8re. En d'autres circonstances, cela n'aurait surpris personne. Mais avec le pass\u00e9 r\u00e9cent entre les deux hommes, un d\u00e9placement de [&hellip;]<\/p>\n","protected":false},"author":3,"featured_media":66839,"comment_status":"open","ping_status":"open","sticky":false,"template":"","format":"standard","meta":{"_et_pb_use_builder":"","_et_pb_old_content":""},"categories":[3878,2],"tags":[],"yoast_head":"<!-- This site is optimized with the Yoast SEO Premium plugin v17.8 (Yoast SEO v17.8) - https:\/\/yoast.com\/wordpress\/plugins\/seo\/ -->\n<title>CONDOLEANCES - Macky Sall chez Khalifa Sall | Nettali.com<\/title>\n<meta name=\"robots\" content=\"index, follow, max-snippet:-1, max-image-preview:large, max-video-preview:-1\" \/>\n<link rel=\"canonical\" href=\"https:\/\/www.nettali.com\/2021\/06\/27\/condoleances-macky-sall-chez-khalifa-sall\/\" \/>\n<meta property=\"og:locale\" content=\"fr_FR\" \/>\n<meta property=\"og:type\" content=\"article\" \/>\n<meta property=\"og:title\" content=\"CONDOLEANCES - Macky Sall chez Khalifa Sall\" \/>\n<meta property=\"og:description\" content=\"NETTALI.COM\u00a0 - L&#039;ancien maire de Dakar a re\u00e7u une visite de marque ce dimanche. Le chef de l\u2019Etat s&#039;est d\u00e9plac\u00e9 jusque chez Khalifa Ababacar Sall pour lui pr\u00e9senter ses condol\u00e9ances suite au d\u00e9c\u00e8s de sa m\u00e8re. En d&#039;autres circonstances, cela n&#039;aurait surpris personne. Mais avec le pass\u00e9 r\u00e9cent entre les deux hommes, un d\u00e9placement de [&hellip;]\" \/>\n<meta property=\"og:url\" content=\"https:\/\/www.nettali.com\/2021\/06\/27\/condoleances-macky-sall-chez-khalifa-sall\/\" \/>\n<meta property=\"og:site_name\" content=\"Nettali.com\" \/>\n<meta property=\"article:publisher\" content=\"https:\/\/www.facebook.com\/nettalicom\" \/>\n<meta property=\"article:published_time\" content=\"2021-06-27T21:28:51+00:00\" \/>\n<meta property=\"article:modified_time\" content=\"2021-06-28T16:55:31+00:00\" \/>\n<meta property=\"og:image\" content=\"https:\/\/www.nettali.com\/wp-content\/uploads\/2021\/06\/deum.jpg\" \/>\n\t<meta property=\"og:image:width\" content=\"670\" \/>\n\t<meta property=\"og:image:height\" content=\"373\" \/>\n<meta name=\"twitter:card\" content=\"summary_large_image\" \/>\n<meta name=\"twitter:label1\" content=\"\u00c9crit par\" \/>\n\t<meta name=\"twitter:data1\" content=\"Moustapha\" \/>\n\t<meta name=\"twitter:label2\" content=\"Dur\u00e9e de lecture estim\u00e9e\" \/>\n\t<meta name=\"twitter:data2\" content=\"2 minutes\" \/>\n<script type=\"application\/ld+json\" class=\"yoast-schema-graph\">{\"@context\":\"https:\/\/schema.org\",\"@graph\":[{\"@type\":\"WebSite\",\"@id\":\"https:\/\/www.nettali.com\/#website\",\"url\":\"https:\/\/www.nettali.com\/\",\"name\":\"Nettali.com\",\"description\":\"Le rendez-vous critique du Net\",\"potentialAction\":[{\"@type\":\"SearchAction\",\"target\":{\"@type\":\"EntryPoint\",\"urlTemplate\":\"https:\/\/www.nettali.com\/?s={search_term_string}\"},\"query-input\":\"required name=search_term_string\"}],\"inLanguage\":\"fr-FR\"},{\"@type\":\"ImageObject\",\"@id\":\"https:\/\/www.nettali.com\/2021\/06\/27\/condoleances-macky-sall-chez-khalifa-sall\/#primaryimage\",\"inLanguage\":\"fr-FR\",\"url\":\"https:\/\/www.nettali.com\/wp-content\/uploads\/2021\/06\/deum.jpg\",\"contentUrl\":\"https:\/\/www.nettali.com\/wp-content\/uploads\/2021\/06\/deum.jpg\",\"width\":670,\"height\":373},{\"@type\":\"WebPage\",\"@id\":\"https:\/\/www.nettali.com\/2021\/06\/27\/condoleances-macky-sall-chez-khalifa-sall\/#webpage\",\"url\":\"https:\/\/www.nettali.com\/2021\/06\/27\/condoleances-macky-sall-chez-khalifa-sall\/\",\"name\":\"CONDOLEANCES - Macky Sall chez Khalifa Sall | Nettali.com\",\"isPartOf\":{\"@id\":\"https:\/\/www.nettali.com\/#website\"},\"primaryImageOfPage\":{\"@id\":\"https:\/\/www.nettali.com\/2021\/06\/27\/condoleances-macky-sall-chez-khalifa-sall\/#primaryimage\"},\"datePublished\":\"2021-06-27T21:28:51+00:00\",\"dateModified\":\"2021-06-28T16:55:31+00:00\",\"author\":{\"@id\":\"https:\/\/www.nettali.com\/#\/schema\/person\/7962a12a6e0267f88f0ffa544c36469a\"},\"breadcrumb\":{\"@id\":\"https:\/\/www.nettali.com\/2021\/06\/27\/condoleances-macky-sall-chez-khalifa-sall\/#breadcrumb\"},\"inLanguage\":\"fr-FR\",\"potentialAction\":[{\"@type\":\"ReadAction\",\"target\":[\"https:\/\/www.nettali.com\/2021\/06\/27\/condoleances-macky-sall-chez-khalifa-sall\/\"]}]},{\"@type\":\"BreadcrumbList\",\"@id\":\"https:\/\/www.nettali.com\/2021\/06\/27\/condoleances-macky-sall-chez-khalifa-sall\/#breadcrumb\",\"itemListElement\":[{\"@type\":\"ListItem\",\"position\":1,\"name\":\"Accueil\",\"item\":\"https:\/\/www.nettali.com\/\"},{\"@type\":\"ListItem\",\"position\":2,\"name\":\"CONDOLEANCES &#8211; Macky Sall chez Khalifa Sall\"}]},{\"@type\":\"Person\",\"@id\":\"https:\/\/www.nettali.com\/#\/schema\/person\/7962a12a6e0267f88f0ffa544c36469a\",\"name\":\"Moustapha\",\"image\":{\"@type\":\"ImageObject\",\"@id\":\"https:\/\/www.nettali.com\/#personlogo\",\"inLanguage\":\"fr-FR\",\"url\":\"https:\/\/secure.gravatar.com\/avatar\/10fdf6a071cccdcf374e3dbe45159590?s=96&d=mm&r=g\",\"contentUrl\":\"https:\/\/secure.gravatar.com\/avatar\/10fdf6a071cccdcf374e3dbe45159590?s=96&d=mm&r=g\",\"caption\":\"Moustapha\"},\"sameAs\":[\"https:\/\/www.nettali.com\"]}]}<\/script>\n<!-- \/ Yoast SEO Premium plugin. -->","yoast_head_json":{"title":"CONDOLEANCES - Macky Sall chez Khalifa Sall | Nettali.com","robots":{"index":"index","follow":"follow","max-snippet":"max-snippet:-1","max-image-preview":"max-image-preview:large","max-video-preview":"max-video-preview:-1"},"canonical":"https:\/\/www.nettali.com\/2021\/06\/27\/condoleances-macky-sall-chez-khalifa-sall\/","og_locale":"fr_FR","og_type":"article","og_title":"CONDOLEANCES - Macky Sall chez Khalifa Sall","og_description":"NETTALI.COM\u00a0 - L'ancien maire de Dakar a re\u00e7u une visite de marque ce dimanche. Le chef de l\u2019Etat s'est d\u00e9plac\u00e9 jusque chez Khalifa Ababacar Sall pour lui pr\u00e9senter ses condol\u00e9ances suite au d\u00e9c\u00e8s de sa m\u00e8re. En d'autres circonstances, cela n'aurait surpris personne. Mais avec le pass\u00e9 r\u00e9cent entre les deux hommes, un d\u00e9placement de [&hellip;]","og_url":"https:\/\/www.nettali.com\/2021\/06\/27\/condoleances-macky-sall-chez-khalifa-sall\/","og_site_name":"Nettali.com","article_publisher":"https:\/\/www.facebook.com\/nettalicom","article_published_time":"2021-06-27T21:28:51+00:00","article_modified_time":"2021-06-28T16:55:31+00:00","og_image":[{"width":670,"height":373,"url":"https:\/\/www.nettali.com\/wp-content\/uploads\/2021\/06\/deum.jpg","type":"image\/jpeg"}],"twitter_card":"summary_large_image","twitter_misc":{"\u00c9crit par":"Moustapha","Dur\u00e9e de lecture estim\u00e9e":"2 minutes"},"schema":{"@context":"https:\/\/schema.org","@graph":[{"@type":"WebSite","@id":"https:\/\/www.nettali.com\/#website","url":"https:\/\/www.nettali.com\/","name":"Nettali.com","description":"Le rendez-vous critique du Net","potentialAction":[{"@type":"SearchAction","target":{"@type":"EntryPoint","urlTemplate":"https:\/\/www.nettali.com\/?s={search_term_string}"},"query-input":"required name=search_term_string"}],"inLanguage":"fr-FR"},{"@type":"ImageObject","@id":"https:\/\/www.nettali.com\/2021\/06\/27\/condoleances-macky-sall-chez-khalifa-sall\/#primaryimage","inLanguage":"fr-FR","url":"https:\/\/www.nettali.com\/wp-content\/uploads\/2021\/06\/deum.jpg","contentUrl":"https:\/\/www.nettali.com\/wp-content\/uploads\/2021\/06\/deum.jpg","width":670,"height":373},{"@type":"WebPage","@id":"https:\/\/www.nettali.com\/2021\/06\/27\/condoleances-macky-sall-chez-khalifa-sall\/#webpage","url":"https:\/\/www.nettali.com\/2021\/06\/27\/condoleances-macky-sall-chez-khalifa-sall\/","name":"CONDOLEANCES - Macky Sall chez Khalifa Sall | Nettali.com","isPartOf":{"@id":"https:\/\/www.nettali.com\/#website"},"primaryImageOfPage":{"@id":"https:\/\/www.nettali.com\/2021\/06\/27\/condoleances-macky-sall-chez-khalifa-sall\/#primaryimage"},"datePublished":"2021-06-27T21:28:51+00:00","dateModified":"2021-06-28T16:55:31+00:00","author":{"@id":"https:\/\/www.nettali.com\/#\/schema\/person\/7962a12a6e0267f88f0ffa544c36469a"},"breadcrumb":{"@id":"https:\/\/www.nettali.com\/2021\/06\/27\/condoleances-macky-sall-chez-khalifa-sall\/#breadcrumb"},"inLanguage":"fr-FR","potentialAction":[{"@type":"ReadAction","target":["https:\/\/www.nettali.com\/2021\/06\/27\/condoleances-macky-sall-chez-khalifa-sall\/"]}]},{"@type":"BreadcrumbList","@id":"https:\/\/www.nettali.com\/2021\/06\/27\/condoleances-macky-sall-chez-khalifa-sall\/#breadcrumb","itemListElement":[{"@type":"ListItem","position":1,"name":"Accueil","item":"https:\/\/www.nettali.com\/"},{"@type":"ListItem","position":2,"name":"CONDOLEANCES &#8211; Macky Sall chez Khalifa Sall"}]},{"@type":"Person","@id":"https:\/\/www.nettali.com\/#\/schema\/person\/7962a12a6e0267f88f0ffa544c36469a","name":"Moustapha","image":{"@type":"ImageObject","@id":"https:\/\/www.nettali.com\/#personlogo","inLanguage":"fr-FR","url":"https:\/\/secure.gravatar.com\/avatar\/10fdf6a071cccdcf374e3dbe45159590?s=96&d=mm&r=g","contentUrl":"https:\/\/secure.gravatar.com\/avatar\/10fdf6a071cccdcf374e3dbe45159590?s=96&d=mm&r=g","caption":"Moustapha"},"sameAs":["https:\/\/www.nettali.com"]}]}},"_links":{"self":[{"href":"https:\/\/www.nettali.com\/rest\/wp\/v2\/posts\/66838"}],"collection":[{"href":"https:\/\/www.nettali.com\/rest\/wp\/v2\/posts"}],"about":[{"href":"https:\/\/www.nettali.com\/rest\/wp\/v2\/types\/post"}],"author":[{"embeddable":true,"href":"https:\/\/www.nettali.com\/rest\/wp\/v2\/users\/3"}],"replies":[{"embeddable":true,"href":"https:\/\/www.nettali.com\/rest\/wp\/v2\/comments?post=66838"}],"version-history":[{"count":3,"href":"https:\/\/www.nettali.com\/rest\/wp\/v2\/posts\/66838\/revisions"}],"predecessor-version":[{"id":66843,"href":"https:\/\/www.nettali.com\/rest\/wp\/v2\/posts\/66838\/revisions\/66843"}],"wp:featuredmedia":[{"embeddable":true,"href":"https:\/\/www.nettali.com\/rest\/wp\/v2\/media\/66839"}],"wp:attachment":[{"href":"https:\/\/www.nettali.com\/rest\/wp\/v2\/media?parent=66838"}],"wp:term":[{"taxonomy":"category","embeddable":true,"href":"https:\/\/www.nettali.com\/rest\/wp\/v2\/categories?post=66838"},{"taxonomy":"post_tag","embeddable":true,"href":"https:\/\/www.nettali.com\/rest\/wp\/v2\/tags?post=66838"}],"curies":[{"name":"wp","href":"https:\/\/api.w.org\/{rel}","templated":true}]}}