{"id":66800,"date":"2021-06-27T13:00:01","date_gmt":"2021-06-27T13:00:01","guid":{"rendered":"https:\/\/www.nettali.com\/?p=66800"},"modified":"2021-06-27T16:10:01","modified_gmt":"2021-06-27T16:10:01","slug":"bruno-derneville-president-coalition-jotna-on-a-des-deputes-qui-sont-mal-elus","status":"publish","type":"post","link":"https:\/\/www.nettali.com\/2021\/06\/27\/bruno-derneville-president-coalition-jotna-on-a-des-deputes-qui-sont-mal-elus\/","title":{"rendered":"BRUNO D'ERNEVILLE, PRESIDENT COALITION JOTNA - \"On a des d\u00e9put\u00e9s qui sont mal \u00e9lus\""},"content":{"rendered":"<p style=\"font-weight: 400;\"><strong>NETTALI.COM -<\/strong> <strong>Bruno d\u2019Enerville d\u00e9plore le comportement des d\u00e9put\u00e9s qui, selon lui, sont mal \u00e9lus et ne comprennent pas les enjeux. <\/strong><strong><b>Le pr\u00e9sident du Parti pour l'action citoyenne, et membre de la Coalition Jotna, d\u00e9plore le fait que \"<em>certaines lois passent aux forceps<\/em>\".<\/b><\/strong><\/p>\n<p style=\"font-weight: 400;\">Le d\u00e9bat \u00e9tait tr\u00e8s bas, le vendredi dernier, lors du vote de la loi portant modification du Code de proc\u00e9dure p\u00e9nale et du Code p\u00e9nal. Des insultes et des coups de poings ont pris le dessus sur le d\u00e9bat de haute facture que les citoyens s\u00e9n\u00e9galais attendaient des parlementaires pr\u00e9sents \u00e0 l\u2019h\u00e9micycle. Un triste constat qui, selon Bruno d\u2019Erneville, n\u2019honore pas la R\u00e9publique. \"<em>Malheureusement on a des d\u00e9put\u00e9s qui sont mal \u00e9lus. Aujourd'hui, toute la population reconnait que la plupart des d\u00e9put\u00e9s que nous avons, ne comprennent m\u00eame pas les enjeux. Ils se r\u00e9clament d\u00e9put\u00e9 du chef de l'\u00c9tat. Ce qui avait cours dans les ann\u00e9es Senghor, Diouf et Wade, a encore cours sous le pr\u00e9sident Macky Sall. C'est l'ensemble des d\u00e9put\u00e9s qui devrait se poser des questions sur leur comportement\",<\/em>\u00a0regrette-t-il.<\/p>\n<p style=\"font-weight: 400;\">Abordant la question de la lutte contre le terrorisme, il pense que \"<em>sur le fond, aujourd'hui le S\u00e9n\u00e9gal doit se pr\u00e9parer \u00e0 faire face \u00e0 certains actes qui peuvent \u00eatre des actes extr\u00eames\".<\/em> \"<em>Alors ces actes qui ont \u00e9t\u00e9 cat\u00e9goris\u00e9s dans la rubrique terrorisme, peuvent \u00eatre des actes \u00e9galement de jeunes \u00e9pris de justice et qui malheureusement vivent dans la mis\u00e8re. Si vous regardez comment vivent les S\u00e9n\u00e9galais aujourd'hui, en particulier les gens des grandes villes comme Dakar, vous allez voir une grande majorit\u00e9 de gens qui n'ont non plus de repas \u00e0 partager \u00e0 la maison. Le soir, on va dans les coins de rue et on ach\u00e8te du ''ndamb\u00e9'', du ''fond\u00e9''. Cela peut aussi \u00eatre une raison de l'endoctrinement. C'est ce qui s'est pass\u00e9 au Mali<\/em>\", souligne-t-il. Avant d\u2019ajouter : \"<em>Une des grandes forces de certains leaders de la zone de l'Azawad, a \u00e9t\u00e9 de r\u00e9cup\u00e9rer des jeunes qui \u00e9taient oisifs, et de les mettre en jalonnement le long de la route nationale avec, soi-disant, des portables \u00e0 vendre mais qui \u00e9taient justes des agents de renseignements et qui leur permettaient de savoir \u00e0 quel moment il y avait des d\u00e9placements de l'Arm\u00e9e<\/em>.\"<\/p>\n<p><b>\"Nous avons des lois qui passent aux forceps\"<\/b><\/p>\n<p>Cependant, le parlementaire n\u2019est pas d\u2019accord pour le vote de la loi modifiant le Code P\u00e9nal et le Code de proc\u00e9dure p\u00e9nale, corsant les peines sur le terrorisme. Selon lui, cette loi devrait d\u2019abord faire l\u2019objet d\u2019une discussion avant d\u2019\u00eatre soumis aux d\u00e9put\u00e9s pour son adoption.<\/p>\n<p>Pour Bruno d\u2019Erneville, cette loi pouvait \u00eatre consid\u00e9r\u00e9e comme une loi utile parce que le contexte actuel fait que le terrorisme est une r\u00e9alit\u00e9 sous-r\u00e9gionale. Mais il regrette la mani\u00e8re \"cavali\u00e8re\" dont cette loi a \u00e9t\u00e9 adopt\u00e9e.\u00a0 \"<em>Malheureusement, nous avons l'habitude des lois qui passent aux forceps. Mais ce qui choque le plus, pour moi, c'est l'urgence dans laquelle ces lois sont toujours vot\u00e9es\"<\/em>, a d\u00e9plor\u00e9 le pr\u00e9sident du Parti pour l'action citoyenne, et membre de la Coalition \"Jotna\".<\/p>\n<p>En effet, le ministre de la Justice, d\u00e9fendant cette loi, a expliqu\u00e9 que son adoption en urgence se justifie par le fait que le S\u00e9n\u00e9gal \u00e9tait d\u00e9j\u00e0 sur la liste grise, il risquait d'\u00eatre inscrit sur la liste rouge. Mais, rel\u00e8ve Bruno d\u2019Erneville, \"<em>ce n'est pas parce qu'on est inscrit sur la liste rouge qu'on est \u00e0 deux jours pour voter une loi\"<\/em>. Il dit croire que ce vote en proc\u00e9dure d'urgence t\u00e9moigne d'une certaine fr\u00e9n\u00e9sie qui, malheureusement, elle-m\u00eame r\u00e9v\u00e8le un \u00e9tat d'esprit\u00a0: l'inqui\u00e9tude.<\/p>\n<p>A l\u2019en croire, il ne comprend pas qu'une loi qui se veut utile ne puisse pas \u00eatre discut\u00e9e sereinement. \"<em>Une des autres choses qui nous inqui\u00e8tent nous de l'opposition, c'est que dans cette loi, lorsque vous voyez qu'un terroriste peut \u00eatre simplement quelqu'un qui est accus\u00e9 de complot. Quand on sait ce qui se passe en C\u00f4te d'Ivoire o\u00f9 Guillaume Soro est accus\u00e9 de complot, avec une condamnation \u00e0 perp\u00e9tuit\u00e9, on peut s'inqui\u00e9ter. Pire, quand on voit que dans cette loi, il est dit que lorsque vous d\u00e9gradez les biens publics, vous \u00eates passible d'\u00eatre condamn\u00e9 pour terrorisme. Imaginez ce que cela signifie\", <\/em>s\u2019inqui\u00e8te-t-il non sans indiquer que le r\u00e9gime en place r\u00e9it\u00e8re toujours les m\u00eames fautes.<\/p>\n<p>Poursuivant son argumentaire, il ajoute : \"<em>nous savons que nous sommes dans une p\u00e9riode extr\u00eamement d\u00e9licate. Nous allons vers des \u00e9lections. Aujourd'hui, est-ce que moi, on devrait m'enfermer avec une accusation terroriste parce que mes amis se sont battus dans un bureau de vote et parce qu'ils ont peut-\u00eatre d\u00e9grad\u00e9 des biens publics ? Est-ce que cela est acceptable ? Je veux vous dire qu'on peut accuser encore plus facilement les gens\"<\/em>.<\/p>\n<p>Selon M. D\u2019Erneville, l\u2019Affaire Adji Sarr-Ousmane Sonko est toute fraiche. Ce dernier, selon lui, accus\u00e9 de viol et menaces de mort, a failli \u00eatre emprisonn\u00e9.\u00a0 \"<em>La pr\u00e9somption d'innocence pose probl\u00e8me. Il a fallu que le peuple se l\u00e8ve pour qu'on arr\u00eate cette machine qui allait tout droit vers la d\u00e9tention\",<\/em> rappelle-t-il. A son avis, le probl\u00e8me de la loi qui a \u00e9t\u00e9 vot\u00e9e, ce sera son application. \"<em>Je pense qu'elle est applicable. Le probl\u00e8me, c'est son utilisation contre certains, en d\u00e9fendant d'autres. Ce que je dis signifie par-l\u00e0 que tout le syst\u00e8me judiciaire aujourd'hui malheureusement, je le reconnais, il est aux ordres\"<\/em>, d\u00e9plore-t-il.<\/p>\n<p>&nbsp;<\/p>\n<div class='share-to-whatsapp-wrapper'><div class='share-on-whsp'>PARTAGER SUR : <\/div><a data-text='BRUNO D'ERNEVILLE, PRESIDENT COALITION JOTNA - \"On a des d\u00e9put\u00e9s qui sont mal \u00e9lus\"' data-link='https:\/\/www.nettali.com\/2021\/06\/27\/bruno-derneville-president-coalition-jotna-on-a-des-deputes-qui-sont-mal-elus\/' class='whatsapp-button whatsapp-share'>WhatsApp<\/a><div class='clear '><\/div><\/div>","protected":false},"excerpt":{"rendered":"<p>NETTALI.COM - Bruno d\u2019Enerville d\u00e9plore le comportement des d\u00e9put\u00e9s qui, selon lui, sont mal \u00e9lus et ne comprennent pas les enjeux. Le pr\u00e9sident du Parti pour l'action citoyenne, et membre de la Coalition Jotna, d\u00e9plore le fait que \"certaines lois passent aux forceps\". Le d\u00e9bat \u00e9tait tr\u00e8s bas, le vendredi dernier, lors du vote de [&hellip;]<\/p>\n","protected":false},"author":6,"featured_media":53097,"comment_status":"open","ping_status":"open","sticky":false,"template":"","format":"standard","meta":{"_et_pb_use_builder":"","_et_pb_old_content":""},"categories":[2],"tags":[],"yoast_head":"<!-- This site is optimized with the Yoast SEO Premium plugin v17.8 (Yoast SEO v17.8) - https:\/\/yoast.com\/wordpress\/plugins\/seo\/ -->\n<title>BRUNO D&#039;ERNEVILLE, PRESIDENT COALITION JOTNA - &quot;On a des d\u00e9put\u00e9s qui sont mal \u00e9lus&quot; | Nettali.com<\/title>\n<meta name=\"robots\" content=\"index, follow, max-snippet:-1, max-image-preview:large, max-video-preview:-1\" \/>\n<link rel=\"canonical\" href=\"https:\/\/www.nettali.com\/2021\/06\/27\/bruno-derneville-president-coalition-jotna-on-a-des-deputes-qui-sont-mal-elus\/\" \/>\n<meta property=\"og:locale\" content=\"fr_FR\" \/>\n<meta property=\"og:type\" content=\"article\" \/>\n<meta property=\"og:title\" content=\"BRUNO D&#039;ERNEVILLE, PRESIDENT COALITION JOTNA - &quot;On a des d\u00e9put\u00e9s qui sont mal \u00e9lus&quot;\" \/>\n<meta property=\"og:description\" content=\"NETTALI.COM - Bruno d\u2019Enerville d\u00e9plore le comportement des d\u00e9put\u00e9s qui, selon lui, sont mal \u00e9lus et ne comprennent pas les enjeux. Le pr\u00e9sident du Parti pour l&#039;action citoyenne, et membre de la Coalition Jotna, d\u00e9plore le fait que &quot;certaines lois passent aux forceps&quot;. Le d\u00e9bat \u00e9tait tr\u00e8s bas, le vendredi dernier, lors du vote de [&hellip;]\" \/>\n<meta property=\"og:url\" content=\"https:\/\/www.nettali.com\/2021\/06\/27\/bruno-derneville-president-coalition-jotna-on-a-des-deputes-qui-sont-mal-elus\/\" \/>\n<meta property=\"og:site_name\" content=\"Nettali.com\" \/>\n<meta property=\"article:publisher\" content=\"https:\/\/www.facebook.com\/nettalicom\" \/>\n<meta property=\"article:published_time\" content=\"2021-06-27T13:00:01+00:00\" \/>\n<meta property=\"article:modified_time\" content=\"2021-06-27T16:10:01+00:00\" \/>\n<meta property=\"og:image\" content=\"https:\/\/www.nettali.com\/wp-content\/uploads\/2020\/12\/Bruno-derneville.jpg\" \/>\n\t<meta property=\"og:image:width\" content=\"600\" \/>\n\t<meta property=\"og:image:height\" content=\"400\" \/>\n<meta name=\"twitter:card\" content=\"summary_large_image\" \/>\n<meta name=\"twitter:label1\" content=\"\u00c9crit par\" \/>\n\t<meta name=\"twitter:data1\" content=\"Fatou\" \/>\n\t<meta name=\"twitter:label2\" content=\"Dur\u00e9e de lecture estim\u00e9e\" \/>\n\t<meta name=\"twitter:data2\" content=\"4 minutes\" \/>\n<script type=\"application\/ld+json\" class=\"yoast-schema-graph\">{\"@context\":\"https:\/\/schema.org\",\"@graph\":[{\"@type\":\"WebSite\",\"@id\":\"https:\/\/www.nettali.com\/#website\",\"url\":\"https:\/\/www.nettali.com\/\",\"name\":\"Nettali.com\",\"description\":\"Le rendez-vous critique du Net\",\"potentialAction\":[{\"@type\":\"SearchAction\",\"target\":{\"@type\":\"EntryPoint\",\"urlTemplate\":\"https:\/\/www.nettali.com\/?s={search_term_string}\"},\"query-input\":\"required name=search_term_string\"}],\"inLanguage\":\"fr-FR\"},{\"@type\":\"ImageObject\",\"@id\":\"https:\/\/www.nettali.com\/2021\/06\/27\/bruno-derneville-president-coalition-jotna-on-a-des-deputes-qui-sont-mal-elus\/#primaryimage\",\"inLanguage\":\"fr-FR\",\"url\":\"https:\/\/www.nettali.com\/wp-content\/uploads\/2020\/12\/Bruno-derneville.jpg\",\"contentUrl\":\"https:\/\/www.nettali.com\/wp-content\/uploads\/2020\/12\/Bruno-derneville.jpg\",\"width\":600,\"height\":400},{\"@type\":\"WebPage\",\"@id\":\"https:\/\/www.nettali.com\/2021\/06\/27\/bruno-derneville-president-coalition-jotna-on-a-des-deputes-qui-sont-mal-elus\/#webpage\",\"url\":\"https:\/\/www.nettali.com\/2021\/06\/27\/bruno-derneville-president-coalition-jotna-on-a-des-deputes-qui-sont-mal-elus\/\",\"name\":\"BRUNO D'ERNEVILLE, PRESIDENT COALITION JOTNA - \\\"On a des d\\u00e9put\\u00e9s qui sont mal \\u00e9lus\\\" | Nettali.com\",\"isPartOf\":{\"@id\":\"https:\/\/www.nettali.com\/#website\"},\"primaryImageOfPage\":{\"@id\":\"https:\/\/www.nettali.com\/2021\/06\/27\/bruno-derneville-president-coalition-jotna-on-a-des-deputes-qui-sont-mal-elus\/#primaryimage\"},\"datePublished\":\"2021-06-27T13:00:01+00:00\",\"dateModified\":\"2021-06-27T16:10:01+00:00\",\"author\":{\"@id\":\"https:\/\/www.nettali.com\/#\/schema\/person\/418274a86bdf87caff7a3ef476bd0bbf\"},\"breadcrumb\":{\"@id\":\"https:\/\/www.nettali.com\/2021\/06\/27\/bruno-derneville-president-coalition-jotna-on-a-des-deputes-qui-sont-mal-elus\/#breadcrumb\"},\"inLanguage\":\"fr-FR\",\"potentialAction\":[{\"@type\":\"ReadAction\",\"target\":[\"https:\/\/www.nettali.com\/2021\/06\/27\/bruno-derneville-president-coalition-jotna-on-a-des-deputes-qui-sont-mal-elus\/\"]}]},{\"@type\":\"BreadcrumbList\",\"@id\":\"https:\/\/www.nettali.com\/2021\/06\/27\/bruno-derneville-president-coalition-jotna-on-a-des-deputes-qui-sont-mal-elus\/#breadcrumb\",\"itemListElement\":[{\"@type\":\"ListItem\",\"position\":1,\"name\":\"Accueil\",\"item\":\"https:\/\/www.nettali.com\/\"},{\"@type\":\"ListItem\",\"position\":2,\"name\":\"BRUNO D&rsquo;ERNEVILLE, PRESIDENT COALITION JOTNA &#8211; \\u00ab\\u00a0On a des d\\u00e9put\\u00e9s qui sont mal \\u00e9lus\\u00a0\\u00bb\"}]},{\"@type\":\"Person\",\"@id\":\"https:\/\/www.nettali.com\/#\/schema\/person\/418274a86bdf87caff7a3ef476bd0bbf\",\"name\":\"Fatou\",\"image\":{\"@type\":\"ImageObject\",\"@id\":\"https:\/\/www.nettali.com\/#personlogo\",\"inLanguage\":\"fr-FR\",\"url\":\"https:\/\/secure.gravatar.com\/avatar\/5a9442a2bee7b4dcf167cab035858e9a?s=96&d=mm&r=g\",\"contentUrl\":\"https:\/\/secure.gravatar.com\/avatar\/5a9442a2bee7b4dcf167cab035858e9a?s=96&d=mm&r=g\",\"caption\":\"Fatou\"},\"sameAs\":[\"https:\/\/www.nettali.com\"]}]}<\/script>\n<!-- \/ Yoast SEO Premium plugin. -->","yoast_head_json":{"title":"BRUNO D'ERNEVILLE, PRESIDENT COALITION JOTNA - \"On a des d\u00e9put\u00e9s qui sont mal \u00e9lus\" | Nettali.com","robots":{"index":"index","follow":"follow","max-snippet":"max-snippet:-1","max-image-preview":"max-image-preview:large","max-video-preview":"max-video-preview:-1"},"canonical":"https:\/\/www.nettali.com\/2021\/06\/27\/bruno-derneville-president-coalition-jotna-on-a-des-deputes-qui-sont-mal-elus\/","og_locale":"fr_FR","og_type":"article","og_title":"BRUNO D'ERNEVILLE, PRESIDENT COALITION JOTNA - \"On a des d\u00e9put\u00e9s qui sont mal \u00e9lus\"","og_description":"NETTALI.COM - Bruno d\u2019Enerville d\u00e9plore le comportement des d\u00e9put\u00e9s qui, selon lui, sont mal \u00e9lus et ne comprennent pas les enjeux. Le pr\u00e9sident du Parti pour l'action citoyenne, et membre de la Coalition Jotna, d\u00e9plore le fait que \"certaines lois passent aux forceps\". Le d\u00e9bat \u00e9tait tr\u00e8s bas, le vendredi dernier, lors du vote de [&hellip;]","og_url":"https:\/\/www.nettali.com\/2021\/06\/27\/bruno-derneville-president-coalition-jotna-on-a-des-deputes-qui-sont-mal-elus\/","og_site_name":"Nettali.com","article_publisher":"https:\/\/www.facebook.com\/nettalicom","article_published_time":"2021-06-27T13:00:01+00:00","article_modified_time":"2021-06-27T16:10:01+00:00","og_image":[{"width":600,"height":400,"url":"https:\/\/www.nettali.com\/wp-content\/uploads\/2020\/12\/Bruno-derneville.jpg","type":"image\/jpeg"}],"twitter_card":"summary_large_image","twitter_misc":{"\u00c9crit par":"Fatou","Dur\u00e9e de lecture estim\u00e9e":"4 minutes"},"schema":{"@context":"https:\/\/schema.org","@graph":[{"@type":"WebSite","@id":"https:\/\/www.nettali.com\/#website","url":"https:\/\/www.nettali.com\/","name":"Nettali.com","description":"Le rendez-vous critique du Net","potentialAction":[{"@type":"SearchAction","target":{"@type":"EntryPoint","urlTemplate":"https:\/\/www.nettali.com\/?s={search_term_string}"},"query-input":"required name=search_term_string"}],"inLanguage":"fr-FR"},{"@type":"ImageObject","@id":"https:\/\/www.nettali.com\/2021\/06\/27\/bruno-derneville-president-coalition-jotna-on-a-des-deputes-qui-sont-mal-elus\/#primaryimage","inLanguage":"fr-FR","url":"https:\/\/www.nettali.com\/wp-content\/uploads\/2020\/12\/Bruno-derneville.jpg","contentUrl":"https:\/\/www.nettali.com\/wp-content\/uploads\/2020\/12\/Bruno-derneville.jpg","width":600,"height":400},{"@type":"WebPage","@id":"https:\/\/www.nettali.com\/2021\/06\/27\/bruno-derneville-president-coalition-jotna-on-a-des-deputes-qui-sont-mal-elus\/#webpage","url":"https:\/\/www.nettali.com\/2021\/06\/27\/bruno-derneville-president-coalition-jotna-on-a-des-deputes-qui-sont-mal-elus\/","name":"BRUNO D'ERNEVILLE, PRESIDENT COALITION JOTNA - \"On a des d\u00e9put\u00e9s qui sont mal \u00e9lus\" | Nettali.com","isPartOf":{"@id":"https:\/\/www.nettali.com\/#website"},"primaryImageOfPage":{"@id":"https:\/\/www.nettali.com\/2021\/06\/27\/bruno-derneville-president-coalition-jotna-on-a-des-deputes-qui-sont-mal-elus\/#primaryimage"},"datePublished":"2021-06-27T13:00:01+00:00","dateModified":"2021-06-27T16:10:01+00:00","author":{"@id":"https:\/\/www.nettali.com\/#\/schema\/person\/418274a86bdf87caff7a3ef476bd0bbf"},"breadcrumb":{"@id":"https:\/\/www.nettali.com\/2021\/06\/27\/bruno-derneville-president-coalition-jotna-on-a-des-deputes-qui-sont-mal-elus\/#breadcrumb"},"inLanguage":"fr-FR","potentialAction":[{"@type":"ReadAction","target":["https:\/\/www.nettali.com\/2021\/06\/27\/bruno-derneville-president-coalition-jotna-on-a-des-deputes-qui-sont-mal-elus\/"]}]},{"@type":"BreadcrumbList","@id":"https:\/\/www.nettali.com\/2021\/06\/27\/bruno-derneville-president-coalition-jotna-on-a-des-deputes-qui-sont-mal-elus\/#breadcrumb","itemListElement":[{"@type":"ListItem","position":1,"name":"Accueil","item":"https:\/\/www.nettali.com\/"},{"@type":"ListItem","position":2,"name":"BRUNO D&rsquo;ERNEVILLE, PRESIDENT COALITION JOTNA &#8211; \u00ab\u00a0On a des d\u00e9put\u00e9s qui sont mal \u00e9lus\u00a0\u00bb"}]},{"@type":"Person","@id":"https:\/\/www.nettali.com\/#\/schema\/person\/418274a86bdf87caff7a3ef476bd0bbf","name":"Fatou","image":{"@type":"ImageObject","@id":"https:\/\/www.nettali.com\/#personlogo","inLanguage":"fr-FR","url":"https:\/\/secure.gravatar.com\/avatar\/5a9442a2bee7b4dcf167cab035858e9a?s=96&d=mm&r=g","contentUrl":"https:\/\/secure.gravatar.com\/avatar\/5a9442a2bee7b4dcf167cab035858e9a?s=96&d=mm&r=g","caption":"Fatou"},"sameAs":["https:\/\/www.nettali.com"]}]}},"_links":{"self":[{"href":"https:\/\/www.nettali.com\/rest\/wp\/v2\/posts\/66800"}],"collection":[{"href":"https:\/\/www.nettali.com\/rest\/wp\/v2\/posts"}],"about":[{"href":"https:\/\/www.nettali.com\/rest\/wp\/v2\/types\/post"}],"author":[{"embeddable":true,"href":"https:\/\/www.nettali.com\/rest\/wp\/v2\/users\/6"}],"replies":[{"embeddable":true,"href":"https:\/\/www.nettali.com\/rest\/wp\/v2\/comments?post=66800"}],"version-history":[{"count":5,"href":"https:\/\/www.nettali.com\/rest\/wp\/v2\/posts\/66800\/revisions"}],"predecessor-version":[{"id":66823,"href":"https:\/\/www.nettali.com\/rest\/wp\/v2\/posts\/66800\/revisions\/66823"}],"wp:featuredmedia":[{"embeddable":true,"href":"https:\/\/www.nettali.com\/rest\/wp\/v2\/media\/53097"}],"wp:attachment":[{"href":"https:\/\/www.nettali.com\/rest\/wp\/v2\/media?parent=66800"}],"wp:term":[{"taxonomy":"category","embeddable":true,"href":"https:\/\/www.nettali.com\/rest\/wp\/v2\/categories?post=66800"},{"taxonomy":"post_tag","embeddable":true,"href":"https:\/\/www.nettali.com\/rest\/wp\/v2\/tags?post=66800"}],"curies":[{"name":"wp","href":"https:\/\/api.w.org\/{rel}","templated":true}]}}