{"id":66705,"date":"2021-06-25T15:42:08","date_gmt":"2021-06-25T15:42:08","guid":{"rendered":"https:\/\/www.nettali.com\/?p=66705"},"modified":"2021-06-25T16:29:21","modified_gmt":"2021-06-25T16:29:21","slug":"mame-diarra-fam-macky-sall-ne-peut-pas-bloquer-les-reseaux-sociaux","status":"publish","type":"post","link":"https:\/\/www.nettali.com\/2021\/06\/25\/mame-diarra-fam-macky-sall-ne-peut-pas-bloquer-les-reseaux-sociaux\/","title":{"rendered":"VIDEO - MAME DIARRA FAM - \"Macky Sall ne peut pas bloquer les r\u00e9seaux sociaux\""},"content":{"rendered":"<p><strong>NETTALI.COM - Les modifications portant sur le Code p\u00e9nal et le Code de proc\u00e9dure p\u00e9nale visent \u00e0 emp\u00eacher que les citoyens expriment leurs opinions \u00e0 travers les r\u00e9seaux sociaux. C\u2019est, du moins, la conviction de Mame Diarra Fam du Parti d\u00e9mocratique s\u00e9n\u00e9galais.\u00a0 Elle croit savoir que Macky Sall a ainsi mis \u00e0 ex\u00e9cution ses menaces.<\/strong><\/p>\n<div style=\"width: 640px;\" class=\"wp-video\"><!--[if lt IE 9]><script>document.createElement('video');<\/script><![endif]-->\n<video class=\"wp-video-shortcode\" id=\"video-66705-1\" width=\"640\" height=\"360\" preload=\"metadata\" controls=\"controls\"><source type=\"video\/mp4\" src=\"https:\/\/www.nettali.com\/wp-content\/uploads\/2021\/06\/WhatsApp-Video-2021-06-25-at-17.27.07.mp4?_=1\" \/><a href=\"https:\/\/www.nettali.com\/wp-content\/uploads\/2021\/06\/WhatsApp-Video-2021-06-25-at-17.27.07.mp4\">https:\/\/www.nettali.com\/wp-content\/uploads\/2021\/06\/WhatsApp-Video-2021-06-25-at-17.27.07.mp4<\/a><\/video><\/div>\n<div class='share-to-whatsapp-wrapper'><div class='share-on-whsp'>PARTAGER SUR : <\/div><a data-text='VIDEO - MAME DIARRA FAM - \"Macky Sall ne peut pas bloquer les r\u00e9seaux sociaux\"' data-link='https:\/\/www.nettali.com\/2021\/06\/25\/mame-diarra-fam-macky-sall-ne-peut-pas-bloquer-les-reseaux-sociaux\/' class='whatsapp-button whatsapp-share'>WhatsApp<\/a><div class='clear '><\/div><\/div>","protected":false},"excerpt":{"rendered":"<p>NETTALI.COM - Les modifications portant sur le Code p\u00e9nal et le Code de proc\u00e9dure p\u00e9nale visent \u00e0 emp\u00eacher que les citoyens expriment leurs opinions \u00e0 travers les r\u00e9seaux sociaux. C\u2019est, du moins, la conviction de Mame Diarra Fam du Parti d\u00e9mocratique s\u00e9n\u00e9galais.\u00a0 Elle croit savoir que Macky Sall a ainsi mis \u00e0 ex\u00e9cution ses menaces. [&hellip;]<\/p>\n","protected":false},"author":11,"featured_media":35739,"comment_status":"open","ping_status":"open","sticky":false,"template":"","format":"standard","meta":{"_et_pb_use_builder":"","_et_pb_old_content":""},"categories":[2],"tags":[],"yoast_head":"<!-- This site is optimized with the Yoast SEO Premium plugin v17.8 (Yoast SEO v17.8) - https:\/\/yoast.com\/wordpress\/plugins\/seo\/ -->\n<title>VIDEO - MAME DIARRA FAM - &quot;Macky Sall ne peut pas bloquer les r\u00e9seaux sociaux&quot; | Nettali.com<\/title>\n<meta name=\"robots\" content=\"index, follow, max-snippet:-1, max-image-preview:large, max-video-preview:-1\" \/>\n<link rel=\"canonical\" href=\"https:\/\/www.nettali.com\/2021\/06\/25\/mame-diarra-fam-macky-sall-ne-peut-pas-bloquer-les-reseaux-sociaux\/\" \/>\n<meta property=\"og:locale\" content=\"fr_FR\" \/>\n<meta property=\"og:type\" content=\"article\" \/>\n<meta property=\"og:title\" content=\"VIDEO - MAME DIARRA FAM - &quot;Macky Sall ne peut pas bloquer les r\u00e9seaux sociaux&quot;\" \/>\n<meta property=\"og:description\" content=\"NETTALI.COM - Les modifications portant sur le Code p\u00e9nal et le Code de proc\u00e9dure p\u00e9nale visent \u00e0 emp\u00eacher que les citoyens expriment leurs opinions \u00e0 travers les r\u00e9seaux sociaux. C\u2019est, du moins, la conviction de Mame Diarra Fam du Parti d\u00e9mocratique s\u00e9n\u00e9galais.\u00a0 Elle croit savoir que Macky Sall a ainsi mis \u00e0 ex\u00e9cution ses menaces. [&hellip;]\" \/>\n<meta property=\"og:url\" content=\"https:\/\/www.nettali.com\/2021\/06\/25\/mame-diarra-fam-macky-sall-ne-peut-pas-bloquer-les-reseaux-sociaux\/\" \/>\n<meta property=\"og:site_name\" content=\"Nettali.com\" \/>\n<meta property=\"article:publisher\" content=\"https:\/\/www.facebook.com\/nettalicom\" \/>\n<meta property=\"article:published_time\" content=\"2021-06-25T15:42:08+00:00\" \/>\n<meta property=\"article:modified_time\" content=\"2021-06-25T16:29:21+00:00\" \/>\n<meta property=\"og:image\" content=\"https:\/\/www.nettali.com\/wp-content\/uploads\/2020\/05\/mame-diarra-fam.png\" \/>\n\t<meta property=\"og:image:width\" content=\"586\" \/>\n\t<meta property=\"og:image:height\" content=\"352\" \/>\n<meta name=\"twitter:card\" content=\"summary_large_image\" \/>\n<meta name=\"twitter:label1\" content=\"\u00c9crit par\" \/>\n\t<meta name=\"twitter:data1\" content=\"Thierno Diop\" \/>\n\t<meta name=\"twitter:label2\" content=\"Dur\u00e9e de lecture estim\u00e9e\" \/>\n\t<meta name=\"twitter:data2\" content=\"1 minute\" \/>\n<script type=\"application\/ld+json\" class=\"yoast-schema-graph\">{\"@context\":\"https:\/\/schema.org\",\"@graph\":[{\"@type\":\"WebSite\",\"@id\":\"https:\/\/www.nettali.com\/#website\",\"url\":\"https:\/\/www.nettali.com\/\",\"name\":\"Nettali.com\",\"description\":\"Le rendez-vous critique du Net\",\"potentialAction\":[{\"@type\":\"SearchAction\",\"target\":{\"@type\":\"EntryPoint\",\"urlTemplate\":\"https:\/\/www.nettali.com\/?s={search_term_string}\"},\"query-input\":\"required name=search_term_string\"}],\"inLanguage\":\"fr-FR\"},{\"@type\":\"ImageObject\",\"@id\":\"https:\/\/www.nettali.com\/2021\/06\/25\/mame-diarra-fam-macky-sall-ne-peut-pas-bloquer-les-reseaux-sociaux\/#primaryimage\",\"inLanguage\":\"fr-FR\",\"url\":\"https:\/\/www.nettali.com\/wp-content\/uploads\/2020\/05\/mame-diarra-fam.png\",\"contentUrl\":\"https:\/\/www.nettali.com\/wp-content\/uploads\/2020\/05\/mame-diarra-fam.png\",\"width\":586,\"height\":352},{\"@type\":\"WebPage\",\"@id\":\"https:\/\/www.nettali.com\/2021\/06\/25\/mame-diarra-fam-macky-sall-ne-peut-pas-bloquer-les-reseaux-sociaux\/#webpage\",\"url\":\"https:\/\/www.nettali.com\/2021\/06\/25\/mame-diarra-fam-macky-sall-ne-peut-pas-bloquer-les-reseaux-sociaux\/\",\"name\":\"VIDEO - MAME DIARRA FAM - \\\"Macky Sall ne peut pas bloquer les r\\u00e9seaux sociaux\\\" | Nettali.com\",\"isPartOf\":{\"@id\":\"https:\/\/www.nettali.com\/#website\"},\"primaryImageOfPage\":{\"@id\":\"https:\/\/www.nettali.com\/2021\/06\/25\/mame-diarra-fam-macky-sall-ne-peut-pas-bloquer-les-reseaux-sociaux\/#primaryimage\"},\"datePublished\":\"2021-06-25T15:42:08+00:00\",\"dateModified\":\"2021-06-25T16:29:21+00:00\",\"author\":{\"@id\":\"https:\/\/www.nettali.com\/#\/schema\/person\/8a06c6bd7b19304cf4bf985862900b5b\"},\"breadcrumb\":{\"@id\":\"https:\/\/www.nettali.com\/2021\/06\/25\/mame-diarra-fam-macky-sall-ne-peut-pas-bloquer-les-reseaux-sociaux\/#breadcrumb\"},\"inLanguage\":\"fr-FR\",\"potentialAction\":[{\"@type\":\"ReadAction\",\"target\":[\"https:\/\/www.nettali.com\/2021\/06\/25\/mame-diarra-fam-macky-sall-ne-peut-pas-bloquer-les-reseaux-sociaux\/\"]}]},{\"@type\":\"BreadcrumbList\",\"@id\":\"https:\/\/www.nettali.com\/2021\/06\/25\/mame-diarra-fam-macky-sall-ne-peut-pas-bloquer-les-reseaux-sociaux\/#breadcrumb\",\"itemListElement\":[{\"@type\":\"ListItem\",\"position\":1,\"name\":\"Accueil\",\"item\":\"https:\/\/www.nettali.com\/\"},{\"@type\":\"ListItem\",\"position\":2,\"name\":\"VIDEO &#8211; MAME DIARRA FAM &#8211; \\u00ab\\u00a0Macky Sall ne peut pas bloquer les r\\u00e9seaux sociaux\\u00a0\\u00bb\"}]},{\"@type\":\"Person\",\"@id\":\"https:\/\/www.nettali.com\/#\/schema\/person\/8a06c6bd7b19304cf4bf985862900b5b\",\"name\":\"Thierno Diop\",\"image\":{\"@type\":\"ImageObject\",\"@id\":\"https:\/\/www.nettali.com\/#personlogo\",\"inLanguage\":\"fr-FR\",\"url\":\"https:\/\/secure.gravatar.com\/avatar\/c8ca58550c94fd2ac856d27391a6c866?s=96&d=mm&r=g\",\"contentUrl\":\"https:\/\/secure.gravatar.com\/avatar\/c8ca58550c94fd2ac856d27391a6c866?s=96&d=mm&r=g\",\"caption\":\"Thierno Diop\"},\"sameAs\":[\"https:\/\/nettali.com\"]}]}<\/script>\n<!-- \/ Yoast SEO Premium plugin. -->","yoast_head_json":{"title":"VIDEO - MAME DIARRA FAM - \"Macky Sall ne peut pas bloquer les r\u00e9seaux sociaux\" | Nettali.com","robots":{"index":"index","follow":"follow","max-snippet":"max-snippet:-1","max-image-preview":"max-image-preview:large","max-video-preview":"max-video-preview:-1"},"canonical":"https:\/\/www.nettali.com\/2021\/06\/25\/mame-diarra-fam-macky-sall-ne-peut-pas-bloquer-les-reseaux-sociaux\/","og_locale":"fr_FR","og_type":"article","og_title":"VIDEO - MAME DIARRA FAM - \"Macky Sall ne peut pas bloquer les r\u00e9seaux sociaux\"","og_description":"NETTALI.COM - Les modifications portant sur le Code p\u00e9nal et le Code de proc\u00e9dure p\u00e9nale visent \u00e0 emp\u00eacher que les citoyens expriment leurs opinions \u00e0 travers les r\u00e9seaux sociaux. C\u2019est, du moins, la conviction de Mame Diarra Fam du Parti d\u00e9mocratique s\u00e9n\u00e9galais.\u00a0 Elle croit savoir que Macky Sall a ainsi mis \u00e0 ex\u00e9cution ses menaces. [&hellip;]","og_url":"https:\/\/www.nettali.com\/2021\/06\/25\/mame-diarra-fam-macky-sall-ne-peut-pas-bloquer-les-reseaux-sociaux\/","og_site_name":"Nettali.com","article_publisher":"https:\/\/www.facebook.com\/nettalicom","article_published_time":"2021-06-25T15:42:08+00:00","article_modified_time":"2021-06-25T16:29:21+00:00","og_image":[{"width":586,"height":352,"url":"https:\/\/www.nettali.com\/wp-content\/uploads\/2020\/05\/mame-diarra-fam.png","type":"image\/png"}],"twitter_card":"summary_large_image","twitter_misc":{"\u00c9crit par":"Thierno Diop","Dur\u00e9e de lecture estim\u00e9e":"1 minute"},"schema":{"@context":"https:\/\/schema.org","@graph":[{"@type":"WebSite","@id":"https:\/\/www.nettali.com\/#website","url":"https:\/\/www.nettali.com\/","name":"Nettali.com","description":"Le rendez-vous critique du Net","potentialAction":[{"@type":"SearchAction","target":{"@type":"EntryPoint","urlTemplate":"https:\/\/www.nettali.com\/?s={search_term_string}"},"query-input":"required name=search_term_string"}],"inLanguage":"fr-FR"},{"@type":"ImageObject","@id":"https:\/\/www.nettali.com\/2021\/06\/25\/mame-diarra-fam-macky-sall-ne-peut-pas-bloquer-les-reseaux-sociaux\/#primaryimage","inLanguage":"fr-FR","url":"https:\/\/www.nettali.com\/wp-content\/uploads\/2020\/05\/mame-diarra-fam.png","contentUrl":"https:\/\/www.nettali.com\/wp-content\/uploads\/2020\/05\/mame-diarra-fam.png","width":586,"height":352},{"@type":"WebPage","@id":"https:\/\/www.nettali.com\/2021\/06\/25\/mame-diarra-fam-macky-sall-ne-peut-pas-bloquer-les-reseaux-sociaux\/#webpage","url":"https:\/\/www.nettali.com\/2021\/06\/25\/mame-diarra-fam-macky-sall-ne-peut-pas-bloquer-les-reseaux-sociaux\/","name":"VIDEO - MAME DIARRA FAM - \"Macky Sall ne peut pas bloquer les r\u00e9seaux sociaux\" | Nettali.com","isPartOf":{"@id":"https:\/\/www.nettali.com\/#website"},"primaryImageOfPage":{"@id":"https:\/\/www.nettali.com\/2021\/06\/25\/mame-diarra-fam-macky-sall-ne-peut-pas-bloquer-les-reseaux-sociaux\/#primaryimage"},"datePublished":"2021-06-25T15:42:08+00:00","dateModified":"2021-06-25T16:29:21+00:00","author":{"@id":"https:\/\/www.nettali.com\/#\/schema\/person\/8a06c6bd7b19304cf4bf985862900b5b"},"breadcrumb":{"@id":"https:\/\/www.nettali.com\/2021\/06\/25\/mame-diarra-fam-macky-sall-ne-peut-pas-bloquer-les-reseaux-sociaux\/#breadcrumb"},"inLanguage":"fr-FR","potentialAction":[{"@type":"ReadAction","target":["https:\/\/www.nettali.com\/2021\/06\/25\/mame-diarra-fam-macky-sall-ne-peut-pas-bloquer-les-reseaux-sociaux\/"]}]},{"@type":"BreadcrumbList","@id":"https:\/\/www.nettali.com\/2021\/06\/25\/mame-diarra-fam-macky-sall-ne-peut-pas-bloquer-les-reseaux-sociaux\/#breadcrumb","itemListElement":[{"@type":"ListItem","position":1,"name":"Accueil","item":"https:\/\/www.nettali.com\/"},{"@type":"ListItem","position":2,"name":"VIDEO &#8211; MAME DIARRA FAM &#8211; \u00ab\u00a0Macky Sall ne peut pas bloquer les r\u00e9seaux sociaux\u00a0\u00bb"}]},{"@type":"Person","@id":"https:\/\/www.nettali.com\/#\/schema\/person\/8a06c6bd7b19304cf4bf985862900b5b","name":"Thierno Diop","image":{"@type":"ImageObject","@id":"https:\/\/www.nettali.com\/#personlogo","inLanguage":"fr-FR","url":"https:\/\/secure.gravatar.com\/avatar\/c8ca58550c94fd2ac856d27391a6c866?s=96&d=mm&r=g","contentUrl":"https:\/\/secure.gravatar.com\/avatar\/c8ca58550c94fd2ac856d27391a6c866?s=96&d=mm&r=g","caption":"Thierno Diop"},"sameAs":["https:\/\/nettali.com"]}]}},"_links":{"self":[{"href":"https:\/\/www.nettali.com\/rest\/wp\/v2\/posts\/66705"}],"collection":[{"href":"https:\/\/www.nettali.com\/rest\/wp\/v2\/posts"}],"about":[{"href":"https:\/\/www.nettali.com\/rest\/wp\/v2\/types\/post"}],"author":[{"embeddable":true,"href":"https:\/\/www.nettali.com\/rest\/wp\/v2\/users\/11"}],"replies":[{"embeddable":true,"href":"https:\/\/www.nettali.com\/rest\/wp\/v2\/comments?post=66705"}],"version-history":[{"count":4,"href":"https:\/\/www.nettali.com\/rest\/wp\/v2\/posts\/66705\/revisions"}],"predecessor-version":[{"id":66728,"href":"https:\/\/www.nettali.com\/rest\/wp\/v2\/posts\/66705\/revisions\/66728"}],"wp:featuredmedia":[{"embeddable":true,"href":"https:\/\/www.nettali.com\/rest\/wp\/v2\/media\/35739"}],"wp:attachment":[{"href":"https:\/\/www.nettali.com\/rest\/wp\/v2\/media?parent=66705"}],"wp:term":[{"taxonomy":"category","embeddable":true,"href":"https:\/\/www.nettali.com\/rest\/wp\/v2\/categories?post=66705"},{"taxonomy":"post_tag","embeddable":true,"href":"https:\/\/www.nettali.com\/rest\/wp\/v2\/tags?post=66705"}],"curies":[{"name":"wp","href":"https:\/\/api.w.org\/{rel}","templated":true}]}}